{"id":14019,"date":"2024-08-23T11:19:17","date_gmt":"2024-08-23T09:19:17","guid":{"rendered":"https:\/\/www.ocasionplus.com\/noticias\/?p=14019"},"modified":"2025-03-27T10:40:53","modified_gmt":"2025-03-27T09:40:53","slug":"carroceria-mas-vendida-en-alicante","status":"publish","type":"post","link":"https:\/\/www.ocasionplus.com\/noticias\/carroceria-mas-vendida-en-alicante\/","title":{"rendered":"La carrocer\u00eda m\u00e1s vendida en Alicante: los todoterreno dominan el mercado en julio"},"content":{"rendered":"<div class=\"wpb-content-wrapper\"><p>[vc_row][vc_column][vc_column_text]Seg\u00fan los \u00faltimos <a href=\"https:\/\/www.ocasionplus.com\/noticias\/analisis-del-mercado-de-coches-de-segunda-mano\/\">datos proporcionados por OcasionPlus<\/a>, la <strong>carrocer\u00eda m\u00e1s vendida en Alicante durante el mes de julio<\/strong> fue la de los veh\u00edculos todoterreno, con un promedio de 1,9 veh\u00edculos vendidos diariamente. Este dato refleja una clara preferencia de los alicantinos por este tipo de veh\u00edculos, seguidos de cerca por los coches compactos, que registraron una venta diaria de 1,5 unidades.<\/p>\n<h2>Carrocer\u00eda m\u00e1s vendida en Alicante en julio<\/h2>\n<p>La elecci\u00f3n de los alicantinos por los <a href=\"https:\/\/www.ocasionplus.com\/coches-ocasion\/todoterreno\">todoterreno de segunda mano<\/a> no es casualidad. Estos veh\u00edculos ofrecen una combinaci\u00f3n \u00fanica de robustez, espacio y versatilidad, caracter\u00edsticas muy valoradas por los conductores de la regi\u00f3n. La geograf\u00eda variada de Alicante, que incluye tanto zonas urbanas como rurales, hace que los todoterreno sean una opci\u00f3n ideal para quienes buscan un coche que se adapte a diferentes tipos de terreno y condiciones de conducci\u00f3n.<\/p>\n<p>Adem\u00e1s, los todoterreno modernos han evolucionado significativamente en t\u00e9rminos de confort y tecnolog\u00eda, lo que los convierte en una opci\u00f3n atractiva no solo para los aventureros, sino tambi\u00e9n para familias y profesionales que buscan un veh\u00edculo fiable y c\u00f3modo para el d\u00eda a d\u00eda.<\/p>\n<h2>Coches de segunda mano en Alicante<\/h2>\n<p>En este contexto, OcasionPlus se posiciona como el lugar ideal para comprar un <a href=\"https:\/\/www.ocasionplus.com\/coches-ocasion\/alicante\">coche de segunda mano en Alicante<\/a>. Con una amplia variedad de todoterreno y otros tipos de carrocer\u00eda disponibles, <strong>OcasionPlus ofrece veh\u00edculos revisados y garantizados<\/strong>, asegurando as\u00ed una compra segura y satisfactoria para sus clientes.<\/p>\n<p>Si est\u00e1s pensando en cambiar de coche, no dudes en visitar OcasionPlus y descubrir por qu\u00e9 los todoterreno son la carrocer\u00eda m\u00e1s vendida en Alicante. \u00a1Encuentra el veh\u00edculo perfecto para ti y disfruta de todas las ventajas que ofrece un <a href=\"https:\/\/www.ocasionplus.com\/coches-ocasion\">coche de segunda mano<\/a> de calidad![\/vc_column_text][\/vc_column][\/vc_row][vc_row el_class=&#8221;comprar-coche-CTA&#8221;][vc_column][vc_custom_heading text=&#8221;Encuentra tu coche de ocasi\u00f3n en Alicante al mejor precio&#8221; use_theme_fonts=&#8221;yes&#8221; css=&#8221;&#8221;][vc_row_inner][vc_column_inner width=&#8221;8\/12&#8243;][vc_column_text css=&#8221;&#8221;]<\/p>\n<p>Ofrecemos la mejor relaci\u00f3n calidad-precio en todos nuestros m\u00e1s de 8.000 coches de segunda mano.<\/p>\n<p>[\/vc_column_text][\/vc_column_inner][vc_column_inner width=&#8221;4\/12&#8243;][vc_btn title=&#8221;Busca Ahora&#8221; style=&#8221;custom&#8221; custom_background=&#8221;#009fe3&#8243; custom_text=&#8221;#ffffff&#8221; align=&#8221;center&#8221; css=&#8221;&#8221; link=&#8221;url:https%3A%2F%2Fwww.ocasionplus.com%2Fcoches-ocasion%2Falicante|title:Busca%20tu%20Coche%20Ahora&#8221;][\/vc_column_inner][\/vc_row_inner][vc_row_inner el_id=&#8221;logo-placement&#8221; css=&#8221;.vc_custom_1719615816721{margin-top: 2px !important;margin-bottom: 12px !important;}&#8221;][vc_column_inner][vc_single_image image=&#8221;11299&#8243; img_size=&#8221;277&#215;43&#8243; alignment=&#8221;center&#8221; style=&#8221;vc_box_rounded&#8221; css=&#8221;&#8221; el_class=&#8221;logo-component-comprar&#8221;][\/vc_column_inner][\/vc_row_inner][\/vc_column][\/vc_row]<\/p>\n<\/div>","protected":false},"excerpt":{"rendered":"<p>[vc_row][vc_column][vc_column_text]Seg\u00fan los \u00faltimos datos proporcionados por OcasionPlus, la carrocer\u00eda m\u00e1s vendida en Alicante durante el mes de julio fue la de los veh\u00edculos todoterreno, con un promedio de 1,9 veh\u00edculos vendidos diariamente. Este dato refleja una clara preferencia de los alicantinos por este tipo de veh\u00edculos, seguidos de cerca por los coches compactos, que registraron&#8230;<\/p>\n","protected":false},"author":3,"featured_media":11933,"comment_status":"closed","ping_status":"open","sticky":false,"template":"","format":"standard","meta":{"footnotes":""},"categories":[2],"tags":[599,380,395],"class_list":["post-14019","post","type-post","status-publish","format-standard","has-post-thumbnail","hentry","category-ultimas-noticias","tag-alicante","tag-coches-ocasion","tag-todoterreno"],"yoast_head":"<!-- This site is optimized with the Yoast SEO Premium plugin v24.8 (Yoast SEO v24.8.1) - https:\/\/yoast.com\/wordpress\/plugins\/seo\/ -->\n<title>La carrocer\u00eda m\u00e1s vendida en Alicante: los veh\u00edculos todoterreno<\/title>\n<meta name=\"description\" content=\"Seg\u00fan los datos de OcasionPlus, la carrocer\u00eda m\u00e1s vendida en Alicante durante el mes de julio fue la de los veh\u00edculos todoterreno.\" \/>\n<meta name=\"robots\" content=\"index, follow, max-snippet:-1, max-image-preview:large, max-video-preview:-1\" \/>\n<link rel=\"canonical\" href=\"https:\/\/www.ocasionplus.com\/noticias\/carroceria-mas-vendida-en-alicante\/\" \/>\n<meta property=\"og:locale\" content=\"es_ES\" \/>\n<meta property=\"og:type\" content=\"article\" \/>\n<meta property=\"og:title\" content=\"La carrocer\u00eda m\u00e1s vendida en Alicante: los todoterreno dominan el mercado en julio\" \/>\n<meta property=\"og:description\" content=\"Seg\u00fan los datos de OcasionPlus, la carrocer\u00eda m\u00e1s vendida en Alicante durante el mes de julio fue la de los veh\u00edculos todoterreno.\" \/>\n<meta property=\"og:url\" content=\"https:\/\/www.ocasionplus.com\/noticias\/carroceria-mas-vendida-en-alicante\/\" \/>\n<meta property=\"og:site_name\" content=\"OcasionPlus Blog\" \/>\n<meta property=\"article:publisher\" content=\"https:\/\/www.facebook.com\/ocasionplus\" \/>\n<meta property=\"article:published_time\" content=\"2024-08-23T09:19:17+00:00\" \/>\n<meta property=\"article:modified_time\" content=\"2025-03-27T09:40:53+00:00\" \/>\n<meta property=\"og:image\" content=\"https:\/\/www.ocasionplus.com\/wp-content\/uploads\/2024\/06\/top_10_volkswagen_segunda_mano_t-roc.jpg\" \/>\n\t<meta property=\"og:image:width\" content=\"1199\" \/>\n\t<meta property=\"og:image:height\" content=\"800\" \/>\n\t<meta property=\"og:image:type\" content=\"image\/jpeg\" \/>\n<meta name=\"author\" content=\"Cristhian Gonz\u00e1lez\" \/>\n<meta name=\"twitter:card\" content=\"summary_large_image\" \/>\n<meta name=\"twitter:creator\" content=\"@ocasionplus\" \/>\n<meta name=\"twitter:site\" content=\"@ocasionplus\" \/>\n<meta name=\"twitter:label1\" content=\"Escrito por\" \/>\n\t<meta name=\"twitter:data1\" content=\"Cristhian Gonz\u00e1lez\" \/>\n\t<meta name=\"twitter:label2\" content=\"Tiempo de lectura\" \/>\n\t<meta name=\"twitter:data2\" content=\"2 minutos\" \/>\n<script type=\"application\/ld+json\" class=\"yoast-schema-graph\">{\"@context\":\"https:\/\/schema.org\",\"@graph\":[{\"@type\":\"Article\",\"@id\":\"https:\/\/www.ocasionplus.com\/noticias\/carroceria-mas-vendida-en-alicante\/#article\",\"isPartOf\":{\"@id\":\"https:\/\/www.ocasionplus.com\/noticias\/carroceria-mas-vendida-en-alicante\/\"},\"author\":{\"name\":\"Cristhian Gonz\u00e1lez\",\"@id\":\"https:\/\/www.ocasionplus.com\/noticias\/#\/schema\/person\/db1203be564cc3ded97ad1dbd8aadc5b\"},\"headline\":\"La carrocer\u00eda m\u00e1s vendida en Alicante: los todoterreno dominan el mercado en julio\",\"datePublished\":\"2024-08-23T09:19:17+00:00\",\"dateModified\":\"2025-03-27T09:40:53+00:00\",\"mainEntityOfPage\":{\"@id\":\"https:\/\/www.ocasionplus.com\/noticias\/carroceria-mas-vendida-en-alicante\/\"},\"wordCount\":486,\"publisher\":{\"@id\":\"https:\/\/www.ocasionplus.com\/noticias\/#organization\"},\"image\":{\"@id\":\"https:\/\/www.ocasionplus.com\/noticias\/carroceria-mas-vendida-en-alicante\/#primaryimage\"},\"thumbnailUrl\":\"https:\/\/www.ocasionplus.com\/wp-content\/uploads\/2024\/06\/top_10_volkswagen_segunda_mano_t-roc.jpg\",\"keywords\":[\"alicante\",\"coches ocasion\",\"todoterreno\"],\"articleSection\":[\"\u00daltimas Noticias\"],\"inLanguage\":\"es\",\"copyrightYear\":\"2024\",\"copyrightHolder\":{\"@id\":\"https:\/\/www.ocasionplus.com\/noticias\/#organization\"}},{\"@type\":\"WebPage\",\"@id\":\"https:\/\/www.ocasionplus.com\/noticias\/carroceria-mas-vendida-en-alicante\/\",\"url\":\"https:\/\/www.ocasionplus.com\/noticias\/carroceria-mas-vendida-en-alicante\/\",\"name\":\"La carrocer\u00eda m\u00e1s vendida en Alicante: los veh\u00edculos todoterreno\",\"isPartOf\":{\"@id\":\"https:\/\/www.ocasionplus.com\/noticias\/#website\"},\"primaryImageOfPage\":{\"@id\":\"https:\/\/www.ocasionplus.com\/noticias\/carroceria-mas-vendida-en-alicante\/#primaryimage\"},\"image\":{\"@id\":\"https:\/\/www.ocasionplus.com\/noticias\/carroceria-mas-vendida-en-alicante\/#primaryimage\"},\"thumbnailUrl\":\"https:\/\/www.ocasionplus.com\/wp-content\/uploads\/2024\/06\/top_10_volkswagen_segunda_mano_t-roc.jpg\",\"datePublished\":\"2024-08-23T09:19:17+00:00\",\"dateModified\":\"2025-03-27T09:40:53+00:00\",\"description\":\"Seg\u00fan los datos de OcasionPlus, la carrocer\u00eda m\u00e1s vendida en Alicante durante el mes de julio fue la de los veh\u00edculos todoterreno.\",\"breadcrumb\":{\"@id\":\"https:\/\/www.ocasionplus.com\/noticias\/carroceria-mas-vendida-en-alicante\/#breadcrumb\"},\"inLanguage\":\"es\",\"potentialAction\":[{\"@type\":\"ReadAction\",\"target\":[\"https:\/\/www.ocasionplus.com\/noticias\/carroceria-mas-vendida-en-alicante\/\"]}]},{\"@type\":\"ImageObject\",\"inLanguage\":\"es\",\"@id\":\"https:\/\/www.ocasionplus.com\/noticias\/carroceria-mas-vendida-en-alicante\/#primaryimage\",\"url\":\"https:\/\/www.ocasionplus.com\/wp-content\/uploads\/2024\/06\/top_10_volkswagen_segunda_mano_t-roc.jpg\",\"contentUrl\":\"https:\/\/www.ocasionplus.com\/wp-content\/uploads\/2024\/06\/top_10_volkswagen_segunda_mano_t-roc.jpg\",\"width\":1199,\"height\":800,\"caption\":\"Ideal tanto para ir por la ciudad como viajes largos\"},{\"@type\":\"BreadcrumbList\",\"@id\":\"https:\/\/www.ocasionplus.com\/noticias\/carroceria-mas-vendida-en-alicante\/#breadcrumb\",\"itemListElement\":[{\"@type\":\"ListItem\",\"position\":1,\"name\":\"Portada\",\"item\":\"https:\/\/www.ocasionplus.com\/noticias\/\"},{\"@type\":\"ListItem\",\"position\":2,\"name\":\"La carrocer\u00eda m\u00e1s vendida en Alicante: los todoterreno dominan el mercado en julio\"}]},{\"@type\":\"WebSite\",\"@id\":\"https:\/\/www.ocasionplus.com\/noticias\/#website\",\"url\":\"https:\/\/www.ocasionplus.com\/noticias\/\",\"name\":\"OcasionPlus Blog\",\"description\":\"Veh\u00edculos de ocasi\u00f3n\",\"publisher\":{\"@id\":\"https:\/\/www.ocasionplus.com\/noticias\/#organization\"},\"potentialAction\":[{\"@type\":\"SearchAction\",\"target\":{\"@type\":\"EntryPoint\",\"urlTemplate\":\"https:\/\/www.ocasionplus.com\/noticias\/?s={search_term_string}\"},\"query-input\":{\"@type\":\"PropertyValueSpecification\",\"valueRequired\":true,\"valueName\":\"search_term_string\"}}],\"inLanguage\":\"es\"},{\"@type\":\"Organization\",\"@id\":\"https:\/\/www.ocasionplus.com\/noticias\/#organization\",\"name\":\"OcasionPlus\",\"url\":\"https:\/\/www.ocasionplus.com\/noticias\/\",\"logo\":{\"@type\":\"ImageObject\",\"inLanguage\":\"es\",\"@id\":\"https:\/\/www.ocasionplus.com\/noticias\/#\/schema\/logo\/image\/\",\"url\":\"https:\/\/www.ocasionplus.com\/wp-content\/uploads\/2024\/05\/cropped-cropped-oplus-logo-blog.png\",\"contentUrl\":\"https:\/\/www.ocasionplus.com\/wp-content\/uploads\/2024\/05\/cropped-cropped-oplus-logo-blog.png\",\"width\":360,\"height\":71,\"caption\":\"OcasionPlus\"},\"image\":{\"@id\":\"https:\/\/www.ocasionplus.com\/noticias\/#\/schema\/logo\/image\/\"},\"sameAs\":[\"https:\/\/www.facebook.com\/ocasionplus\",\"https:\/\/x.com\/ocasionplus\",\"https:\/\/www.instagram.com\/ocasion_plus\",\"https:\/\/www.youtube.com\/channel\/UCBiCAto61Lyu27CgI95wrYQ\",\"https:\/\/www.tiktok.com\/@ocasionplus.com\",\"https:\/\/es.linkedin.com\/company\/ocasionplus\"]},{\"@type\":\"Person\",\"@id\":\"https:\/\/www.ocasionplus.com\/noticias\/#\/schema\/person\/db1203be564cc3ded97ad1dbd8aadc5b\",\"name\":\"Cristhian Gonz\u00e1lez\",\"image\":{\"@type\":\"ImageObject\",\"inLanguage\":\"es\",\"@id\":\"https:\/\/www.ocasionplus.com\/noticias\/#\/schema\/person\/image\/\",\"url\":\"https:\/\/secure.gravatar.com\/avatar\/30c0388f0815fd0ab8fb4cfad29866ac?s=96&d=mm&r=g\",\"contentUrl\":\"https:\/\/secure.gravatar.com\/avatar\/30c0388f0815fd0ab8fb4cfad29866ac?s=96&d=mm&r=g\",\"caption\":\"Cristhian Gonz\u00e1lez\"},\"description\":\"Periodista formado en Colombia. Siempre vinculado al deporte y con pasi\u00f3n por los coches. He asistido y cubierto diferentes eventos deportivos para diferentes medios de comunicaci\u00f3n.\"}]}<\/script>\n<!-- \/ Yoast SEO Premium plugin. -->","yoast_head_json":{"title":"La carrocer\u00eda m\u00e1s vendida en Alicante: los veh\u00edculos todoterreno","description":"Seg\u00fan los datos de OcasionPlus, la carrocer\u00eda m\u00e1s vendida en Alicante durante el mes de julio fue la de los veh\u00edculos todoterreno.","robots":{"index":"index","follow":"follow","max-snippet":"max-snippet:-1","max-image-preview":"max-image-preview:large","max-video-preview":"max-video-preview:-1"},"canonical":"https:\/\/www.ocasionplus.com\/noticias\/carroceria-mas-vendida-en-alicante\/","og_locale":"es_ES","og_type":"article","og_title":"La carrocer\u00eda m\u00e1s vendida en Alicante: los todoterreno dominan el mercado en julio","og_description":"Seg\u00fan los datos de OcasionPlus, la carrocer\u00eda m\u00e1s vendida en Alicante durante el mes de julio fue la de los veh\u00edculos todoterreno.","og_url":"https:\/\/www.ocasionplus.com\/noticias\/carroceria-mas-vendida-en-alicante\/","og_site_name":"OcasionPlus Blog","article_publisher":"https:\/\/www.facebook.com\/ocasionplus","article_published_time":"2024-08-23T09:19:17+00:00","article_modified_time":"2025-03-27T09:40:53+00:00","og_image":[{"width":1199,"height":800,"url":"https:\/\/www.ocasionplus.com\/wp-content\/uploads\/2024\/06\/top_10_volkswagen_segunda_mano_t-roc.jpg","type":"image\/jpeg"}],"author":"Cristhian Gonz\u00e1lez","twitter_card":"summary_large_image","twitter_creator":"@ocasionplus","twitter_site":"@ocasionplus","twitter_misc":{"Escrito por":"Cristhian Gonz\u00e1lez","Tiempo de lectura":"2 minutos"},"schema":{"@context":"https:\/\/schema.org","@graph":[{"@type":"Article","@id":"https:\/\/www.ocasionplus.com\/noticias\/carroceria-mas-vendida-en-alicante\/#article","isPartOf":{"@id":"https:\/\/www.ocasionplus.com\/noticias\/carroceria-mas-vendida-en-alicante\/"},"author":{"name":"Cristhian Gonz\u00e1lez","@id":"https:\/\/www.ocasionplus.com\/noticias\/#\/schema\/person\/db1203be564cc3ded97ad1dbd8aadc5b"},"headline":"La carrocer\u00eda m\u00e1s vendida en Alicante: los todoterreno dominan el mercado en julio","datePublished":"2024-08-23T09:19:17+00:00","dateModified":"2025-03-27T09:40:53+00:00","mainEntityOfPage":{"@id":"https:\/\/www.ocasionplus.com\/noticias\/carroceria-mas-vendida-en-alicante\/"},"wordCount":486,"publisher":{"@id":"https:\/\/www.ocasionplus.com\/noticias\/#organization"},"image":{"@id":"https:\/\/www.ocasionplus.com\/noticias\/carroceria-mas-vendida-en-alicante\/#primaryimage"},"thumbnailUrl":"https:\/\/www.ocasionplus.com\/wp-content\/uploads\/2024\/06\/top_10_volkswagen_segunda_mano_t-roc.jpg","keywords":["alicante","coches ocasion","todoterreno"],"articleSection":["\u00daltimas Noticias"],"inLanguage":"es","copyrightYear":"2024","copyrightHolder":{"@id":"https:\/\/www.ocasionplus.com\/noticias\/#organization"}},{"@type":"WebPage","@id":"https:\/\/www.ocasionplus.com\/noticias\/carroceria-mas-vendida-en-alicante\/","url":"https:\/\/www.ocasionplus.com\/noticias\/carroceria-mas-vendida-en-alicante\/","name":"La carrocer\u00eda m\u00e1s vendida en Alicante: los veh\u00edculos todoterreno","isPartOf":{"@id":"https:\/\/www.ocasionplus.com\/noticias\/#website"},"primaryImageOfPage":{"@id":"https:\/\/www.ocasionplus.com\/noticias\/carroceria-mas-vendida-en-alicante\/#primaryimage"},"image":{"@id":"https:\/\/www.ocasionplus.com\/noticias\/carroceria-mas-vendida-en-alicante\/#primaryimage"},"thumbnailUrl":"https:\/\/www.ocasionplus.com\/wp-content\/uploads\/2024\/06\/top_10_volkswagen_segunda_mano_t-roc.jpg","datePublished":"2024-08-23T09:19:17+00:00","dateModified":"2025-03-27T09:40:53+00:00","description":"Seg\u00fan los datos de OcasionPlus, la carrocer\u00eda m\u00e1s vendida en Alicante durante el mes de julio fue la de los veh\u00edculos todoterreno.","breadcrumb":{"@id":"https:\/\/www.ocasionplus.com\/noticias\/carroceria-mas-vendida-en-alicante\/#breadcrumb"},"inLanguage":"es","potentialAction":[{"@type":"ReadAction","target":["https:\/\/www.ocasionplus.com\/noticias\/carroceria-mas-vendida-en-alicante\/"]}]},{"@type":"ImageObject","inLanguage":"es","@id":"https:\/\/www.ocasionplus.com\/noticias\/carroceria-mas-vendida-en-alicante\/#primaryimage","url":"https:\/\/www.ocasionplus.com\/wp-content\/uploads\/2024\/06\/top_10_volkswagen_segunda_mano_t-roc.jpg","contentUrl":"https:\/\/www.ocasionplus.com\/wp-content\/uploads\/2024\/06\/top_10_volkswagen_segunda_mano_t-roc.jpg","width":1199,"height":800,"caption":"Ideal tanto para ir por la ciudad como viajes largos"},{"@type":"BreadcrumbList","@id":"https:\/\/www.ocasionplus.com\/noticias\/carroceria-mas-vendida-en-alicante\/#breadcrumb","itemListElement":[{"@type":"ListItem","position":1,"name":"Portada","item":"https:\/\/www.ocasionplus.com\/noticias\/"},{"@type":"ListItem","position":2,"name":"La carrocer\u00eda m\u00e1s vendida en Alicante: los todoterreno dominan el mercado en julio"}]},{"@type":"WebSite","@id":"https:\/\/www.ocasionplus.com\/noticias\/#website","url":"https:\/\/www.ocasionplus.com\/noticias\/","name":"OcasionPlus Blog","description":"Veh\u00edculos de ocasi\u00f3n","publisher":{"@id":"https:\/\/www.ocasionplus.com\/noticias\/#organization"},"potentialAction":[{"@type":"SearchAction","target":{"@type":"EntryPoint","urlTemplate":"https:\/\/www.ocasionplus.com\/noticias\/?s={search_term_string}"},"query-input":{"@type":"PropertyValueSpecification","valueRequired":true,"valueName":"search_term_string"}}],"inLanguage":"es"},{"@type":"Organization","@id":"https:\/\/www.ocasionplus.com\/noticias\/#organization","name":"OcasionPlus","url":"https:\/\/www.ocasionplus.com\/noticias\/","logo":{"@type":"ImageObject","inLanguage":"es","@id":"https:\/\/www.ocasionplus.com\/noticias\/#\/schema\/logo\/image\/","url":"https:\/\/www.ocasionplus.com\/wp-content\/uploads\/2024\/05\/cropped-cropped-oplus-logo-blog.png","contentUrl":"https:\/\/www.ocasionplus.com\/wp-content\/uploads\/2024\/05\/cropped-cropped-oplus-logo-blog.png","width":360,"height":71,"caption":"OcasionPlus"},"image":{"@id":"https:\/\/www.ocasionplus.com\/noticias\/#\/schema\/logo\/image\/"},"sameAs":["https:\/\/www.facebook.com\/ocasionplus","https:\/\/x.com\/ocasionplus","https:\/\/www.instagram.com\/ocasion_plus","https:\/\/www.youtube.com\/channel\/UCBiCAto61Lyu27CgI95wrYQ","https:\/\/www.tiktok.com\/@ocasionplus.com","https:\/\/es.linkedin.com\/company\/ocasionplus"]},{"@type":"Person","@id":"https:\/\/www.ocasionplus.com\/noticias\/#\/schema\/person\/db1203be564cc3ded97ad1dbd8aadc5b","name":"Cristhian Gonz\u00e1lez","image":{"@type":"ImageObject","inLanguage":"es","@id":"https:\/\/www.ocasionplus.com\/noticias\/#\/schema\/person\/image\/","url":"https:\/\/secure.gravatar.com\/avatar\/30c0388f0815fd0ab8fb4cfad29866ac?s=96&d=mm&r=g","contentUrl":"https:\/\/secure.gravatar.com\/avatar\/30c0388f0815fd0ab8fb4cfad29866ac?s=96&d=mm&r=g","caption":"Cristhian Gonz\u00e1lez"},"description":"Periodista formado en Colombia. Siempre vinculado al deporte y con pasi\u00f3n por los coches. He asistido y cubierto diferentes eventos deportivos para diferentes medios de comunicaci\u00f3n."}]}},"jetpack_featured_media_url":"https:\/\/www.ocasionplus.com\/wp-content\/uploads\/2024\/06\/top_10_volkswagen_segunda_mano_t-roc.jpg","_links":{"self":[{"href":"https:\/\/www.ocasionplus.com\/noticias\/wp-json\/wp\/v2\/posts\/14019","targetHints":{"allow":["GET"]}}],"collection":[{"href":"https:\/\/www.ocasionplus.com\/noticias\/wp-json\/wp\/v2\/posts"}],"about":[{"href":"https:\/\/www.ocasionplus.com\/noticias\/wp-json\/wp\/v2\/types\/post"}],"author":[{"embeddable":true,"href":"https:\/\/www.ocasionplus.com\/noticias\/wp-json\/wp\/v2\/users\/3"}],"replies":[{"embeddable":true,"href":"https:\/\/www.ocasionplus.com\/noticias\/wp-json\/wp\/v2\/comments?post=14019"}],"version-history":[{"count":1,"href":"https:\/\/www.ocasionplus.com\/noticias\/wp-json\/wp\/v2\/posts\/14019\/revisions"}],"predecessor-version":[{"id":14020,"href":"https:\/\/www.ocasionplus.com\/noticias\/wp-json\/wp\/v2\/posts\/14019\/revisions\/14020"}],"wp:featuredmedia":[{"embeddable":true,"href":"https:\/\/www.ocasionplus.com\/noticias\/wp-json\/wp\/v2\/media\/11933"}],"wp:attachment":[{"href":"https:\/\/www.ocasionplus.com\/noticias\/wp-json\/wp\/v2\/media?parent=14019"}],"wp:term":[{"taxonomy":"category","embeddable":true,"href":"https:\/\/www.ocasionplus.com\/noticias\/wp-json\/wp\/v2\/categories?post=14019"},{"taxonomy":"post_tag","embeddable":true,"href":"https:\/\/www.ocasionplus.com\/noticias\/wp-json\/wp\/v2\/tags?post=14019"}],"curies":[{"name":"wp","href":"https:\/\/api.w.org\/{rel}","templated":true}]}}