{"id":14067,"date":"2024-09-04T10:39:31","date_gmt":"2024-09-04T08:39:31","guid":{"rendered":"https:\/\/www.ocasionplus.com\/noticias\/?p=14067"},"modified":"2025-03-27T10:39:44","modified_gmt":"2025-03-27T09:39:44","slug":"modelo-mas-vendido-en-castellon","status":"publish","type":"post","link":"https:\/\/www.ocasionplus.com\/noticias\/modelo-mas-vendido-en-castellon\/","title":{"rendered":"Los modelos m\u00e1s vendidos en Castell\u00f3n: Tucson y Captur lideran el mercado"},"content":{"rendered":"<div class=\"wpb-content-wrapper\"><p>[vc_row][vc_column][vc_column_text]En el mercado de <a href=\"https:\/\/www.ocasionplus.com\/coches-ocasion\/castellon\">coches de segunda mano en Castell\u00f3n<\/a>, dos modelos han destacado por encima de los dem\u00e1s durante julio, seg\u00fan los <a href=\"https:\/\/www.ocasionplus.com\/noticias\/analisis-del-mercado-de-coches-de-segunda-mano\/\">datos de OcasionPlus<\/a>: el Renault Captur y el Hyundai Tucson . Estos veh\u00edculos SUV no solo han capturado la atenci\u00f3n de los compradores, sino que tambi\u00e9n han establecido un est\u00e1ndar en t\u00e9rminos de popularidad y preferencia.<\/p>\n<h2>\u00bfPor qu\u00e9 el Renault Captur y el Hyundai Tucson lideran en Castell\u00f3n?<\/h2>\n<p>El <strong>Renault\u00a0Captur<\/strong> ha ganado popularidad gracias a su dise\u00f1o moderno y personalizable, ideal para quienes buscan un coche que combine est\u00e9tica con funcionalidad. Su tama\u00f1o compacto y su eficiencia en el consumo de combustible lo hacen perfecto para la conducci\u00f3n urbana y los viajes por carretera.<\/p>\n<p>Por otro lado, el <strong>Hyundai Tucson<\/strong> se destaca por su robustez y espacio interior, caracter\u00edsticas que lo convierten en una opci\u00f3n preferida para familias y conductores que necesitan un veh\u00edculo vers\u00e1til para diferentes tipos de trayectos. Con su avanzada tecnolog\u00eda de seguridad y comodidad, el Tucson ha logrado consolidarse como un l\u00edder en su segmento.<\/p>\n<p>La elecci\u00f3n de estos dos modelos refleja la creciente preferencia por los SUV en el mercado de <a href=\"https:\/\/www.ocasionplus.com\/coches-ocasion\/castellon\">coches de segunda mano de Castell\u00f3n<\/a>. Los conductores valoran la altura, visibilidad y seguridad que ofrecen estos veh\u00edculos, especialmente en un entorno donde la versatilidad es clave para adaptarse tanto a la ciudad como a rutas m\u00e1s largas.<\/p>\n<h2>Coches de ocasi\u00f3n<\/h2>\n<p>Si est\u00e1s en busca de un <a href=\"https:\/\/www.ocasionplus.com\/coches-ocasion\">coche de segunda mano<\/a> que combine calidad, rendimiento y precio, no busques m\u00e1s. En OcasionPlus, encontrar\u00e1s una amplia selecci\u00f3n de veh\u00edculos, incluyendo los modelos m\u00e1s vendidos como el <a href=\"https:\/\/www.ocasionplus.com\/coches-ocasion\/renault\/captur\">Renault Captur<\/a> y el <a href=\"https:\/\/www.ocasionplus.com\/coches-ocasion\/hyundai\/tucson\">Hyundai Tucson<\/a>. Vis\u00edtanos y descubre por qu\u00e9 estos modelos son los favoritos en Castell\u00f3n. \u00a1Tu pr\u00f3ximo coche te espera en OcasionPlus!<\/p>\n<p>[\/vc_column_text][\/vc_column][\/vc_row][vc_row el_class=&#8221;comprar-coche-CTA&#8221;][vc_column][vc_custom_heading text=&#8221;Encuentra tu coche de ocasi\u00f3n en Castell\u00f3n al mejor precio&#8221; use_theme_fonts=&#8221;yes&#8221; css=&#8221;&#8221;][vc_row_inner][vc_column_inner width=&#8221;8\/12&#8243;][vc_column_text css=&#8221;&#8221;]<\/p>\n<p>Ofrecemos la mejor relaci\u00f3n calidad-precio en todos nuestros m\u00e1s de 8.000 coches de segunda mano.<\/p>\n<p>[\/vc_column_text][\/vc_column_inner][vc_column_inner width=&#8221;4\/12&#8243;][vc_btn title=&#8221;Busca Ahora&#8221; style=&#8221;custom&#8221; custom_background=&#8221;#009fe3&#8243; custom_text=&#8221;#ffffff&#8221; align=&#8221;center&#8221; css=&#8221;&#8221; link=&#8221;url:https%3A%2F%2Fwww.ocasionplus.com%2Fcoches-ocasion%2Fcastellon|title:Busca%20tu%20Coche%20Ahora&#8221;][\/vc_column_inner][\/vc_row_inner][vc_row_inner el_id=&#8221;logo-placement&#8221; css=&#8221;.vc_custom_1719615816721{margin-top: 2px !important;margin-bottom: 12px !important;}&#8221;][vc_column_inner][vc_single_image image=&#8221;11299&#8243; img_size=&#8221;277&#215;43&#8243; alignment=&#8221;center&#8221; style=&#8221;vc_box_rounded&#8221; css=&#8221;&#8221; el_class=&#8221;logo-component-comprar&#8221;][\/vc_column_inner][\/vc_row_inner][\/vc_column][\/vc_row]<\/p>\n<\/div>","protected":false},"excerpt":{"rendered":"<p>[vc_row][vc_column][vc_column_text]En el mercado de coches de segunda mano en Castell\u00f3n, dos modelos han destacado por encima de los dem\u00e1s durante julio, seg\u00fan los datos de OcasionPlus: el Renault Captur y el Hyundai Tucson . Estos veh\u00edculos SUV no solo han capturado la atenci\u00f3n de los compradores, sino que tambi\u00e9n han establecido un est\u00e1ndar en t\u00e9rminos&#8230;<\/p>\n","protected":false},"author":5,"featured_media":9556,"comment_status":"closed","ping_status":"open","sticky":false,"template":"","format":"standard","meta":{"footnotes":""},"categories":[2],"tags":[611,601,380,488,375,512],"class_list":["post-14067","post","type-post","status-publish","format-standard","has-post-thumbnail","hentry","category-ultimas-noticias","tag-captur","tag-castellon","tag-coches-ocasion","tag-hyundai","tag-renault","tag-tucson"],"yoast_head":"<!-- This site is optimized with the Yoast SEO Premium plugin v24.8 (Yoast SEO v24.8.1) - https:\/\/yoast.com\/wordpress\/plugins\/seo\/ -->\n<title>Modelos m\u00e1s vendidos en Castell\u00f3n: Tucson y Captur<\/title>\n<meta name=\"description\" content=\"El Renault Captur y el Hyundai Tucson son los modelos m\u00e1s vendidos en Castell\u00f3n seg\u00fan el estudio de OcasionPlus de Agosto.\" \/>\n<meta name=\"robots\" content=\"index, follow, max-snippet:-1, max-image-preview:large, max-video-preview:-1\" \/>\n<link rel=\"canonical\" href=\"https:\/\/www.ocasionplus.com\/noticias\/modelo-mas-vendido-en-castellon\/\" \/>\n<meta property=\"og:locale\" content=\"es_ES\" \/>\n<meta property=\"og:type\" content=\"article\" \/>\n<meta property=\"og:title\" content=\"Los modelos m\u00e1s vendidos en Castell\u00f3n: Tucson y Captur lideran el mercado\" \/>\n<meta property=\"og:description\" content=\"El Renault Captur y el Hyundai Tucson son los modelos m\u00e1s vendidos en Castell\u00f3n seg\u00fan el estudio de OcasionPlus de Agosto.\" \/>\n<meta property=\"og:url\" content=\"https:\/\/www.ocasionplus.com\/noticias\/modelo-mas-vendido-en-castellon\/\" \/>\n<meta property=\"og:site_name\" content=\"OcasionPlus Blog\" \/>\n<meta property=\"article:publisher\" content=\"https:\/\/www.facebook.com\/ocasionplus\" \/>\n<meta property=\"article:published_time\" content=\"2024-09-04T08:39:31+00:00\" \/>\n<meta property=\"article:modified_time\" content=\"2025-03-27T09:39:44+00:00\" \/>\n<meta property=\"og:image\" content=\"https:\/\/www.ocasionplus.com\/wp-content\/uploads\/2023\/04\/Hyundai-Tucson-Hybrid.jpg\" \/>\n\t<meta property=\"og:image:width\" content=\"1280\" \/>\n\t<meta property=\"og:image:height\" content=\"960\" \/>\n\t<meta property=\"og:image:type\" content=\"image\/jpeg\" \/>\n<meta name=\"author\" content=\"Virginia Mart\u00edn\" \/>\n<meta name=\"twitter:card\" content=\"summary_large_image\" \/>\n<meta name=\"twitter:creator\" content=\"@ocasionplus\" \/>\n<meta name=\"twitter:site\" content=\"@ocasionplus\" \/>\n<meta name=\"twitter:label1\" content=\"Escrito por\" \/>\n\t<meta name=\"twitter:data1\" content=\"Virginia Mart\u00edn\" \/>\n\t<meta name=\"twitter:label2\" content=\"Tiempo de lectura\" \/>\n\t<meta name=\"twitter:data2\" content=\"2 minutos\" \/>\n<script type=\"application\/ld+json\" class=\"yoast-schema-graph\">{\"@context\":\"https:\/\/schema.org\",\"@graph\":[{\"@type\":\"Article\",\"@id\":\"https:\/\/www.ocasionplus.com\/noticias\/modelo-mas-vendido-en-castellon\/#article\",\"isPartOf\":{\"@id\":\"https:\/\/www.ocasionplus.com\/noticias\/modelo-mas-vendido-en-castellon\/\"},\"author\":{\"name\":\"Virginia Mart\u00edn\",\"@id\":\"https:\/\/www.ocasionplus.com\/noticias\/#\/schema\/person\/a1075deecd7b6f7a6b47339c056c5ccb\"},\"headline\":\"Los modelos m\u00e1s vendidos en Castell\u00f3n: Tucson y Captur lideran el mercado\",\"datePublished\":\"2024-09-04T08:39:31+00:00\",\"dateModified\":\"2025-03-27T09:39:44+00:00\",\"mainEntityOfPage\":{\"@id\":\"https:\/\/www.ocasionplus.com\/noticias\/modelo-mas-vendido-en-castellon\/\"},\"wordCount\":497,\"publisher\":{\"@id\":\"https:\/\/www.ocasionplus.com\/noticias\/#organization\"},\"image\":{\"@id\":\"https:\/\/www.ocasionplus.com\/noticias\/modelo-mas-vendido-en-castellon\/#primaryimage\"},\"thumbnailUrl\":\"https:\/\/www.ocasionplus.com\/wp-content\/uploads\/2023\/04\/Hyundai-Tucson-Hybrid.jpg\",\"keywords\":[\"captur\",\"castellon\",\"coches ocasion\",\"hyundai\",\"renault\",\"tucson\"],\"articleSection\":[\"\u00daltimas Noticias\"],\"inLanguage\":\"es\",\"copyrightYear\":\"2024\",\"copyrightHolder\":{\"@id\":\"https:\/\/www.ocasionplus.com\/noticias\/#organization\"}},{\"@type\":\"WebPage\",\"@id\":\"https:\/\/www.ocasionplus.com\/noticias\/modelo-mas-vendido-en-castellon\/\",\"url\":\"https:\/\/www.ocasionplus.com\/noticias\/modelo-mas-vendido-en-castellon\/\",\"name\":\"Modelos m\u00e1s vendidos en Castell\u00f3n: Tucson y Captur\",\"isPartOf\":{\"@id\":\"https:\/\/www.ocasionplus.com\/noticias\/#website\"},\"primaryImageOfPage\":{\"@id\":\"https:\/\/www.ocasionplus.com\/noticias\/modelo-mas-vendido-en-castellon\/#primaryimage\"},\"image\":{\"@id\":\"https:\/\/www.ocasionplus.com\/noticias\/modelo-mas-vendido-en-castellon\/#primaryimage\"},\"thumbnailUrl\":\"https:\/\/www.ocasionplus.com\/wp-content\/uploads\/2023\/04\/Hyundai-Tucson-Hybrid.jpg\",\"datePublished\":\"2024-09-04T08:39:31+00:00\",\"dateModified\":\"2025-03-27T09:39:44+00:00\",\"description\":\"El Renault Captur y el Hyundai Tucson son los modelos m\u00e1s vendidos en Castell\u00f3n seg\u00fan el estudio de OcasionPlus de Agosto.\",\"breadcrumb\":{\"@id\":\"https:\/\/www.ocasionplus.com\/noticias\/modelo-mas-vendido-en-castellon\/#breadcrumb\"},\"inLanguage\":\"es\",\"potentialAction\":[{\"@type\":\"ReadAction\",\"target\":[\"https:\/\/www.ocasionplus.com\/noticias\/modelo-mas-vendido-en-castellon\/\"]}]},{\"@type\":\"ImageObject\",\"inLanguage\":\"es\",\"@id\":\"https:\/\/www.ocasionplus.com\/noticias\/modelo-mas-vendido-en-castellon\/#primaryimage\",\"url\":\"https:\/\/www.ocasionplus.com\/wp-content\/uploads\/2023\/04\/Hyundai-Tucson-Hybrid.jpg\",\"contentUrl\":\"https:\/\/www.ocasionplus.com\/wp-content\/uploads\/2023\/04\/Hyundai-Tucson-Hybrid.jpg\",\"width\":1280,\"height\":960,\"caption\":\"El Hyundai Tucson es el primer SUV en recibir 5 estrellas de la clasificaci\u00f3n Euro NCAP\"},{\"@type\":\"BreadcrumbList\",\"@id\":\"https:\/\/www.ocasionplus.com\/noticias\/modelo-mas-vendido-en-castellon\/#breadcrumb\",\"itemListElement\":[{\"@type\":\"ListItem\",\"position\":1,\"name\":\"Portada\",\"item\":\"https:\/\/www.ocasionplus.com\/noticias\/\"},{\"@type\":\"ListItem\",\"position\":2,\"name\":\"Los modelos m\u00e1s vendidos en Castell\u00f3n: Tucson y Captur lideran el mercado\"}]},{\"@type\":\"WebSite\",\"@id\":\"https:\/\/www.ocasionplus.com\/noticias\/#website\",\"url\":\"https:\/\/www.ocasionplus.com\/noticias\/\",\"name\":\"OcasionPlus Blog\",\"description\":\"Veh\u00edculos de ocasi\u00f3n\",\"publisher\":{\"@id\":\"https:\/\/www.ocasionplus.com\/noticias\/#organization\"},\"potentialAction\":[{\"@type\":\"SearchAction\",\"target\":{\"@type\":\"EntryPoint\",\"urlTemplate\":\"https:\/\/www.ocasionplus.com\/noticias\/?s={search_term_string}\"},\"query-input\":{\"@type\":\"PropertyValueSpecification\",\"valueRequired\":true,\"valueName\":\"search_term_string\"}}],\"inLanguage\":\"es\"},{\"@type\":\"Organization\",\"@id\":\"https:\/\/www.ocasionplus.com\/noticias\/#organization\",\"name\":\"OcasionPlus\",\"url\":\"https:\/\/www.ocasionplus.com\/noticias\/\",\"logo\":{\"@type\":\"ImageObject\",\"inLanguage\":\"es\",\"@id\":\"https:\/\/www.ocasionplus.com\/noticias\/#\/schema\/logo\/image\/\",\"url\":\"https:\/\/www.ocasionplus.com\/wp-content\/uploads\/2024\/05\/cropped-cropped-oplus-logo-blog.png\",\"contentUrl\":\"https:\/\/www.ocasionplus.com\/wp-content\/uploads\/2024\/05\/cropped-cropped-oplus-logo-blog.png\",\"width\":360,\"height\":71,\"caption\":\"OcasionPlus\"},\"image\":{\"@id\":\"https:\/\/www.ocasionplus.com\/noticias\/#\/schema\/logo\/image\/\"},\"sameAs\":[\"https:\/\/www.facebook.com\/ocasionplus\",\"https:\/\/x.com\/ocasionplus\",\"https:\/\/www.instagram.com\/ocasion_plus\",\"https:\/\/www.youtube.com\/channel\/UCBiCAto61Lyu27CgI95wrYQ\",\"https:\/\/www.tiktok.com\/@ocasionplus.com\",\"https:\/\/es.linkedin.com\/company\/ocasionplus\"]},{\"@type\":\"Person\",\"@id\":\"https:\/\/www.ocasionplus.com\/noticias\/#\/schema\/person\/a1075deecd7b6f7a6b47339c056c5ccb\",\"name\":\"Virginia Mart\u00edn\",\"image\":{\"@type\":\"ImageObject\",\"inLanguage\":\"es\",\"@id\":\"https:\/\/www.ocasionplus.com\/noticias\/#\/schema\/person\/image\/\",\"url\":\"https:\/\/secure.gravatar.com\/avatar\/d80007416602574d8db3ca288c3225e9?s=96&d=mm&r=g\",\"contentUrl\":\"https:\/\/secure.gravatar.com\/avatar\/d80007416602574d8db3ca288c3225e9?s=96&d=mm&r=g\",\"caption\":\"Virginia Mart\u00edn\"},\"description\":\"Soy Virginia Mart\u00edn, especialista en comunicaci\u00f3n y una entusiasta de las historias que conectan. En Ocasionplus, mi objetivo es hacerte sentir parte de cada noticia, con un toque de cercan\u00eda y profesionalidad.\"}]}<\/script>\n<!-- \/ Yoast SEO Premium plugin. -->","yoast_head_json":{"title":"Modelos m\u00e1s vendidos en Castell\u00f3n: Tucson y Captur","description":"El Renault Captur y el Hyundai Tucson son los modelos m\u00e1s vendidos en Castell\u00f3n seg\u00fan el estudio de OcasionPlus de Agosto.","robots":{"index":"index","follow":"follow","max-snippet":"max-snippet:-1","max-image-preview":"max-image-preview:large","max-video-preview":"max-video-preview:-1"},"canonical":"https:\/\/www.ocasionplus.com\/noticias\/modelo-mas-vendido-en-castellon\/","og_locale":"es_ES","og_type":"article","og_title":"Los modelos m\u00e1s vendidos en Castell\u00f3n: Tucson y Captur lideran el mercado","og_description":"El Renault Captur y el Hyundai Tucson son los modelos m\u00e1s vendidos en Castell\u00f3n seg\u00fan el estudio de OcasionPlus de Agosto.","og_url":"https:\/\/www.ocasionplus.com\/noticias\/modelo-mas-vendido-en-castellon\/","og_site_name":"OcasionPlus Blog","article_publisher":"https:\/\/www.facebook.com\/ocasionplus","article_published_time":"2024-09-04T08:39:31+00:00","article_modified_time":"2025-03-27T09:39:44+00:00","og_image":[{"width":1280,"height":960,"url":"https:\/\/www.ocasionplus.com\/wp-content\/uploads\/2023\/04\/Hyundai-Tucson-Hybrid.jpg","type":"image\/jpeg"}],"author":"Virginia Mart\u00edn","twitter_card":"summary_large_image","twitter_creator":"@ocasionplus","twitter_site":"@ocasionplus","twitter_misc":{"Escrito por":"Virginia Mart\u00edn","Tiempo de lectura":"2 minutos"},"schema":{"@context":"https:\/\/schema.org","@graph":[{"@type":"Article","@id":"https:\/\/www.ocasionplus.com\/noticias\/modelo-mas-vendido-en-castellon\/#article","isPartOf":{"@id":"https:\/\/www.ocasionplus.com\/noticias\/modelo-mas-vendido-en-castellon\/"},"author":{"name":"Virginia Mart\u00edn","@id":"https:\/\/www.ocasionplus.com\/noticias\/#\/schema\/person\/a1075deecd7b6f7a6b47339c056c5ccb"},"headline":"Los modelos m\u00e1s vendidos en Castell\u00f3n: Tucson y Captur lideran el mercado","datePublished":"2024-09-04T08:39:31+00:00","dateModified":"2025-03-27T09:39:44+00:00","mainEntityOfPage":{"@id":"https:\/\/www.ocasionplus.com\/noticias\/modelo-mas-vendido-en-castellon\/"},"wordCount":497,"publisher":{"@id":"https:\/\/www.ocasionplus.com\/noticias\/#organization"},"image":{"@id":"https:\/\/www.ocasionplus.com\/noticias\/modelo-mas-vendido-en-castellon\/#primaryimage"},"thumbnailUrl":"https:\/\/www.ocasionplus.com\/wp-content\/uploads\/2023\/04\/Hyundai-Tucson-Hybrid.jpg","keywords":["captur","castellon","coches ocasion","hyundai","renault","tucson"],"articleSection":["\u00daltimas Noticias"],"inLanguage":"es","copyrightYear":"2024","copyrightHolder":{"@id":"https:\/\/www.ocasionplus.com\/noticias\/#organization"}},{"@type":"WebPage","@id":"https:\/\/www.ocasionplus.com\/noticias\/modelo-mas-vendido-en-castellon\/","url":"https:\/\/www.ocasionplus.com\/noticias\/modelo-mas-vendido-en-castellon\/","name":"Modelos m\u00e1s vendidos en Castell\u00f3n: Tucson y Captur","isPartOf":{"@id":"https:\/\/www.ocasionplus.com\/noticias\/#website"},"primaryImageOfPage":{"@id":"https:\/\/www.ocasionplus.com\/noticias\/modelo-mas-vendido-en-castellon\/#primaryimage"},"image":{"@id":"https:\/\/www.ocasionplus.com\/noticias\/modelo-mas-vendido-en-castellon\/#primaryimage"},"thumbnailUrl":"https:\/\/www.ocasionplus.com\/wp-content\/uploads\/2023\/04\/Hyundai-Tucson-Hybrid.jpg","datePublished":"2024-09-04T08:39:31+00:00","dateModified":"2025-03-27T09:39:44+00:00","description":"El Renault Captur y el Hyundai Tucson son los modelos m\u00e1s vendidos en Castell\u00f3n seg\u00fan el estudio de OcasionPlus de Agosto.","breadcrumb":{"@id":"https:\/\/www.ocasionplus.com\/noticias\/modelo-mas-vendido-en-castellon\/#breadcrumb"},"inLanguage":"es","potentialAction":[{"@type":"ReadAction","target":["https:\/\/www.ocasionplus.com\/noticias\/modelo-mas-vendido-en-castellon\/"]}]},{"@type":"ImageObject","inLanguage":"es","@id":"https:\/\/www.ocasionplus.com\/noticias\/modelo-mas-vendido-en-castellon\/#primaryimage","url":"https:\/\/www.ocasionplus.com\/wp-content\/uploads\/2023\/04\/Hyundai-Tucson-Hybrid.jpg","contentUrl":"https:\/\/www.ocasionplus.com\/wp-content\/uploads\/2023\/04\/Hyundai-Tucson-Hybrid.jpg","width":1280,"height":960,"caption":"El Hyundai Tucson es el primer SUV en recibir 5 estrellas de la clasificaci\u00f3n Euro NCAP"},{"@type":"BreadcrumbList","@id":"https:\/\/www.ocasionplus.com\/noticias\/modelo-mas-vendido-en-castellon\/#breadcrumb","itemListElement":[{"@type":"ListItem","position":1,"name":"Portada","item":"https:\/\/www.ocasionplus.com\/noticias\/"},{"@type":"ListItem","position":2,"name":"Los modelos m\u00e1s vendidos en Castell\u00f3n: Tucson y Captur lideran el mercado"}]},{"@type":"WebSite","@id":"https:\/\/www.ocasionplus.com\/noticias\/#website","url":"https:\/\/www.ocasionplus.com\/noticias\/","name":"OcasionPlus Blog","description":"Veh\u00edculos de ocasi\u00f3n","publisher":{"@id":"https:\/\/www.ocasionplus.com\/noticias\/#organization"},"potentialAction":[{"@type":"SearchAction","target":{"@type":"EntryPoint","urlTemplate":"https:\/\/www.ocasionplus.com\/noticias\/?s={search_term_string}"},"query-input":{"@type":"PropertyValueSpecification","valueRequired":true,"valueName":"search_term_string"}}],"inLanguage":"es"},{"@type":"Organization","@id":"https:\/\/www.ocasionplus.com\/noticias\/#organization","name":"OcasionPlus","url":"https:\/\/www.ocasionplus.com\/noticias\/","logo":{"@type":"ImageObject","inLanguage":"es","@id":"https:\/\/www.ocasionplus.com\/noticias\/#\/schema\/logo\/image\/","url":"https:\/\/www.ocasionplus.com\/wp-content\/uploads\/2024\/05\/cropped-cropped-oplus-logo-blog.png","contentUrl":"https:\/\/www.ocasionplus.com\/wp-content\/uploads\/2024\/05\/cropped-cropped-oplus-logo-blog.png","width":360,"height":71,"caption":"OcasionPlus"},"image":{"@id":"https:\/\/www.ocasionplus.com\/noticias\/#\/schema\/logo\/image\/"},"sameAs":["https:\/\/www.facebook.com\/ocasionplus","https:\/\/x.com\/ocasionplus","https:\/\/www.instagram.com\/ocasion_plus","https:\/\/www.youtube.com\/channel\/UCBiCAto61Lyu27CgI95wrYQ","https:\/\/www.tiktok.com\/@ocasionplus.com","https:\/\/es.linkedin.com\/company\/ocasionplus"]},{"@type":"Person","@id":"https:\/\/www.ocasionplus.com\/noticias\/#\/schema\/person\/a1075deecd7b6f7a6b47339c056c5ccb","name":"Virginia Mart\u00edn","image":{"@type":"ImageObject","inLanguage":"es","@id":"https:\/\/www.ocasionplus.com\/noticias\/#\/schema\/person\/image\/","url":"https:\/\/secure.gravatar.com\/avatar\/d80007416602574d8db3ca288c3225e9?s=96&d=mm&r=g","contentUrl":"https:\/\/secure.gravatar.com\/avatar\/d80007416602574d8db3ca288c3225e9?s=96&d=mm&r=g","caption":"Virginia Mart\u00edn"},"description":"Soy Virginia Mart\u00edn, especialista en comunicaci\u00f3n y una entusiasta de las historias que conectan. En Ocasionplus, mi objetivo es hacerte sentir parte de cada noticia, con un toque de cercan\u00eda y profesionalidad."}]}},"jetpack_featured_media_url":"https:\/\/www.ocasionplus.com\/wp-content\/uploads\/2023\/04\/Hyundai-Tucson-Hybrid.jpg","_links":{"self":[{"href":"https:\/\/www.ocasionplus.com\/noticias\/wp-json\/wp\/v2\/posts\/14067","targetHints":{"allow":["GET"]}}],"collection":[{"href":"https:\/\/www.ocasionplus.com\/noticias\/wp-json\/wp\/v2\/posts"}],"about":[{"href":"https:\/\/www.ocasionplus.com\/noticias\/wp-json\/wp\/v2\/types\/post"}],"author":[{"embeddable":true,"href":"https:\/\/www.ocasionplus.com\/noticias\/wp-json\/wp\/v2\/users\/5"}],"replies":[{"embeddable":true,"href":"https:\/\/www.ocasionplus.com\/noticias\/wp-json\/wp\/v2\/comments?post=14067"}],"version-history":[{"count":4,"href":"https:\/\/www.ocasionplus.com\/noticias\/wp-json\/wp\/v2\/posts\/14067\/revisions"}],"predecessor-version":[{"id":14200,"href":"https:\/\/www.ocasionplus.com\/noticias\/wp-json\/wp\/v2\/posts\/14067\/revisions\/14200"}],"wp:featuredmedia":[{"embeddable":true,"href":"https:\/\/www.ocasionplus.com\/noticias\/wp-json\/wp\/v2\/media\/9556"}],"wp:attachment":[{"href":"https:\/\/www.ocasionplus.com\/noticias\/wp-json\/wp\/v2\/media?parent=14067"}],"wp:term":[{"taxonomy":"category","embeddable":true,"href":"https:\/\/www.ocasionplus.com\/noticias\/wp-json\/wp\/v2\/categories?post=14067"},{"taxonomy":"post_tag","embeddable":true,"href":"https:\/\/www.ocasionplus.com\/noticias\/wp-json\/wp\/v2\/tags?post=14067"}],"curies":[{"name":"wp","href":"https:\/\/api.w.org\/{rel}","templated":true}]}}