{"id":14071,"date":"2024-08-27T11:58:38","date_gmt":"2024-08-27T09:58:38","guid":{"rendered":"https:\/\/www.ocasionplus.com\/noticias\/?p=14071"},"modified":"2025-03-27T10:40:52","modified_gmt":"2025-03-27T09:40:52","slug":"los-coches-seminuevos-con-etiqueta-c-lideres-en-granada","status":"publish","type":"post","link":"https:\/\/www.ocasionplus.com\/noticias\/los-coches-seminuevos-con-etiqueta-c-lideres-en-granada\/","title":{"rendered":"Los coches seminuevos con etiqueta C l\u00edderes en Granada"},"content":{"rendered":"<div class=\"wpb-content-wrapper\"><p>[vc_row][vc_column][vc_column_text]Granada, una ciudad que equilibra su rica historia con un fuerte compromiso hacia un futuro sostenible, ha mostrado una clara preferencia por la etiqueta medioambiental C en el mercado automovil\u00edstico durante el pasado mes de julio. Seg\u00fan el reciente estudio de OcasionPlus, esta etiqueta ha sido la m\u00e1s vendida en la regi\u00f3n, reflejando las tendencias de los conductores granadinos hacia veh\u00edculos que cumplen con las normativas medioambientales sin sacrificar el rendimiento.<\/p>\n<h2>\u00bfQu\u00e9 significa la etiqueta C?<\/h2>\n<p>El<a href=\"https:\/\/www.ocasionplus.com\/coches-ocasion\/c\"> distintivo medioambiental C<\/a>, otorgada por la DGT, se asigna a veh\u00edculos de gasolina matriculados a partir de enero de 2006 y a di\u00e9sel a partir de septiembre de 2015. Estos veh\u00edculos, aunque no son los m\u00e1s limpios del mercado, cumplen con las normativas europeas sobre emisiones y representan un paso intermedio hacia un parque automovil\u00edstico m\u00e1s respetuoso con el medio ambiente.<\/p>\n<p>La popularidad de la etiqueta C en Granada sugiere que los conductores est\u00e1n optando por veh\u00edculos que ofrecen un equilibrio entre eficiencia, coste y compromiso medioambiental. Estos autom\u00f3viles suelen ser m\u00e1s accesibles que los modelos con etiqueta ECO o CERO, pero siguen contribuyendo a una reducci\u00f3n significativa de las emisiones contaminantes.<\/p>\n<h2>Ventajas de los veh\u00edculos de segunda mano con etiqueta C<\/h2>\n<ul>\n<li><strong>Cumplimiento normativo<\/strong>: Los veh\u00edculos seminuevos con etiqueta C cumplen con las normativas europeas sobre emisiones, lo que los hace aptos para circular sin restricciones en la mayor\u00eda de las ciudades espa\u00f1olas, incluyendo Granada.<\/li>\n<li><strong>Accesibilidad econ\u00f3mica<\/strong>: Estos veh\u00edculos, generalmente m\u00e1s econ\u00f3micos que los modelos con etiqueta ECO o CERO, ofrecen una opci\u00f3n asequible para aquellos que desean cumplir con las normativas medioambientales sin realizar una inversi\u00f3n significativa.<\/li>\n<li><strong>Versatilidad<\/strong>: Los veh\u00edculos con etiqueta C incluyen una amplia gama de modelos, desde compactos urbanos hasta familiares, lo que permite a los compradores elegir el que mejor se adapte a sus necesidades sin comprometer el rendimiento o la eficiencia.<\/li>\n<\/ul>\n<p>[\/vc_column_text][\/vc_column][\/vc_row][vc_row el_class=&#8221;comprar-coche-CTA&#8221;][vc_column][vc_custom_heading text=&#8221;Encuentra tu coche de ocasi\u00f3n al mejor precio&#8221; use_theme_fonts=&#8221;yes&#8221; css=&#8221;&#8221;][vc_row_inner][vc_column_inner width=&#8221;8\/12&#8243;][vc_column_text css=&#8221;&#8221;]<\/p>\n<p>Ofrecemos la mejor relaci\u00f3n calidad-precio en todos nuestros m\u00e1s de 8.000 coches de segunda mano.<\/p>\n<p>[\/vc_column_text][\/vc_column_inner][vc_column_inner width=&#8221;4\/12&#8243;][vc_btn title=&#8221;Busca Ahora&#8221; style=&#8221;custom&#8221; custom_background=&#8221;#009fe3&#8243; custom_text=&#8221;#ffffff&#8221; align=&#8221;center&#8221; css=&#8221;&#8221; link=&#8221;url:https%3A%2F%2Fwww.ocasionplus.com%2Fcoches-ocasion|title:Busca%20tu%20Coche%20Ahora&#8221;][\/vc_column_inner][\/vc_row_inner][vc_row_inner el_id=&#8221;logo-placement&#8221; css=&#8221;.vc_custom_1719615816721{margin-top: 2px !important;margin-bottom: 12px !important;}&#8221;][vc_column_inner][vc_single_image image=&#8221;11299&#8243; img_size=&#8221;277&#215;43&#8243; alignment=&#8221;center&#8221; style=&#8221;vc_box_rounded&#8221; css=&#8221;&#8221; el_class=&#8221;logo-component-comprar&#8221;][\/vc_column_inner][\/vc_row_inner][\/vc_column][\/vc_row][vc_row][vc_column][vc_column_text]<\/p>\n<h2>Granada y la transici\u00f3n hacia una movilidad m\u00e1s consciente<\/h2>\n<p>El estudio de <a href=\"https:\/\/www.ocasionplus.com\/\">OcasionPlus<\/a> pone de manifiesto que, aunque la etiqueta C ha sido la m\u00e1s vendida en julio, los granadinos est\u00e1n cada vez m\u00e1s conscientes de la importancia de la sostenibilidad en sus decisiones de compra. La tendencia hacia veh\u00edculos de segunda mano con menor impacto ambiental est\u00e1 en aumento, y se espera que, en los pr\u00f3ximos meses, la demanda de veh\u00edculos con etiquetas m\u00e1s limpias siga creciendo.<\/p>\n<p>Adem\u00e1s, las pol\u00edticas locales y nacionales est\u00e1n incentivando esta transici\u00f3n, con medidas que restringen el acceso a zonas de bajas emisiones a veh\u00edculos m\u00e1s contaminantes, lo que probablemente influir\u00e1 en las preferencias de compra en el futuro.<\/p>\n<p>Si est\u00e1s buscando un veh\u00edculo que cumpla con las normativas ambientales y ofrezca un buen equilibrio entre coste y eficiencia, un coche con etiqueta C podr\u00eda ser la opci\u00f3n perfecta para ti.<\/p>\n<p>En OcasionPlus, disponemos de una amplia gama de veh\u00edculos con etiqueta C, para que encuentres el que mejor se adapte a tus necesidades. \u00a1Vis\u00edtanos y \u00fanete a la creciente comunidad de conductores responsables en Granada!<\/p>\n<p>[\/vc_column_text][\/vc_column][\/vc_row][vc_row el_class=&#8221;comprar-coche-CTA&#8221;][vc_column][vc_custom_heading text=&#8221;Encuentra tu coche de ocasi\u00f3n etiqueta C en Granada al mejor precio&#8221; use_theme_fonts=&#8221;yes&#8221; css=&#8221;&#8221;][vc_row_inner][vc_column_inner width=&#8221;8\/12&#8243;][vc_column_text css=&#8221;&#8221;]<\/p>\n<p>Ofrecemos la mejor relaci\u00f3n calidad-precio en todos nuestros m\u00e1s de 8.000 coches de segunda mano.<\/p>\n<p>[\/vc_column_text][\/vc_column_inner][vc_column_inner width=&#8221;4\/12&#8243;][vc_btn title=&#8221;Busca Ahora&#8221; style=&#8221;custom&#8221; custom_background=&#8221;#009fe3&#8243; custom_text=&#8221;#ffffff&#8221; align=&#8221;center&#8221; css=&#8221;&#8221; link=&#8221;url:https%3A%2F%2Fwww.ocasionplus.com%2Fcoches-ocasion%2Fgranada%2Fc|title:Busca%20tu%20Coche%20Ahora&#8221;][\/vc_column_inner][\/vc_row_inner][vc_row_inner el_id=&#8221;logo-placement&#8221; css=&#8221;.vc_custom_1719615816721{margin-top: 2px !important;margin-bottom: 12px !important;}&#8221;][vc_column_inner][vc_single_image image=&#8221;11299&#8243; img_size=&#8221;277&#215;43&#8243; alignment=&#8221;center&#8221; style=&#8221;vc_box_rounded&#8221; css=&#8221;&#8221; el_class=&#8221;logo-component-comprar&#8221;][\/vc_column_inner][\/vc_row_inner][\/vc_column][\/vc_row]<\/p>\n<\/div>","protected":false},"excerpt":{"rendered":"<p>[vc_row][vc_column][vc_column_text]Granada, una ciudad que equilibra su rica historia con un fuerte compromiso hacia un futuro sostenible, ha mostrado una clara preferencia por la etiqueta medioambiental C en el mercado automovil\u00edstico durante el pasado mes de julio. Seg\u00fan el reciente estudio de OcasionPlus, esta etiqueta ha sido la m\u00e1s vendida en la regi\u00f3n, reflejando las tendencias&#8230;<\/p>\n","protected":false},"author":5,"featured_media":13632,"comment_status":"closed","ping_status":"open","sticky":false,"template":"","format":"standard","meta":{"footnotes":""},"categories":[2],"tags":[596],"class_list":["post-14071","post","type-post","status-publish","format-standard","has-post-thumbnail","hentry","category-ultimas-noticias","tag-distintivo-ambiental-dgt"],"yoast_head":"<!-- This site is optimized with the Yoast SEO Premium plugin v24.8 (Yoast SEO v24.8.1) - https:\/\/yoast.com\/wordpress\/plugins\/seo\/ -->\n<title>Los coches seminuevos con etiqueta C l\u00edderes en Granada - OcasionPlus Blog<\/title>\n<meta name=\"description\" content=\"Estudio de OcasionPlus: la etiqueta C la mas vendida en julio en Granada. reflejando las tendencias de los conductores hacia veh\u00edculos m\u00e1s sostenibles\" \/>\n<meta name=\"robots\" content=\"index, follow, max-snippet:-1, max-image-preview:large, max-video-preview:-1\" \/>\n<link rel=\"canonical\" href=\"https:\/\/www.ocasionplus.com\/noticias\/los-coches-seminuevos-con-etiqueta-c-lideres-en-granada\/\" \/>\n<meta property=\"og:locale\" content=\"es_ES\" \/>\n<meta property=\"og:type\" content=\"article\" \/>\n<meta property=\"og:title\" content=\"Los coches seminuevos con etiqueta C l\u00edderes en Granada\" \/>\n<meta property=\"og:description\" content=\"Estudio de OcasionPlus: la etiqueta C la mas vendida en julio en Granada. reflejando las tendencias de los conductores hacia veh\u00edculos m\u00e1s sostenibles\" \/>\n<meta property=\"og:url\" content=\"https:\/\/www.ocasionplus.com\/noticias\/los-coches-seminuevos-con-etiqueta-c-lideres-en-granada\/\" \/>\n<meta property=\"og:site_name\" content=\"OcasionPlus Blog\" \/>\n<meta property=\"article:publisher\" content=\"https:\/\/www.facebook.com\/ocasionplus\" \/>\n<meta property=\"article:published_time\" content=\"2024-08-27T09:58:38+00:00\" \/>\n<meta property=\"article:modified_time\" content=\"2025-03-27T09:40:52+00:00\" \/>\n<meta property=\"og:image\" content=\"https:\/\/www.ocasionplus.com\/wp-content\/uploads\/2024\/07\/vender-un-coche.jpg\" \/>\n\t<meta property=\"og:image:width\" content=\"1280\" \/>\n\t<meta property=\"og:image:height\" content=\"853\" \/>\n\t<meta property=\"og:image:type\" content=\"image\/jpeg\" \/>\n<meta name=\"author\" content=\"Virginia Mart\u00edn\" \/>\n<meta name=\"twitter:card\" content=\"summary_large_image\" \/>\n<meta name=\"twitter:creator\" content=\"@ocasionplus\" \/>\n<meta name=\"twitter:site\" content=\"@ocasionplus\" \/>\n<meta name=\"twitter:label1\" content=\"Escrito por\" \/>\n\t<meta name=\"twitter:data1\" content=\"Virginia Mart\u00edn\" \/>\n\t<meta name=\"twitter:label2\" content=\"Tiempo de lectura\" \/>\n\t<meta name=\"twitter:data2\" content=\"3 minutos\" \/>\n<script type=\"application\/ld+json\" class=\"yoast-schema-graph\">{\"@context\":\"https:\/\/schema.org\",\"@graph\":[{\"@type\":\"Article\",\"@id\":\"https:\/\/www.ocasionplus.com\/noticias\/los-coches-seminuevos-con-etiqueta-c-lideres-en-granada\/#article\",\"isPartOf\":{\"@id\":\"https:\/\/www.ocasionplus.com\/noticias\/los-coches-seminuevos-con-etiqueta-c-lideres-en-granada\/\"},\"author\":{\"name\":\"Virginia Mart\u00edn\",\"@id\":\"https:\/\/www.ocasionplus.com\/noticias\/#\/schema\/person\/a1075deecd7b6f7a6b47339c056c5ccb\"},\"headline\":\"Los coches seminuevos con etiqueta C l\u00edderes en Granada\",\"datePublished\":\"2024-08-27T09:58:38+00:00\",\"dateModified\":\"2025-03-27T09:40:52+00:00\",\"mainEntityOfPage\":{\"@id\":\"https:\/\/www.ocasionplus.com\/noticias\/los-coches-seminuevos-con-etiqueta-c-lideres-en-granada\/\"},\"wordCount\":862,\"publisher\":{\"@id\":\"https:\/\/www.ocasionplus.com\/noticias\/#organization\"},\"image\":{\"@id\":\"https:\/\/www.ocasionplus.com\/noticias\/los-coches-seminuevos-con-etiqueta-c-lideres-en-granada\/#primaryimage\"},\"thumbnailUrl\":\"https:\/\/www.ocasionplus.com\/wp-content\/uploads\/2024\/07\/vender-un-coche.jpg\",\"keywords\":[\"distintivo ambiental dgt\"],\"articleSection\":[\"\u00daltimas Noticias\"],\"inLanguage\":\"es\",\"copyrightYear\":\"2024\",\"copyrightHolder\":{\"@id\":\"https:\/\/www.ocasionplus.com\/noticias\/#organization\"}},{\"@type\":\"WebPage\",\"@id\":\"https:\/\/www.ocasionplus.com\/noticias\/los-coches-seminuevos-con-etiqueta-c-lideres-en-granada\/\",\"url\":\"https:\/\/www.ocasionplus.com\/noticias\/los-coches-seminuevos-con-etiqueta-c-lideres-en-granada\/\",\"name\":\"Los coches seminuevos con etiqueta C l\u00edderes en Granada - OcasionPlus Blog\",\"isPartOf\":{\"@id\":\"https:\/\/www.ocasionplus.com\/noticias\/#website\"},\"primaryImageOfPage\":{\"@id\":\"https:\/\/www.ocasionplus.com\/noticias\/los-coches-seminuevos-con-etiqueta-c-lideres-en-granada\/#primaryimage\"},\"image\":{\"@id\":\"https:\/\/www.ocasionplus.com\/noticias\/los-coches-seminuevos-con-etiqueta-c-lideres-en-granada\/#primaryimage\"},\"thumbnailUrl\":\"https:\/\/www.ocasionplus.com\/wp-content\/uploads\/2024\/07\/vender-un-coche.jpg\",\"datePublished\":\"2024-08-27T09:58:38+00:00\",\"dateModified\":\"2025-03-27T09:40:52+00:00\",\"description\":\"Estudio de OcasionPlus: la etiqueta C la mas vendida en julio en Granada. reflejando las tendencias de los conductores hacia veh\u00edculos m\u00e1s sostenibles\",\"breadcrumb\":{\"@id\":\"https:\/\/www.ocasionplus.com\/noticias\/los-coches-seminuevos-con-etiqueta-c-lideres-en-granada\/#breadcrumb\"},\"inLanguage\":\"es\",\"potentialAction\":[{\"@type\":\"ReadAction\",\"target\":[\"https:\/\/www.ocasionplus.com\/noticias\/los-coches-seminuevos-con-etiqueta-c-lideres-en-granada\/\"]}]},{\"@type\":\"ImageObject\",\"inLanguage\":\"es\",\"@id\":\"https:\/\/www.ocasionplus.com\/noticias\/los-coches-seminuevos-con-etiqueta-c-lideres-en-granada\/#primaryimage\",\"url\":\"https:\/\/www.ocasionplus.com\/wp-content\/uploads\/2024\/07\/vender-un-coche.jpg\",\"contentUrl\":\"https:\/\/www.ocasionplus.com\/wp-content\/uploads\/2024\/07\/vender-un-coche.jpg\",\"width\":1280,\"height\":853,\"caption\":\"Debes tener en cuenta ciertos documentos a la hora de vender un coche, como el ITP y el c\u00e1lculo de la ganancia patrimonial\"},{\"@type\":\"BreadcrumbList\",\"@id\":\"https:\/\/www.ocasionplus.com\/noticias\/los-coches-seminuevos-con-etiqueta-c-lideres-en-granada\/#breadcrumb\",\"itemListElement\":[{\"@type\":\"ListItem\",\"position\":1,\"name\":\"Portada\",\"item\":\"https:\/\/www.ocasionplus.com\/noticias\/\"},{\"@type\":\"ListItem\",\"position\":2,\"name\":\"Los coches seminuevos con etiqueta C l\u00edderes en Granada\"}]},{\"@type\":\"WebSite\",\"@id\":\"https:\/\/www.ocasionplus.com\/noticias\/#website\",\"url\":\"https:\/\/www.ocasionplus.com\/noticias\/\",\"name\":\"OcasionPlus Blog\",\"description\":\"Veh\u00edculos de ocasi\u00f3n\",\"publisher\":{\"@id\":\"https:\/\/www.ocasionplus.com\/noticias\/#organization\"},\"potentialAction\":[{\"@type\":\"SearchAction\",\"target\":{\"@type\":\"EntryPoint\",\"urlTemplate\":\"https:\/\/www.ocasionplus.com\/noticias\/?s={search_term_string}\"},\"query-input\":{\"@type\":\"PropertyValueSpecification\",\"valueRequired\":true,\"valueName\":\"search_term_string\"}}],\"inLanguage\":\"es\"},{\"@type\":\"Organization\",\"@id\":\"https:\/\/www.ocasionplus.com\/noticias\/#organization\",\"name\":\"OcasionPlus\",\"url\":\"https:\/\/www.ocasionplus.com\/noticias\/\",\"logo\":{\"@type\":\"ImageObject\",\"inLanguage\":\"es\",\"@id\":\"https:\/\/www.ocasionplus.com\/noticias\/#\/schema\/logo\/image\/\",\"url\":\"https:\/\/www.ocasionplus.com\/wp-content\/uploads\/2024\/05\/cropped-cropped-oplus-logo-blog.png\",\"contentUrl\":\"https:\/\/www.ocasionplus.com\/wp-content\/uploads\/2024\/05\/cropped-cropped-oplus-logo-blog.png\",\"width\":360,\"height\":71,\"caption\":\"OcasionPlus\"},\"image\":{\"@id\":\"https:\/\/www.ocasionplus.com\/noticias\/#\/schema\/logo\/image\/\"},\"sameAs\":[\"https:\/\/www.facebook.com\/ocasionplus\",\"https:\/\/x.com\/ocasionplus\",\"https:\/\/www.instagram.com\/ocasion_plus\",\"https:\/\/www.youtube.com\/channel\/UCBiCAto61Lyu27CgI95wrYQ\",\"https:\/\/www.tiktok.com\/@ocasionplus.com\",\"https:\/\/es.linkedin.com\/company\/ocasionplus\"]},{\"@type\":\"Person\",\"@id\":\"https:\/\/www.ocasionplus.com\/noticias\/#\/schema\/person\/a1075deecd7b6f7a6b47339c056c5ccb\",\"name\":\"Virginia Mart\u00edn\",\"image\":{\"@type\":\"ImageObject\",\"inLanguage\":\"es\",\"@id\":\"https:\/\/www.ocasionplus.com\/noticias\/#\/schema\/person\/image\/\",\"url\":\"https:\/\/secure.gravatar.com\/avatar\/d80007416602574d8db3ca288c3225e9?s=96&d=mm&r=g\",\"contentUrl\":\"https:\/\/secure.gravatar.com\/avatar\/d80007416602574d8db3ca288c3225e9?s=96&d=mm&r=g\",\"caption\":\"Virginia Mart\u00edn\"},\"description\":\"Soy Virginia Mart\u00edn, especialista en comunicaci\u00f3n y una entusiasta de las historias que conectan. En Ocasionplus, mi objetivo es hacerte sentir parte de cada noticia, con un toque de cercan\u00eda y profesionalidad.\"}]}<\/script>\n<!-- \/ Yoast SEO Premium plugin. -->","yoast_head_json":{"title":"Los coches seminuevos con etiqueta C l\u00edderes en Granada - OcasionPlus Blog","description":"Estudio de OcasionPlus: la etiqueta C la mas vendida en julio en Granada. reflejando las tendencias de los conductores hacia veh\u00edculos m\u00e1s sostenibles","robots":{"index":"index","follow":"follow","max-snippet":"max-snippet:-1","max-image-preview":"max-image-preview:large","max-video-preview":"max-video-preview:-1"},"canonical":"https:\/\/www.ocasionplus.com\/noticias\/los-coches-seminuevos-con-etiqueta-c-lideres-en-granada\/","og_locale":"es_ES","og_type":"article","og_title":"Los coches seminuevos con etiqueta C l\u00edderes en Granada","og_description":"Estudio de OcasionPlus: la etiqueta C la mas vendida en julio en Granada. reflejando las tendencias de los conductores hacia veh\u00edculos m\u00e1s sostenibles","og_url":"https:\/\/www.ocasionplus.com\/noticias\/los-coches-seminuevos-con-etiqueta-c-lideres-en-granada\/","og_site_name":"OcasionPlus Blog","article_publisher":"https:\/\/www.facebook.com\/ocasionplus","article_published_time":"2024-08-27T09:58:38+00:00","article_modified_time":"2025-03-27T09:40:52+00:00","og_image":[{"width":1280,"height":853,"url":"https:\/\/www.ocasionplus.com\/wp-content\/uploads\/2024\/07\/vender-un-coche.jpg","type":"image\/jpeg"}],"author":"Virginia Mart\u00edn","twitter_card":"summary_large_image","twitter_creator":"@ocasionplus","twitter_site":"@ocasionplus","twitter_misc":{"Escrito por":"Virginia Mart\u00edn","Tiempo de lectura":"3 minutos"},"schema":{"@context":"https:\/\/schema.org","@graph":[{"@type":"Article","@id":"https:\/\/www.ocasionplus.com\/noticias\/los-coches-seminuevos-con-etiqueta-c-lideres-en-granada\/#article","isPartOf":{"@id":"https:\/\/www.ocasionplus.com\/noticias\/los-coches-seminuevos-con-etiqueta-c-lideres-en-granada\/"},"author":{"name":"Virginia Mart\u00edn","@id":"https:\/\/www.ocasionplus.com\/noticias\/#\/schema\/person\/a1075deecd7b6f7a6b47339c056c5ccb"},"headline":"Los coches seminuevos con etiqueta C l\u00edderes en Granada","datePublished":"2024-08-27T09:58:38+00:00","dateModified":"2025-03-27T09:40:52+00:00","mainEntityOfPage":{"@id":"https:\/\/www.ocasionplus.com\/noticias\/los-coches-seminuevos-con-etiqueta-c-lideres-en-granada\/"},"wordCount":862,"publisher":{"@id":"https:\/\/www.ocasionplus.com\/noticias\/#organization"},"image":{"@id":"https:\/\/www.ocasionplus.com\/noticias\/los-coches-seminuevos-con-etiqueta-c-lideres-en-granada\/#primaryimage"},"thumbnailUrl":"https:\/\/www.ocasionplus.com\/wp-content\/uploads\/2024\/07\/vender-un-coche.jpg","keywords":["distintivo ambiental dgt"],"articleSection":["\u00daltimas Noticias"],"inLanguage":"es","copyrightYear":"2024","copyrightHolder":{"@id":"https:\/\/www.ocasionplus.com\/noticias\/#organization"}},{"@type":"WebPage","@id":"https:\/\/www.ocasionplus.com\/noticias\/los-coches-seminuevos-con-etiqueta-c-lideres-en-granada\/","url":"https:\/\/www.ocasionplus.com\/noticias\/los-coches-seminuevos-con-etiqueta-c-lideres-en-granada\/","name":"Los coches seminuevos con etiqueta C l\u00edderes en Granada - OcasionPlus Blog","isPartOf":{"@id":"https:\/\/www.ocasionplus.com\/noticias\/#website"},"primaryImageOfPage":{"@id":"https:\/\/www.ocasionplus.com\/noticias\/los-coches-seminuevos-con-etiqueta-c-lideres-en-granada\/#primaryimage"},"image":{"@id":"https:\/\/www.ocasionplus.com\/noticias\/los-coches-seminuevos-con-etiqueta-c-lideres-en-granada\/#primaryimage"},"thumbnailUrl":"https:\/\/www.ocasionplus.com\/wp-content\/uploads\/2024\/07\/vender-un-coche.jpg","datePublished":"2024-08-27T09:58:38+00:00","dateModified":"2025-03-27T09:40:52+00:00","description":"Estudio de OcasionPlus: la etiqueta C la mas vendida en julio en Granada. reflejando las tendencias de los conductores hacia veh\u00edculos m\u00e1s sostenibles","breadcrumb":{"@id":"https:\/\/www.ocasionplus.com\/noticias\/los-coches-seminuevos-con-etiqueta-c-lideres-en-granada\/#breadcrumb"},"inLanguage":"es","potentialAction":[{"@type":"ReadAction","target":["https:\/\/www.ocasionplus.com\/noticias\/los-coches-seminuevos-con-etiqueta-c-lideres-en-granada\/"]}]},{"@type":"ImageObject","inLanguage":"es","@id":"https:\/\/www.ocasionplus.com\/noticias\/los-coches-seminuevos-con-etiqueta-c-lideres-en-granada\/#primaryimage","url":"https:\/\/www.ocasionplus.com\/wp-content\/uploads\/2024\/07\/vender-un-coche.jpg","contentUrl":"https:\/\/www.ocasionplus.com\/wp-content\/uploads\/2024\/07\/vender-un-coche.jpg","width":1280,"height":853,"caption":"Debes tener en cuenta ciertos documentos a la hora de vender un coche, como el ITP y el c\u00e1lculo de la ganancia patrimonial"},{"@type":"BreadcrumbList","@id":"https:\/\/www.ocasionplus.com\/noticias\/los-coches-seminuevos-con-etiqueta-c-lideres-en-granada\/#breadcrumb","itemListElement":[{"@type":"ListItem","position":1,"name":"Portada","item":"https:\/\/www.ocasionplus.com\/noticias\/"},{"@type":"ListItem","position":2,"name":"Los coches seminuevos con etiqueta C l\u00edderes en Granada"}]},{"@type":"WebSite","@id":"https:\/\/www.ocasionplus.com\/noticias\/#website","url":"https:\/\/www.ocasionplus.com\/noticias\/","name":"OcasionPlus Blog","description":"Veh\u00edculos de ocasi\u00f3n","publisher":{"@id":"https:\/\/www.ocasionplus.com\/noticias\/#organization"},"potentialAction":[{"@type":"SearchAction","target":{"@type":"EntryPoint","urlTemplate":"https:\/\/www.ocasionplus.com\/noticias\/?s={search_term_string}"},"query-input":{"@type":"PropertyValueSpecification","valueRequired":true,"valueName":"search_term_string"}}],"inLanguage":"es"},{"@type":"Organization","@id":"https:\/\/www.ocasionplus.com\/noticias\/#organization","name":"OcasionPlus","url":"https:\/\/www.ocasionplus.com\/noticias\/","logo":{"@type":"ImageObject","inLanguage":"es","@id":"https:\/\/www.ocasionplus.com\/noticias\/#\/schema\/logo\/image\/","url":"https:\/\/www.ocasionplus.com\/wp-content\/uploads\/2024\/05\/cropped-cropped-oplus-logo-blog.png","contentUrl":"https:\/\/www.ocasionplus.com\/wp-content\/uploads\/2024\/05\/cropped-cropped-oplus-logo-blog.png","width":360,"height":71,"caption":"OcasionPlus"},"image":{"@id":"https:\/\/www.ocasionplus.com\/noticias\/#\/schema\/logo\/image\/"},"sameAs":["https:\/\/www.facebook.com\/ocasionplus","https:\/\/x.com\/ocasionplus","https:\/\/www.instagram.com\/ocasion_plus","https:\/\/www.youtube.com\/channel\/UCBiCAto61Lyu27CgI95wrYQ","https:\/\/www.tiktok.com\/@ocasionplus.com","https:\/\/es.linkedin.com\/company\/ocasionplus"]},{"@type":"Person","@id":"https:\/\/www.ocasionplus.com\/noticias\/#\/schema\/person\/a1075deecd7b6f7a6b47339c056c5ccb","name":"Virginia Mart\u00edn","image":{"@type":"ImageObject","inLanguage":"es","@id":"https:\/\/www.ocasionplus.com\/noticias\/#\/schema\/person\/image\/","url":"https:\/\/secure.gravatar.com\/avatar\/d80007416602574d8db3ca288c3225e9?s=96&d=mm&r=g","contentUrl":"https:\/\/secure.gravatar.com\/avatar\/d80007416602574d8db3ca288c3225e9?s=96&d=mm&r=g","caption":"Virginia Mart\u00edn"},"description":"Soy Virginia Mart\u00edn, especialista en comunicaci\u00f3n y una entusiasta de las historias que conectan. En Ocasionplus, mi objetivo es hacerte sentir parte de cada noticia, con un toque de cercan\u00eda y profesionalidad."}]}},"jetpack_featured_media_url":"https:\/\/www.ocasionplus.com\/wp-content\/uploads\/2024\/07\/vender-un-coche.jpg","_links":{"self":[{"href":"https:\/\/www.ocasionplus.com\/noticias\/wp-json\/wp\/v2\/posts\/14071","targetHints":{"allow":["GET"]}}],"collection":[{"href":"https:\/\/www.ocasionplus.com\/noticias\/wp-json\/wp\/v2\/posts"}],"about":[{"href":"https:\/\/www.ocasionplus.com\/noticias\/wp-json\/wp\/v2\/types\/post"}],"author":[{"embeddable":true,"href":"https:\/\/www.ocasionplus.com\/noticias\/wp-json\/wp\/v2\/users\/5"}],"replies":[{"embeddable":true,"href":"https:\/\/www.ocasionplus.com\/noticias\/wp-json\/wp\/v2\/comments?post=14071"}],"version-history":[{"count":2,"href":"https:\/\/www.ocasionplus.com\/noticias\/wp-json\/wp\/v2\/posts\/14071\/revisions"}],"predecessor-version":[{"id":14073,"href":"https:\/\/www.ocasionplus.com\/noticias\/wp-json\/wp\/v2\/posts\/14071\/revisions\/14073"}],"wp:featuredmedia":[{"embeddable":true,"href":"https:\/\/www.ocasionplus.com\/noticias\/wp-json\/wp\/v2\/media\/13632"}],"wp:attachment":[{"href":"https:\/\/www.ocasionplus.com\/noticias\/wp-json\/wp\/v2\/media?parent=14071"}],"wp:term":[{"taxonomy":"category","embeddable":true,"href":"https:\/\/www.ocasionplus.com\/noticias\/wp-json\/wp\/v2\/categories?post=14071"},{"taxonomy":"post_tag","embeddable":true,"href":"https:\/\/www.ocasionplus.com\/noticias\/wp-json\/wp\/v2\/tags?post=14071"}],"curies":[{"name":"wp","href":"https:\/\/api.w.org\/{rel}","templated":true}]}}