{"id":14074,"date":"2024-08-27T12:45:53","date_gmt":"2024-08-27T10:45:53","guid":{"rendered":"https:\/\/www.ocasionplus.com\/noticias\/?p=14074"},"modified":"2025-03-27T10:40:51","modified_gmt":"2025-03-27T09:40:51","slug":"mini-celebra-65-anos","status":"publish","type":"post","link":"https:\/\/www.ocasionplus.com\/noticias\/mini-celebra-65-anos\/","title":{"rendered":"MINI celebra 65 a\u00f1os de \u00e9xito e innovaci\u00f3n en el mundo del motor"},"content":{"rendered":"<div class=\"wpb-content-wrapper\"><p>[vc_row][vc_column][vc_column_text]Este 2024, la marca <strong>MINI celebra 65 a\u00f1os<\/strong>, marcando un hito significativo en su historia de innovaci\u00f3n y \u00e9xito en el mundo del motor. Desde su creaci\u00f3n revolucionaria por Sir Alec Issigonis, MINI ha tocado la vida de muchas personas y familias, ofreciendo un manejo divertido y una gran personalidad en un espacio compacto.<\/p>\n<h2>Nuevos modelos en la nueva era<\/h2>\n<p>En este a\u00f1o, MINI presenta una gama totalmente nueva que incluye el MINI Cooper, el vers\u00e1til MINI Countryman y el MINI Aceman. Estos nuevos modelos representan el siguiente cap\u00edtulo en la historia de MINI, combinando tecnolog\u00eda de vanguardia con la emoci\u00f3n de conducci\u00f3n cl\u00e1sica por la que MINI es conocida.<\/p>\n<p>Adem\u00e1s, en oto\u00f1o de 2024, debutar\u00e1 la nueva gama de Jhon Cooper Works, <strong>disponible en versiones de gasolina y el\u00e9ctricas<\/strong>. Estos modelos de alto rendimiento contin\u00faan el legado de la herencia de competici\u00f3n de MINI, ofreciendo a los entusiastas la posibilidad de elegir entre motores TwinPower de 4 cilindros y lo \u00faltimo en rendimiento el\u00e9ctrico.<\/p>\n<p>A lo largo de los a\u00f1os, MINI ha producido una variedad de carrocer\u00edas, desde el MINI Countryman y el MINI Traveller lanzados en 1960, hasta el Austin Seven Van y el MINI Moke, cada variante ha aportado algo \u00fanico a la marca. En la era moderna, MINI ha continuado explorando nuevas variantes, como el MINI ACV 30, el MINI Cooper Hydrogen y el MINI Superleggera, demostrando su creatividad y voluntad de desafiar los estereotipos.<\/p>\n<h2>Un legado en las carreras<\/h2>\n<figure id=\"attachment_14076\" aria-describedby=\"caption-attachment-14076\" style=\"width: 1024px\" class=\"wp-caption alignnone\"><img loading=\"lazy\" decoding=\"async\" class=\"wp-image-14076 size-large\" src=\"https:\/\/www.ocasionplus.com\/wp-content\/uploads\/2024\/08\/Varios-Mini-1024x682.jpg\" alt=\"MINI Cooper primera generaci\u00f3n y segunda\" width=\"1024\" height=\"682\" srcset=\"https:\/\/www.ocasionplus.com\/wp-content\/uploads\/2024\/08\/Varios-Mini-1024x682.jpg 1024w, https:\/\/www.ocasionplus.com\/wp-content\/uploads\/2024\/08\/Varios-Mini-300x200.jpg 300w, https:\/\/www.ocasionplus.com\/wp-content\/uploads\/2024\/08\/Varios-Mini-255x170.jpg 255w, https:\/\/www.ocasionplus.com\/wp-content\/uploads\/2024\/08\/Varios-Mini-510x340.jpg 510w, https:\/\/www.ocasionplus.com\/wp-content\/uploads\/2024\/08\/Varios-Mini-280x187.jpg 280w, https:\/\/www.ocasionplus.com\/wp-content\/uploads\/2024\/08\/Varios-Mini-560x373.jpg 560w, https:\/\/www.ocasionplus.com\/wp-content\/uploads\/2024\/08\/Varios-Mini-350x233.jpg 350w, https:\/\/www.ocasionplus.com\/wp-content\/uploads\/2024\/08\/Varios-Mini-700x466.jpg 700w, https:\/\/www.ocasionplus.com\/wp-content\/uploads\/2024\/08\/Varios-Mini-398x265.jpg 398w, https:\/\/www.ocasionplus.com\/wp-content\/uploads\/2024\/08\/Varios-Mini-796x530.jpg 796w, https:\/\/www.ocasionplus.com\/wp-content\/uploads\/2024\/08\/Varios-Mini.jpg 1280w\" sizes=\"auto, (max-width: 1024px) 100vw, 1024px\" \/><figcaption id=\"caption-attachment-14076\" class=\"wp-caption-text\">MINI Cooper primera y segunda generaci\u00f3n<\/figcaption><\/figure>\n<p>Este 2024, la marca MINI tambi\u00e9n celebra el 60\u00ba aniversario de la primera victoria de MINI en el Rally de Montecarlo, un logro que consolid\u00f3 la reputaci\u00f3n de MINI en el mundo del motor. MINI celebr\u00f3 este legado con una victoria de categor\u00eda en las 24 horas de N\u00fcrburgring de 2024, gracias al excepcional rendimiento del MINI John Cooper Works PROtotype preparado por Bulldog Racing.<\/p>\n<h2>BMW y su compromiso con la sostenibilidad<\/h2>\n<p>Como parte del Grupo BMW, MINI se beneficia de una red de producci\u00f3n global y un compromiso con la sostenibilidad. En 2023, BMW Group alcanz\u00f3 unas ventas mundiales de m\u00e1s de 2,55 millones de autom\u00f3viles y m\u00e1s de 209.000 motocicletas. La empresa sit\u00faa sistem\u00e1ticamente la sostenibilidad y la conversaci\u00f3n de los recursos en el centro de su atenci\u00f3n, desde la cadena de suministro hasta el final de la fase de uso de todos los productos.<\/p>\n<p>Mientras MINI conmemora 65 a\u00f1os de excelencia automovil\u00edstica, la marca espera continuar con su legado de innovaci\u00f3n, \u00e9xito en las carreras y emoci\u00f3n al volante durante muchos a\u00f1os m\u00e1s. Con una gama de nuevos modelos y un compromiso continuo con la sostenibilidad, el futuro de MINI parece m\u00e1s brillante que nunca.<\/p>\n<h2>MINI de segunda mano<\/h2>\n<p>Si est\u00e1s interesado en comprar un <a href=\"https:\/\/www.ocasionplus.com\/coches-ocasion\/mini\">MINI de segunda mano<\/a>, en OcasionPlus tienes una amplia oferta de <a href=\"https:\/\/www.ocasionplus.com\/coches-ocasion\">coches de segunda mano<\/a>, con la m\u00e1xima calidad y el mejor precio del mercado.[\/vc_column_text][\/vc_column][\/vc_row][vc_row el_class=&#8221;comprar-coche-CTA&#8221;][vc_column][vc_custom_heading text=&#8221;Encuentra tu MINI de ocasi\u00f3n al mejor precio&#8221; use_theme_fonts=&#8221;yes&#8221; css=&#8221;&#8221;][vc_row_inner][vc_column_inner width=&#8221;8\/12&#8243;][vc_column_text css=&#8221;&#8221;]<\/p>\n<p>Ofrecemos la mejor relaci\u00f3n calidad-precio en todos nuestros m\u00e1s de 8.000 coches de segunda mano.<\/p>\n<p>[\/vc_column_text][\/vc_column_inner][vc_column_inner width=&#8221;4\/12&#8243;][vc_btn title=&#8221;Busca Ahora&#8221; style=&#8221;custom&#8221; custom_background=&#8221;#009fe3&#8243; custom_text=&#8221;#ffffff&#8221; align=&#8221;center&#8221; css=&#8221;&#8221; link=&#8221;url:https%3A%2F%2Fwww.ocasionplus.com%2Fcoches-ocasion%2Fmini|title:Busca%20tu%20Coche%20Ahora&#8221;][\/vc_column_inner][\/vc_row_inner][vc_row_inner el_id=&#8221;logo-placement&#8221; css=&#8221;.vc_custom_1719615816721{margin-top: 2px !important;margin-bottom: 12px !important;}&#8221;][vc_column_inner][vc_single_image image=&#8221;11299&#8243; img_size=&#8221;277&#215;43&#8243; alignment=&#8221;center&#8221; style=&#8221;vc_box_rounded&#8221; css=&#8221;&#8221; el_class=&#8221;logo-component-comprar&#8221;][\/vc_column_inner][\/vc_row_inner][\/vc_column][\/vc_row]<\/p>\n<\/div>","protected":false},"excerpt":{"rendered":"<p>[vc_row][vc_column][vc_column_text]Este 2024, la marca MINI celebra 65 a\u00f1os, marcando un hito significativo en su historia de innovaci\u00f3n y \u00e9xito en el mundo del motor. Desde su creaci\u00f3n revolucionaria por Sir Alec Issigonis, MINI ha tocado la vida de muchas personas y familias, ofreciendo un manejo divertido y una gran personalidad en un espacio compacto. Nuevos&#8230;<\/p>\n","protected":false},"author":3,"featured_media":14075,"comment_status":"closed","ping_status":"open","sticky":false,"template":"","format":"standard","meta":{"footnotes":""},"categories":[2],"tags":[380,374],"class_list":["post-14074","post","type-post","status-publish","format-standard","has-post-thumbnail","hentry","category-ultimas-noticias","tag-coches-ocasion","tag-mini"],"yoast_head":"<!-- This site is optimized with the Yoast SEO Premium plugin v24.8 (Yoast SEO v24.8.1) - https:\/\/yoast.com\/wordpress\/plugins\/seo\/ -->\n<title>MINI celebra 65 a\u00f1os de \u00e9xito e innovaci\u00f3n en el mundo del motor - OcasionPlus Blog<\/title>\n<meta name=\"description\" content=\"Este 2024, la marca MINI celebra 65 a\u00f1os, marcando un hito significativo en su historia de innovaci\u00f3n y \u00e9xito en el mundo del motor.\" \/>\n<meta name=\"robots\" content=\"index, follow, max-snippet:-1, max-image-preview:large, max-video-preview:-1\" \/>\n<link rel=\"canonical\" href=\"https:\/\/www.ocasionplus.com\/noticias\/mini-celebra-65-anos\/\" \/>\n<meta property=\"og:locale\" content=\"es_ES\" \/>\n<meta property=\"og:type\" content=\"article\" \/>\n<meta property=\"og:title\" content=\"MINI celebra 65 a\u00f1os de \u00e9xito e innovaci\u00f3n en el mundo del motor\" \/>\n<meta property=\"og:description\" content=\"Este 2024, la marca MINI celebra 65 a\u00f1os, marcando un hito significativo en su historia de innovaci\u00f3n y \u00e9xito en el mundo del motor.\" \/>\n<meta property=\"og:url\" content=\"https:\/\/www.ocasionplus.com\/noticias\/mini-celebra-65-anos\/\" \/>\n<meta property=\"og:site_name\" content=\"OcasionPlus Blog\" \/>\n<meta property=\"article:publisher\" content=\"https:\/\/www.facebook.com\/ocasionplus\" \/>\n<meta property=\"article:published_time\" content=\"2024-08-27T10:45:53+00:00\" \/>\n<meta property=\"article:modified_time\" content=\"2025-03-27T09:40:51+00:00\" \/>\n<meta property=\"og:image\" content=\"https:\/\/www.ocasionplus.com\/wp-content\/uploads\/2024\/08\/Cumpleanos-65-de-Mini.jpg\" \/>\n\t<meta property=\"og:image:width\" content=\"1280\" \/>\n\t<meta property=\"og:image:height\" content=\"853\" \/>\n\t<meta property=\"og:image:type\" content=\"image\/jpeg\" \/>\n<meta name=\"author\" content=\"Cristhian Gonz\u00e1lez\" \/>\n<meta name=\"twitter:card\" content=\"summary_large_image\" \/>\n<meta name=\"twitter:creator\" content=\"@ocasionplus\" \/>\n<meta name=\"twitter:site\" content=\"@ocasionplus\" \/>\n<meta name=\"twitter:label1\" content=\"Escrito por\" \/>\n\t<meta name=\"twitter:data1\" content=\"Cristhian Gonz\u00e1lez\" \/>\n\t<meta name=\"twitter:label2\" content=\"Tiempo de lectura\" \/>\n\t<meta name=\"twitter:data2\" content=\"4 minutos\" \/>\n<script type=\"application\/ld+json\" class=\"yoast-schema-graph\">{\"@context\":\"https:\/\/schema.org\",\"@graph\":[{\"@type\":\"Article\",\"@id\":\"https:\/\/www.ocasionplus.com\/noticias\/mini-celebra-65-anos\/#article\",\"isPartOf\":{\"@id\":\"https:\/\/www.ocasionplus.com\/noticias\/mini-celebra-65-anos\/\"},\"author\":{\"name\":\"Cristhian Gonz\u00e1lez\",\"@id\":\"https:\/\/www.ocasionplus.com\/noticias\/#\/schema\/person\/db1203be564cc3ded97ad1dbd8aadc5b\"},\"headline\":\"MINI celebra 65 a\u00f1os de \u00e9xito e innovaci\u00f3n en el mundo del motor\",\"datePublished\":\"2024-08-27T10:45:53+00:00\",\"dateModified\":\"2025-03-27T09:40:51+00:00\",\"mainEntityOfPage\":{\"@id\":\"https:\/\/www.ocasionplus.com\/noticias\/mini-celebra-65-anos\/\"},\"wordCount\":688,\"publisher\":{\"@id\":\"https:\/\/www.ocasionplus.com\/noticias\/#organization\"},\"image\":{\"@id\":\"https:\/\/www.ocasionplus.com\/noticias\/mini-celebra-65-anos\/#primaryimage\"},\"thumbnailUrl\":\"https:\/\/www.ocasionplus.com\/wp-content\/uploads\/2024\/08\/Cumpleanos-65-de-Mini.jpg\",\"keywords\":[\"coches ocasion\",\"mini\"],\"articleSection\":[\"\u00daltimas Noticias\"],\"inLanguage\":\"es\",\"copyrightYear\":\"2024\",\"copyrightHolder\":{\"@id\":\"https:\/\/www.ocasionplus.com\/noticias\/#organization\"}},{\"@type\":\"WebPage\",\"@id\":\"https:\/\/www.ocasionplus.com\/noticias\/mini-celebra-65-anos\/\",\"url\":\"https:\/\/www.ocasionplus.com\/noticias\/mini-celebra-65-anos\/\",\"name\":\"MINI celebra 65 a\u00f1os de \u00e9xito e innovaci\u00f3n en el mundo del motor - OcasionPlus Blog\",\"isPartOf\":{\"@id\":\"https:\/\/www.ocasionplus.com\/noticias\/#website\"},\"primaryImageOfPage\":{\"@id\":\"https:\/\/www.ocasionplus.com\/noticias\/mini-celebra-65-anos\/#primaryimage\"},\"image\":{\"@id\":\"https:\/\/www.ocasionplus.com\/noticias\/mini-celebra-65-anos\/#primaryimage\"},\"thumbnailUrl\":\"https:\/\/www.ocasionplus.com\/wp-content\/uploads\/2024\/08\/Cumpleanos-65-de-Mini.jpg\",\"datePublished\":\"2024-08-27T10:45:53+00:00\",\"dateModified\":\"2025-03-27T09:40:51+00:00\",\"description\":\"Este 2024, la marca MINI celebra 65 a\u00f1os, marcando un hito significativo en su historia de innovaci\u00f3n y \u00e9xito en el mundo del motor.\",\"breadcrumb\":{\"@id\":\"https:\/\/www.ocasionplus.com\/noticias\/mini-celebra-65-anos\/#breadcrumb\"},\"inLanguage\":\"es\",\"potentialAction\":[{\"@type\":\"ReadAction\",\"target\":[\"https:\/\/www.ocasionplus.com\/noticias\/mini-celebra-65-anos\/\"]}]},{\"@type\":\"ImageObject\",\"inLanguage\":\"es\",\"@id\":\"https:\/\/www.ocasionplus.com\/noticias\/mini-celebra-65-anos\/#primaryimage\",\"url\":\"https:\/\/www.ocasionplus.com\/wp-content\/uploads\/2024\/08\/Cumpleanos-65-de-Mini.jpg\",\"contentUrl\":\"https:\/\/www.ocasionplus.com\/wp-content\/uploads\/2024\/08\/Cumpleanos-65-de-Mini.jpg\",\"width\":1280,\"height\":853,\"caption\":\"Cumplea\u00f1os 65 de Mini\"},{\"@type\":\"BreadcrumbList\",\"@id\":\"https:\/\/www.ocasionplus.com\/noticias\/mini-celebra-65-anos\/#breadcrumb\",\"itemListElement\":[{\"@type\":\"ListItem\",\"position\":1,\"name\":\"Portada\",\"item\":\"https:\/\/www.ocasionplus.com\/noticias\/\"},{\"@type\":\"ListItem\",\"position\":2,\"name\":\"MINI celebra 65 a\u00f1os de \u00e9xito e innovaci\u00f3n en el mundo del motor\"}]},{\"@type\":\"WebSite\",\"@id\":\"https:\/\/www.ocasionplus.com\/noticias\/#website\",\"url\":\"https:\/\/www.ocasionplus.com\/noticias\/\",\"name\":\"OcasionPlus Blog\",\"description\":\"Veh\u00edculos de ocasi\u00f3n\",\"publisher\":{\"@id\":\"https:\/\/www.ocasionplus.com\/noticias\/#organization\"},\"potentialAction\":[{\"@type\":\"SearchAction\",\"target\":{\"@type\":\"EntryPoint\",\"urlTemplate\":\"https:\/\/www.ocasionplus.com\/noticias\/?s={search_term_string}\"},\"query-input\":{\"@type\":\"PropertyValueSpecification\",\"valueRequired\":true,\"valueName\":\"search_term_string\"}}],\"inLanguage\":\"es\"},{\"@type\":\"Organization\",\"@id\":\"https:\/\/www.ocasionplus.com\/noticias\/#organization\",\"name\":\"OcasionPlus\",\"url\":\"https:\/\/www.ocasionplus.com\/noticias\/\",\"logo\":{\"@type\":\"ImageObject\",\"inLanguage\":\"es\",\"@id\":\"https:\/\/www.ocasionplus.com\/noticias\/#\/schema\/logo\/image\/\",\"url\":\"https:\/\/www.ocasionplus.com\/wp-content\/uploads\/2024\/05\/cropped-cropped-oplus-logo-blog.png\",\"contentUrl\":\"https:\/\/www.ocasionplus.com\/wp-content\/uploads\/2024\/05\/cropped-cropped-oplus-logo-blog.png\",\"width\":360,\"height\":71,\"caption\":\"OcasionPlus\"},\"image\":{\"@id\":\"https:\/\/www.ocasionplus.com\/noticias\/#\/schema\/logo\/image\/\"},\"sameAs\":[\"https:\/\/www.facebook.com\/ocasionplus\",\"https:\/\/x.com\/ocasionplus\",\"https:\/\/www.instagram.com\/ocasion_plus\",\"https:\/\/www.youtube.com\/channel\/UCBiCAto61Lyu27CgI95wrYQ\",\"https:\/\/www.tiktok.com\/@ocasionplus.com\",\"https:\/\/es.linkedin.com\/company\/ocasionplus\"]},{\"@type\":\"Person\",\"@id\":\"https:\/\/www.ocasionplus.com\/noticias\/#\/schema\/person\/db1203be564cc3ded97ad1dbd8aadc5b\",\"name\":\"Cristhian Gonz\u00e1lez\",\"image\":{\"@type\":\"ImageObject\",\"inLanguage\":\"es\",\"@id\":\"https:\/\/www.ocasionplus.com\/noticias\/#\/schema\/person\/image\/\",\"url\":\"https:\/\/secure.gravatar.com\/avatar\/30c0388f0815fd0ab8fb4cfad29866ac?s=96&d=mm&r=g\",\"contentUrl\":\"https:\/\/secure.gravatar.com\/avatar\/30c0388f0815fd0ab8fb4cfad29866ac?s=96&d=mm&r=g\",\"caption\":\"Cristhian Gonz\u00e1lez\"},\"description\":\"Periodista formado en Colombia. Siempre vinculado al deporte y con pasi\u00f3n por los coches. He asistido y cubierto diferentes eventos deportivos para diferentes medios de comunicaci\u00f3n.\"}]}<\/script>\n<!-- \/ Yoast SEO Premium plugin. -->","yoast_head_json":{"title":"MINI celebra 65 a\u00f1os de \u00e9xito e innovaci\u00f3n en el mundo del motor - OcasionPlus Blog","description":"Este 2024, la marca MINI celebra 65 a\u00f1os, marcando un hito significativo en su historia de innovaci\u00f3n y \u00e9xito en el mundo del motor.","robots":{"index":"index","follow":"follow","max-snippet":"max-snippet:-1","max-image-preview":"max-image-preview:large","max-video-preview":"max-video-preview:-1"},"canonical":"https:\/\/www.ocasionplus.com\/noticias\/mini-celebra-65-anos\/","og_locale":"es_ES","og_type":"article","og_title":"MINI celebra 65 a\u00f1os de \u00e9xito e innovaci\u00f3n en el mundo del motor","og_description":"Este 2024, la marca MINI celebra 65 a\u00f1os, marcando un hito significativo en su historia de innovaci\u00f3n y \u00e9xito en el mundo del motor.","og_url":"https:\/\/www.ocasionplus.com\/noticias\/mini-celebra-65-anos\/","og_site_name":"OcasionPlus Blog","article_publisher":"https:\/\/www.facebook.com\/ocasionplus","article_published_time":"2024-08-27T10:45:53+00:00","article_modified_time":"2025-03-27T09:40:51+00:00","og_image":[{"width":1280,"height":853,"url":"https:\/\/www.ocasionplus.com\/wp-content\/uploads\/2024\/08\/Cumpleanos-65-de-Mini.jpg","type":"image\/jpeg"}],"author":"Cristhian Gonz\u00e1lez","twitter_card":"summary_large_image","twitter_creator":"@ocasionplus","twitter_site":"@ocasionplus","twitter_misc":{"Escrito por":"Cristhian Gonz\u00e1lez","Tiempo de lectura":"4 minutos"},"schema":{"@context":"https:\/\/schema.org","@graph":[{"@type":"Article","@id":"https:\/\/www.ocasionplus.com\/noticias\/mini-celebra-65-anos\/#article","isPartOf":{"@id":"https:\/\/www.ocasionplus.com\/noticias\/mini-celebra-65-anos\/"},"author":{"name":"Cristhian Gonz\u00e1lez","@id":"https:\/\/www.ocasionplus.com\/noticias\/#\/schema\/person\/db1203be564cc3ded97ad1dbd8aadc5b"},"headline":"MINI celebra 65 a\u00f1os de \u00e9xito e innovaci\u00f3n en el mundo del motor","datePublished":"2024-08-27T10:45:53+00:00","dateModified":"2025-03-27T09:40:51+00:00","mainEntityOfPage":{"@id":"https:\/\/www.ocasionplus.com\/noticias\/mini-celebra-65-anos\/"},"wordCount":688,"publisher":{"@id":"https:\/\/www.ocasionplus.com\/noticias\/#organization"},"image":{"@id":"https:\/\/www.ocasionplus.com\/noticias\/mini-celebra-65-anos\/#primaryimage"},"thumbnailUrl":"https:\/\/www.ocasionplus.com\/wp-content\/uploads\/2024\/08\/Cumpleanos-65-de-Mini.jpg","keywords":["coches ocasion","mini"],"articleSection":["\u00daltimas Noticias"],"inLanguage":"es","copyrightYear":"2024","copyrightHolder":{"@id":"https:\/\/www.ocasionplus.com\/noticias\/#organization"}},{"@type":"WebPage","@id":"https:\/\/www.ocasionplus.com\/noticias\/mini-celebra-65-anos\/","url":"https:\/\/www.ocasionplus.com\/noticias\/mini-celebra-65-anos\/","name":"MINI celebra 65 a\u00f1os de \u00e9xito e innovaci\u00f3n en el mundo del motor - OcasionPlus Blog","isPartOf":{"@id":"https:\/\/www.ocasionplus.com\/noticias\/#website"},"primaryImageOfPage":{"@id":"https:\/\/www.ocasionplus.com\/noticias\/mini-celebra-65-anos\/#primaryimage"},"image":{"@id":"https:\/\/www.ocasionplus.com\/noticias\/mini-celebra-65-anos\/#primaryimage"},"thumbnailUrl":"https:\/\/www.ocasionplus.com\/wp-content\/uploads\/2024\/08\/Cumpleanos-65-de-Mini.jpg","datePublished":"2024-08-27T10:45:53+00:00","dateModified":"2025-03-27T09:40:51+00:00","description":"Este 2024, la marca MINI celebra 65 a\u00f1os, marcando un hito significativo en su historia de innovaci\u00f3n y \u00e9xito en el mundo del motor.","breadcrumb":{"@id":"https:\/\/www.ocasionplus.com\/noticias\/mini-celebra-65-anos\/#breadcrumb"},"inLanguage":"es","potentialAction":[{"@type":"ReadAction","target":["https:\/\/www.ocasionplus.com\/noticias\/mini-celebra-65-anos\/"]}]},{"@type":"ImageObject","inLanguage":"es","@id":"https:\/\/www.ocasionplus.com\/noticias\/mini-celebra-65-anos\/#primaryimage","url":"https:\/\/www.ocasionplus.com\/wp-content\/uploads\/2024\/08\/Cumpleanos-65-de-Mini.jpg","contentUrl":"https:\/\/www.ocasionplus.com\/wp-content\/uploads\/2024\/08\/Cumpleanos-65-de-Mini.jpg","width":1280,"height":853,"caption":"Cumplea\u00f1os 65 de Mini"},{"@type":"BreadcrumbList","@id":"https:\/\/www.ocasionplus.com\/noticias\/mini-celebra-65-anos\/#breadcrumb","itemListElement":[{"@type":"ListItem","position":1,"name":"Portada","item":"https:\/\/www.ocasionplus.com\/noticias\/"},{"@type":"ListItem","position":2,"name":"MINI celebra 65 a\u00f1os de \u00e9xito e innovaci\u00f3n en el mundo del motor"}]},{"@type":"WebSite","@id":"https:\/\/www.ocasionplus.com\/noticias\/#website","url":"https:\/\/www.ocasionplus.com\/noticias\/","name":"OcasionPlus Blog","description":"Veh\u00edculos de ocasi\u00f3n","publisher":{"@id":"https:\/\/www.ocasionplus.com\/noticias\/#organization"},"potentialAction":[{"@type":"SearchAction","target":{"@type":"EntryPoint","urlTemplate":"https:\/\/www.ocasionplus.com\/noticias\/?s={search_term_string}"},"query-input":{"@type":"PropertyValueSpecification","valueRequired":true,"valueName":"search_term_string"}}],"inLanguage":"es"},{"@type":"Organization","@id":"https:\/\/www.ocasionplus.com\/noticias\/#organization","name":"OcasionPlus","url":"https:\/\/www.ocasionplus.com\/noticias\/","logo":{"@type":"ImageObject","inLanguage":"es","@id":"https:\/\/www.ocasionplus.com\/noticias\/#\/schema\/logo\/image\/","url":"https:\/\/www.ocasionplus.com\/wp-content\/uploads\/2024\/05\/cropped-cropped-oplus-logo-blog.png","contentUrl":"https:\/\/www.ocasionplus.com\/wp-content\/uploads\/2024\/05\/cropped-cropped-oplus-logo-blog.png","width":360,"height":71,"caption":"OcasionPlus"},"image":{"@id":"https:\/\/www.ocasionplus.com\/noticias\/#\/schema\/logo\/image\/"},"sameAs":["https:\/\/www.facebook.com\/ocasionplus","https:\/\/x.com\/ocasionplus","https:\/\/www.instagram.com\/ocasion_plus","https:\/\/www.youtube.com\/channel\/UCBiCAto61Lyu27CgI95wrYQ","https:\/\/www.tiktok.com\/@ocasionplus.com","https:\/\/es.linkedin.com\/company\/ocasionplus"]},{"@type":"Person","@id":"https:\/\/www.ocasionplus.com\/noticias\/#\/schema\/person\/db1203be564cc3ded97ad1dbd8aadc5b","name":"Cristhian Gonz\u00e1lez","image":{"@type":"ImageObject","inLanguage":"es","@id":"https:\/\/www.ocasionplus.com\/noticias\/#\/schema\/person\/image\/","url":"https:\/\/secure.gravatar.com\/avatar\/30c0388f0815fd0ab8fb4cfad29866ac?s=96&d=mm&r=g","contentUrl":"https:\/\/secure.gravatar.com\/avatar\/30c0388f0815fd0ab8fb4cfad29866ac?s=96&d=mm&r=g","caption":"Cristhian Gonz\u00e1lez"},"description":"Periodista formado en Colombia. Siempre vinculado al deporte y con pasi\u00f3n por los coches. He asistido y cubierto diferentes eventos deportivos para diferentes medios de comunicaci\u00f3n."}]}},"jetpack_featured_media_url":"https:\/\/www.ocasionplus.com\/wp-content\/uploads\/2024\/08\/Cumpleanos-65-de-Mini.jpg","_links":{"self":[{"href":"https:\/\/www.ocasionplus.com\/noticias\/wp-json\/wp\/v2\/posts\/14074","targetHints":{"allow":["GET"]}}],"collection":[{"href":"https:\/\/www.ocasionplus.com\/noticias\/wp-json\/wp\/v2\/posts"}],"about":[{"href":"https:\/\/www.ocasionplus.com\/noticias\/wp-json\/wp\/v2\/types\/post"}],"author":[{"embeddable":true,"href":"https:\/\/www.ocasionplus.com\/noticias\/wp-json\/wp\/v2\/users\/3"}],"replies":[{"embeddable":true,"href":"https:\/\/www.ocasionplus.com\/noticias\/wp-json\/wp\/v2\/comments?post=14074"}],"version-history":[{"count":1,"href":"https:\/\/www.ocasionplus.com\/noticias\/wp-json\/wp\/v2\/posts\/14074\/revisions"}],"predecessor-version":[{"id":14077,"href":"https:\/\/www.ocasionplus.com\/noticias\/wp-json\/wp\/v2\/posts\/14074\/revisions\/14077"}],"wp:featuredmedia":[{"embeddable":true,"href":"https:\/\/www.ocasionplus.com\/noticias\/wp-json\/wp\/v2\/media\/14075"}],"wp:attachment":[{"href":"https:\/\/www.ocasionplus.com\/noticias\/wp-json\/wp\/v2\/media?parent=14074"}],"wp:term":[{"taxonomy":"category","embeddable":true,"href":"https:\/\/www.ocasionplus.com\/noticias\/wp-json\/wp\/v2\/categories?post=14074"},{"taxonomy":"post_tag","embeddable":true,"href":"https:\/\/www.ocasionplus.com\/noticias\/wp-json\/wp\/v2\/tags?post=14074"}],"curies":[{"name":"wp","href":"https:\/\/api.w.org\/{rel}","templated":true}]}}