{"id":14093,"date":"2024-08-28T12:42:13","date_gmt":"2024-08-28T10:42:13","guid":{"rendered":"https:\/\/www.ocasionplus.com\/noticias\/?p=14093"},"modified":"2025-03-27T10:40:51","modified_gmt":"2025-03-27T09:40:51","slug":"zbe-de-granada","status":"publish","type":"post","link":"https:\/\/www.ocasionplus.com\/noticias\/zbe-de-granada\/","title":{"rendered":"\u00bfCu\u00e1l es la ZBE de Granada?: todo lo que debes saber"},"content":{"rendered":"<div class=\"wpb-content-wrapper\"><p>[vc_row][vc_column][vc_column_text]A partir del 1 de octubre, se implementar\u00e1 la ZBE de Granada. Esta Zona de Bajas Emisiones da un paso significativo de la ciudad hacia la sostenibilidad. Inicialmente, esta medida se implementar\u00e1 en fase de pruebas, con el objetivo de <strong>entrar en pleno funcionamiento el 1 de abril de 2025<\/strong>.<\/p>\n<p>Este proyecto, que se present\u00f3 en enero, permite al ayuntamiento de Granada cumplir con la Ley de Cambio Clim\u00e1tico y Transici\u00f3n Energ\u00e9tica, que exige a los municipios con m\u00e1s de 50.000 habitantes establecer una ZBE. La finalidad es mejorar la calidad del aire y fomentar el uso de veh\u00edculos menos contaminantes. Aunque Granada es una de las ciudades que tiene m\u00e1s retraso en implementarlo, ya que la normativa entr\u00f3 en vigor el 1 de enero de 2023.<\/p>\n<h2>\u00bfQu\u00e9 veh\u00edculos pueden circular por la ZBE de Granada?<\/h2>\n<p><strong>La ZBE de Granada abarcar\u00e1 un per\u00edmetro de 19.06 km\u00b2<\/strong>, delimitado por la circunvalaci\u00f3n de la capital. Durante los seis meses de pruebas, el ayuntamiento informar\u00e1 a los veh\u00edculos que incumplan las restricciones, sin imponer sanciones. A partir del 1 de abril de 2025, las multas comenzar\u00e1n a aplicarse.<\/p>\n<p>La ZBE est\u00e1 dise\u00f1ada para proteger a los residentes y la actividad econ\u00f3mica de Granada. Por ello, podr\u00e1s circular todos los veh\u00edculos empadronados en la zona, los de carga y descarga, y el transporte escolar y discrecional de viajeros.<\/p>\n<h2>\u00bfCu\u00e1les veh\u00edculos no pueden circular por la ZBE de Granada?<\/h2>\n<p>La restricci\u00f3n afecta a los veh\u00edculos no residentes sin etiqueta medioambiental de la DGT, es decir, todos los coches anteriores al a\u00f1o 2001 si son de gasolina o 2006 si son di\u00e9sel. Tambi\u00e9n se incluyen motor y ciclomotores sin etiqueta (o etiqueta A) que no est\u00e9n censados en Granada. No se aplicar\u00e1 a veh\u00edculos de carga y descarga ni al transporte escolar.<\/p>\n<p>El ayuntamiento de Granada estima que esta medida reduzca un 9,4% el tr\u00e1fico, lo que equivale a unos 6.700 veh\u00edculos altamente contaminantes. Seg\u00fan datos municipales, el 70% del tr\u00e1fico en Granada proviene de fuera, de este porcentaje, al rededor de 6.709 veh\u00edculos no tienen el distintivo medioambiental de la DGT.<\/p>\n<p>Seg\u00fan un estudio realizado por el ayuntamiento en enero, revel\u00f3 que de los 958.404 coches matriculados en la ciudad, el 13,56% no tienen etiqueta, el 33,26% ten\u00edan la etiqueta B y el 43,74% la etiqueta C. Los coches con distintivo Eco y Cero representaron el 7,92% y el 1,52%, respectivamente.<\/p>\n<h2>\u00bfCu\u00e1les son las multas por incumplir la ZBE?<\/h2>\n<p>La normativa de tr\u00e1fico nacional establece una multa de 200 euros para los veh\u00edculos que incumplan las normativas de las Zonas de Bajas Emisiones en Espa\u00f1a. La Ley de Tr\u00e1fico, Circulaci\u00f3n de Veh\u00edculos a Motor y Seguridad Vial considera esta infracci\u00f3n como grave.<\/p>\n<p>Para aquellos que buscan un <a href=\"https:\/\/www.ocasionplus.com\/coches-ocasion\/granada\">coche de segunda mano en Granada<\/a> que cumpla con las normativas de la ZBE de Granada, <a href=\"https:\/\/www.ocasionplus.com\">OcasionPlus<\/a> ofrece una amplia selecci\u00f3n de coches de tus sue\u00f1os. \u00a1Encuentra el coche perfecto para ti![\/vc_column_text][\/vc_column][\/vc_row][vc_row el_class=&#8221;comprar-coche-CTA&#8221;][vc_column][vc_custom_heading text=&#8221;Encuentra tu coche de ocasi\u00f3n en Granada al mejor precio&#8221; use_theme_fonts=&#8221;yes&#8221; css=&#8221;&#8221;][vc_row_inner][vc_column_inner width=&#8221;8\/12&#8243;][vc_column_text css=&#8221;&#8221;]<\/p>\n<p>Ofrecemos la mejor relaci\u00f3n calidad-precio en todos nuestros m\u00e1s de 8.000 coches de segunda mano.<\/p>\n<p>[\/vc_column_text][\/vc_column_inner][vc_column_inner width=&#8221;4\/12&#8243;][vc_btn title=&#8221;Busca Ahora&#8221; style=&#8221;custom&#8221; custom_background=&#8221;#009fe3&#8243; custom_text=&#8221;#ffffff&#8221; align=&#8221;center&#8221; css=&#8221;&#8221; link=&#8221;url:https%3A%2F%2Fwww.ocasionplus.com%2Fcoches-ocasion%2Fgranada|title:Busca%20tu%20Coche%20Ahora&#8221;][\/vc_column_inner][\/vc_row_inner][vc_row_inner el_id=&#8221;logo-placement&#8221; css=&#8221;.vc_custom_1719615816721{margin-top: 2px !important;margin-bottom: 12px !important;}&#8221;][vc_column_inner][vc_single_image image=&#8221;11299&#8243; img_size=&#8221;277&#215;43&#8243; alignment=&#8221;center&#8221; style=&#8221;vc_box_rounded&#8221; css=&#8221;&#8221; el_class=&#8221;logo-component-comprar&#8221;][\/vc_column_inner][\/vc_row_inner][\/vc_column][\/vc_row]<\/p>\n<\/div>","protected":false},"excerpt":{"rendered":"<p>[vc_row][vc_column][vc_column_text]A partir del 1 de octubre, se implementar\u00e1 la ZBE de Granada. Esta Zona de Bajas Emisiones da un paso significativo de la ciudad hacia la sostenibilidad. Inicialmente, esta medida se implementar\u00e1 en fase de pruebas, con el objetivo de entrar en pleno funcionamiento el 1 de abril de 2025. Este proyecto, que se present\u00f3&#8230;<\/p>\n","protected":false},"author":3,"featured_media":14094,"comment_status":"closed","ping_status":"open","sticky":false,"template":"","format":"standard","meta":{"footnotes":""},"categories":[2],"tags":[380,605],"class_list":["post-14093","post","type-post","status-publish","format-standard","has-post-thumbnail","hentry","category-ultimas-noticias","tag-coches-ocasion","tag-granada"],"yoast_head":"<!-- This site is optimized with the Yoast SEO Premium plugin v24.8 (Yoast SEO v24.8.1) - https:\/\/yoast.com\/wordpress\/plugins\/seo\/ -->\n<title>\u00bfCu\u00e1l es la ZBE de Granada?: todo lo que debes saber - OcasionPlus Blog<\/title>\n<meta name=\"description\" content=\"Desde el 1 de octubre, se implementar\u00e1 la ZBE de Granada. Esta Zona de Bajas Emisiones permite a la ciudad dar un paso a la sostenibilidad.\" \/>\n<meta name=\"robots\" content=\"index, follow, max-snippet:-1, max-image-preview:large, max-video-preview:-1\" \/>\n<link rel=\"canonical\" href=\"https:\/\/www.ocasionplus.com\/noticias\/zbe-de-granada\/\" \/>\n<meta property=\"og:locale\" content=\"es_ES\" \/>\n<meta property=\"og:type\" content=\"article\" \/>\n<meta property=\"og:title\" content=\"\u00bfCu\u00e1l es la ZBE de Granada?: todo lo que debes saber\" \/>\n<meta property=\"og:description\" content=\"Desde el 1 de octubre, se implementar\u00e1 la ZBE de Granada. Esta Zona de Bajas Emisiones permite a la ciudad dar un paso a la sostenibilidad.\" \/>\n<meta property=\"og:url\" content=\"https:\/\/www.ocasionplus.com\/noticias\/zbe-de-granada\/\" \/>\n<meta property=\"og:site_name\" content=\"OcasionPlus Blog\" \/>\n<meta property=\"article:publisher\" content=\"https:\/\/www.facebook.com\/ocasionplus\" \/>\n<meta property=\"article:published_time\" content=\"2024-08-28T10:42:13+00:00\" \/>\n<meta property=\"article:modified_time\" content=\"2025-03-27T09:40:51+00:00\" \/>\n<meta property=\"og:image\" content=\"https:\/\/www.ocasionplus.com\/wp-content\/uploads\/2024\/08\/La-Alhambra-en-Granada.jpg\" \/>\n\t<meta property=\"og:image:width\" content=\"1280\" \/>\n\t<meta property=\"og:image:height\" content=\"853\" \/>\n\t<meta property=\"og:image:type\" content=\"image\/jpeg\" \/>\n<meta name=\"author\" content=\"Cristhian Gonz\u00e1lez\" \/>\n<meta name=\"twitter:card\" content=\"summary_large_image\" \/>\n<meta name=\"twitter:creator\" content=\"@ocasionplus\" \/>\n<meta name=\"twitter:site\" content=\"@ocasionplus\" \/>\n<meta name=\"twitter:label1\" content=\"Escrito por\" \/>\n\t<meta name=\"twitter:data1\" content=\"Cristhian Gonz\u00e1lez\" \/>\n\t<meta name=\"twitter:label2\" content=\"Tiempo de lectura\" \/>\n\t<meta name=\"twitter:data2\" content=\"3 minutos\" \/>\n<script type=\"application\/ld+json\" class=\"yoast-schema-graph\">{\"@context\":\"https:\/\/schema.org\",\"@graph\":[{\"@type\":\"Article\",\"@id\":\"https:\/\/www.ocasionplus.com\/noticias\/zbe-de-granada\/#article\",\"isPartOf\":{\"@id\":\"https:\/\/www.ocasionplus.com\/noticias\/zbe-de-granada\/\"},\"author\":{\"name\":\"Cristhian Gonz\u00e1lez\",\"@id\":\"https:\/\/www.ocasionplus.com\/noticias\/#\/schema\/person\/db1203be564cc3ded97ad1dbd8aadc5b\"},\"headline\":\"\u00bfCu\u00e1l es la ZBE de Granada?: todo lo que debes saber\",\"datePublished\":\"2024-08-28T10:42:13+00:00\",\"dateModified\":\"2025-03-27T09:40:51+00:00\",\"mainEntityOfPage\":{\"@id\":\"https:\/\/www.ocasionplus.com\/noticias\/zbe-de-granada\/\"},\"wordCount\":675,\"publisher\":{\"@id\":\"https:\/\/www.ocasionplus.com\/noticias\/#organization\"},\"image\":{\"@id\":\"https:\/\/www.ocasionplus.com\/noticias\/zbe-de-granada\/#primaryimage\"},\"thumbnailUrl\":\"https:\/\/www.ocasionplus.com\/wp-content\/uploads\/2024\/08\/La-Alhambra-en-Granada.jpg\",\"keywords\":[\"coches ocasion\",\"granada\"],\"articleSection\":[\"\u00daltimas Noticias\"],\"inLanguage\":\"es\",\"copyrightYear\":\"2024\",\"copyrightHolder\":{\"@id\":\"https:\/\/www.ocasionplus.com\/noticias\/#organization\"}},{\"@type\":\"WebPage\",\"@id\":\"https:\/\/www.ocasionplus.com\/noticias\/zbe-de-granada\/\",\"url\":\"https:\/\/www.ocasionplus.com\/noticias\/zbe-de-granada\/\",\"name\":\"\u00bfCu\u00e1l es la ZBE de Granada?: todo lo que debes saber - OcasionPlus Blog\",\"isPartOf\":{\"@id\":\"https:\/\/www.ocasionplus.com\/noticias\/#website\"},\"primaryImageOfPage\":{\"@id\":\"https:\/\/www.ocasionplus.com\/noticias\/zbe-de-granada\/#primaryimage\"},\"image\":{\"@id\":\"https:\/\/www.ocasionplus.com\/noticias\/zbe-de-granada\/#primaryimage\"},\"thumbnailUrl\":\"https:\/\/www.ocasionplus.com\/wp-content\/uploads\/2024\/08\/La-Alhambra-en-Granada.jpg\",\"datePublished\":\"2024-08-28T10:42:13+00:00\",\"dateModified\":\"2025-03-27T09:40:51+00:00\",\"description\":\"Desde el 1 de octubre, se implementar\u00e1 la ZBE de Granada. Esta Zona de Bajas Emisiones permite a la ciudad dar un paso a la sostenibilidad.\",\"breadcrumb\":{\"@id\":\"https:\/\/www.ocasionplus.com\/noticias\/zbe-de-granada\/#breadcrumb\"},\"inLanguage\":\"es\",\"potentialAction\":[{\"@type\":\"ReadAction\",\"target\":[\"https:\/\/www.ocasionplus.com\/noticias\/zbe-de-granada\/\"]}]},{\"@type\":\"ImageObject\",\"inLanguage\":\"es\",\"@id\":\"https:\/\/www.ocasionplus.com\/noticias\/zbe-de-granada\/#primaryimage\",\"url\":\"https:\/\/www.ocasionplus.com\/wp-content\/uploads\/2024\/08\/La-Alhambra-en-Granada.jpg\",\"contentUrl\":\"https:\/\/www.ocasionplus.com\/wp-content\/uploads\/2024\/08\/La-Alhambra-en-Granada.jpg\",\"width\":1280,\"height\":853,\"caption\":\"Granada implementa su ZBE, entrar\u00e1 en vigor en el 2025\"},{\"@type\":\"BreadcrumbList\",\"@id\":\"https:\/\/www.ocasionplus.com\/noticias\/zbe-de-granada\/#breadcrumb\",\"itemListElement\":[{\"@type\":\"ListItem\",\"position\":1,\"name\":\"Portada\",\"item\":\"https:\/\/www.ocasionplus.com\/noticias\/\"},{\"@type\":\"ListItem\",\"position\":2,\"name\":\"\u00bfCu\u00e1l es la ZBE de Granada?: todo lo que debes saber\"}]},{\"@type\":\"WebSite\",\"@id\":\"https:\/\/www.ocasionplus.com\/noticias\/#website\",\"url\":\"https:\/\/www.ocasionplus.com\/noticias\/\",\"name\":\"OcasionPlus Blog\",\"description\":\"Veh\u00edculos de ocasi\u00f3n\",\"publisher\":{\"@id\":\"https:\/\/www.ocasionplus.com\/noticias\/#organization\"},\"potentialAction\":[{\"@type\":\"SearchAction\",\"target\":{\"@type\":\"EntryPoint\",\"urlTemplate\":\"https:\/\/www.ocasionplus.com\/noticias\/?s={search_term_string}\"},\"query-input\":{\"@type\":\"PropertyValueSpecification\",\"valueRequired\":true,\"valueName\":\"search_term_string\"}}],\"inLanguage\":\"es\"},{\"@type\":\"Organization\",\"@id\":\"https:\/\/www.ocasionplus.com\/noticias\/#organization\",\"name\":\"OcasionPlus\",\"url\":\"https:\/\/www.ocasionplus.com\/noticias\/\",\"logo\":{\"@type\":\"ImageObject\",\"inLanguage\":\"es\",\"@id\":\"https:\/\/www.ocasionplus.com\/noticias\/#\/schema\/logo\/image\/\",\"url\":\"https:\/\/www.ocasionplus.com\/wp-content\/uploads\/2024\/05\/cropped-cropped-oplus-logo-blog.png\",\"contentUrl\":\"https:\/\/www.ocasionplus.com\/wp-content\/uploads\/2024\/05\/cropped-cropped-oplus-logo-blog.png\",\"width\":360,\"height\":71,\"caption\":\"OcasionPlus\"},\"image\":{\"@id\":\"https:\/\/www.ocasionplus.com\/noticias\/#\/schema\/logo\/image\/\"},\"sameAs\":[\"https:\/\/www.facebook.com\/ocasionplus\",\"https:\/\/x.com\/ocasionplus\",\"https:\/\/www.instagram.com\/ocasion_plus\",\"https:\/\/www.youtube.com\/channel\/UCBiCAto61Lyu27CgI95wrYQ\",\"https:\/\/www.tiktok.com\/@ocasionplus.com\",\"https:\/\/es.linkedin.com\/company\/ocasionplus\"]},{\"@type\":\"Person\",\"@id\":\"https:\/\/www.ocasionplus.com\/noticias\/#\/schema\/person\/db1203be564cc3ded97ad1dbd8aadc5b\",\"name\":\"Cristhian Gonz\u00e1lez\",\"image\":{\"@type\":\"ImageObject\",\"inLanguage\":\"es\",\"@id\":\"https:\/\/www.ocasionplus.com\/noticias\/#\/schema\/person\/image\/\",\"url\":\"https:\/\/secure.gravatar.com\/avatar\/30c0388f0815fd0ab8fb4cfad29866ac?s=96&d=mm&r=g\",\"contentUrl\":\"https:\/\/secure.gravatar.com\/avatar\/30c0388f0815fd0ab8fb4cfad29866ac?s=96&d=mm&r=g\",\"caption\":\"Cristhian Gonz\u00e1lez\"},\"description\":\"Periodista formado en Colombia. Siempre vinculado al deporte y con pasi\u00f3n por los coches. He asistido y cubierto diferentes eventos deportivos para diferentes medios de comunicaci\u00f3n.\"}]}<\/script>\n<!-- \/ Yoast SEO Premium plugin. -->","yoast_head_json":{"title":"\u00bfCu\u00e1l es la ZBE de Granada?: todo lo que debes saber - OcasionPlus Blog","description":"Desde el 1 de octubre, se implementar\u00e1 la ZBE de Granada. Esta Zona de Bajas Emisiones permite a la ciudad dar un paso a la sostenibilidad.","robots":{"index":"index","follow":"follow","max-snippet":"max-snippet:-1","max-image-preview":"max-image-preview:large","max-video-preview":"max-video-preview:-1"},"canonical":"https:\/\/www.ocasionplus.com\/noticias\/zbe-de-granada\/","og_locale":"es_ES","og_type":"article","og_title":"\u00bfCu\u00e1l es la ZBE de Granada?: todo lo que debes saber","og_description":"Desde el 1 de octubre, se implementar\u00e1 la ZBE de Granada. Esta Zona de Bajas Emisiones permite a la ciudad dar un paso a la sostenibilidad.","og_url":"https:\/\/www.ocasionplus.com\/noticias\/zbe-de-granada\/","og_site_name":"OcasionPlus Blog","article_publisher":"https:\/\/www.facebook.com\/ocasionplus","article_published_time":"2024-08-28T10:42:13+00:00","article_modified_time":"2025-03-27T09:40:51+00:00","og_image":[{"width":1280,"height":853,"url":"https:\/\/www.ocasionplus.com\/wp-content\/uploads\/2024\/08\/La-Alhambra-en-Granada.jpg","type":"image\/jpeg"}],"author":"Cristhian Gonz\u00e1lez","twitter_card":"summary_large_image","twitter_creator":"@ocasionplus","twitter_site":"@ocasionplus","twitter_misc":{"Escrito por":"Cristhian Gonz\u00e1lez","Tiempo de lectura":"3 minutos"},"schema":{"@context":"https:\/\/schema.org","@graph":[{"@type":"Article","@id":"https:\/\/www.ocasionplus.com\/noticias\/zbe-de-granada\/#article","isPartOf":{"@id":"https:\/\/www.ocasionplus.com\/noticias\/zbe-de-granada\/"},"author":{"name":"Cristhian Gonz\u00e1lez","@id":"https:\/\/www.ocasionplus.com\/noticias\/#\/schema\/person\/db1203be564cc3ded97ad1dbd8aadc5b"},"headline":"\u00bfCu\u00e1l es la ZBE de Granada?: todo lo que debes saber","datePublished":"2024-08-28T10:42:13+00:00","dateModified":"2025-03-27T09:40:51+00:00","mainEntityOfPage":{"@id":"https:\/\/www.ocasionplus.com\/noticias\/zbe-de-granada\/"},"wordCount":675,"publisher":{"@id":"https:\/\/www.ocasionplus.com\/noticias\/#organization"},"image":{"@id":"https:\/\/www.ocasionplus.com\/noticias\/zbe-de-granada\/#primaryimage"},"thumbnailUrl":"https:\/\/www.ocasionplus.com\/wp-content\/uploads\/2024\/08\/La-Alhambra-en-Granada.jpg","keywords":["coches ocasion","granada"],"articleSection":["\u00daltimas Noticias"],"inLanguage":"es","copyrightYear":"2024","copyrightHolder":{"@id":"https:\/\/www.ocasionplus.com\/noticias\/#organization"}},{"@type":"WebPage","@id":"https:\/\/www.ocasionplus.com\/noticias\/zbe-de-granada\/","url":"https:\/\/www.ocasionplus.com\/noticias\/zbe-de-granada\/","name":"\u00bfCu\u00e1l es la ZBE de Granada?: todo lo que debes saber - OcasionPlus Blog","isPartOf":{"@id":"https:\/\/www.ocasionplus.com\/noticias\/#website"},"primaryImageOfPage":{"@id":"https:\/\/www.ocasionplus.com\/noticias\/zbe-de-granada\/#primaryimage"},"image":{"@id":"https:\/\/www.ocasionplus.com\/noticias\/zbe-de-granada\/#primaryimage"},"thumbnailUrl":"https:\/\/www.ocasionplus.com\/wp-content\/uploads\/2024\/08\/La-Alhambra-en-Granada.jpg","datePublished":"2024-08-28T10:42:13+00:00","dateModified":"2025-03-27T09:40:51+00:00","description":"Desde el 1 de octubre, se implementar\u00e1 la ZBE de Granada. Esta Zona de Bajas Emisiones permite a la ciudad dar un paso a la sostenibilidad.","breadcrumb":{"@id":"https:\/\/www.ocasionplus.com\/noticias\/zbe-de-granada\/#breadcrumb"},"inLanguage":"es","potentialAction":[{"@type":"ReadAction","target":["https:\/\/www.ocasionplus.com\/noticias\/zbe-de-granada\/"]}]},{"@type":"ImageObject","inLanguage":"es","@id":"https:\/\/www.ocasionplus.com\/noticias\/zbe-de-granada\/#primaryimage","url":"https:\/\/www.ocasionplus.com\/wp-content\/uploads\/2024\/08\/La-Alhambra-en-Granada.jpg","contentUrl":"https:\/\/www.ocasionplus.com\/wp-content\/uploads\/2024\/08\/La-Alhambra-en-Granada.jpg","width":1280,"height":853,"caption":"Granada implementa su ZBE, entrar\u00e1 en vigor en el 2025"},{"@type":"BreadcrumbList","@id":"https:\/\/www.ocasionplus.com\/noticias\/zbe-de-granada\/#breadcrumb","itemListElement":[{"@type":"ListItem","position":1,"name":"Portada","item":"https:\/\/www.ocasionplus.com\/noticias\/"},{"@type":"ListItem","position":2,"name":"\u00bfCu\u00e1l es la ZBE de Granada?: todo lo que debes saber"}]},{"@type":"WebSite","@id":"https:\/\/www.ocasionplus.com\/noticias\/#website","url":"https:\/\/www.ocasionplus.com\/noticias\/","name":"OcasionPlus Blog","description":"Veh\u00edculos de ocasi\u00f3n","publisher":{"@id":"https:\/\/www.ocasionplus.com\/noticias\/#organization"},"potentialAction":[{"@type":"SearchAction","target":{"@type":"EntryPoint","urlTemplate":"https:\/\/www.ocasionplus.com\/noticias\/?s={search_term_string}"},"query-input":{"@type":"PropertyValueSpecification","valueRequired":true,"valueName":"search_term_string"}}],"inLanguage":"es"},{"@type":"Organization","@id":"https:\/\/www.ocasionplus.com\/noticias\/#organization","name":"OcasionPlus","url":"https:\/\/www.ocasionplus.com\/noticias\/","logo":{"@type":"ImageObject","inLanguage":"es","@id":"https:\/\/www.ocasionplus.com\/noticias\/#\/schema\/logo\/image\/","url":"https:\/\/www.ocasionplus.com\/wp-content\/uploads\/2024\/05\/cropped-cropped-oplus-logo-blog.png","contentUrl":"https:\/\/www.ocasionplus.com\/wp-content\/uploads\/2024\/05\/cropped-cropped-oplus-logo-blog.png","width":360,"height":71,"caption":"OcasionPlus"},"image":{"@id":"https:\/\/www.ocasionplus.com\/noticias\/#\/schema\/logo\/image\/"},"sameAs":["https:\/\/www.facebook.com\/ocasionplus","https:\/\/x.com\/ocasionplus","https:\/\/www.instagram.com\/ocasion_plus","https:\/\/www.youtube.com\/channel\/UCBiCAto61Lyu27CgI95wrYQ","https:\/\/www.tiktok.com\/@ocasionplus.com","https:\/\/es.linkedin.com\/company\/ocasionplus"]},{"@type":"Person","@id":"https:\/\/www.ocasionplus.com\/noticias\/#\/schema\/person\/db1203be564cc3ded97ad1dbd8aadc5b","name":"Cristhian Gonz\u00e1lez","image":{"@type":"ImageObject","inLanguage":"es","@id":"https:\/\/www.ocasionplus.com\/noticias\/#\/schema\/person\/image\/","url":"https:\/\/secure.gravatar.com\/avatar\/30c0388f0815fd0ab8fb4cfad29866ac?s=96&d=mm&r=g","contentUrl":"https:\/\/secure.gravatar.com\/avatar\/30c0388f0815fd0ab8fb4cfad29866ac?s=96&d=mm&r=g","caption":"Cristhian Gonz\u00e1lez"},"description":"Periodista formado en Colombia. Siempre vinculado al deporte y con pasi\u00f3n por los coches. He asistido y cubierto diferentes eventos deportivos para diferentes medios de comunicaci\u00f3n."}]}},"jetpack_featured_media_url":"https:\/\/www.ocasionplus.com\/wp-content\/uploads\/2024\/08\/La-Alhambra-en-Granada.jpg","_links":{"self":[{"href":"https:\/\/www.ocasionplus.com\/noticias\/wp-json\/wp\/v2\/posts\/14093","targetHints":{"allow":["GET"]}}],"collection":[{"href":"https:\/\/www.ocasionplus.com\/noticias\/wp-json\/wp\/v2\/posts"}],"about":[{"href":"https:\/\/www.ocasionplus.com\/noticias\/wp-json\/wp\/v2\/types\/post"}],"author":[{"embeddable":true,"href":"https:\/\/www.ocasionplus.com\/noticias\/wp-json\/wp\/v2\/users\/3"}],"replies":[{"embeddable":true,"href":"https:\/\/www.ocasionplus.com\/noticias\/wp-json\/wp\/v2\/comments?post=14093"}],"version-history":[{"count":1,"href":"https:\/\/www.ocasionplus.com\/noticias\/wp-json\/wp\/v2\/posts\/14093\/revisions"}],"predecessor-version":[{"id":14095,"href":"https:\/\/www.ocasionplus.com\/noticias\/wp-json\/wp\/v2\/posts\/14093\/revisions\/14095"}],"wp:featuredmedia":[{"embeddable":true,"href":"https:\/\/www.ocasionplus.com\/noticias\/wp-json\/wp\/v2\/media\/14094"}],"wp:attachment":[{"href":"https:\/\/www.ocasionplus.com\/noticias\/wp-json\/wp\/v2\/media?parent=14093"}],"wp:term":[{"taxonomy":"category","embeddable":true,"href":"https:\/\/www.ocasionplus.com\/noticias\/wp-json\/wp\/v2\/categories?post=14093"},{"taxonomy":"post_tag","embeddable":true,"href":"https:\/\/www.ocasionplus.com\/noticias\/wp-json\/wp\/v2\/tags?post=14093"}],"curies":[{"name":"wp","href":"https:\/\/api.w.org\/{rel}","templated":true}]}}