{"id":14264,"date":"2024-09-09T13:11:37","date_gmt":"2024-09-09T11:11:37","guid":{"rendered":"https:\/\/www.ocasionplus.com\/noticias\/?p=14264"},"modified":"2025-03-27T10:39:21","modified_gmt":"2025-03-27T09:39:21","slug":"audi-lidera-ventas-de-coches-de-segunda-mano-en-murcia-en-agosto","status":"publish","type":"post","link":"https:\/\/www.ocasionplus.com\/noticias\/audi-lidera-ventas-de-coches-de-segunda-mano-en-murcia-en-agosto\/","title":{"rendered":"Audi lidera las ventas de coches de segunda mano en Murcia en agosto"},"content":{"rendered":"<div class=\"wpb-content-wrapper\"><p>[vc_row][vc_column][vc_column_text]Seg\u00fan los <a href=\"https:\/\/www.ocasionplus.com\/noticias\/analisis-del-mercado-de-coches-de-segunda-mano\/\">datos de OcasionPlus<\/a>, la marca Audi se ha posicionado como la marca m\u00e1s vendida de <a href=\"https:\/\/www.ocasionplus.com\/coches-ocasion\/murcia\">coches de segunda mano en Murcia<\/a> durante el mes de agosto. Este logro <strong>destaca a la marca alemana por encima de otras marcas<\/strong> populares como SEAT, Opel y Citro\u00ebn, que empataron en la cantidad de veh\u00edculos vendidos. En comparaci\u00f3n, en julio, la marca Kia fue la m\u00e1s vendida, seguida por Audi y Peugeot.<\/p>\n<h2>Marca m\u00e1s vendida de coches de segunda mano en Murcia<\/h2>\n<p>El \u00e9xito de la marca <a href=\"https:\/\/www.ocasionplus.com\/coches-ocasion\/audi\">Audi<\/a> en Murcia no es casualidad. <strong>La marca alemana se ha ganado la confianza de los murcianos<\/strong> gracias a su combinaci\u00f3n de dise\u00f1o elegante, tecnolog\u00eda avanzada y rendimiento excepcional. Los modelos m\u00e1s buscados en los centros de OcasionPlus son el <a href=\"https:\/\/www.ocasionplus.com\/coches-ocasion\/audi\/a3\">Audi A3<\/a>, conocido por su eficiencia y estilo, y el <a href=\"https:\/\/www.ocasionplus.com\/coches-ocasion\/audi\/q3\">Audi Q3<\/a>, que destaca por su versatilidad y comodidad.<\/p>\n<p>Los compradores de <a href=\"https:\/\/www.ocasionplus.com\/coches-ocasion\">coches de segunda mano<\/a> valoran la fiabilidad y el prestigio que ofrece la marca Audi. Adem\u00e1s, la amplia gama de modelos disponibles que permite a los consumidores encontrar el coche que mejor se adapte a las necesidades y preferencias de cada conductor.<\/p>\n<h2>Coche de ocasi\u00f3n en Murcia<\/h2>\n<p>Si est\u00e1s pensando en comprar un coche de segunda mano, OcasionPlus es tu mejor opci\u00f3n. Con una amplia selecci\u00f3n de veh\u00edculos de las marcas m\u00e1s reconocidas, incluyendo Audi, SEAT, Opel y Citro\u00ebn, encontrar\u00e1s el coche perfecto para ti. No pierdas la oportunidad de conducir el coche de tus sue\u00f1os a un precio inmejorable. \u00a1Vis\u00edtanos hoy mismo y descubre nuestras ofertas exclusivas![\/vc_column_text][\/vc_column][\/vc_row][vc_row el_class=&#8221;comprar-coche-CTA&#8221;][vc_column][vc_custom_heading text=&#8221;Encuentra tu coche de ocasi\u00f3n en Murcia al mejor precio&#8221; use_theme_fonts=&#8221;yes&#8221; css=&#8221;&#8221;][vc_row_inner][vc_column_inner width=&#8221;8\/12&#8243;][vc_column_text css=&#8221;&#8221;]<\/p>\n<p>Ofrecemos la mejor relaci\u00f3n calidad-precio en todos nuestros m\u00e1s de 8.000 coches de segunda mano.<\/p>\n<p>[\/vc_column_text][\/vc_column_inner][vc_column_inner width=&#8221;4\/12&#8243;][vc_btn title=&#8221;Busca Ahora&#8221; style=&#8221;custom&#8221; custom_background=&#8221;#009fe3&#8243; custom_text=&#8221;#ffffff&#8221; align=&#8221;center&#8221; css=&#8221;&#8221; link=&#8221;url:https%3A%2F%2Fwww.ocasionplus.com%2Fcoches-ocasion%2Fmurcia|title:Busca%20tu%20Coche%20Ahora&#8221;][\/vc_column_inner][\/vc_row_inner][vc_row_inner el_id=&#8221;logo-placement&#8221; css=&#8221;.vc_custom_1719615816721{margin-top: 2px !important;margin-bottom: 12px !important;}&#8221;][vc_column_inner][vc_single_image image=&#8221;11299&#8243; img_size=&#8221;277&#215;43&#8243; alignment=&#8221;center&#8221; style=&#8221;vc_box_rounded&#8221; css=&#8221;&#8221; el_class=&#8221;logo-component-comprar&#8221;][\/vc_column_inner][\/vc_row_inner][\/vc_column][\/vc_row]<\/p>\n<\/div>","protected":false},"excerpt":{"rendered":"<p>[vc_row][vc_column][vc_column_text]Seg\u00fan los datos de OcasionPlus, la marca Audi se ha posicionado como la marca m\u00e1s vendida de coches de segunda mano en Murcia durante el mes de agosto. Este logro destaca a la marca alemana por encima de otras marcas populares como SEAT, Opel y Citro\u00ebn, que empataron en la cantidad de veh\u00edculos vendidos. En&#8230;<\/p>\n","protected":false},"author":3,"featured_media":12130,"comment_status":"closed","ping_status":"open","sticky":false,"template":"","format":"standard","meta":{"footnotes":""},"categories":[2],"tags":[376,380,600],"class_list":["post-14264","post","type-post","status-publish","format-standard","has-post-thumbnail","hentry","category-ultimas-noticias","tag-audi","tag-coches-ocasion","tag-murcia"],"yoast_head":"<!-- This site is optimized with the Yoast SEO Premium plugin v24.8 (Yoast SEO v24.8.1) - https:\/\/yoast.com\/wordpress\/plugins\/seo\/ -->\n<title>Audi lidera las ventas de coches de segunda mano en Murcia<\/title>\n<meta name=\"description\" content=\"La marca alemana, Audi, es la firma m\u00e1s vendida de coches de segunda mano en Murcia durante el mes de agosto.\" \/>\n<meta name=\"robots\" content=\"index, follow, max-snippet:-1, max-image-preview:large, max-video-preview:-1\" \/>\n<link rel=\"canonical\" href=\"https:\/\/www.ocasionplus.com\/noticias\/audi-lidera-ventas-de-coches-de-segunda-mano-en-murcia-en-agosto\/\" \/>\n<meta property=\"og:locale\" content=\"es_ES\" \/>\n<meta property=\"og:type\" content=\"article\" \/>\n<meta property=\"og:title\" content=\"Audi lidera las ventas de coches de segunda mano en Murcia en agosto\" \/>\n<meta property=\"og:description\" content=\"La marca alemana, Audi, es la firma m\u00e1s vendida de coches de segunda mano en Murcia durante el mes de agosto.\" \/>\n<meta property=\"og:url\" content=\"https:\/\/www.ocasionplus.com\/noticias\/audi-lidera-ventas-de-coches-de-segunda-mano-en-murcia-en-agosto\/\" \/>\n<meta property=\"og:site_name\" content=\"OcasionPlus Blog\" \/>\n<meta property=\"article:publisher\" content=\"https:\/\/www.facebook.com\/ocasionplus\" \/>\n<meta property=\"article:published_time\" content=\"2024-09-09T11:11:37+00:00\" \/>\n<meta property=\"article:modified_time\" content=\"2025-03-27T09:39:21+00:00\" \/>\n<meta property=\"og:image\" content=\"https:\/\/www.ocasionplus.com\/wp-content\/uploads\/2024\/06\/audia1_nuevo_segundamano_km0.jpg\" \/>\n\t<meta property=\"og:image:width\" content=\"1920\" \/>\n\t<meta property=\"og:image:height\" content=\"1281\" \/>\n\t<meta property=\"og:image:type\" content=\"image\/jpeg\" \/>\n<meta name=\"author\" content=\"Cristhian Gonz\u00e1lez\" \/>\n<meta name=\"twitter:card\" content=\"summary_large_image\" \/>\n<meta name=\"twitter:creator\" content=\"@ocasionplus\" \/>\n<meta name=\"twitter:site\" content=\"@ocasionplus\" \/>\n<meta name=\"twitter:label1\" content=\"Escrito por\" \/>\n\t<meta name=\"twitter:data1\" content=\"Cristhian Gonz\u00e1lez\" \/>\n\t<meta name=\"twitter:label2\" content=\"Tiempo de lectura\" \/>\n\t<meta name=\"twitter:data2\" content=\"2 minutos\" \/>\n<script type=\"application\/ld+json\" class=\"yoast-schema-graph\">{\"@context\":\"https:\/\/schema.org\",\"@graph\":[{\"@type\":\"Article\",\"@id\":\"https:\/\/www.ocasionplus.com\/noticias\/audi-lidera-ventas-de-coches-de-segunda-mano-en-murcia-en-agosto\/#article\",\"isPartOf\":{\"@id\":\"https:\/\/www.ocasionplus.com\/noticias\/audi-lidera-ventas-de-coches-de-segunda-mano-en-murcia-en-agosto\/\"},\"author\":{\"name\":\"Cristhian Gonz\u00e1lez\",\"@id\":\"https:\/\/www.ocasionplus.com\/noticias\/#\/schema\/person\/db1203be564cc3ded97ad1dbd8aadc5b\"},\"headline\":\"Audi lidera las ventas de coches de segunda mano en Murcia en agosto\",\"datePublished\":\"2024-09-09T11:11:37+00:00\",\"dateModified\":\"2025-03-27T09:39:21+00:00\",\"mainEntityOfPage\":{\"@id\":\"https:\/\/www.ocasionplus.com\/noticias\/audi-lidera-ventas-de-coches-de-segunda-mano-en-murcia-en-agosto\/\"},\"wordCount\":450,\"publisher\":{\"@id\":\"https:\/\/www.ocasionplus.com\/noticias\/#organization\"},\"image\":{\"@id\":\"https:\/\/www.ocasionplus.com\/noticias\/audi-lidera-ventas-de-coches-de-segunda-mano-en-murcia-en-agosto\/#primaryimage\"},\"thumbnailUrl\":\"https:\/\/www.ocasionplus.com\/wp-content\/uploads\/2024\/06\/audia1_nuevo_segundamano_km0.jpg\",\"keywords\":[\"audi\",\"coches ocasion\",\"murcia\"],\"articleSection\":[\"\u00daltimas Noticias\"],\"inLanguage\":\"es\",\"copyrightYear\":\"2024\",\"copyrightHolder\":{\"@id\":\"https:\/\/www.ocasionplus.com\/noticias\/#organization\"}},{\"@type\":\"WebPage\",\"@id\":\"https:\/\/www.ocasionplus.com\/noticias\/audi-lidera-ventas-de-coches-de-segunda-mano-en-murcia-en-agosto\/\",\"url\":\"https:\/\/www.ocasionplus.com\/noticias\/audi-lidera-ventas-de-coches-de-segunda-mano-en-murcia-en-agosto\/\",\"name\":\"Audi lidera las ventas de coches de segunda mano en Murcia\",\"isPartOf\":{\"@id\":\"https:\/\/www.ocasionplus.com\/noticias\/#website\"},\"primaryImageOfPage\":{\"@id\":\"https:\/\/www.ocasionplus.com\/noticias\/audi-lidera-ventas-de-coches-de-segunda-mano-en-murcia-en-agosto\/#primaryimage\"},\"image\":{\"@id\":\"https:\/\/www.ocasionplus.com\/noticias\/audi-lidera-ventas-de-coches-de-segunda-mano-en-murcia-en-agosto\/#primaryimage\"},\"thumbnailUrl\":\"https:\/\/www.ocasionplus.com\/wp-content\/uploads\/2024\/06\/audia1_nuevo_segundamano_km0.jpg\",\"datePublished\":\"2024-09-09T11:11:37+00:00\",\"dateModified\":\"2025-03-27T09:39:21+00:00\",\"description\":\"La marca alemana, Audi, es la firma m\u00e1s vendida de coches de segunda mano en Murcia durante el mes de agosto.\",\"breadcrumb\":{\"@id\":\"https:\/\/www.ocasionplus.com\/noticias\/audi-lidera-ventas-de-coches-de-segunda-mano-en-murcia-en-agosto\/#breadcrumb\"},\"inLanguage\":\"es\",\"potentialAction\":[{\"@type\":\"ReadAction\",\"target\":[\"https:\/\/www.ocasionplus.com\/noticias\/audi-lidera-ventas-de-coches-de-segunda-mano-en-murcia-en-agosto\/\"]}]},{\"@type\":\"ImageObject\",\"inLanguage\":\"es\",\"@id\":\"https:\/\/www.ocasionplus.com\/noticias\/audi-lidera-ventas-de-coches-de-segunda-mano-en-murcia-en-agosto\/#primaryimage\",\"url\":\"https:\/\/www.ocasionplus.com\/wp-content\/uploads\/2024\/06\/audia1_nuevo_segundamano_km0.jpg\",\"contentUrl\":\"https:\/\/www.ocasionplus.com\/wp-content\/uploads\/2024\/06\/audia1_nuevo_segundamano_km0.jpg\",\"width\":1920,\"height\":1281,\"caption\":\"Detalle de un coche Audi\"},{\"@type\":\"BreadcrumbList\",\"@id\":\"https:\/\/www.ocasionplus.com\/noticias\/audi-lidera-ventas-de-coches-de-segunda-mano-en-murcia-en-agosto\/#breadcrumb\",\"itemListElement\":[{\"@type\":\"ListItem\",\"position\":1,\"name\":\"Portada\",\"item\":\"https:\/\/www.ocasionplus.com\/noticias\/\"},{\"@type\":\"ListItem\",\"position\":2,\"name\":\"Audi lidera las ventas de coches de segunda mano en Murcia en agosto\"}]},{\"@type\":\"WebSite\",\"@id\":\"https:\/\/www.ocasionplus.com\/noticias\/#website\",\"url\":\"https:\/\/www.ocasionplus.com\/noticias\/\",\"name\":\"OcasionPlus Blog\",\"description\":\"Veh\u00edculos de ocasi\u00f3n\",\"publisher\":{\"@id\":\"https:\/\/www.ocasionplus.com\/noticias\/#organization\"},\"potentialAction\":[{\"@type\":\"SearchAction\",\"target\":{\"@type\":\"EntryPoint\",\"urlTemplate\":\"https:\/\/www.ocasionplus.com\/noticias\/?s={search_term_string}\"},\"query-input\":{\"@type\":\"PropertyValueSpecification\",\"valueRequired\":true,\"valueName\":\"search_term_string\"}}],\"inLanguage\":\"es\"},{\"@type\":\"Organization\",\"@id\":\"https:\/\/www.ocasionplus.com\/noticias\/#organization\",\"name\":\"OcasionPlus\",\"url\":\"https:\/\/www.ocasionplus.com\/noticias\/\",\"logo\":{\"@type\":\"ImageObject\",\"inLanguage\":\"es\",\"@id\":\"https:\/\/www.ocasionplus.com\/noticias\/#\/schema\/logo\/image\/\",\"url\":\"https:\/\/www.ocasionplus.com\/wp-content\/uploads\/2024\/05\/cropped-cropped-oplus-logo-blog.png\",\"contentUrl\":\"https:\/\/www.ocasionplus.com\/wp-content\/uploads\/2024\/05\/cropped-cropped-oplus-logo-blog.png\",\"width\":360,\"height\":71,\"caption\":\"OcasionPlus\"},\"image\":{\"@id\":\"https:\/\/www.ocasionplus.com\/noticias\/#\/schema\/logo\/image\/\"},\"sameAs\":[\"https:\/\/www.facebook.com\/ocasionplus\",\"https:\/\/x.com\/ocasionplus\",\"https:\/\/www.instagram.com\/ocasion_plus\",\"https:\/\/www.youtube.com\/channel\/UCBiCAto61Lyu27CgI95wrYQ\",\"https:\/\/www.tiktok.com\/@ocasionplus.com\",\"https:\/\/es.linkedin.com\/company\/ocasionplus\"]},{\"@type\":\"Person\",\"@id\":\"https:\/\/www.ocasionplus.com\/noticias\/#\/schema\/person\/db1203be564cc3ded97ad1dbd8aadc5b\",\"name\":\"Cristhian Gonz\u00e1lez\",\"image\":{\"@type\":\"ImageObject\",\"inLanguage\":\"es\",\"@id\":\"https:\/\/www.ocasionplus.com\/noticias\/#\/schema\/person\/image\/\",\"url\":\"https:\/\/secure.gravatar.com\/avatar\/30c0388f0815fd0ab8fb4cfad29866ac?s=96&d=mm&r=g\",\"contentUrl\":\"https:\/\/secure.gravatar.com\/avatar\/30c0388f0815fd0ab8fb4cfad29866ac?s=96&d=mm&r=g\",\"caption\":\"Cristhian Gonz\u00e1lez\"},\"description\":\"Periodista formado en Colombia. Siempre vinculado al deporte y con pasi\u00f3n por los coches. He asistido y cubierto diferentes eventos deportivos para diferentes medios de comunicaci\u00f3n.\"}]}<\/script>\n<!-- \/ Yoast SEO Premium plugin. -->","yoast_head_json":{"title":"Audi lidera las ventas de coches de segunda mano en Murcia","description":"La marca alemana, Audi, es la firma m\u00e1s vendida de coches de segunda mano en Murcia durante el mes de agosto.","robots":{"index":"index","follow":"follow","max-snippet":"max-snippet:-1","max-image-preview":"max-image-preview:large","max-video-preview":"max-video-preview:-1"},"canonical":"https:\/\/www.ocasionplus.com\/noticias\/audi-lidera-ventas-de-coches-de-segunda-mano-en-murcia-en-agosto\/","og_locale":"es_ES","og_type":"article","og_title":"Audi lidera las ventas de coches de segunda mano en Murcia en agosto","og_description":"La marca alemana, Audi, es la firma m\u00e1s vendida de coches de segunda mano en Murcia durante el mes de agosto.","og_url":"https:\/\/www.ocasionplus.com\/noticias\/audi-lidera-ventas-de-coches-de-segunda-mano-en-murcia-en-agosto\/","og_site_name":"OcasionPlus Blog","article_publisher":"https:\/\/www.facebook.com\/ocasionplus","article_published_time":"2024-09-09T11:11:37+00:00","article_modified_time":"2025-03-27T09:39:21+00:00","og_image":[{"width":1920,"height":1281,"url":"https:\/\/www.ocasionplus.com\/wp-content\/uploads\/2024\/06\/audia1_nuevo_segundamano_km0.jpg","type":"image\/jpeg"}],"author":"Cristhian Gonz\u00e1lez","twitter_card":"summary_large_image","twitter_creator":"@ocasionplus","twitter_site":"@ocasionplus","twitter_misc":{"Escrito por":"Cristhian Gonz\u00e1lez","Tiempo de lectura":"2 minutos"},"schema":{"@context":"https:\/\/schema.org","@graph":[{"@type":"Article","@id":"https:\/\/www.ocasionplus.com\/noticias\/audi-lidera-ventas-de-coches-de-segunda-mano-en-murcia-en-agosto\/#article","isPartOf":{"@id":"https:\/\/www.ocasionplus.com\/noticias\/audi-lidera-ventas-de-coches-de-segunda-mano-en-murcia-en-agosto\/"},"author":{"name":"Cristhian Gonz\u00e1lez","@id":"https:\/\/www.ocasionplus.com\/noticias\/#\/schema\/person\/db1203be564cc3ded97ad1dbd8aadc5b"},"headline":"Audi lidera las ventas de coches de segunda mano en Murcia en agosto","datePublished":"2024-09-09T11:11:37+00:00","dateModified":"2025-03-27T09:39:21+00:00","mainEntityOfPage":{"@id":"https:\/\/www.ocasionplus.com\/noticias\/audi-lidera-ventas-de-coches-de-segunda-mano-en-murcia-en-agosto\/"},"wordCount":450,"publisher":{"@id":"https:\/\/www.ocasionplus.com\/noticias\/#organization"},"image":{"@id":"https:\/\/www.ocasionplus.com\/noticias\/audi-lidera-ventas-de-coches-de-segunda-mano-en-murcia-en-agosto\/#primaryimage"},"thumbnailUrl":"https:\/\/www.ocasionplus.com\/wp-content\/uploads\/2024\/06\/audia1_nuevo_segundamano_km0.jpg","keywords":["audi","coches ocasion","murcia"],"articleSection":["\u00daltimas Noticias"],"inLanguage":"es","copyrightYear":"2024","copyrightHolder":{"@id":"https:\/\/www.ocasionplus.com\/noticias\/#organization"}},{"@type":"WebPage","@id":"https:\/\/www.ocasionplus.com\/noticias\/audi-lidera-ventas-de-coches-de-segunda-mano-en-murcia-en-agosto\/","url":"https:\/\/www.ocasionplus.com\/noticias\/audi-lidera-ventas-de-coches-de-segunda-mano-en-murcia-en-agosto\/","name":"Audi lidera las ventas de coches de segunda mano en Murcia","isPartOf":{"@id":"https:\/\/www.ocasionplus.com\/noticias\/#website"},"primaryImageOfPage":{"@id":"https:\/\/www.ocasionplus.com\/noticias\/audi-lidera-ventas-de-coches-de-segunda-mano-en-murcia-en-agosto\/#primaryimage"},"image":{"@id":"https:\/\/www.ocasionplus.com\/noticias\/audi-lidera-ventas-de-coches-de-segunda-mano-en-murcia-en-agosto\/#primaryimage"},"thumbnailUrl":"https:\/\/www.ocasionplus.com\/wp-content\/uploads\/2024\/06\/audia1_nuevo_segundamano_km0.jpg","datePublished":"2024-09-09T11:11:37+00:00","dateModified":"2025-03-27T09:39:21+00:00","description":"La marca alemana, Audi, es la firma m\u00e1s vendida de coches de segunda mano en Murcia durante el mes de agosto.","breadcrumb":{"@id":"https:\/\/www.ocasionplus.com\/noticias\/audi-lidera-ventas-de-coches-de-segunda-mano-en-murcia-en-agosto\/#breadcrumb"},"inLanguage":"es","potentialAction":[{"@type":"ReadAction","target":["https:\/\/www.ocasionplus.com\/noticias\/audi-lidera-ventas-de-coches-de-segunda-mano-en-murcia-en-agosto\/"]}]},{"@type":"ImageObject","inLanguage":"es","@id":"https:\/\/www.ocasionplus.com\/noticias\/audi-lidera-ventas-de-coches-de-segunda-mano-en-murcia-en-agosto\/#primaryimage","url":"https:\/\/www.ocasionplus.com\/wp-content\/uploads\/2024\/06\/audia1_nuevo_segundamano_km0.jpg","contentUrl":"https:\/\/www.ocasionplus.com\/wp-content\/uploads\/2024\/06\/audia1_nuevo_segundamano_km0.jpg","width":1920,"height":1281,"caption":"Detalle de un coche Audi"},{"@type":"BreadcrumbList","@id":"https:\/\/www.ocasionplus.com\/noticias\/audi-lidera-ventas-de-coches-de-segunda-mano-en-murcia-en-agosto\/#breadcrumb","itemListElement":[{"@type":"ListItem","position":1,"name":"Portada","item":"https:\/\/www.ocasionplus.com\/noticias\/"},{"@type":"ListItem","position":2,"name":"Audi lidera las ventas de coches de segunda mano en Murcia en agosto"}]},{"@type":"WebSite","@id":"https:\/\/www.ocasionplus.com\/noticias\/#website","url":"https:\/\/www.ocasionplus.com\/noticias\/","name":"OcasionPlus Blog","description":"Veh\u00edculos de ocasi\u00f3n","publisher":{"@id":"https:\/\/www.ocasionplus.com\/noticias\/#organization"},"potentialAction":[{"@type":"SearchAction","target":{"@type":"EntryPoint","urlTemplate":"https:\/\/www.ocasionplus.com\/noticias\/?s={search_term_string}"},"query-input":{"@type":"PropertyValueSpecification","valueRequired":true,"valueName":"search_term_string"}}],"inLanguage":"es"},{"@type":"Organization","@id":"https:\/\/www.ocasionplus.com\/noticias\/#organization","name":"OcasionPlus","url":"https:\/\/www.ocasionplus.com\/noticias\/","logo":{"@type":"ImageObject","inLanguage":"es","@id":"https:\/\/www.ocasionplus.com\/noticias\/#\/schema\/logo\/image\/","url":"https:\/\/www.ocasionplus.com\/wp-content\/uploads\/2024\/05\/cropped-cropped-oplus-logo-blog.png","contentUrl":"https:\/\/www.ocasionplus.com\/wp-content\/uploads\/2024\/05\/cropped-cropped-oplus-logo-blog.png","width":360,"height":71,"caption":"OcasionPlus"},"image":{"@id":"https:\/\/www.ocasionplus.com\/noticias\/#\/schema\/logo\/image\/"},"sameAs":["https:\/\/www.facebook.com\/ocasionplus","https:\/\/x.com\/ocasionplus","https:\/\/www.instagram.com\/ocasion_plus","https:\/\/www.youtube.com\/channel\/UCBiCAto61Lyu27CgI95wrYQ","https:\/\/www.tiktok.com\/@ocasionplus.com","https:\/\/es.linkedin.com\/company\/ocasionplus"]},{"@type":"Person","@id":"https:\/\/www.ocasionplus.com\/noticias\/#\/schema\/person\/db1203be564cc3ded97ad1dbd8aadc5b","name":"Cristhian Gonz\u00e1lez","image":{"@type":"ImageObject","inLanguage":"es","@id":"https:\/\/www.ocasionplus.com\/noticias\/#\/schema\/person\/image\/","url":"https:\/\/secure.gravatar.com\/avatar\/30c0388f0815fd0ab8fb4cfad29866ac?s=96&d=mm&r=g","contentUrl":"https:\/\/secure.gravatar.com\/avatar\/30c0388f0815fd0ab8fb4cfad29866ac?s=96&d=mm&r=g","caption":"Cristhian Gonz\u00e1lez"},"description":"Periodista formado en Colombia. Siempre vinculado al deporte y con pasi\u00f3n por los coches. He asistido y cubierto diferentes eventos deportivos para diferentes medios de comunicaci\u00f3n."}]}},"jetpack_featured_media_url":"https:\/\/www.ocasionplus.com\/wp-content\/uploads\/2024\/06\/audia1_nuevo_segundamano_km0.jpg","_links":{"self":[{"href":"https:\/\/www.ocasionplus.com\/noticias\/wp-json\/wp\/v2\/posts\/14264","targetHints":{"allow":["GET"]}}],"collection":[{"href":"https:\/\/www.ocasionplus.com\/noticias\/wp-json\/wp\/v2\/posts"}],"about":[{"href":"https:\/\/www.ocasionplus.com\/noticias\/wp-json\/wp\/v2\/types\/post"}],"author":[{"embeddable":true,"href":"https:\/\/www.ocasionplus.com\/noticias\/wp-json\/wp\/v2\/users\/3"}],"replies":[{"embeddable":true,"href":"https:\/\/www.ocasionplus.com\/noticias\/wp-json\/wp\/v2\/comments?post=14264"}],"version-history":[{"count":1,"href":"https:\/\/www.ocasionplus.com\/noticias\/wp-json\/wp\/v2\/posts\/14264\/revisions"}],"predecessor-version":[{"id":14265,"href":"https:\/\/www.ocasionplus.com\/noticias\/wp-json\/wp\/v2\/posts\/14264\/revisions\/14265"}],"wp:featuredmedia":[{"embeddable":true,"href":"https:\/\/www.ocasionplus.com\/noticias\/wp-json\/wp\/v2\/media\/12130"}],"wp:attachment":[{"href":"https:\/\/www.ocasionplus.com\/noticias\/wp-json\/wp\/v2\/media?parent=14264"}],"wp:term":[{"taxonomy":"category","embeddable":true,"href":"https:\/\/www.ocasionplus.com\/noticias\/wp-json\/wp\/v2\/categories?post=14264"},{"taxonomy":"post_tag","embeddable":true,"href":"https:\/\/www.ocasionplus.com\/noticias\/wp-json\/wp\/v2\/tags?post=14264"}],"curies":[{"name":"wp","href":"https:\/\/api.w.org\/{rel}","templated":true}]}}