{"id":14296,"date":"2024-09-10T12:43:47","date_gmt":"2024-09-10T10:43:47","guid":{"rendered":"https:\/\/www.ocasionplus.com\/noticias\/?p=14296"},"modified":"2025-03-27T10:39:19","modified_gmt":"2025-03-27T09:39:19","slug":"los-coches-compactos-y-los-todoterrreno-lideran-las-ventas-de-segunda-mano-en-agosto","status":"publish","type":"post","link":"https:\/\/www.ocasionplus.com\/noticias\/los-coches-compactos-y-los-todoterrreno-lideran-las-ventas-de-segunda-mano-en-agosto\/","title":{"rendered":"Los coches compactos y los todoterrreno lideran las ventas de segunda mano en agosto"},"content":{"rendered":"<div class=\"wpb-content-wrapper\"><p>[vc_row][vc_column][vc_column_text]El mercado de veh\u00edculos de segunda mano en Espa\u00f1a ha mostrado una clara preferencia por los <strong>coches compactos<\/strong> durante el mes de agosto, seg\u00fan un estudio de <strong>OcasionPlus<\/strong>. Estos modelos, que destacan por su versatilidad y eficiencia en la conducci\u00f3n urbana, han logrado posicionarse como los m\u00e1s vendidos, aunque los <strong>todoterrenos<\/strong> les siguen de cerca, reflejando la creciente demanda de veh\u00edculos m\u00e1s grandes y robustos.<\/p>\n<h2><strong>Los compactos: favoritos en el entorno urbano<\/strong><\/h2>\n<p>Los <a href=\"https:\/\/www.ocasionplus.com\/coches-ocasion\/compacto\">coches compactos de segunda mano<\/a> han sido los grandes protagonistas en agosto, liderando las ventas de veh\u00edculos de segunda mano. Estos modelos ofrecen una excelente combinaci\u00f3n de <strong>tama\u00f1o reducido<\/strong>, ideal para maniobrar en la ciudad, y <strong>bajo consumo de combustible<\/strong>, caracter\u00edsticas que los hacen sumamente atractivos para aquellos que buscan un coche pr\u00e1ctico y econ\u00f3mico.<\/p>\n<p>Adem\u00e1s, los compactos suelen tener un <strong>coste de mantenimiento m\u00e1s bajo<\/strong> en comparaci\u00f3n con veh\u00edculos de mayor tama\u00f1o, lo que los convierte en una opci\u00f3n popular entre los compradores de segunda mano, especialmente en grandes ciudades donde el espacio es limitado y la eficiencia es clave.<\/p>\n<h2><strong>Todoterrenos: una tendencia al alza<\/strong><\/h2>\n<p>Aunque los compactos ocupan el primer lugar en las ventas de agosto, los <a href=\"https:\/\/www.ocasionplus.com\/coches-ocasion\/todoterreno\"><strong>todoterrenos de segunda mano<\/strong><\/a> han ganado terreno r\u00e1pidamente, posicion\u00e1ndose como la segunda opci\u00f3n m\u00e1s buscada por los compradores de coches de segunda mano. Estos veh\u00edculos, conocidos por su <strong>robustez<\/strong>, <strong>espacio interior<\/strong> y <strong>capacidad para adaptarse a diferentes terrenos<\/strong>, han experimentado un auge en popularidad. Principalmente est\u00e1n impulsados por la preferencia de familias y conductores que buscan un coche m\u00e1s grande y vers\u00e1til.<\/p>\n<p>Los todoterrenos ofrecen una <strong>mayor sensaci\u00f3n de seguridad<\/strong> en la carretera y son ideales tanto para viajes largos como para desplazamientos en zonas rurales. Adem\u00e1s, con la creciente oferta de todoterrenos compactos o SUV de tama\u00f1o medio en el mercado de segunda mano, estos veh\u00edculos han conseguido atraer a conductores que buscan la combinaci\u00f3n de espacio y manejo sin sacrificar la comodidad<\/p>\n<h2><strong>Factores que impulsan las ventas de estos modelos<\/strong><\/h2>\n<p>Seg\u00fan el estudio de <strong>OcasionPlus<\/strong>, varios factores han influido en la preferencia por los compactos y todoterrenos en el mercado de segunda mano. En primer lugar, la <strong>diversidad de modelos<\/strong> disponibles en ambos segmentos ha permitido a los compradores encontrar veh\u00edculos que se ajusten a sus necesidades y presupuesto. Tanto los compactos como los todoterrenos ofrecen una <strong>excelente relaci\u00f3n calidad-precio<\/strong>, especialmente en el mercado de ocasi\u00f3n, donde es posible encontrar versiones bien equipadas a precios competitivos.<\/p>\n<p>Por otro lado, la <strong>fiabilidad<\/strong> y el <strong>bajo consumo<\/strong> de los coches compactos los ha mantenido como una opci\u00f3n preferida para los conductores que buscan un veh\u00edculo pr\u00e1ctico y econ\u00f3mico para su d\u00eda a d\u00eda. Mientras tanto, los todoterrenos han atra\u00eddo a compradores que necesitan un coche m\u00e1s espacioso y resistente, ya sea para actividades familiares o para trayectos m\u00e1s largos y exigentes.<\/p>\n<h2><strong>\u00bfQu\u00e9 podemos esperar de las tendencias futuras?<\/strong><\/h2>\n<p>A medida que m\u00e1s conductores buscan opciones vers\u00e1tiles y adaptadas a sus necesidades, es probable que tanto los compactos como los todoterrenos contin\u00faen dominando el <a href=\"https:\/\/www.ocasionplus.com\/noticias\/analisis-del-mercado-de-coches-de-segunda-mano\/\">mercado de segunda mano<\/a>. Los <strong>compactos<\/strong> seguir\u00e1n siendo los favoritos para aquellos que priorizan la <strong>eficiencia urbana<\/strong>, mientras que los <strong>todoterrenos<\/strong> continuar\u00e1n ganando popularidad entre quienes necesitan un veh\u00edculo m\u00e1s espacioso y multifuncional.<\/p>\n<p>Ya sea que busques un coche eficiente y f\u00e1cil de manejar en la ciudad o un veh\u00edculo m\u00e1s robusto y vers\u00e1til, en <a href=\"https:\/\/www.ocasionplus.com\/\"><strong>OcasionPlus<\/strong><\/a> puedes encontrar una amplia selecci\u00f3n de modelos que se ajustan a todas las necesidades y preferencias.<\/p>\n<p>[\/vc_column_text][\/vc_column][\/vc_row][vc_row el_class=&#8221;comprar-coche-CTA&#8221;][vc_column][vc_custom_heading text=&#8221;Encuentra tu coche de ocasi\u00f3n al mejor precio&#8221; use_theme_fonts=&#8221;yes&#8221; css=&#8221;&#8221;][vc_row_inner][vc_column_inner width=&#8221;8\/12&#8243;][vc_column_text css=&#8221;&#8221;]<\/p>\n<p>Ofrecemos la mejor relaci\u00f3n calidad-precio en todos nuestros m\u00e1s de 8.000 coches de segunda mano.<\/p>\n<p>[\/vc_column_text][\/vc_column_inner][vc_column_inner width=&#8221;4\/12&#8243;][vc_btn title=&#8221;Busca Ahora&#8221; style=&#8221;custom&#8221; custom_background=&#8221;#009fe3&#8243; custom_text=&#8221;#ffffff&#8221; align=&#8221;center&#8221; css=&#8221;&#8221; link=&#8221;url:https%3A%2F%2Fwww.ocasionplus.com%2Fcoches-ocasion|title:Busca%20tu%20Coche%20Ahora&#8221;][\/vc_column_inner][\/vc_row_inner][vc_row_inner el_id=&#8221;logo-placement&#8221; css=&#8221;.vc_custom_1719615816721{margin-top: 2px !important;margin-bottom: 12px !important;}&#8221;][vc_column_inner][vc_single_image image=&#8221;11299&#8243; img_size=&#8221;277&#215;43&#8243; alignment=&#8221;center&#8221; style=&#8221;vc_box_rounded&#8221; css=&#8221;&#8221; el_class=&#8221;logo-component-comprar&#8221;][\/vc_column_inner][\/vc_row_inner][\/vc_column][\/vc_row]<\/p>\n<\/div>","protected":false},"excerpt":{"rendered":"<p>[vc_row][vc_column][vc_column_text]El mercado de veh\u00edculos de segunda mano en Espa\u00f1a ha mostrado una clara preferencia por los coches compactos durante el mes de agosto, seg\u00fan un estudio de OcasionPlus. Estos modelos, que destacan por su versatilidad y eficiencia en la conducci\u00f3n urbana, han logrado posicionarse como los m\u00e1s vendidos, aunque los todoterrenos les siguen de cerca,&#8230;<\/p>\n","protected":false},"author":5,"featured_media":4176,"comment_status":"closed","ping_status":"open","sticky":false,"template":"","format":"standard","meta":{"footnotes":""},"categories":[379],"tags":[380,529,395],"class_list":["post-14296","post","type-post","status-publish","format-standard","has-post-thumbnail","hentry","category-actualidad","tag-coches-ocasion","tag-compacto","tag-todoterreno"],"yoast_head":"<!-- This site is optimized with the Yoast SEO Premium plugin v24.8 (Yoast SEO v24.8.1) - https:\/\/yoast.com\/wordpress\/plugins\/seo\/ -->\n<title>Compactos y todoterrenos lideran el mercado de ocasi\u00f3n<\/title>\n<meta name=\"description\" content=\"El mercado de veh\u00edculos de segunda mano en Espa\u00f1a ha mostrado una clara preferencia por los coches compactos durante el mes de agosto\" \/>\n<meta name=\"robots\" content=\"index, follow, max-snippet:-1, max-image-preview:large, max-video-preview:-1\" \/>\n<link rel=\"canonical\" href=\"https:\/\/www.ocasionplus.com\/noticias\/los-coches-compactos-y-los-todoterrreno-lideran-las-ventas-de-segunda-mano-en-agosto\/\" \/>\n<meta property=\"og:locale\" content=\"es_ES\" \/>\n<meta property=\"og:type\" content=\"article\" \/>\n<meta property=\"og:title\" content=\"Los coches compactos y los todoterrreno lideran las ventas de segunda mano en agosto\" \/>\n<meta property=\"og:description\" content=\"El mercado de veh\u00edculos de segunda mano en Espa\u00f1a ha mostrado una clara preferencia por los coches compactos durante el mes de agosto\" \/>\n<meta property=\"og:url\" content=\"https:\/\/www.ocasionplus.com\/noticias\/los-coches-compactos-y-los-todoterrreno-lideran-las-ventas-de-segunda-mano-en-agosto\/\" \/>\n<meta property=\"og:site_name\" content=\"OcasionPlus Blog\" \/>\n<meta property=\"article:publisher\" content=\"https:\/\/www.facebook.com\/ocasionplus\" \/>\n<meta property=\"article:published_time\" content=\"2024-09-10T10:43:47+00:00\" \/>\n<meta property=\"article:modified_time\" content=\"2025-03-27T09:39:19+00:00\" \/>\n<meta property=\"og:image\" content=\"https:\/\/www.ocasionplus.com\/wp-content\/uploads\/2017\/11\/ocasion-plus-tienda-paterna-valencia-5.jpg\" \/>\n\t<meta property=\"og:image:width\" content=\"1200\" \/>\n\t<meta property=\"og:image:height\" content=\"800\" \/>\n\t<meta property=\"og:image:type\" content=\"image\/jpeg\" \/>\n<meta name=\"author\" content=\"Virginia Mart\u00edn\" \/>\n<meta name=\"twitter:card\" content=\"summary_large_image\" \/>\n<meta name=\"twitter:creator\" content=\"@ocasionplus\" \/>\n<meta name=\"twitter:site\" content=\"@ocasionplus\" \/>\n<meta name=\"twitter:label1\" content=\"Escrito por\" \/>\n\t<meta name=\"twitter:data1\" content=\"Virginia Mart\u00edn\" \/>\n\t<meta name=\"twitter:label2\" content=\"Tiempo de lectura\" \/>\n\t<meta name=\"twitter:data2\" content=\"4 minutos\" \/>\n<script type=\"application\/ld+json\" class=\"yoast-schema-graph\">{\"@context\":\"https:\/\/schema.org\",\"@graph\":[{\"@type\":\"Article\",\"@id\":\"https:\/\/www.ocasionplus.com\/noticias\/los-coches-compactos-y-los-todoterrreno-lideran-las-ventas-de-segunda-mano-en-agosto\/#article\",\"isPartOf\":{\"@id\":\"https:\/\/www.ocasionplus.com\/noticias\/los-coches-compactos-y-los-todoterrreno-lideran-las-ventas-de-segunda-mano-en-agosto\/\"},\"author\":{\"name\":\"Virginia Mart\u00edn\",\"@id\":\"https:\/\/www.ocasionplus.com\/noticias\/#\/schema\/person\/a1075deecd7b6f7a6b47339c056c5ccb\"},\"headline\":\"Los coches compactos y los todoterrreno lideran las ventas de segunda mano en agosto\",\"datePublished\":\"2024-09-10T10:43:47+00:00\",\"dateModified\":\"2025-03-27T09:39:19+00:00\",\"mainEntityOfPage\":{\"@id\":\"https:\/\/www.ocasionplus.com\/noticias\/los-coches-compactos-y-los-todoterrreno-lideran-las-ventas-de-segunda-mano-en-agosto\/\"},\"wordCount\":795,\"publisher\":{\"@id\":\"https:\/\/www.ocasionplus.com\/noticias\/#organization\"},\"image\":{\"@id\":\"https:\/\/www.ocasionplus.com\/noticias\/los-coches-compactos-y-los-todoterrreno-lideran-las-ventas-de-segunda-mano-en-agosto\/#primaryimage\"},\"thumbnailUrl\":\"https:\/\/www.ocasionplus.com\/wp-content\/uploads\/2017\/11\/ocasion-plus-tienda-paterna-valencia-5.jpg\",\"keywords\":[\"coches ocasion\",\"compacto\",\"todoterreno\"],\"articleSection\":[\"Actualidad\"],\"inLanguage\":\"es\",\"copyrightYear\":\"2024\",\"copyrightHolder\":{\"@id\":\"https:\/\/www.ocasionplus.com\/noticias\/#organization\"}},{\"@type\":\"WebPage\",\"@id\":\"https:\/\/www.ocasionplus.com\/noticias\/los-coches-compactos-y-los-todoterrreno-lideran-las-ventas-de-segunda-mano-en-agosto\/\",\"url\":\"https:\/\/www.ocasionplus.com\/noticias\/los-coches-compactos-y-los-todoterrreno-lideran-las-ventas-de-segunda-mano-en-agosto\/\",\"name\":\"Compactos y todoterrenos lideran el mercado de ocasi\u00f3n\",\"isPartOf\":{\"@id\":\"https:\/\/www.ocasionplus.com\/noticias\/#website\"},\"primaryImageOfPage\":{\"@id\":\"https:\/\/www.ocasionplus.com\/noticias\/los-coches-compactos-y-los-todoterrreno-lideran-las-ventas-de-segunda-mano-en-agosto\/#primaryimage\"},\"image\":{\"@id\":\"https:\/\/www.ocasionplus.com\/noticias\/los-coches-compactos-y-los-todoterrreno-lideran-las-ventas-de-segunda-mano-en-agosto\/#primaryimage\"},\"thumbnailUrl\":\"https:\/\/www.ocasionplus.com\/wp-content\/uploads\/2017\/11\/ocasion-plus-tienda-paterna-valencia-5.jpg\",\"datePublished\":\"2024-09-10T10:43:47+00:00\",\"dateModified\":\"2025-03-27T09:39:19+00:00\",\"description\":\"El mercado de veh\u00edculos de segunda mano en Espa\u00f1a ha mostrado una clara preferencia por los coches compactos durante el mes de agosto\",\"breadcrumb\":{\"@id\":\"https:\/\/www.ocasionplus.com\/noticias\/los-coches-compactos-y-los-todoterrreno-lideran-las-ventas-de-segunda-mano-en-agosto\/#breadcrumb\"},\"inLanguage\":\"es\",\"potentialAction\":[{\"@type\":\"ReadAction\",\"target\":[\"https:\/\/www.ocasionplus.com\/noticias\/los-coches-compactos-y-los-todoterrreno-lideran-las-ventas-de-segunda-mano-en-agosto\/\"]}]},{\"@type\":\"ImageObject\",\"inLanguage\":\"es\",\"@id\":\"https:\/\/www.ocasionplus.com\/noticias\/los-coches-compactos-y-los-todoterrreno-lideran-las-ventas-de-segunda-mano-en-agosto\/#primaryimage\",\"url\":\"https:\/\/www.ocasionplus.com\/wp-content\/uploads\/2017\/11\/ocasion-plus-tienda-paterna-valencia-5.jpg\",\"contentUrl\":\"https:\/\/www.ocasionplus.com\/wp-content\/uploads\/2017\/11\/ocasion-plus-tienda-paterna-valencia-5.jpg\",\"width\":1200,\"height\":800,\"caption\":\"Los coches SUV y todoterreno son los m\u00e1s vendidos en julio en OcasionPlus Valencia\"},{\"@type\":\"BreadcrumbList\",\"@id\":\"https:\/\/www.ocasionplus.com\/noticias\/los-coches-compactos-y-los-todoterrreno-lideran-las-ventas-de-segunda-mano-en-agosto\/#breadcrumb\",\"itemListElement\":[{\"@type\":\"ListItem\",\"position\":1,\"name\":\"Portada\",\"item\":\"https:\/\/www.ocasionplus.com\/noticias\/\"},{\"@type\":\"ListItem\",\"position\":2,\"name\":\"Los coches compactos y los todoterrreno lideran las ventas de segunda mano en agosto\"}]},{\"@type\":\"WebSite\",\"@id\":\"https:\/\/www.ocasionplus.com\/noticias\/#website\",\"url\":\"https:\/\/www.ocasionplus.com\/noticias\/\",\"name\":\"OcasionPlus Blog\",\"description\":\"Veh\u00edculos de ocasi\u00f3n\",\"publisher\":{\"@id\":\"https:\/\/www.ocasionplus.com\/noticias\/#organization\"},\"potentialAction\":[{\"@type\":\"SearchAction\",\"target\":{\"@type\":\"EntryPoint\",\"urlTemplate\":\"https:\/\/www.ocasionplus.com\/noticias\/?s={search_term_string}\"},\"query-input\":{\"@type\":\"PropertyValueSpecification\",\"valueRequired\":true,\"valueName\":\"search_term_string\"}}],\"inLanguage\":\"es\"},{\"@type\":\"Organization\",\"@id\":\"https:\/\/www.ocasionplus.com\/noticias\/#organization\",\"name\":\"OcasionPlus\",\"url\":\"https:\/\/www.ocasionplus.com\/noticias\/\",\"logo\":{\"@type\":\"ImageObject\",\"inLanguage\":\"es\",\"@id\":\"https:\/\/www.ocasionplus.com\/noticias\/#\/schema\/logo\/image\/\",\"url\":\"https:\/\/www.ocasionplus.com\/wp-content\/uploads\/2024\/05\/cropped-cropped-oplus-logo-blog.png\",\"contentUrl\":\"https:\/\/www.ocasionplus.com\/wp-content\/uploads\/2024\/05\/cropped-cropped-oplus-logo-blog.png\",\"width\":360,\"height\":71,\"caption\":\"OcasionPlus\"},\"image\":{\"@id\":\"https:\/\/www.ocasionplus.com\/noticias\/#\/schema\/logo\/image\/\"},\"sameAs\":[\"https:\/\/www.facebook.com\/ocasionplus\",\"https:\/\/x.com\/ocasionplus\",\"https:\/\/www.instagram.com\/ocasion_plus\",\"https:\/\/www.youtube.com\/channel\/UCBiCAto61Lyu27CgI95wrYQ\",\"https:\/\/www.tiktok.com\/@ocasionplus.com\",\"https:\/\/es.linkedin.com\/company\/ocasionplus\"]},{\"@type\":\"Person\",\"@id\":\"https:\/\/www.ocasionplus.com\/noticias\/#\/schema\/person\/a1075deecd7b6f7a6b47339c056c5ccb\",\"name\":\"Virginia Mart\u00edn\",\"image\":{\"@type\":\"ImageObject\",\"inLanguage\":\"es\",\"@id\":\"https:\/\/www.ocasionplus.com\/noticias\/#\/schema\/person\/image\/\",\"url\":\"https:\/\/secure.gravatar.com\/avatar\/d80007416602574d8db3ca288c3225e9?s=96&d=mm&r=g\",\"contentUrl\":\"https:\/\/secure.gravatar.com\/avatar\/d80007416602574d8db3ca288c3225e9?s=96&d=mm&r=g\",\"caption\":\"Virginia Mart\u00edn\"},\"description\":\"Soy Virginia Mart\u00edn, especialista en comunicaci\u00f3n y una entusiasta de las historias que conectan. En Ocasionplus, mi objetivo es hacerte sentir parte de cada noticia, con un toque de cercan\u00eda y profesionalidad.\"}]}<\/script>\n<!-- \/ Yoast SEO Premium plugin. -->","yoast_head_json":{"title":"Compactos y todoterrenos lideran el mercado de ocasi\u00f3n","description":"El mercado de veh\u00edculos de segunda mano en Espa\u00f1a ha mostrado una clara preferencia por los coches compactos durante el mes de agosto","robots":{"index":"index","follow":"follow","max-snippet":"max-snippet:-1","max-image-preview":"max-image-preview:large","max-video-preview":"max-video-preview:-1"},"canonical":"https:\/\/www.ocasionplus.com\/noticias\/los-coches-compactos-y-los-todoterrreno-lideran-las-ventas-de-segunda-mano-en-agosto\/","og_locale":"es_ES","og_type":"article","og_title":"Los coches compactos y los todoterrreno lideran las ventas de segunda mano en agosto","og_description":"El mercado de veh\u00edculos de segunda mano en Espa\u00f1a ha mostrado una clara preferencia por los coches compactos durante el mes de agosto","og_url":"https:\/\/www.ocasionplus.com\/noticias\/los-coches-compactos-y-los-todoterrreno-lideran-las-ventas-de-segunda-mano-en-agosto\/","og_site_name":"OcasionPlus Blog","article_publisher":"https:\/\/www.facebook.com\/ocasionplus","article_published_time":"2024-09-10T10:43:47+00:00","article_modified_time":"2025-03-27T09:39:19+00:00","og_image":[{"width":1200,"height":800,"url":"https:\/\/www.ocasionplus.com\/wp-content\/uploads\/2017\/11\/ocasion-plus-tienda-paterna-valencia-5.jpg","type":"image\/jpeg"}],"author":"Virginia Mart\u00edn","twitter_card":"summary_large_image","twitter_creator":"@ocasionplus","twitter_site":"@ocasionplus","twitter_misc":{"Escrito por":"Virginia Mart\u00edn","Tiempo de lectura":"4 minutos"},"schema":{"@context":"https:\/\/schema.org","@graph":[{"@type":"Article","@id":"https:\/\/www.ocasionplus.com\/noticias\/los-coches-compactos-y-los-todoterrreno-lideran-las-ventas-de-segunda-mano-en-agosto\/#article","isPartOf":{"@id":"https:\/\/www.ocasionplus.com\/noticias\/los-coches-compactos-y-los-todoterrreno-lideran-las-ventas-de-segunda-mano-en-agosto\/"},"author":{"name":"Virginia Mart\u00edn","@id":"https:\/\/www.ocasionplus.com\/noticias\/#\/schema\/person\/a1075deecd7b6f7a6b47339c056c5ccb"},"headline":"Los coches compactos y los todoterrreno lideran las ventas de segunda mano en agosto","datePublished":"2024-09-10T10:43:47+00:00","dateModified":"2025-03-27T09:39:19+00:00","mainEntityOfPage":{"@id":"https:\/\/www.ocasionplus.com\/noticias\/los-coches-compactos-y-los-todoterrreno-lideran-las-ventas-de-segunda-mano-en-agosto\/"},"wordCount":795,"publisher":{"@id":"https:\/\/www.ocasionplus.com\/noticias\/#organization"},"image":{"@id":"https:\/\/www.ocasionplus.com\/noticias\/los-coches-compactos-y-los-todoterrreno-lideran-las-ventas-de-segunda-mano-en-agosto\/#primaryimage"},"thumbnailUrl":"https:\/\/www.ocasionplus.com\/wp-content\/uploads\/2017\/11\/ocasion-plus-tienda-paterna-valencia-5.jpg","keywords":["coches ocasion","compacto","todoterreno"],"articleSection":["Actualidad"],"inLanguage":"es","copyrightYear":"2024","copyrightHolder":{"@id":"https:\/\/www.ocasionplus.com\/noticias\/#organization"}},{"@type":"WebPage","@id":"https:\/\/www.ocasionplus.com\/noticias\/los-coches-compactos-y-los-todoterrreno-lideran-las-ventas-de-segunda-mano-en-agosto\/","url":"https:\/\/www.ocasionplus.com\/noticias\/los-coches-compactos-y-los-todoterrreno-lideran-las-ventas-de-segunda-mano-en-agosto\/","name":"Compactos y todoterrenos lideran el mercado de ocasi\u00f3n","isPartOf":{"@id":"https:\/\/www.ocasionplus.com\/noticias\/#website"},"primaryImageOfPage":{"@id":"https:\/\/www.ocasionplus.com\/noticias\/los-coches-compactos-y-los-todoterrreno-lideran-las-ventas-de-segunda-mano-en-agosto\/#primaryimage"},"image":{"@id":"https:\/\/www.ocasionplus.com\/noticias\/los-coches-compactos-y-los-todoterrreno-lideran-las-ventas-de-segunda-mano-en-agosto\/#primaryimage"},"thumbnailUrl":"https:\/\/www.ocasionplus.com\/wp-content\/uploads\/2017\/11\/ocasion-plus-tienda-paterna-valencia-5.jpg","datePublished":"2024-09-10T10:43:47+00:00","dateModified":"2025-03-27T09:39:19+00:00","description":"El mercado de veh\u00edculos de segunda mano en Espa\u00f1a ha mostrado una clara preferencia por los coches compactos durante el mes de agosto","breadcrumb":{"@id":"https:\/\/www.ocasionplus.com\/noticias\/los-coches-compactos-y-los-todoterrreno-lideran-las-ventas-de-segunda-mano-en-agosto\/#breadcrumb"},"inLanguage":"es","potentialAction":[{"@type":"ReadAction","target":["https:\/\/www.ocasionplus.com\/noticias\/los-coches-compactos-y-los-todoterrreno-lideran-las-ventas-de-segunda-mano-en-agosto\/"]}]},{"@type":"ImageObject","inLanguage":"es","@id":"https:\/\/www.ocasionplus.com\/noticias\/los-coches-compactos-y-los-todoterrreno-lideran-las-ventas-de-segunda-mano-en-agosto\/#primaryimage","url":"https:\/\/www.ocasionplus.com\/wp-content\/uploads\/2017\/11\/ocasion-plus-tienda-paterna-valencia-5.jpg","contentUrl":"https:\/\/www.ocasionplus.com\/wp-content\/uploads\/2017\/11\/ocasion-plus-tienda-paterna-valencia-5.jpg","width":1200,"height":800,"caption":"Los coches SUV y todoterreno son los m\u00e1s vendidos en julio en OcasionPlus Valencia"},{"@type":"BreadcrumbList","@id":"https:\/\/www.ocasionplus.com\/noticias\/los-coches-compactos-y-los-todoterrreno-lideran-las-ventas-de-segunda-mano-en-agosto\/#breadcrumb","itemListElement":[{"@type":"ListItem","position":1,"name":"Portada","item":"https:\/\/www.ocasionplus.com\/noticias\/"},{"@type":"ListItem","position":2,"name":"Los coches compactos y los todoterrreno lideran las ventas de segunda mano en agosto"}]},{"@type":"WebSite","@id":"https:\/\/www.ocasionplus.com\/noticias\/#website","url":"https:\/\/www.ocasionplus.com\/noticias\/","name":"OcasionPlus Blog","description":"Veh\u00edculos de ocasi\u00f3n","publisher":{"@id":"https:\/\/www.ocasionplus.com\/noticias\/#organization"},"potentialAction":[{"@type":"SearchAction","target":{"@type":"EntryPoint","urlTemplate":"https:\/\/www.ocasionplus.com\/noticias\/?s={search_term_string}"},"query-input":{"@type":"PropertyValueSpecification","valueRequired":true,"valueName":"search_term_string"}}],"inLanguage":"es"},{"@type":"Organization","@id":"https:\/\/www.ocasionplus.com\/noticias\/#organization","name":"OcasionPlus","url":"https:\/\/www.ocasionplus.com\/noticias\/","logo":{"@type":"ImageObject","inLanguage":"es","@id":"https:\/\/www.ocasionplus.com\/noticias\/#\/schema\/logo\/image\/","url":"https:\/\/www.ocasionplus.com\/wp-content\/uploads\/2024\/05\/cropped-cropped-oplus-logo-blog.png","contentUrl":"https:\/\/www.ocasionplus.com\/wp-content\/uploads\/2024\/05\/cropped-cropped-oplus-logo-blog.png","width":360,"height":71,"caption":"OcasionPlus"},"image":{"@id":"https:\/\/www.ocasionplus.com\/noticias\/#\/schema\/logo\/image\/"},"sameAs":["https:\/\/www.facebook.com\/ocasionplus","https:\/\/x.com\/ocasionplus","https:\/\/www.instagram.com\/ocasion_plus","https:\/\/www.youtube.com\/channel\/UCBiCAto61Lyu27CgI95wrYQ","https:\/\/www.tiktok.com\/@ocasionplus.com","https:\/\/es.linkedin.com\/company\/ocasionplus"]},{"@type":"Person","@id":"https:\/\/www.ocasionplus.com\/noticias\/#\/schema\/person\/a1075deecd7b6f7a6b47339c056c5ccb","name":"Virginia Mart\u00edn","image":{"@type":"ImageObject","inLanguage":"es","@id":"https:\/\/www.ocasionplus.com\/noticias\/#\/schema\/person\/image\/","url":"https:\/\/secure.gravatar.com\/avatar\/d80007416602574d8db3ca288c3225e9?s=96&d=mm&r=g","contentUrl":"https:\/\/secure.gravatar.com\/avatar\/d80007416602574d8db3ca288c3225e9?s=96&d=mm&r=g","caption":"Virginia Mart\u00edn"},"description":"Soy Virginia Mart\u00edn, especialista en comunicaci\u00f3n y una entusiasta de las historias que conectan. En Ocasionplus, mi objetivo es hacerte sentir parte de cada noticia, con un toque de cercan\u00eda y profesionalidad."}]}},"jetpack_featured_media_url":"https:\/\/www.ocasionplus.com\/wp-content\/uploads\/2017\/11\/ocasion-plus-tienda-paterna-valencia-5.jpg","_links":{"self":[{"href":"https:\/\/www.ocasionplus.com\/noticias\/wp-json\/wp\/v2\/posts\/14296","targetHints":{"allow":["GET"]}}],"collection":[{"href":"https:\/\/www.ocasionplus.com\/noticias\/wp-json\/wp\/v2\/posts"}],"about":[{"href":"https:\/\/www.ocasionplus.com\/noticias\/wp-json\/wp\/v2\/types\/post"}],"author":[{"embeddable":true,"href":"https:\/\/www.ocasionplus.com\/noticias\/wp-json\/wp\/v2\/users\/5"}],"replies":[{"embeddable":true,"href":"https:\/\/www.ocasionplus.com\/noticias\/wp-json\/wp\/v2\/comments?post=14296"}],"version-history":[{"count":1,"href":"https:\/\/www.ocasionplus.com\/noticias\/wp-json\/wp\/v2\/posts\/14296\/revisions"}],"predecessor-version":[{"id":14300,"href":"https:\/\/www.ocasionplus.com\/noticias\/wp-json\/wp\/v2\/posts\/14296\/revisions\/14300"}],"wp:featuredmedia":[{"embeddable":true,"href":"https:\/\/www.ocasionplus.com\/noticias\/wp-json\/wp\/v2\/media\/4176"}],"wp:attachment":[{"href":"https:\/\/www.ocasionplus.com\/noticias\/wp-json\/wp\/v2\/media?parent=14296"}],"wp:term":[{"taxonomy":"category","embeddable":true,"href":"https:\/\/www.ocasionplus.com\/noticias\/wp-json\/wp\/v2\/categories?post=14296"},{"taxonomy":"post_tag","embeddable":true,"href":"https:\/\/www.ocasionplus.com\/noticias\/wp-json\/wp\/v2\/tags?post=14296"}],"curies":[{"name":"wp","href":"https:\/\/api.w.org\/{rel}","templated":true}]}}