{"id":14303,"date":"2024-09-10T13:45:23","date_gmt":"2024-09-10T11:45:23","guid":{"rendered":"https:\/\/www.ocasionplus.com\/noticias\/?p=14303"},"modified":"2025-03-27T10:39:18","modified_gmt":"2025-03-27T09:39:18","slug":"la-etiqueta-c-lidera-las-ventas-de-coches-de-segunda-mano-en-agosto","status":"publish","type":"post","link":"https:\/\/www.ocasionplus.com\/noticias\/la-etiqueta-c-lidera-las-ventas-de-coches-de-segunda-mano-en-agosto\/","title":{"rendered":"La etiqueta C lidera las ventas de coches de segunda mano en agosto"},"content":{"rendered":"<div class=\"wpb-content-wrapper\"><p>[vc_row][vc_column][vc_column_text]Seg\u00fan los datos de OcasionPlus, <strong>la etiqueta C lider\u00f3 las ventas<\/strong> de <a href=\"https:\/\/www.ocasionplus.com\/coches-ocasion\">coches de segunda mano<\/a> en agosto. Se vendieron cerca de 43 coches diarios con esta etiqueta en los m\u00e1s de 90 centros distribuidos por todo el pa\u00eds. Esta tendencia refleja la preferencia de los compradores por veh\u00edculos que cumplen con las normativas medioambientales sin sacrificar el rendimiento.<\/p>\n<h2>La etiqueta C lidera las ventas en agosto<\/h2>\n<p>Durante el mes de agosto, los concesionarios de OcasionPlus experimentaron un notable incremento en la venta de <a href=\"https:\/\/www.ocasionplus.com\/coches-ocasion\/c\">coches de segunda mano con etiqueta C<\/a>. En total, se vendieron cerca de 1.350 coches con esta etiqueta, lo que demuestra una clara inclinaci\u00f3n de los consumidores hacia opciones que ofrecen un equilibrio entre precio y cumplimiento de las normativas ambientales.<\/p>\n<p>La etiqueta C se otorga a los veh\u00edculos de gasolina matriculados a partir de enero de 2006 y los coches di\u00e9sel a partir de septiembre de 2015. Son la opci\u00f3n preferida por su accesibilidad y menor impacto ambiental en comparaci\u00f3n con veh\u00edculos m\u00e1s antiguos.<\/p>\n<p>A pesar del dominio de la etiqueta medioambiental C, los <a href=\"https:\/\/www.ocasionplus.com\/coches-ocasion\/eco\">coches de segunda mano con etiqueta ECO<\/a> mostraron un aumento en las ventas, posicion\u00e1ndose como la segunda opci\u00f3n m\u00e1s popular entre los compradores. Este incremento, aunque leve, indica una creciente preferencia por veh\u00edculos m\u00e1s sostenibles y eficientes. <strong>La etiqueta ECO, se otorga a los veh\u00edculos h\u00edbridos y a aquellos que utilizan gas<\/strong>. Ofrece ventajas adicionales como la posibilidad de circular en zonas de bajas emisiones y beneficios fiscales, lo que la convierte en una opci\u00f3n atractiva para muchos conductores.<\/p>\n<h2>Coches de ocasi\u00f3n<\/h2>\n<p>Si est\u00e1s considerando la compra de un coche de segunda mano, OcasionPlus es tu mejor opci\u00f3n. Con una amplia variedad de veh\u00edculos con etiqueta C y ECO, puedes encontrar el coche que mejor se adapte a tus necesidades y contribuir a un futuro m\u00e1s sostenible. Visita uno de los m\u00e1s de 90 centros de OcasionPlus y descubre las ventajas de adquirir un coche de segunda mano con las mejores condiciones del mercado.[\/vc_column_text][\/vc_column][\/vc_row][vc_row el_class=&#8221;comprar-coche-CTA&#8221;][vc_column][vc_custom_heading text=&#8221;Encuentra tu coche de ocasi\u00f3n con etiqueta C al mejor precio&#8221; use_theme_fonts=&#8221;yes&#8221; css=&#8221;&#8221;][vc_row_inner][vc_column_inner width=&#8221;8\/12&#8243;][vc_column_text css=&#8221;&#8221;]<\/p>\n<p>Ofrecemos la mejor relaci\u00f3n calidad-precio en todos nuestros m\u00e1s de 8.000 coches de segunda mano.<\/p>\n<p>[\/vc_column_text][\/vc_column_inner][vc_column_inner width=&#8221;4\/12&#8243;][vc_btn title=&#8221;Busca Ahora&#8221; style=&#8221;custom&#8221; custom_background=&#8221;#009fe3&#8243; custom_text=&#8221;#ffffff&#8221; align=&#8221;center&#8221; css=&#8221;&#8221; link=&#8221;url:https%3A%2F%2Fwww.ocasionplus.com%2Fcoches-ocasion%2Fc|title:Busca%20tu%20Coche%20Ahora&#8221;][\/vc_column_inner][\/vc_row_inner][vc_row_inner el_id=&#8221;logo-placement&#8221; css=&#8221;.vc_custom_1719615816721{margin-top: 2px !important;margin-bottom: 12px !important;}&#8221;][vc_column_inner][vc_single_image image=&#8221;11299&#8243; img_size=&#8221;277&#215;43&#8243; alignment=&#8221;center&#8221; style=&#8221;vc_box_rounded&#8221; css=&#8221;&#8221; el_class=&#8221;logo-component-comprar&#8221;][\/vc_column_inner][\/vc_row_inner][\/vc_column][\/vc_row]<\/p>\n<\/div>","protected":false},"excerpt":{"rendered":"<p>[vc_row][vc_column][vc_column_text]Seg\u00fan los datos de OcasionPlus, la etiqueta C lider\u00f3 las ventas de coches de segunda mano en agosto. Se vendieron cerca de 43 coches diarios con esta etiqueta en los m\u00e1s de 90 centros distribuidos por todo el pa\u00eds. Esta tendencia refleja la preferencia de los compradores por veh\u00edculos que cumplen con las normativas medioambientales&#8230;<\/p>\n","protected":false},"author":3,"featured_media":9631,"comment_status":"closed","ping_status":"open","sticky":false,"template":"","format":"standard","meta":{"footnotes":""},"categories":[2],"tags":[593,380],"class_list":["post-14303","post","type-post","status-publish","format-standard","has-post-thumbnail","hentry","category-ultimas-noticias","tag-c","tag-coches-ocasion"],"yoast_head":"<!-- This site is optimized with the Yoast SEO Premium plugin v24.8 (Yoast SEO v24.8.1) - https:\/\/yoast.com\/wordpress\/plugins\/seo\/ -->\n<title>Etiqueta C lidera las ventas de coches de segunda mano en agosto<\/title>\n<meta name=\"description\" content=\"Los coches de etiqueta C lideran las ventas de coches de segunda mano en agosto. Cerca del 43 coches diarios se vendieron diariamente.\" \/>\n<meta name=\"robots\" content=\"index, follow, max-snippet:-1, max-image-preview:large, max-video-preview:-1\" \/>\n<link rel=\"canonical\" href=\"https:\/\/www.ocasionplus.com\/noticias\/la-etiqueta-c-lidera-las-ventas-de-coches-de-segunda-mano-en-agosto\/\" \/>\n<meta property=\"og:locale\" content=\"es_ES\" \/>\n<meta property=\"og:type\" content=\"article\" \/>\n<meta property=\"og:title\" content=\"La etiqueta C lidera las ventas de coches de segunda mano en agosto\" \/>\n<meta property=\"og:description\" content=\"Los coches de etiqueta C lideran las ventas de coches de segunda mano en agosto. Cerca del 43 coches diarios se vendieron diariamente.\" \/>\n<meta property=\"og:url\" content=\"https:\/\/www.ocasionplus.com\/noticias\/la-etiqueta-c-lidera-las-ventas-de-coches-de-segunda-mano-en-agosto\/\" \/>\n<meta property=\"og:site_name\" content=\"OcasionPlus Blog\" \/>\n<meta property=\"article:publisher\" content=\"https:\/\/www.facebook.com\/ocasionplus\" \/>\n<meta property=\"article:published_time\" content=\"2024-09-10T11:45:23+00:00\" \/>\n<meta property=\"article:modified_time\" content=\"2025-03-27T09:39:18+00:00\" \/>\n<meta property=\"og:image\" content=\"https:\/\/www.ocasionplus.com\/wp-content\/uploads\/2023\/05\/Etiqueta-C.jpg\" \/>\n\t<meta property=\"og:image:width\" content=\"1280\" \/>\n\t<meta property=\"og:image:height\" content=\"960\" \/>\n\t<meta property=\"og:image:type\" content=\"image\/jpeg\" \/>\n<meta name=\"author\" content=\"Cristhian Gonz\u00e1lez\" \/>\n<meta name=\"twitter:card\" content=\"summary_large_image\" \/>\n<meta name=\"twitter:creator\" content=\"@ocasionplus\" \/>\n<meta name=\"twitter:site\" content=\"@ocasionplus\" \/>\n<meta name=\"twitter:label1\" content=\"Escrito por\" \/>\n\t<meta name=\"twitter:data1\" content=\"Cristhian Gonz\u00e1lez\" \/>\n\t<meta name=\"twitter:label2\" content=\"Tiempo de lectura\" \/>\n\t<meta name=\"twitter:data2\" content=\"3 minutos\" \/>\n<script type=\"application\/ld+json\" class=\"yoast-schema-graph\">{\"@context\":\"https:\/\/schema.org\",\"@graph\":[{\"@type\":\"Article\",\"@id\":\"https:\/\/www.ocasionplus.com\/noticias\/la-etiqueta-c-lidera-las-ventas-de-coches-de-segunda-mano-en-agosto\/#article\",\"isPartOf\":{\"@id\":\"https:\/\/www.ocasionplus.com\/noticias\/la-etiqueta-c-lidera-las-ventas-de-coches-de-segunda-mano-en-agosto\/\"},\"author\":{\"name\":\"Cristhian Gonz\u00e1lez\",\"@id\":\"https:\/\/www.ocasionplus.com\/noticias\/#\/schema\/person\/db1203be564cc3ded97ad1dbd8aadc5b\"},\"headline\":\"La etiqueta C lidera las ventas de coches de segunda mano en agosto\",\"datePublished\":\"2024-09-10T11:45:23+00:00\",\"dateModified\":\"2025-03-27T09:39:18+00:00\",\"mainEntityOfPage\":{\"@id\":\"https:\/\/www.ocasionplus.com\/noticias\/la-etiqueta-c-lidera-las-ventas-de-coches-de-segunda-mano-en-agosto\/\"},\"wordCount\":526,\"publisher\":{\"@id\":\"https:\/\/www.ocasionplus.com\/noticias\/#organization\"},\"image\":{\"@id\":\"https:\/\/www.ocasionplus.com\/noticias\/la-etiqueta-c-lidera-las-ventas-de-coches-de-segunda-mano-en-agosto\/#primaryimage\"},\"thumbnailUrl\":\"https:\/\/www.ocasionplus.com\/wp-content\/uploads\/2023\/05\/Etiqueta-C.jpg\",\"keywords\":[\"c\",\"coches ocasion\"],\"articleSection\":[\"\u00daltimas Noticias\"],\"inLanguage\":\"es\",\"copyrightYear\":\"2024\",\"copyrightHolder\":{\"@id\":\"https:\/\/www.ocasionplus.com\/noticias\/#organization\"}},{\"@type\":\"WebPage\",\"@id\":\"https:\/\/www.ocasionplus.com\/noticias\/la-etiqueta-c-lidera-las-ventas-de-coches-de-segunda-mano-en-agosto\/\",\"url\":\"https:\/\/www.ocasionplus.com\/noticias\/la-etiqueta-c-lidera-las-ventas-de-coches-de-segunda-mano-en-agosto\/\",\"name\":\"Etiqueta C lidera las ventas de coches de segunda mano en agosto\",\"isPartOf\":{\"@id\":\"https:\/\/www.ocasionplus.com\/noticias\/#website\"},\"primaryImageOfPage\":{\"@id\":\"https:\/\/www.ocasionplus.com\/noticias\/la-etiqueta-c-lidera-las-ventas-de-coches-de-segunda-mano-en-agosto\/#primaryimage\"},\"image\":{\"@id\":\"https:\/\/www.ocasionplus.com\/noticias\/la-etiqueta-c-lidera-las-ventas-de-coches-de-segunda-mano-en-agosto\/#primaryimage\"},\"thumbnailUrl\":\"https:\/\/www.ocasionplus.com\/wp-content\/uploads\/2023\/05\/Etiqueta-C.jpg\",\"datePublished\":\"2024-09-10T11:45:23+00:00\",\"dateModified\":\"2025-03-27T09:39:18+00:00\",\"description\":\"Los coches de etiqueta C lideran las ventas de coches de segunda mano en agosto. Cerca del 43 coches diarios se vendieron diariamente.\",\"breadcrumb\":{\"@id\":\"https:\/\/www.ocasionplus.com\/noticias\/la-etiqueta-c-lidera-las-ventas-de-coches-de-segunda-mano-en-agosto\/#breadcrumb\"},\"inLanguage\":\"es\",\"potentialAction\":[{\"@type\":\"ReadAction\",\"target\":[\"https:\/\/www.ocasionplus.com\/noticias\/la-etiqueta-c-lidera-las-ventas-de-coches-de-segunda-mano-en-agosto\/\"]}]},{\"@type\":\"ImageObject\",\"inLanguage\":\"es\",\"@id\":\"https:\/\/www.ocasionplus.com\/noticias\/la-etiqueta-c-lidera-las-ventas-de-coches-de-segunda-mano-en-agosto\/#primaryimage\",\"url\":\"https:\/\/www.ocasionplus.com\/wp-content\/uploads\/2023\/05\/Etiqueta-C.jpg\",\"contentUrl\":\"https:\/\/www.ocasionplus.com\/wp-content\/uploads\/2023\/05\/Etiqueta-C.jpg\",\"width\":1280,\"height\":960,\"caption\":\"La etiqueta C es una de las etiquetas m\u00e1s utilizadas por los veh\u00edculos\"},{\"@type\":\"BreadcrumbList\",\"@id\":\"https:\/\/www.ocasionplus.com\/noticias\/la-etiqueta-c-lidera-las-ventas-de-coches-de-segunda-mano-en-agosto\/#breadcrumb\",\"itemListElement\":[{\"@type\":\"ListItem\",\"position\":1,\"name\":\"Portada\",\"item\":\"https:\/\/www.ocasionplus.com\/noticias\/\"},{\"@type\":\"ListItem\",\"position\":2,\"name\":\"La etiqueta C lidera las ventas de coches de segunda mano en agosto\"}]},{\"@type\":\"WebSite\",\"@id\":\"https:\/\/www.ocasionplus.com\/noticias\/#website\",\"url\":\"https:\/\/www.ocasionplus.com\/noticias\/\",\"name\":\"OcasionPlus Blog\",\"description\":\"Veh\u00edculos de ocasi\u00f3n\",\"publisher\":{\"@id\":\"https:\/\/www.ocasionplus.com\/noticias\/#organization\"},\"potentialAction\":[{\"@type\":\"SearchAction\",\"target\":{\"@type\":\"EntryPoint\",\"urlTemplate\":\"https:\/\/www.ocasionplus.com\/noticias\/?s={search_term_string}\"},\"query-input\":{\"@type\":\"PropertyValueSpecification\",\"valueRequired\":true,\"valueName\":\"search_term_string\"}}],\"inLanguage\":\"es\"},{\"@type\":\"Organization\",\"@id\":\"https:\/\/www.ocasionplus.com\/noticias\/#organization\",\"name\":\"OcasionPlus\",\"url\":\"https:\/\/www.ocasionplus.com\/noticias\/\",\"logo\":{\"@type\":\"ImageObject\",\"inLanguage\":\"es\",\"@id\":\"https:\/\/www.ocasionplus.com\/noticias\/#\/schema\/logo\/image\/\",\"url\":\"https:\/\/www.ocasionplus.com\/wp-content\/uploads\/2024\/05\/cropped-cropped-oplus-logo-blog.png\",\"contentUrl\":\"https:\/\/www.ocasionplus.com\/wp-content\/uploads\/2024\/05\/cropped-cropped-oplus-logo-blog.png\",\"width\":360,\"height\":71,\"caption\":\"OcasionPlus\"},\"image\":{\"@id\":\"https:\/\/www.ocasionplus.com\/noticias\/#\/schema\/logo\/image\/\"},\"sameAs\":[\"https:\/\/www.facebook.com\/ocasionplus\",\"https:\/\/x.com\/ocasionplus\",\"https:\/\/www.instagram.com\/ocasion_plus\",\"https:\/\/www.youtube.com\/channel\/UCBiCAto61Lyu27CgI95wrYQ\",\"https:\/\/www.tiktok.com\/@ocasionplus.com\",\"https:\/\/es.linkedin.com\/company\/ocasionplus\"]},{\"@type\":\"Person\",\"@id\":\"https:\/\/www.ocasionplus.com\/noticias\/#\/schema\/person\/db1203be564cc3ded97ad1dbd8aadc5b\",\"name\":\"Cristhian Gonz\u00e1lez\",\"image\":{\"@type\":\"ImageObject\",\"inLanguage\":\"es\",\"@id\":\"https:\/\/www.ocasionplus.com\/noticias\/#\/schema\/person\/image\/\",\"url\":\"https:\/\/secure.gravatar.com\/avatar\/30c0388f0815fd0ab8fb4cfad29866ac?s=96&d=mm&r=g\",\"contentUrl\":\"https:\/\/secure.gravatar.com\/avatar\/30c0388f0815fd0ab8fb4cfad29866ac?s=96&d=mm&r=g\",\"caption\":\"Cristhian Gonz\u00e1lez\"},\"description\":\"Periodista formado en Colombia. Siempre vinculado al deporte y con pasi\u00f3n por los coches. He asistido y cubierto diferentes eventos deportivos para diferentes medios de comunicaci\u00f3n.\"}]}<\/script>\n<!-- \/ Yoast SEO Premium plugin. -->","yoast_head_json":{"title":"Etiqueta C lidera las ventas de coches de segunda mano en agosto","description":"Los coches de etiqueta C lideran las ventas de coches de segunda mano en agosto. Cerca del 43 coches diarios se vendieron diariamente.","robots":{"index":"index","follow":"follow","max-snippet":"max-snippet:-1","max-image-preview":"max-image-preview:large","max-video-preview":"max-video-preview:-1"},"canonical":"https:\/\/www.ocasionplus.com\/noticias\/la-etiqueta-c-lidera-las-ventas-de-coches-de-segunda-mano-en-agosto\/","og_locale":"es_ES","og_type":"article","og_title":"La etiqueta C lidera las ventas de coches de segunda mano en agosto","og_description":"Los coches de etiqueta C lideran las ventas de coches de segunda mano en agosto. Cerca del 43 coches diarios se vendieron diariamente.","og_url":"https:\/\/www.ocasionplus.com\/noticias\/la-etiqueta-c-lidera-las-ventas-de-coches-de-segunda-mano-en-agosto\/","og_site_name":"OcasionPlus Blog","article_publisher":"https:\/\/www.facebook.com\/ocasionplus","article_published_time":"2024-09-10T11:45:23+00:00","article_modified_time":"2025-03-27T09:39:18+00:00","og_image":[{"width":1280,"height":960,"url":"https:\/\/www.ocasionplus.com\/wp-content\/uploads\/2023\/05\/Etiqueta-C.jpg","type":"image\/jpeg"}],"author":"Cristhian Gonz\u00e1lez","twitter_card":"summary_large_image","twitter_creator":"@ocasionplus","twitter_site":"@ocasionplus","twitter_misc":{"Escrito por":"Cristhian Gonz\u00e1lez","Tiempo de lectura":"3 minutos"},"schema":{"@context":"https:\/\/schema.org","@graph":[{"@type":"Article","@id":"https:\/\/www.ocasionplus.com\/noticias\/la-etiqueta-c-lidera-las-ventas-de-coches-de-segunda-mano-en-agosto\/#article","isPartOf":{"@id":"https:\/\/www.ocasionplus.com\/noticias\/la-etiqueta-c-lidera-las-ventas-de-coches-de-segunda-mano-en-agosto\/"},"author":{"name":"Cristhian Gonz\u00e1lez","@id":"https:\/\/www.ocasionplus.com\/noticias\/#\/schema\/person\/db1203be564cc3ded97ad1dbd8aadc5b"},"headline":"La etiqueta C lidera las ventas de coches de segunda mano en agosto","datePublished":"2024-09-10T11:45:23+00:00","dateModified":"2025-03-27T09:39:18+00:00","mainEntityOfPage":{"@id":"https:\/\/www.ocasionplus.com\/noticias\/la-etiqueta-c-lidera-las-ventas-de-coches-de-segunda-mano-en-agosto\/"},"wordCount":526,"publisher":{"@id":"https:\/\/www.ocasionplus.com\/noticias\/#organization"},"image":{"@id":"https:\/\/www.ocasionplus.com\/noticias\/la-etiqueta-c-lidera-las-ventas-de-coches-de-segunda-mano-en-agosto\/#primaryimage"},"thumbnailUrl":"https:\/\/www.ocasionplus.com\/wp-content\/uploads\/2023\/05\/Etiqueta-C.jpg","keywords":["c","coches ocasion"],"articleSection":["\u00daltimas Noticias"],"inLanguage":"es","copyrightYear":"2024","copyrightHolder":{"@id":"https:\/\/www.ocasionplus.com\/noticias\/#organization"}},{"@type":"WebPage","@id":"https:\/\/www.ocasionplus.com\/noticias\/la-etiqueta-c-lidera-las-ventas-de-coches-de-segunda-mano-en-agosto\/","url":"https:\/\/www.ocasionplus.com\/noticias\/la-etiqueta-c-lidera-las-ventas-de-coches-de-segunda-mano-en-agosto\/","name":"Etiqueta C lidera las ventas de coches de segunda mano en agosto","isPartOf":{"@id":"https:\/\/www.ocasionplus.com\/noticias\/#website"},"primaryImageOfPage":{"@id":"https:\/\/www.ocasionplus.com\/noticias\/la-etiqueta-c-lidera-las-ventas-de-coches-de-segunda-mano-en-agosto\/#primaryimage"},"image":{"@id":"https:\/\/www.ocasionplus.com\/noticias\/la-etiqueta-c-lidera-las-ventas-de-coches-de-segunda-mano-en-agosto\/#primaryimage"},"thumbnailUrl":"https:\/\/www.ocasionplus.com\/wp-content\/uploads\/2023\/05\/Etiqueta-C.jpg","datePublished":"2024-09-10T11:45:23+00:00","dateModified":"2025-03-27T09:39:18+00:00","description":"Los coches de etiqueta C lideran las ventas de coches de segunda mano en agosto. Cerca del 43 coches diarios se vendieron diariamente.","breadcrumb":{"@id":"https:\/\/www.ocasionplus.com\/noticias\/la-etiqueta-c-lidera-las-ventas-de-coches-de-segunda-mano-en-agosto\/#breadcrumb"},"inLanguage":"es","potentialAction":[{"@type":"ReadAction","target":["https:\/\/www.ocasionplus.com\/noticias\/la-etiqueta-c-lidera-las-ventas-de-coches-de-segunda-mano-en-agosto\/"]}]},{"@type":"ImageObject","inLanguage":"es","@id":"https:\/\/www.ocasionplus.com\/noticias\/la-etiqueta-c-lidera-las-ventas-de-coches-de-segunda-mano-en-agosto\/#primaryimage","url":"https:\/\/www.ocasionplus.com\/wp-content\/uploads\/2023\/05\/Etiqueta-C.jpg","contentUrl":"https:\/\/www.ocasionplus.com\/wp-content\/uploads\/2023\/05\/Etiqueta-C.jpg","width":1280,"height":960,"caption":"La etiqueta C es una de las etiquetas m\u00e1s utilizadas por los veh\u00edculos"},{"@type":"BreadcrumbList","@id":"https:\/\/www.ocasionplus.com\/noticias\/la-etiqueta-c-lidera-las-ventas-de-coches-de-segunda-mano-en-agosto\/#breadcrumb","itemListElement":[{"@type":"ListItem","position":1,"name":"Portada","item":"https:\/\/www.ocasionplus.com\/noticias\/"},{"@type":"ListItem","position":2,"name":"La etiqueta C lidera las ventas de coches de segunda mano en agosto"}]},{"@type":"WebSite","@id":"https:\/\/www.ocasionplus.com\/noticias\/#website","url":"https:\/\/www.ocasionplus.com\/noticias\/","name":"OcasionPlus Blog","description":"Veh\u00edculos de ocasi\u00f3n","publisher":{"@id":"https:\/\/www.ocasionplus.com\/noticias\/#organization"},"potentialAction":[{"@type":"SearchAction","target":{"@type":"EntryPoint","urlTemplate":"https:\/\/www.ocasionplus.com\/noticias\/?s={search_term_string}"},"query-input":{"@type":"PropertyValueSpecification","valueRequired":true,"valueName":"search_term_string"}}],"inLanguage":"es"},{"@type":"Organization","@id":"https:\/\/www.ocasionplus.com\/noticias\/#organization","name":"OcasionPlus","url":"https:\/\/www.ocasionplus.com\/noticias\/","logo":{"@type":"ImageObject","inLanguage":"es","@id":"https:\/\/www.ocasionplus.com\/noticias\/#\/schema\/logo\/image\/","url":"https:\/\/www.ocasionplus.com\/wp-content\/uploads\/2024\/05\/cropped-cropped-oplus-logo-blog.png","contentUrl":"https:\/\/www.ocasionplus.com\/wp-content\/uploads\/2024\/05\/cropped-cropped-oplus-logo-blog.png","width":360,"height":71,"caption":"OcasionPlus"},"image":{"@id":"https:\/\/www.ocasionplus.com\/noticias\/#\/schema\/logo\/image\/"},"sameAs":["https:\/\/www.facebook.com\/ocasionplus","https:\/\/x.com\/ocasionplus","https:\/\/www.instagram.com\/ocasion_plus","https:\/\/www.youtube.com\/channel\/UCBiCAto61Lyu27CgI95wrYQ","https:\/\/www.tiktok.com\/@ocasionplus.com","https:\/\/es.linkedin.com\/company\/ocasionplus"]},{"@type":"Person","@id":"https:\/\/www.ocasionplus.com\/noticias\/#\/schema\/person\/db1203be564cc3ded97ad1dbd8aadc5b","name":"Cristhian Gonz\u00e1lez","image":{"@type":"ImageObject","inLanguage":"es","@id":"https:\/\/www.ocasionplus.com\/noticias\/#\/schema\/person\/image\/","url":"https:\/\/secure.gravatar.com\/avatar\/30c0388f0815fd0ab8fb4cfad29866ac?s=96&d=mm&r=g","contentUrl":"https:\/\/secure.gravatar.com\/avatar\/30c0388f0815fd0ab8fb4cfad29866ac?s=96&d=mm&r=g","caption":"Cristhian Gonz\u00e1lez"},"description":"Periodista formado en Colombia. Siempre vinculado al deporte y con pasi\u00f3n por los coches. He asistido y cubierto diferentes eventos deportivos para diferentes medios de comunicaci\u00f3n."}]}},"jetpack_featured_media_url":"https:\/\/www.ocasionplus.com\/wp-content\/uploads\/2023\/05\/Etiqueta-C.jpg","_links":{"self":[{"href":"https:\/\/www.ocasionplus.com\/noticias\/wp-json\/wp\/v2\/posts\/14303","targetHints":{"allow":["GET"]}}],"collection":[{"href":"https:\/\/www.ocasionplus.com\/noticias\/wp-json\/wp\/v2\/posts"}],"about":[{"href":"https:\/\/www.ocasionplus.com\/noticias\/wp-json\/wp\/v2\/types\/post"}],"author":[{"embeddable":true,"href":"https:\/\/www.ocasionplus.com\/noticias\/wp-json\/wp\/v2\/users\/3"}],"replies":[{"embeddable":true,"href":"https:\/\/www.ocasionplus.com\/noticias\/wp-json\/wp\/v2\/comments?post=14303"}],"version-history":[{"count":1,"href":"https:\/\/www.ocasionplus.com\/noticias\/wp-json\/wp\/v2\/posts\/14303\/revisions"}],"predecessor-version":[{"id":14304,"href":"https:\/\/www.ocasionplus.com\/noticias\/wp-json\/wp\/v2\/posts\/14303\/revisions\/14304"}],"wp:featuredmedia":[{"embeddable":true,"href":"https:\/\/www.ocasionplus.com\/noticias\/wp-json\/wp\/v2\/media\/9631"}],"wp:attachment":[{"href":"https:\/\/www.ocasionplus.com\/noticias\/wp-json\/wp\/v2\/media?parent=14303"}],"wp:term":[{"taxonomy":"category","embeddable":true,"href":"https:\/\/www.ocasionplus.com\/noticias\/wp-json\/wp\/v2\/categories?post=14303"},{"taxonomy":"post_tag","embeddable":true,"href":"https:\/\/www.ocasionplus.com\/noticias\/wp-json\/wp\/v2\/tags?post=14303"}],"curies":[{"name":"wp","href":"https:\/\/api.w.org\/{rel}","templated":true}]}}