{"id":14319,"date":"2024-09-12T10:59:59","date_gmt":"2024-09-12T08:59:59","guid":{"rendered":"https:\/\/www.ocasionplus.com\/noticias\/?p=14319"},"modified":"2025-03-27T10:39:17","modified_gmt":"2025-03-27T09:39:17","slug":"compactos-lideran-ventas-en-madrid-agosto","status":"publish","type":"post","link":"https:\/\/www.ocasionplus.com\/noticias\/compactos-lideran-ventas-en-madrid-agosto\/","title":{"rendered":"Los coches compactos lideran las ventas en Madrid durante agosto"},"content":{"rendered":"<div class=\"wpb-content-wrapper\"><p>[vc_row][vc_column][vc_column_text]En el mes de agosto, los <a href=\"https:\/\/www.ocasionplus.com\/coches-ocasion\/compacto\">coches compactos<\/a> se consolid\u00f3 como <strong>la carrocer\u00eda con m\u00e1s ventas en Madrid<\/strong> durante agosto, seg\u00fan los <a href=\"https:\/\/www.ocasionplus.com\/noticias\/analisis-del-mercado-de-coches-de-segunda-mano\/\">datos proporcionados por OcasionPlus<\/a>. Este segmento del mercado automovil\u00edstico ha demostrado ser el preferido por los madrile\u00f1os, superando a otras opciones populares como los SUV.<\/p>\n<h2>Compactos lideran las ventas en Madrid durante agosto<\/h2>\n<p>En agosto, se vendieron un total de 132 <a href=\"https:\/\/www.ocasionplus.com\/coches-ocasion\/madrid\/compacto\">coches compactos de segunda mano en Madrid<\/a>, lo que <strong>equivale a una media de 4,2 veh\u00edculos vendidos diariamente<\/strong>. Esta cifra destaca la preferencia de los consumidores por este tipo de carrocer\u00eda, que combina eficiencia, maniobrabilidad y un dise\u00f1o atractivo. Los SUV, por su parte, ocuparon el segundo lugar en ventas con 124 unidades vendidas, es decir, 4 coches diarios. La diferencia en las ventas entre ambos tipos de veh\u00edculo refleja las tendencias actuales del mercado y las necesidades de los conductores madrile\u00f1os.<\/p>\n<p>Comparando estos datos con el mes de julio, se observa una tendencia similar en el comportamiento del mercado de <a href=\"https:\/\/www.ocasionplus.com\/coches-ocasion\/madrid\">coches de segunda mano en Madrid<\/a>. En julio, los coches compactos tambi\u00e9n lideraron las ventas. Esta consistencia en la preferencia por los coches compactos sugiere que los consumidores valoras las caracter\u00edsticas pr\u00e1cticas y econ\u00f3micas de estos veh\u00edculos, especialmente en un entorno urbano como Madrid.<\/p>\n<p>Los coches compactos son los veh\u00edculos preferidos por su versatilidad y eficiencia, siendo un veh\u00edculo ideal para la vida urbana. Mientras que los <a href=\"https:\/\/www.ocasionplus.com\/coches-ocasion\/todoterreno\">coches SUV o todoterrenos<\/a> han captado la atenci\u00f3n de los compradores por su capacidad para enfrentar diferentes terrenos y su robustez; adem\u00e1s, de su capacidad de carga.<\/p>\n<h2>Coches de ocasi\u00f3n en Madrid<\/h2>\n<p>Si est\u00e1s pensando en comprar un <a href=\"https:\/\/www.ocasionplus.com\/coches-ocasion\">coche de segunda mano<\/a>, OcasionPlus te ofrece una amplia variedad de opciones para satisfacer tus necesidades. No pierdas la oportunidad de encontrar el coche perfecto para ti y aprovecha las ofertas disponibles. \u00a1Vis\u00edtanos y descubre por qu\u00e9 tantos madrile\u00f1os conf\u00edan en nosotros para su compra de veh\u00edculos![\/vc_column_text][\/vc_column][\/vc_row][vc_row el_class=&#8221;comprar-coche-CTA&#8221;][vc_column][vc_custom_heading text=&#8221;Encuentra tu coche de ocasi\u00f3n en Madrid al mejor precio&#8221; use_theme_fonts=&#8221;yes&#8221; css=&#8221;&#8221;][vc_row_inner][vc_column_inner width=&#8221;8\/12&#8243;][vc_column_text css=&#8221;&#8221;]<\/p>\n<p>Ofrecemos la mejor relaci\u00f3n calidad-precio en todos nuestros m\u00e1s de 8.000 coches de segunda mano.<\/p>\n<p>[\/vc_column_text][\/vc_column_inner][vc_column_inner width=&#8221;4\/12&#8243;][vc_btn title=&#8221;Busca Ahora&#8221; style=&#8221;custom&#8221; custom_background=&#8221;#009fe3&#8243; custom_text=&#8221;#ffffff&#8221; align=&#8221;center&#8221; css=&#8221;&#8221; link=&#8221;url:https%3A%2F%2Fwww.ocasionplus.com%2Fcoches-ocasion%2Fmadrid|title:Busca%20tu%20Coche%20Ahora&#8221;][\/vc_column_inner][\/vc_row_inner][vc_row_inner el_id=&#8221;logo-placement&#8221; css=&#8221;.vc_custom_1719615816721{margin-top: 2px !important;margin-bottom: 12px !important;}&#8221;][vc_column_inner][vc_single_image image=&#8221;11299&#8243; img_size=&#8221;277&#215;43&#8243; alignment=&#8221;center&#8221; style=&#8221;vc_box_rounded&#8221; css=&#8221;&#8221; el_class=&#8221;logo-component-comprar&#8221;][\/vc_column_inner][\/vc_row_inner][\/vc_column][\/vc_row]<\/p>\n<\/div>","protected":false},"excerpt":{"rendered":"<p>[vc_row][vc_column][vc_column_text]En el mes de agosto, los coches compactos se consolid\u00f3 como la carrocer\u00eda con m\u00e1s ventas en Madrid durante agosto, seg\u00fan los datos proporcionados por OcasionPlus. Este segmento del mercado automovil\u00edstico ha demostrado ser el preferido por los madrile\u00f1os, superando a otras opciones populares como los SUV. Compactos lideran las ventas en Madrid durante agosto&#8230;<\/p>\n","protected":false},"author":3,"featured_media":14046,"comment_status":"closed","ping_status":"open","sticky":false,"template":"","format":"standard","meta":{"footnotes":""},"categories":[2],"tags":[380,529,383],"class_list":["post-14319","post","type-post","status-publish","format-standard","has-post-thumbnail","hentry","category-ultimas-noticias","tag-coches-ocasion","tag-compacto","tag-madrid"],"yoast_head":"<!-- This site is optimized with the Yoast SEO Premium plugin v24.8 (Yoast SEO v24.8.1) - https:\/\/yoast.com\/wordpress\/plugins\/seo\/ -->\n<title>Los coches compactos lideran las ventas en Madrid durante agosto - OcasionPlus Blog<\/title>\n<meta name=\"description\" content=\"Los coches compactos se consolidaron como la carrocer\u00eda con m\u00e1s ventas en Madrid durante agosto. Los sigue los todoterreno.\" \/>\n<meta name=\"robots\" content=\"index, follow, max-snippet:-1, max-image-preview:large, max-video-preview:-1\" \/>\n<link rel=\"canonical\" href=\"https:\/\/www.ocasionplus.com\/noticias\/compactos-lideran-ventas-en-madrid-agosto\/\" \/>\n<meta property=\"og:locale\" content=\"es_ES\" \/>\n<meta property=\"og:type\" content=\"article\" \/>\n<meta property=\"og:title\" content=\"Los coches compactos lideran las ventas en Madrid durante agosto\" \/>\n<meta property=\"og:description\" content=\"Los coches compactos se consolidaron como la carrocer\u00eda con m\u00e1s ventas en Madrid durante agosto. Los sigue los todoterreno.\" \/>\n<meta property=\"og:url\" content=\"https:\/\/www.ocasionplus.com\/noticias\/compactos-lideran-ventas-en-madrid-agosto\/\" \/>\n<meta property=\"og:site_name\" content=\"OcasionPlus Blog\" \/>\n<meta property=\"article:publisher\" content=\"https:\/\/www.facebook.com\/ocasionplus\" \/>\n<meta property=\"article:published_time\" content=\"2024-09-12T08:59:59+00:00\" \/>\n<meta property=\"article:modified_time\" content=\"2025-03-27T09:39:17+00:00\" \/>\n<meta property=\"og:image\" content=\"https:\/\/www.ocasionplus.com\/wp-content\/uploads\/2024\/08\/Nissan-Micra.jpg\" \/>\n\t<meta property=\"og:image:width\" content=\"1200\" \/>\n\t<meta property=\"og:image:height\" content=\"800\" \/>\n\t<meta property=\"og:image:type\" content=\"image\/jpeg\" \/>\n<meta name=\"author\" content=\"Cristhian Gonz\u00e1lez\" \/>\n<meta name=\"twitter:card\" content=\"summary_large_image\" \/>\n<meta name=\"twitter:creator\" content=\"@ocasionplus\" \/>\n<meta name=\"twitter:site\" content=\"@ocasionplus\" \/>\n<meta name=\"twitter:label1\" content=\"Escrito por\" \/>\n\t<meta name=\"twitter:data1\" content=\"Cristhian Gonz\u00e1lez\" \/>\n\t<meta name=\"twitter:label2\" content=\"Tiempo de lectura\" \/>\n\t<meta name=\"twitter:data2\" content=\"3 minutos\" \/>\n<script type=\"application\/ld+json\" class=\"yoast-schema-graph\">{\"@context\":\"https:\/\/schema.org\",\"@graph\":[{\"@type\":\"Article\",\"@id\":\"https:\/\/www.ocasionplus.com\/noticias\/compactos-lideran-ventas-en-madrid-agosto\/#article\",\"isPartOf\":{\"@id\":\"https:\/\/www.ocasionplus.com\/noticias\/compactos-lideran-ventas-en-madrid-agosto\/\"},\"author\":{\"name\":\"Cristhian Gonz\u00e1lez\",\"@id\":\"https:\/\/www.ocasionplus.com\/noticias\/#\/schema\/person\/db1203be564cc3ded97ad1dbd8aadc5b\"},\"headline\":\"Los coches compactos lideran las ventas en Madrid durante agosto\",\"datePublished\":\"2024-09-12T08:59:59+00:00\",\"dateModified\":\"2025-03-27T09:39:17+00:00\",\"mainEntityOfPage\":{\"@id\":\"https:\/\/www.ocasionplus.com\/noticias\/compactos-lideran-ventas-en-madrid-agosto\/\"},\"wordCount\":507,\"publisher\":{\"@id\":\"https:\/\/www.ocasionplus.com\/noticias\/#organization\"},\"image\":{\"@id\":\"https:\/\/www.ocasionplus.com\/noticias\/compactos-lideran-ventas-en-madrid-agosto\/#primaryimage\"},\"thumbnailUrl\":\"https:\/\/www.ocasionplus.com\/wp-content\/uploads\/2024\/08\/Nissan-Micra.jpg\",\"keywords\":[\"coches ocasion\",\"compacto\",\"madrid\"],\"articleSection\":[\"\u00daltimas Noticias\"],\"inLanguage\":\"es\",\"copyrightYear\":\"2024\",\"copyrightHolder\":{\"@id\":\"https:\/\/www.ocasionplus.com\/noticias\/#organization\"}},{\"@type\":\"WebPage\",\"@id\":\"https:\/\/www.ocasionplus.com\/noticias\/compactos-lideran-ventas-en-madrid-agosto\/\",\"url\":\"https:\/\/www.ocasionplus.com\/noticias\/compactos-lideran-ventas-en-madrid-agosto\/\",\"name\":\"Los coches compactos lideran las ventas en Madrid durante agosto - OcasionPlus Blog\",\"isPartOf\":{\"@id\":\"https:\/\/www.ocasionplus.com\/noticias\/#website\"},\"primaryImageOfPage\":{\"@id\":\"https:\/\/www.ocasionplus.com\/noticias\/compactos-lideran-ventas-en-madrid-agosto\/#primaryimage\"},\"image\":{\"@id\":\"https:\/\/www.ocasionplus.com\/noticias\/compactos-lideran-ventas-en-madrid-agosto\/#primaryimage\"},\"thumbnailUrl\":\"https:\/\/www.ocasionplus.com\/wp-content\/uploads\/2024\/08\/Nissan-Micra.jpg\",\"datePublished\":\"2024-09-12T08:59:59+00:00\",\"dateModified\":\"2025-03-27T09:39:17+00:00\",\"description\":\"Los coches compactos se consolidaron como la carrocer\u00eda con m\u00e1s ventas en Madrid durante agosto. Los sigue los todoterreno.\",\"breadcrumb\":{\"@id\":\"https:\/\/www.ocasionplus.com\/noticias\/compactos-lideran-ventas-en-madrid-agosto\/#breadcrumb\"},\"inLanguage\":\"es\",\"potentialAction\":[{\"@type\":\"ReadAction\",\"target\":[\"https:\/\/www.ocasionplus.com\/noticias\/compactos-lideran-ventas-en-madrid-agosto\/\"]}]},{\"@type\":\"ImageObject\",\"inLanguage\":\"es\",\"@id\":\"https:\/\/www.ocasionplus.com\/noticias\/compactos-lideran-ventas-en-madrid-agosto\/#primaryimage\",\"url\":\"https:\/\/www.ocasionplus.com\/wp-content\/uploads\/2024\/08\/Nissan-Micra.jpg\",\"contentUrl\":\"https:\/\/www.ocasionplus.com\/wp-content\/uploads\/2024\/08\/Nissan-Micra.jpg\",\"width\":1200,\"height\":800,\"caption\":\"El Nissan Micra es uno de los modelos preferidos por los primeros conductores y por los jovenes\"},{\"@type\":\"BreadcrumbList\",\"@id\":\"https:\/\/www.ocasionplus.com\/noticias\/compactos-lideran-ventas-en-madrid-agosto\/#breadcrumb\",\"itemListElement\":[{\"@type\":\"ListItem\",\"position\":1,\"name\":\"Portada\",\"item\":\"https:\/\/www.ocasionplus.com\/noticias\/\"},{\"@type\":\"ListItem\",\"position\":2,\"name\":\"Los coches compactos lideran las ventas en Madrid durante agosto\"}]},{\"@type\":\"WebSite\",\"@id\":\"https:\/\/www.ocasionplus.com\/noticias\/#website\",\"url\":\"https:\/\/www.ocasionplus.com\/noticias\/\",\"name\":\"OcasionPlus Blog\",\"description\":\"Veh\u00edculos de ocasi\u00f3n\",\"publisher\":{\"@id\":\"https:\/\/www.ocasionplus.com\/noticias\/#organization\"},\"potentialAction\":[{\"@type\":\"SearchAction\",\"target\":{\"@type\":\"EntryPoint\",\"urlTemplate\":\"https:\/\/www.ocasionplus.com\/noticias\/?s={search_term_string}\"},\"query-input\":{\"@type\":\"PropertyValueSpecification\",\"valueRequired\":true,\"valueName\":\"search_term_string\"}}],\"inLanguage\":\"es\"},{\"@type\":\"Organization\",\"@id\":\"https:\/\/www.ocasionplus.com\/noticias\/#organization\",\"name\":\"OcasionPlus\",\"url\":\"https:\/\/www.ocasionplus.com\/noticias\/\",\"logo\":{\"@type\":\"ImageObject\",\"inLanguage\":\"es\",\"@id\":\"https:\/\/www.ocasionplus.com\/noticias\/#\/schema\/logo\/image\/\",\"url\":\"https:\/\/www.ocasionplus.com\/wp-content\/uploads\/2024\/05\/cropped-cropped-oplus-logo-blog.png\",\"contentUrl\":\"https:\/\/www.ocasionplus.com\/wp-content\/uploads\/2024\/05\/cropped-cropped-oplus-logo-blog.png\",\"width\":360,\"height\":71,\"caption\":\"OcasionPlus\"},\"image\":{\"@id\":\"https:\/\/www.ocasionplus.com\/noticias\/#\/schema\/logo\/image\/\"},\"sameAs\":[\"https:\/\/www.facebook.com\/ocasionplus\",\"https:\/\/x.com\/ocasionplus\",\"https:\/\/www.instagram.com\/ocasion_plus\",\"https:\/\/www.youtube.com\/channel\/UCBiCAto61Lyu27CgI95wrYQ\",\"https:\/\/www.tiktok.com\/@ocasionplus.com\",\"https:\/\/es.linkedin.com\/company\/ocasionplus\"]},{\"@type\":\"Person\",\"@id\":\"https:\/\/www.ocasionplus.com\/noticias\/#\/schema\/person\/db1203be564cc3ded97ad1dbd8aadc5b\",\"name\":\"Cristhian Gonz\u00e1lez\",\"image\":{\"@type\":\"ImageObject\",\"inLanguage\":\"es\",\"@id\":\"https:\/\/www.ocasionplus.com\/noticias\/#\/schema\/person\/image\/\",\"url\":\"https:\/\/secure.gravatar.com\/avatar\/30c0388f0815fd0ab8fb4cfad29866ac?s=96&d=mm&r=g\",\"contentUrl\":\"https:\/\/secure.gravatar.com\/avatar\/30c0388f0815fd0ab8fb4cfad29866ac?s=96&d=mm&r=g\",\"caption\":\"Cristhian Gonz\u00e1lez\"},\"description\":\"Periodista formado en Colombia. Siempre vinculado al deporte y con pasi\u00f3n por los coches. He asistido y cubierto diferentes eventos deportivos para diferentes medios de comunicaci\u00f3n.\"}]}<\/script>\n<!-- \/ Yoast SEO Premium plugin. -->","yoast_head_json":{"title":"Los coches compactos lideran las ventas en Madrid durante agosto - OcasionPlus Blog","description":"Los coches compactos se consolidaron como la carrocer\u00eda con m\u00e1s ventas en Madrid durante agosto. Los sigue los todoterreno.","robots":{"index":"index","follow":"follow","max-snippet":"max-snippet:-1","max-image-preview":"max-image-preview:large","max-video-preview":"max-video-preview:-1"},"canonical":"https:\/\/www.ocasionplus.com\/noticias\/compactos-lideran-ventas-en-madrid-agosto\/","og_locale":"es_ES","og_type":"article","og_title":"Los coches compactos lideran las ventas en Madrid durante agosto","og_description":"Los coches compactos se consolidaron como la carrocer\u00eda con m\u00e1s ventas en Madrid durante agosto. Los sigue los todoterreno.","og_url":"https:\/\/www.ocasionplus.com\/noticias\/compactos-lideran-ventas-en-madrid-agosto\/","og_site_name":"OcasionPlus Blog","article_publisher":"https:\/\/www.facebook.com\/ocasionplus","article_published_time":"2024-09-12T08:59:59+00:00","article_modified_time":"2025-03-27T09:39:17+00:00","og_image":[{"width":1200,"height":800,"url":"https:\/\/www.ocasionplus.com\/wp-content\/uploads\/2024\/08\/Nissan-Micra.jpg","type":"image\/jpeg"}],"author":"Cristhian Gonz\u00e1lez","twitter_card":"summary_large_image","twitter_creator":"@ocasionplus","twitter_site":"@ocasionplus","twitter_misc":{"Escrito por":"Cristhian Gonz\u00e1lez","Tiempo de lectura":"3 minutos"},"schema":{"@context":"https:\/\/schema.org","@graph":[{"@type":"Article","@id":"https:\/\/www.ocasionplus.com\/noticias\/compactos-lideran-ventas-en-madrid-agosto\/#article","isPartOf":{"@id":"https:\/\/www.ocasionplus.com\/noticias\/compactos-lideran-ventas-en-madrid-agosto\/"},"author":{"name":"Cristhian Gonz\u00e1lez","@id":"https:\/\/www.ocasionplus.com\/noticias\/#\/schema\/person\/db1203be564cc3ded97ad1dbd8aadc5b"},"headline":"Los coches compactos lideran las ventas en Madrid durante agosto","datePublished":"2024-09-12T08:59:59+00:00","dateModified":"2025-03-27T09:39:17+00:00","mainEntityOfPage":{"@id":"https:\/\/www.ocasionplus.com\/noticias\/compactos-lideran-ventas-en-madrid-agosto\/"},"wordCount":507,"publisher":{"@id":"https:\/\/www.ocasionplus.com\/noticias\/#organization"},"image":{"@id":"https:\/\/www.ocasionplus.com\/noticias\/compactos-lideran-ventas-en-madrid-agosto\/#primaryimage"},"thumbnailUrl":"https:\/\/www.ocasionplus.com\/wp-content\/uploads\/2024\/08\/Nissan-Micra.jpg","keywords":["coches ocasion","compacto","madrid"],"articleSection":["\u00daltimas Noticias"],"inLanguage":"es","copyrightYear":"2024","copyrightHolder":{"@id":"https:\/\/www.ocasionplus.com\/noticias\/#organization"}},{"@type":"WebPage","@id":"https:\/\/www.ocasionplus.com\/noticias\/compactos-lideran-ventas-en-madrid-agosto\/","url":"https:\/\/www.ocasionplus.com\/noticias\/compactos-lideran-ventas-en-madrid-agosto\/","name":"Los coches compactos lideran las ventas en Madrid durante agosto - OcasionPlus Blog","isPartOf":{"@id":"https:\/\/www.ocasionplus.com\/noticias\/#website"},"primaryImageOfPage":{"@id":"https:\/\/www.ocasionplus.com\/noticias\/compactos-lideran-ventas-en-madrid-agosto\/#primaryimage"},"image":{"@id":"https:\/\/www.ocasionplus.com\/noticias\/compactos-lideran-ventas-en-madrid-agosto\/#primaryimage"},"thumbnailUrl":"https:\/\/www.ocasionplus.com\/wp-content\/uploads\/2024\/08\/Nissan-Micra.jpg","datePublished":"2024-09-12T08:59:59+00:00","dateModified":"2025-03-27T09:39:17+00:00","description":"Los coches compactos se consolidaron como la carrocer\u00eda con m\u00e1s ventas en Madrid durante agosto. Los sigue los todoterreno.","breadcrumb":{"@id":"https:\/\/www.ocasionplus.com\/noticias\/compactos-lideran-ventas-en-madrid-agosto\/#breadcrumb"},"inLanguage":"es","potentialAction":[{"@type":"ReadAction","target":["https:\/\/www.ocasionplus.com\/noticias\/compactos-lideran-ventas-en-madrid-agosto\/"]}]},{"@type":"ImageObject","inLanguage":"es","@id":"https:\/\/www.ocasionplus.com\/noticias\/compactos-lideran-ventas-en-madrid-agosto\/#primaryimage","url":"https:\/\/www.ocasionplus.com\/wp-content\/uploads\/2024\/08\/Nissan-Micra.jpg","contentUrl":"https:\/\/www.ocasionplus.com\/wp-content\/uploads\/2024\/08\/Nissan-Micra.jpg","width":1200,"height":800,"caption":"El Nissan Micra es uno de los modelos preferidos por los primeros conductores y por los jovenes"},{"@type":"BreadcrumbList","@id":"https:\/\/www.ocasionplus.com\/noticias\/compactos-lideran-ventas-en-madrid-agosto\/#breadcrumb","itemListElement":[{"@type":"ListItem","position":1,"name":"Portada","item":"https:\/\/www.ocasionplus.com\/noticias\/"},{"@type":"ListItem","position":2,"name":"Los coches compactos lideran las ventas en Madrid durante agosto"}]},{"@type":"WebSite","@id":"https:\/\/www.ocasionplus.com\/noticias\/#website","url":"https:\/\/www.ocasionplus.com\/noticias\/","name":"OcasionPlus Blog","description":"Veh\u00edculos de ocasi\u00f3n","publisher":{"@id":"https:\/\/www.ocasionplus.com\/noticias\/#organization"},"potentialAction":[{"@type":"SearchAction","target":{"@type":"EntryPoint","urlTemplate":"https:\/\/www.ocasionplus.com\/noticias\/?s={search_term_string}"},"query-input":{"@type":"PropertyValueSpecification","valueRequired":true,"valueName":"search_term_string"}}],"inLanguage":"es"},{"@type":"Organization","@id":"https:\/\/www.ocasionplus.com\/noticias\/#organization","name":"OcasionPlus","url":"https:\/\/www.ocasionplus.com\/noticias\/","logo":{"@type":"ImageObject","inLanguage":"es","@id":"https:\/\/www.ocasionplus.com\/noticias\/#\/schema\/logo\/image\/","url":"https:\/\/www.ocasionplus.com\/wp-content\/uploads\/2024\/05\/cropped-cropped-oplus-logo-blog.png","contentUrl":"https:\/\/www.ocasionplus.com\/wp-content\/uploads\/2024\/05\/cropped-cropped-oplus-logo-blog.png","width":360,"height":71,"caption":"OcasionPlus"},"image":{"@id":"https:\/\/www.ocasionplus.com\/noticias\/#\/schema\/logo\/image\/"},"sameAs":["https:\/\/www.facebook.com\/ocasionplus","https:\/\/x.com\/ocasionplus","https:\/\/www.instagram.com\/ocasion_plus","https:\/\/www.youtube.com\/channel\/UCBiCAto61Lyu27CgI95wrYQ","https:\/\/www.tiktok.com\/@ocasionplus.com","https:\/\/es.linkedin.com\/company\/ocasionplus"]},{"@type":"Person","@id":"https:\/\/www.ocasionplus.com\/noticias\/#\/schema\/person\/db1203be564cc3ded97ad1dbd8aadc5b","name":"Cristhian Gonz\u00e1lez","image":{"@type":"ImageObject","inLanguage":"es","@id":"https:\/\/www.ocasionplus.com\/noticias\/#\/schema\/person\/image\/","url":"https:\/\/secure.gravatar.com\/avatar\/30c0388f0815fd0ab8fb4cfad29866ac?s=96&d=mm&r=g","contentUrl":"https:\/\/secure.gravatar.com\/avatar\/30c0388f0815fd0ab8fb4cfad29866ac?s=96&d=mm&r=g","caption":"Cristhian Gonz\u00e1lez"},"description":"Periodista formado en Colombia. Siempre vinculado al deporte y con pasi\u00f3n por los coches. He asistido y cubierto diferentes eventos deportivos para diferentes medios de comunicaci\u00f3n."}]}},"jetpack_featured_media_url":"https:\/\/www.ocasionplus.com\/wp-content\/uploads\/2024\/08\/Nissan-Micra.jpg","_links":{"self":[{"href":"https:\/\/www.ocasionplus.com\/noticias\/wp-json\/wp\/v2\/posts\/14319","targetHints":{"allow":["GET"]}}],"collection":[{"href":"https:\/\/www.ocasionplus.com\/noticias\/wp-json\/wp\/v2\/posts"}],"about":[{"href":"https:\/\/www.ocasionplus.com\/noticias\/wp-json\/wp\/v2\/types\/post"}],"author":[{"embeddable":true,"href":"https:\/\/www.ocasionplus.com\/noticias\/wp-json\/wp\/v2\/users\/3"}],"replies":[{"embeddable":true,"href":"https:\/\/www.ocasionplus.com\/noticias\/wp-json\/wp\/v2\/comments?post=14319"}],"version-history":[{"count":1,"href":"https:\/\/www.ocasionplus.com\/noticias\/wp-json\/wp\/v2\/posts\/14319\/revisions"}],"predecessor-version":[{"id":14320,"href":"https:\/\/www.ocasionplus.com\/noticias\/wp-json\/wp\/v2\/posts\/14319\/revisions\/14320"}],"wp:featuredmedia":[{"embeddable":true,"href":"https:\/\/www.ocasionplus.com\/noticias\/wp-json\/wp\/v2\/media\/14046"}],"wp:attachment":[{"href":"https:\/\/www.ocasionplus.com\/noticias\/wp-json\/wp\/v2\/media?parent=14319"}],"wp:term":[{"taxonomy":"category","embeddable":true,"href":"https:\/\/www.ocasionplus.com\/noticias\/wp-json\/wp\/v2\/categories?post=14319"},{"taxonomy":"post_tag","embeddable":true,"href":"https:\/\/www.ocasionplus.com\/noticias\/wp-json\/wp\/v2\/tags?post=14319"}],"curies":[{"name":"wp","href":"https:\/\/api.w.org\/{rel}","templated":true}]}}