{"id":14323,"date":"2024-09-12T12:04:55","date_gmt":"2024-09-12T10:04:55","guid":{"rendered":"https:\/\/www.ocasionplus.com\/noticias\/?p=14323"},"modified":"2025-03-27T10:39:17","modified_gmt":"2025-03-27T09:39:17","slug":"compacto-favoritos-de-segunda-mano-barcelona","status":"publish","type":"post","link":"https:\/\/www.ocasionplus.com\/noticias\/compacto-favoritos-de-segunda-mano-barcelona\/","title":{"rendered":"Los coches compactos: los favoritos del mercado de segunda mano en Barcelona"},"content":{"rendered":"<div class=\"wpb-content-wrapper\"><p>[vc_row][vc_column][vc_column_text]En el mercado de <a href=\"https:\/\/www.ocasionplus.com\/coches-ocasion\/barcelona\">coches de segunda mano en Barcelona<\/a>, <strong>los coches compactos demostraron ser los favoritos del mercado de segunda mano en Barcelona<\/strong> para los compradores. Seg\u00fan los datos de OcasionPlus, en agosto, los coches compacto lideraron las ventas, seguidos por los todoterreno y los veh\u00edculos monovolumen.<\/p>\n<h2>Los favoritos del mercado de segunda mano en Barcelona<\/h2>\n<p>En agosto, los <a href=\"https:\/\/www.ocasionplus.com\/coches-ocasion\/compacto\">coches compactos<\/a> se posicionaron como los m\u00e1s vendidos en Barcelona, con un total de 132 unidades vendidas. <strong>Los <a href=\"https:\/\/www.ocasionplus.com\/coches-ocasion\/todoterreno\">todoterreno o SUV<\/a> ocuparon el segundo lugar con 124 unidades<\/strong>, mientras que los monovolumen completaron el top 3. Estos datos reflejan una clara preferencia por los coches compactos, que han mantenido su liderazgo en el mercado de segunda mano.<\/p>\n<p>Comparando los datos de agosto con los de julio, observamos que las dos primeras posiciones se mantuvieron constantes. En julio, los coches compactos tambi\u00e9n fueron los m\u00e1s vendidos, seguidos por los todoterreno. Sin embargo, en julio, los coches familiares ocuparon la tercera posici\u00f3n, desplazando a los monovolumen.<\/p>\n<p>La popularidad de los coches compactos en Barcelona puede atribuirse a varias razones. En primer lugar, su tama\u00f1o reducido los hace ideales para la conducci\u00f3n y el estacionamiento en una ciudad con calles estrechas y tr\u00e1fico denso. Adem\u00e1s, los coches compactos suelen ser m\u00e1s eficientes en t\u00e9rminos de consumo de combustible, lo que resulta atractivo para los conductores urbanos. Por \u00faltimo, su precio m\u00e1s accesible en comparaci\u00f3n con otros tipos de veh\u00edculos los convierte en una opci\u00f3n econ\u00f3mica para muchos compradores.<\/p>\n<h2>Coches ocasi\u00f3n en Barcelona<\/h2>\n<p>Si est\u00e1s buscando un <a href=\"https:\/\/www.ocasionplus.com\/coches-ocasion\">coche de segunda mano<\/a> en Barcelona, OcasionPlus ofrece una amplia variedad de opciones para satisfacer tus necesidades. No pierdas la oportunidad de encontrar el coche perfecto para ti. \u00a1Vis\u00edtanos y descubre nuestras ofertas![\/vc_column_text][\/vc_column][\/vc_row][vc_row el_class=&#8221;comprar-coche-CTA&#8221;][vc_column][vc_custom_heading text=&#8221;Encuentra tu coche de ocasi\u00f3n en Barcelona al mejor precio&#8221; use_theme_fonts=&#8221;yes&#8221; css=&#8221;&#8221;][vc_row_inner][vc_column_inner width=&#8221;8\/12&#8243;][vc_column_text css=&#8221;&#8221;]<\/p>\n<p>Ofrecemos la mejor relaci\u00f3n calidad-precio en todos nuestros m\u00e1s de 8.000 coches de segunda mano.<\/p>\n<p>[\/vc_column_text][\/vc_column_inner][vc_column_inner width=&#8221;4\/12&#8243;][vc_btn title=&#8221;Busca Ahora&#8221; style=&#8221;custom&#8221; custom_background=&#8221;#009fe3&#8243; custom_text=&#8221;#ffffff&#8221; align=&#8221;center&#8221; css=&#8221;&#8221; link=&#8221;url:https%3A%2F%2Fwww.ocasionplus.com%2Fcoches-ocasion%2Fbarcelona|title:Busca%20tu%20Coche%20Ahora&#8221;][\/vc_column_inner][\/vc_row_inner][vc_row_inner el_id=&#8221;logo-placement&#8221; css=&#8221;.vc_custom_1719615816721{margin-top: 2px !important;margin-bottom: 12px !important;}&#8221;][vc_column_inner][vc_single_image image=&#8221;11299&#8243; img_size=&#8221;277&#215;43&#8243; alignment=&#8221;center&#8221; style=&#8221;vc_box_rounded&#8221; css=&#8221;&#8221; el_class=&#8221;logo-component-comprar&#8221;][\/vc_column_inner][\/vc_row_inner][\/vc_column][\/vc_row]<\/p>\n<\/div>","protected":false},"excerpt":{"rendered":"<p>[vc_row][vc_column][vc_column_text]En el mercado de coches de segunda mano en Barcelona, los coches compactos demostraron ser los favoritos del mercado de segunda mano en Barcelona para los compradores. Seg\u00fan los datos de OcasionPlus, en agosto, los coches compacto lideraron las ventas, seguidos por los todoterreno y los veh\u00edculos monovolumen. Los favoritos del mercado de segunda mano&#8230;<\/p>\n","protected":false},"author":3,"featured_media":9071,"comment_status":"closed","ping_status":"open","sticky":false,"template":"","format":"standard","meta":{"footnotes":""},"categories":[2],"tags":[407,380,529],"class_list":["post-14323","post","type-post","status-publish","format-standard","has-post-thumbnail","hentry","category-ultimas-noticias","tag-barcelona","tag-coches-ocasion","tag-compacto"],"yoast_head":"<!-- This site is optimized with the Yoast SEO Premium plugin v24.8 (Yoast SEO v24.8.1) - https:\/\/yoast.com\/wordpress\/plugins\/seo\/ -->\n<title>Compactos: favoritos del mercado de segunda mano en Barcelona<\/title>\n<meta name=\"description\" content=\"Los coches compactos fueron elegidos como los favoritos de segunda mano en Barcelona durante el mes de agosto.\" \/>\n<meta name=\"robots\" content=\"index, follow, max-snippet:-1, max-image-preview:large, max-video-preview:-1\" \/>\n<link rel=\"canonical\" href=\"https:\/\/www.ocasionplus.com\/noticias\/compacto-favoritos-de-segunda-mano-barcelona\/\" \/>\n<meta property=\"og:locale\" content=\"es_ES\" \/>\n<meta property=\"og:type\" content=\"article\" \/>\n<meta property=\"og:title\" content=\"Los coches compactos: los favoritos del mercado de segunda mano en Barcelona\" \/>\n<meta property=\"og:description\" content=\"Los coches compactos fueron elegidos como los favoritos de segunda mano en Barcelona durante el mes de agosto.\" \/>\n<meta property=\"og:url\" content=\"https:\/\/www.ocasionplus.com\/noticias\/compacto-favoritos-de-segunda-mano-barcelona\/\" \/>\n<meta property=\"og:site_name\" content=\"OcasionPlus Blog\" \/>\n<meta property=\"article:publisher\" content=\"https:\/\/www.facebook.com\/ocasionplus\" \/>\n<meta property=\"article:published_time\" content=\"2024-09-12T10:04:55+00:00\" \/>\n<meta property=\"article:modified_time\" content=\"2025-03-27T09:39:17+00:00\" \/>\n<meta property=\"og:image\" content=\"https:\/\/www.ocasionplus.com\/wp-content\/uploads\/2023\/03\/Volkswagen-e-golf.jpg\" \/>\n\t<meta property=\"og:image:width\" content=\"1024\" \/>\n\t<meta property=\"og:image:height\" content=\"683\" \/>\n\t<meta property=\"og:image:type\" content=\"image\/jpeg\" \/>\n<meta name=\"author\" content=\"Cristhian Gonz\u00e1lez\" \/>\n<meta name=\"twitter:card\" content=\"summary_large_image\" \/>\n<meta name=\"twitter:creator\" content=\"@ocasionplus\" \/>\n<meta name=\"twitter:site\" content=\"@ocasionplus\" \/>\n<meta name=\"twitter:label1\" content=\"Escrito por\" \/>\n\t<meta name=\"twitter:data1\" content=\"Cristhian Gonz\u00e1lez\" \/>\n\t<meta name=\"twitter:label2\" content=\"Tiempo de lectura\" \/>\n\t<meta name=\"twitter:data2\" content=\"2 minutos\" \/>\n<script type=\"application\/ld+json\" class=\"yoast-schema-graph\">{\"@context\":\"https:\/\/schema.org\",\"@graph\":[{\"@type\":\"Article\",\"@id\":\"https:\/\/www.ocasionplus.com\/noticias\/compacto-favoritos-de-segunda-mano-barcelona\/#article\",\"isPartOf\":{\"@id\":\"https:\/\/www.ocasionplus.com\/noticias\/compacto-favoritos-de-segunda-mano-barcelona\/\"},\"author\":{\"name\":\"Cristhian Gonz\u00e1lez\",\"@id\":\"https:\/\/www.ocasionplus.com\/noticias\/#\/schema\/person\/db1203be564cc3ded97ad1dbd8aadc5b\"},\"headline\":\"Los coches compactos: los favoritos del mercado de segunda mano en Barcelona\",\"datePublished\":\"2024-09-12T10:04:55+00:00\",\"dateModified\":\"2025-03-27T09:39:17+00:00\",\"mainEntityOfPage\":{\"@id\":\"https:\/\/www.ocasionplus.com\/noticias\/compacto-favoritos-de-segunda-mano-barcelona\/\"},\"wordCount\":475,\"publisher\":{\"@id\":\"https:\/\/www.ocasionplus.com\/noticias\/#organization\"},\"image\":{\"@id\":\"https:\/\/www.ocasionplus.com\/noticias\/compacto-favoritos-de-segunda-mano-barcelona\/#primaryimage\"},\"thumbnailUrl\":\"https:\/\/www.ocasionplus.com\/wp-content\/uploads\/2023\/03\/Volkswagen-e-golf.jpg\",\"keywords\":[\"barcelona\",\"coches ocasion\",\"compacto\"],\"articleSection\":[\"\u00daltimas Noticias\"],\"inLanguage\":\"es\",\"copyrightYear\":\"2024\",\"copyrightHolder\":{\"@id\":\"https:\/\/www.ocasionplus.com\/noticias\/#organization\"}},{\"@type\":\"WebPage\",\"@id\":\"https:\/\/www.ocasionplus.com\/noticias\/compacto-favoritos-de-segunda-mano-barcelona\/\",\"url\":\"https:\/\/www.ocasionplus.com\/noticias\/compacto-favoritos-de-segunda-mano-barcelona\/\",\"name\":\"Compactos: favoritos del mercado de segunda mano en Barcelona\",\"isPartOf\":{\"@id\":\"https:\/\/www.ocasionplus.com\/noticias\/#website\"},\"primaryImageOfPage\":{\"@id\":\"https:\/\/www.ocasionplus.com\/noticias\/compacto-favoritos-de-segunda-mano-barcelona\/#primaryimage\"},\"image\":{\"@id\":\"https:\/\/www.ocasionplus.com\/noticias\/compacto-favoritos-de-segunda-mano-barcelona\/#primaryimage\"},\"thumbnailUrl\":\"https:\/\/www.ocasionplus.com\/wp-content\/uploads\/2023\/03\/Volkswagen-e-golf.jpg\",\"datePublished\":\"2024-09-12T10:04:55+00:00\",\"dateModified\":\"2025-03-27T09:39:17+00:00\",\"description\":\"Los coches compactos fueron elegidos como los favoritos de segunda mano en Barcelona durante el mes de agosto.\",\"breadcrumb\":{\"@id\":\"https:\/\/www.ocasionplus.com\/noticias\/compacto-favoritos-de-segunda-mano-barcelona\/#breadcrumb\"},\"inLanguage\":\"es\",\"potentialAction\":[{\"@type\":\"ReadAction\",\"target\":[\"https:\/\/www.ocasionplus.com\/noticias\/compacto-favoritos-de-segunda-mano-barcelona\/\"]}]},{\"@type\":\"ImageObject\",\"inLanguage\":\"es\",\"@id\":\"https:\/\/www.ocasionplus.com\/noticias\/compacto-favoritos-de-segunda-mano-barcelona\/#primaryimage\",\"url\":\"https:\/\/www.ocasionplus.com\/wp-content\/uploads\/2023\/03\/Volkswagen-e-golf.jpg\",\"contentUrl\":\"https:\/\/www.ocasionplus.com\/wp-content\/uploads\/2023\/03\/Volkswagen-e-golf.jpg\",\"width\":1024,\"height\":683,\"caption\":\"x\"},{\"@type\":\"BreadcrumbList\",\"@id\":\"https:\/\/www.ocasionplus.com\/noticias\/compacto-favoritos-de-segunda-mano-barcelona\/#breadcrumb\",\"itemListElement\":[{\"@type\":\"ListItem\",\"position\":1,\"name\":\"Portada\",\"item\":\"https:\/\/www.ocasionplus.com\/noticias\/\"},{\"@type\":\"ListItem\",\"position\":2,\"name\":\"Los coches compactos: los favoritos del mercado de segunda mano en Barcelona\"}]},{\"@type\":\"WebSite\",\"@id\":\"https:\/\/www.ocasionplus.com\/noticias\/#website\",\"url\":\"https:\/\/www.ocasionplus.com\/noticias\/\",\"name\":\"OcasionPlus Blog\",\"description\":\"Veh\u00edculos de ocasi\u00f3n\",\"publisher\":{\"@id\":\"https:\/\/www.ocasionplus.com\/noticias\/#organization\"},\"potentialAction\":[{\"@type\":\"SearchAction\",\"target\":{\"@type\":\"EntryPoint\",\"urlTemplate\":\"https:\/\/www.ocasionplus.com\/noticias\/?s={search_term_string}\"},\"query-input\":{\"@type\":\"PropertyValueSpecification\",\"valueRequired\":true,\"valueName\":\"search_term_string\"}}],\"inLanguage\":\"es\"},{\"@type\":\"Organization\",\"@id\":\"https:\/\/www.ocasionplus.com\/noticias\/#organization\",\"name\":\"OcasionPlus\",\"url\":\"https:\/\/www.ocasionplus.com\/noticias\/\",\"logo\":{\"@type\":\"ImageObject\",\"inLanguage\":\"es\",\"@id\":\"https:\/\/www.ocasionplus.com\/noticias\/#\/schema\/logo\/image\/\",\"url\":\"https:\/\/www.ocasionplus.com\/wp-content\/uploads\/2024\/05\/cropped-cropped-oplus-logo-blog.png\",\"contentUrl\":\"https:\/\/www.ocasionplus.com\/wp-content\/uploads\/2024\/05\/cropped-cropped-oplus-logo-blog.png\",\"width\":360,\"height\":71,\"caption\":\"OcasionPlus\"},\"image\":{\"@id\":\"https:\/\/www.ocasionplus.com\/noticias\/#\/schema\/logo\/image\/\"},\"sameAs\":[\"https:\/\/www.facebook.com\/ocasionplus\",\"https:\/\/x.com\/ocasionplus\",\"https:\/\/www.instagram.com\/ocasion_plus\",\"https:\/\/www.youtube.com\/channel\/UCBiCAto61Lyu27CgI95wrYQ\",\"https:\/\/www.tiktok.com\/@ocasionplus.com\",\"https:\/\/es.linkedin.com\/company\/ocasionplus\"]},{\"@type\":\"Person\",\"@id\":\"https:\/\/www.ocasionplus.com\/noticias\/#\/schema\/person\/db1203be564cc3ded97ad1dbd8aadc5b\",\"name\":\"Cristhian Gonz\u00e1lez\",\"image\":{\"@type\":\"ImageObject\",\"inLanguage\":\"es\",\"@id\":\"https:\/\/www.ocasionplus.com\/noticias\/#\/schema\/person\/image\/\",\"url\":\"https:\/\/secure.gravatar.com\/avatar\/30c0388f0815fd0ab8fb4cfad29866ac?s=96&d=mm&r=g\",\"contentUrl\":\"https:\/\/secure.gravatar.com\/avatar\/30c0388f0815fd0ab8fb4cfad29866ac?s=96&d=mm&r=g\",\"caption\":\"Cristhian Gonz\u00e1lez\"},\"description\":\"Periodista formado en Colombia. Siempre vinculado al deporte y con pasi\u00f3n por los coches. He asistido y cubierto diferentes eventos deportivos para diferentes medios de comunicaci\u00f3n.\"}]}<\/script>\n<!-- \/ Yoast SEO Premium plugin. -->","yoast_head_json":{"title":"Compactos: favoritos del mercado de segunda mano en Barcelona","description":"Los coches compactos fueron elegidos como los favoritos de segunda mano en Barcelona durante el mes de agosto.","robots":{"index":"index","follow":"follow","max-snippet":"max-snippet:-1","max-image-preview":"max-image-preview:large","max-video-preview":"max-video-preview:-1"},"canonical":"https:\/\/www.ocasionplus.com\/noticias\/compacto-favoritos-de-segunda-mano-barcelona\/","og_locale":"es_ES","og_type":"article","og_title":"Los coches compactos: los favoritos del mercado de segunda mano en Barcelona","og_description":"Los coches compactos fueron elegidos como los favoritos de segunda mano en Barcelona durante el mes de agosto.","og_url":"https:\/\/www.ocasionplus.com\/noticias\/compacto-favoritos-de-segunda-mano-barcelona\/","og_site_name":"OcasionPlus Blog","article_publisher":"https:\/\/www.facebook.com\/ocasionplus","article_published_time":"2024-09-12T10:04:55+00:00","article_modified_time":"2025-03-27T09:39:17+00:00","og_image":[{"width":1024,"height":683,"url":"https:\/\/www.ocasionplus.com\/wp-content\/uploads\/2023\/03\/Volkswagen-e-golf.jpg","type":"image\/jpeg"}],"author":"Cristhian Gonz\u00e1lez","twitter_card":"summary_large_image","twitter_creator":"@ocasionplus","twitter_site":"@ocasionplus","twitter_misc":{"Escrito por":"Cristhian Gonz\u00e1lez","Tiempo de lectura":"2 minutos"},"schema":{"@context":"https:\/\/schema.org","@graph":[{"@type":"Article","@id":"https:\/\/www.ocasionplus.com\/noticias\/compacto-favoritos-de-segunda-mano-barcelona\/#article","isPartOf":{"@id":"https:\/\/www.ocasionplus.com\/noticias\/compacto-favoritos-de-segunda-mano-barcelona\/"},"author":{"name":"Cristhian Gonz\u00e1lez","@id":"https:\/\/www.ocasionplus.com\/noticias\/#\/schema\/person\/db1203be564cc3ded97ad1dbd8aadc5b"},"headline":"Los coches compactos: los favoritos del mercado de segunda mano en Barcelona","datePublished":"2024-09-12T10:04:55+00:00","dateModified":"2025-03-27T09:39:17+00:00","mainEntityOfPage":{"@id":"https:\/\/www.ocasionplus.com\/noticias\/compacto-favoritos-de-segunda-mano-barcelona\/"},"wordCount":475,"publisher":{"@id":"https:\/\/www.ocasionplus.com\/noticias\/#organization"},"image":{"@id":"https:\/\/www.ocasionplus.com\/noticias\/compacto-favoritos-de-segunda-mano-barcelona\/#primaryimage"},"thumbnailUrl":"https:\/\/www.ocasionplus.com\/wp-content\/uploads\/2023\/03\/Volkswagen-e-golf.jpg","keywords":["barcelona","coches ocasion","compacto"],"articleSection":["\u00daltimas Noticias"],"inLanguage":"es","copyrightYear":"2024","copyrightHolder":{"@id":"https:\/\/www.ocasionplus.com\/noticias\/#organization"}},{"@type":"WebPage","@id":"https:\/\/www.ocasionplus.com\/noticias\/compacto-favoritos-de-segunda-mano-barcelona\/","url":"https:\/\/www.ocasionplus.com\/noticias\/compacto-favoritos-de-segunda-mano-barcelona\/","name":"Compactos: favoritos del mercado de segunda mano en Barcelona","isPartOf":{"@id":"https:\/\/www.ocasionplus.com\/noticias\/#website"},"primaryImageOfPage":{"@id":"https:\/\/www.ocasionplus.com\/noticias\/compacto-favoritos-de-segunda-mano-barcelona\/#primaryimage"},"image":{"@id":"https:\/\/www.ocasionplus.com\/noticias\/compacto-favoritos-de-segunda-mano-barcelona\/#primaryimage"},"thumbnailUrl":"https:\/\/www.ocasionplus.com\/wp-content\/uploads\/2023\/03\/Volkswagen-e-golf.jpg","datePublished":"2024-09-12T10:04:55+00:00","dateModified":"2025-03-27T09:39:17+00:00","description":"Los coches compactos fueron elegidos como los favoritos de segunda mano en Barcelona durante el mes de agosto.","breadcrumb":{"@id":"https:\/\/www.ocasionplus.com\/noticias\/compacto-favoritos-de-segunda-mano-barcelona\/#breadcrumb"},"inLanguage":"es","potentialAction":[{"@type":"ReadAction","target":["https:\/\/www.ocasionplus.com\/noticias\/compacto-favoritos-de-segunda-mano-barcelona\/"]}]},{"@type":"ImageObject","inLanguage":"es","@id":"https:\/\/www.ocasionplus.com\/noticias\/compacto-favoritos-de-segunda-mano-barcelona\/#primaryimage","url":"https:\/\/www.ocasionplus.com\/wp-content\/uploads\/2023\/03\/Volkswagen-e-golf.jpg","contentUrl":"https:\/\/www.ocasionplus.com\/wp-content\/uploads\/2023\/03\/Volkswagen-e-golf.jpg","width":1024,"height":683,"caption":"x"},{"@type":"BreadcrumbList","@id":"https:\/\/www.ocasionplus.com\/noticias\/compacto-favoritos-de-segunda-mano-barcelona\/#breadcrumb","itemListElement":[{"@type":"ListItem","position":1,"name":"Portada","item":"https:\/\/www.ocasionplus.com\/noticias\/"},{"@type":"ListItem","position":2,"name":"Los coches compactos: los favoritos del mercado de segunda mano en Barcelona"}]},{"@type":"WebSite","@id":"https:\/\/www.ocasionplus.com\/noticias\/#website","url":"https:\/\/www.ocasionplus.com\/noticias\/","name":"OcasionPlus Blog","description":"Veh\u00edculos de ocasi\u00f3n","publisher":{"@id":"https:\/\/www.ocasionplus.com\/noticias\/#organization"},"potentialAction":[{"@type":"SearchAction","target":{"@type":"EntryPoint","urlTemplate":"https:\/\/www.ocasionplus.com\/noticias\/?s={search_term_string}"},"query-input":{"@type":"PropertyValueSpecification","valueRequired":true,"valueName":"search_term_string"}}],"inLanguage":"es"},{"@type":"Organization","@id":"https:\/\/www.ocasionplus.com\/noticias\/#organization","name":"OcasionPlus","url":"https:\/\/www.ocasionplus.com\/noticias\/","logo":{"@type":"ImageObject","inLanguage":"es","@id":"https:\/\/www.ocasionplus.com\/noticias\/#\/schema\/logo\/image\/","url":"https:\/\/www.ocasionplus.com\/wp-content\/uploads\/2024\/05\/cropped-cropped-oplus-logo-blog.png","contentUrl":"https:\/\/www.ocasionplus.com\/wp-content\/uploads\/2024\/05\/cropped-cropped-oplus-logo-blog.png","width":360,"height":71,"caption":"OcasionPlus"},"image":{"@id":"https:\/\/www.ocasionplus.com\/noticias\/#\/schema\/logo\/image\/"},"sameAs":["https:\/\/www.facebook.com\/ocasionplus","https:\/\/x.com\/ocasionplus","https:\/\/www.instagram.com\/ocasion_plus","https:\/\/www.youtube.com\/channel\/UCBiCAto61Lyu27CgI95wrYQ","https:\/\/www.tiktok.com\/@ocasionplus.com","https:\/\/es.linkedin.com\/company\/ocasionplus"]},{"@type":"Person","@id":"https:\/\/www.ocasionplus.com\/noticias\/#\/schema\/person\/db1203be564cc3ded97ad1dbd8aadc5b","name":"Cristhian Gonz\u00e1lez","image":{"@type":"ImageObject","inLanguage":"es","@id":"https:\/\/www.ocasionplus.com\/noticias\/#\/schema\/person\/image\/","url":"https:\/\/secure.gravatar.com\/avatar\/30c0388f0815fd0ab8fb4cfad29866ac?s=96&d=mm&r=g","contentUrl":"https:\/\/secure.gravatar.com\/avatar\/30c0388f0815fd0ab8fb4cfad29866ac?s=96&d=mm&r=g","caption":"Cristhian Gonz\u00e1lez"},"description":"Periodista formado en Colombia. Siempre vinculado al deporte y con pasi\u00f3n por los coches. He asistido y cubierto diferentes eventos deportivos para diferentes medios de comunicaci\u00f3n."}]}},"jetpack_featured_media_url":"https:\/\/www.ocasionplus.com\/wp-content\/uploads\/2023\/03\/Volkswagen-e-golf.jpg","_links":{"self":[{"href":"https:\/\/www.ocasionplus.com\/noticias\/wp-json\/wp\/v2\/posts\/14323","targetHints":{"allow":["GET"]}}],"collection":[{"href":"https:\/\/www.ocasionplus.com\/noticias\/wp-json\/wp\/v2\/posts"}],"about":[{"href":"https:\/\/www.ocasionplus.com\/noticias\/wp-json\/wp\/v2\/types\/post"}],"author":[{"embeddable":true,"href":"https:\/\/www.ocasionplus.com\/noticias\/wp-json\/wp\/v2\/users\/3"}],"replies":[{"embeddable":true,"href":"https:\/\/www.ocasionplus.com\/noticias\/wp-json\/wp\/v2\/comments?post=14323"}],"version-history":[{"count":1,"href":"https:\/\/www.ocasionplus.com\/noticias\/wp-json\/wp\/v2\/posts\/14323\/revisions"}],"predecessor-version":[{"id":14324,"href":"https:\/\/www.ocasionplus.com\/noticias\/wp-json\/wp\/v2\/posts\/14323\/revisions\/14324"}],"wp:featuredmedia":[{"embeddable":true,"href":"https:\/\/www.ocasionplus.com\/noticias\/wp-json\/wp\/v2\/media\/9071"}],"wp:attachment":[{"href":"https:\/\/www.ocasionplus.com\/noticias\/wp-json\/wp\/v2\/media?parent=14323"}],"wp:term":[{"taxonomy":"category","embeddable":true,"href":"https:\/\/www.ocasionplus.com\/noticias\/wp-json\/wp\/v2\/categories?post=14323"},{"taxonomy":"post_tag","embeddable":true,"href":"https:\/\/www.ocasionplus.com\/noticias\/wp-json\/wp\/v2\/tags?post=14323"}],"curies":[{"name":"wp","href":"https:\/\/api.w.org\/{rel}","templated":true}]}}