{"id":14368,"date":"2024-09-17T11:37:35","date_gmt":"2024-09-17T09:37:35","guid":{"rendered":"https:\/\/www.ocasionplus.com\/noticias\/?p=14368"},"modified":"2025-03-27T10:38:05","modified_gmt":"2025-03-27T09:38:05","slug":"la-etiqueta-c-la-favorita-en-el-mercado-de-coches-de-segunda-mano-en-murcia","status":"publish","type":"post","link":"https:\/\/www.ocasionplus.com\/noticias\/la-etiqueta-c-la-favorita-en-el-mercado-de-coches-de-segunda-mano-en-murcia\/","title":{"rendered":"La etiqueta C: la favorita en el mercado de coches de segunda mano en Murcia"},"content":{"rendered":"<div class=\"wpb-content-wrapper\"><p>[vc_row][vc_column][vc_column_text]En el din\u00e1mico mercado de <a href=\"https:\/\/www.ocasionplus.com\/coches-ocasion\/murcia\">coches de segunda mano en Murcia<\/a>, <strong>la etiqueta C es la favorita y la opci\u00f3n m\u00e1s buscada por los compradores<\/strong>. Seg\u00fan los datos proporcionados por OcasionPlus, esta tendencia se ha mantenido constante durante los meses de julio y agosto, con una abrumadora mayor\u00eda de ventas correspondientes a veh\u00edculos con esta etiqueta.<\/p>\n<p>En agosto, los <a href=\"https:\/\/www.ocasionplus.com\/coches-ocasion\/c\">coches con etiqueta C<\/a> <strong>representaron el 85% de las ventas totales<\/strong> de coches de segunda mano en Murcia, seguidos por los <a href=\"https:\/\/www.ocasionplus.com\/coches-ocasion\/eco\">veh\u00edculos con etiqueta ECO<\/a>, que alcanzaron un 9% de las ventas. Estos datos reflejan una clara preferencia por los coches con etiqueta C, que ofrecen una combinaci\u00f3n de eficiencia y accesibilidad que resulta atractiva para los compradores.<\/p>\n<p>El comportamiento del mercado en julio fue similar al de agosto, con la etiqueta C liderando las ventas con un 87%. Aunque hubo una ligera disminuci\u00f3n en el porcentaje de ventas en agosto, la etiqueta C continu\u00f3 dominando el mercado. Esta consistencia en las preferencias de los compradores subraya la confianza y la popularidad de los coches con esta etiqueta en la regi\u00f3n.<\/p>\n<p>La preferencia por los coches con etiqueta C en Murcia puede atribuirse a varios factores. Estos veh\u00edculos suelen ser m\u00e1s asequibles y ofrecen un buen equilibrio entre rendimiento y eficiencia. Adem\u00e1s, <strong>la etiqueta C permite a los conductores acceder a zonas de bajas emisiones<\/strong>, lo que es un beneficio significativo en \u00e1reas urbanas. La combinaci\u00f3n de estos factores hace que los coches con etiqueta C sean una opci\u00f3n atractiva para los compradores de segunda mano en Murcia.<\/p>\n<p>Si est\u00e1s considerando la compra de un <a href=\"https:\/\/www.ocasionplus.com\/coches-ocasion\">coche de segunda mano<\/a>, OcasionPlus ofrece una amplia selecci\u00f3n de veh\u00edculos con etiqueta C que pueden satisfacer tus necesidades. No pierdas la oportunidad de encontrar el coche perfecto para ti y disfrutar de las ventajas que ofrece la etiqueta C. \u00a1Vis\u00edtanos hoy mismo y descubre nuestras ofertas![\/vc_column_text][\/vc_column][\/vc_row][vc_row el_class=&#8221;comprar-coche-CTA&#8221;][vc_column][vc_custom_heading text=&#8221;Encuentra tu coche de ocasi\u00f3n en Murcia al mejor precio&#8221; use_theme_fonts=&#8221;yes&#8221; css=&#8221;&#8221;][vc_row_inner][vc_column_inner width=&#8221;8\/12&#8243;][vc_column_text css=&#8221;&#8221;]<\/p>\n<p>Ofrecemos la mejor relaci\u00f3n calidad-precio en todos nuestros m\u00e1s de 8.000 coches de segunda mano.<\/p>\n<p>[\/vc_column_text][\/vc_column_inner][vc_column_inner width=&#8221;4\/12&#8243;][vc_btn title=&#8221;Busca Ahora&#8221; style=&#8221;custom&#8221; custom_background=&#8221;#009fe3&#8243; custom_text=&#8221;#ffffff&#8221; align=&#8221;center&#8221; css=&#8221;&#8221; link=&#8221;url:https%3A%2F%2Fwww.ocasionplus.com%2Fcoches-ocasion%2Fmurcia|title:Busca%20tu%20Coche%20Ahora&#8221;][\/vc_column_inner][\/vc_row_inner][vc_row_inner el_id=&#8221;logo-placement&#8221; css=&#8221;.vc_custom_1719615816721{margin-top: 2px !important;margin-bottom: 12px !important;}&#8221;][vc_column_inner][vc_single_image image=&#8221;11299&#8243; img_size=&#8221;277&#215;43&#8243; alignment=&#8221;center&#8221; style=&#8221;vc_box_rounded&#8221; css=&#8221;&#8221; el_class=&#8221;logo-component-comprar&#8221;][\/vc_column_inner][\/vc_row_inner][\/vc_column][\/vc_row]<\/p>\n<\/div>","protected":false},"excerpt":{"rendered":"<p>[vc_row][vc_column][vc_column_text]En el din\u00e1mico mercado de coches de segunda mano en Murcia, la etiqueta C es la favorita y la opci\u00f3n m\u00e1s buscada por los compradores. Seg\u00fan los datos proporcionados por OcasionPlus, esta tendencia se ha mantenido constante durante los meses de julio y agosto, con una abrumadora mayor\u00eda de ventas correspondientes a veh\u00edculos con esta&#8230;<\/p>\n","protected":false},"author":3,"featured_media":12428,"comment_status":"closed","ping_status":"open","sticky":false,"template":"","format":"standard","meta":{"footnotes":""},"categories":[2],"tags":[593,380,600],"class_list":["post-14368","post","type-post","status-publish","format-standard","has-post-thumbnail","hentry","category-ultimas-noticias","tag-c","tag-coches-ocasion","tag-murcia"],"yoast_head":"<!-- This site is optimized with the Yoast SEO Premium plugin v24.8 (Yoast SEO v24.8.1) - https:\/\/yoast.com\/wordpress\/plugins\/seo\/ -->\n<title>La etiqueta C: favorita en el mercado de Murcia en agosto<\/title>\n<meta name=\"description\" content=\"Los coches de segunda mano con etiqueta C los favoritos en el mercado durante el mes de agosto, superando a los ECO y B.\" \/>\n<meta name=\"robots\" content=\"index, follow, max-snippet:-1, max-image-preview:large, max-video-preview:-1\" \/>\n<link rel=\"canonical\" href=\"https:\/\/www.ocasionplus.com\/noticias\/la-etiqueta-c-la-favorita-en-el-mercado-de-coches-de-segunda-mano-en-murcia\/\" \/>\n<meta property=\"og:locale\" content=\"es_ES\" \/>\n<meta property=\"og:type\" content=\"article\" \/>\n<meta property=\"og:title\" content=\"La etiqueta C: la favorita en el mercado de coches de segunda mano en Murcia\" \/>\n<meta property=\"og:description\" content=\"Los coches de segunda mano con etiqueta C los favoritos en el mercado durante el mes de agosto, superando a los ECO y B.\" \/>\n<meta property=\"og:url\" content=\"https:\/\/www.ocasionplus.com\/noticias\/la-etiqueta-c-la-favorita-en-el-mercado-de-coches-de-segunda-mano-en-murcia\/\" \/>\n<meta property=\"og:site_name\" content=\"OcasionPlus Blog\" \/>\n<meta property=\"article:publisher\" content=\"https:\/\/www.facebook.com\/ocasionplus\" \/>\n<meta property=\"article:published_time\" content=\"2024-09-17T09:37:35+00:00\" \/>\n<meta property=\"article:modified_time\" content=\"2025-03-27T09:38:05+00:00\" \/>\n<meta property=\"og:image\" content=\"https:\/\/www.ocasionplus.com\/wp-content\/uploads\/2024\/07\/volkswagen_cierre_navarra_polo.jpg\" \/>\n\t<meta property=\"og:image:width\" content=\"1920\" \/>\n\t<meta property=\"og:image:height\" content=\"1280\" \/>\n\t<meta property=\"og:image:type\" content=\"image\/jpeg\" \/>\n<meta name=\"author\" content=\"Cristhian Gonz\u00e1lez\" \/>\n<meta name=\"twitter:card\" content=\"summary_large_image\" \/>\n<meta name=\"twitter:creator\" content=\"@ocasionplus\" \/>\n<meta name=\"twitter:site\" content=\"@ocasionplus\" \/>\n<meta name=\"twitter:label1\" content=\"Escrito por\" \/>\n\t<meta name=\"twitter:data1\" content=\"Cristhian Gonz\u00e1lez\" \/>\n\t<meta name=\"twitter:label2\" content=\"Tiempo de lectura\" \/>\n\t<meta name=\"twitter:data2\" content=\"3 minutos\" \/>\n<script type=\"application\/ld+json\" class=\"yoast-schema-graph\">{\"@context\":\"https:\/\/schema.org\",\"@graph\":[{\"@type\":\"Article\",\"@id\":\"https:\/\/www.ocasionplus.com\/noticias\/la-etiqueta-c-la-favorita-en-el-mercado-de-coches-de-segunda-mano-en-murcia\/#article\",\"isPartOf\":{\"@id\":\"https:\/\/www.ocasionplus.com\/noticias\/la-etiqueta-c-la-favorita-en-el-mercado-de-coches-de-segunda-mano-en-murcia\/\"},\"author\":{\"name\":\"Cristhian Gonz\u00e1lez\",\"@id\":\"https:\/\/www.ocasionplus.com\/noticias\/#\/schema\/person\/db1203be564cc3ded97ad1dbd8aadc5b\"},\"headline\":\"La etiqueta C: la favorita en el mercado de coches de segunda mano en Murcia\",\"datePublished\":\"2024-09-17T09:37:35+00:00\",\"dateModified\":\"2025-03-27T09:38:05+00:00\",\"mainEntityOfPage\":{\"@id\":\"https:\/\/www.ocasionplus.com\/noticias\/la-etiqueta-c-la-favorita-en-el-mercado-de-coches-de-segunda-mano-en-murcia\/\"},\"wordCount\":502,\"publisher\":{\"@id\":\"https:\/\/www.ocasionplus.com\/noticias\/#organization\"},\"image\":{\"@id\":\"https:\/\/www.ocasionplus.com\/noticias\/la-etiqueta-c-la-favorita-en-el-mercado-de-coches-de-segunda-mano-en-murcia\/#primaryimage\"},\"thumbnailUrl\":\"https:\/\/www.ocasionplus.com\/wp-content\/uploads\/2024\/07\/volkswagen_cierre_navarra_polo.jpg\",\"keywords\":[\"c\",\"coches ocasion\",\"murcia\"],\"articleSection\":[\"\u00daltimas Noticias\"],\"inLanguage\":\"es\",\"copyrightYear\":\"2024\",\"copyrightHolder\":{\"@id\":\"https:\/\/www.ocasionplus.com\/noticias\/#organization\"}},{\"@type\":\"WebPage\",\"@id\":\"https:\/\/www.ocasionplus.com\/noticias\/la-etiqueta-c-la-favorita-en-el-mercado-de-coches-de-segunda-mano-en-murcia\/\",\"url\":\"https:\/\/www.ocasionplus.com\/noticias\/la-etiqueta-c-la-favorita-en-el-mercado-de-coches-de-segunda-mano-en-murcia\/\",\"name\":\"La etiqueta C: favorita en el mercado de Murcia en agosto\",\"isPartOf\":{\"@id\":\"https:\/\/www.ocasionplus.com\/noticias\/#website\"},\"primaryImageOfPage\":{\"@id\":\"https:\/\/www.ocasionplus.com\/noticias\/la-etiqueta-c-la-favorita-en-el-mercado-de-coches-de-segunda-mano-en-murcia\/#primaryimage\"},\"image\":{\"@id\":\"https:\/\/www.ocasionplus.com\/noticias\/la-etiqueta-c-la-favorita-en-el-mercado-de-coches-de-segunda-mano-en-murcia\/#primaryimage\"},\"thumbnailUrl\":\"https:\/\/www.ocasionplus.com\/wp-content\/uploads\/2024\/07\/volkswagen_cierre_navarra_polo.jpg\",\"datePublished\":\"2024-09-17T09:37:35+00:00\",\"dateModified\":\"2025-03-27T09:38:05+00:00\",\"description\":\"Los coches de segunda mano con etiqueta C los favoritos en el mercado durante el mes de agosto, superando a los ECO y B.\",\"breadcrumb\":{\"@id\":\"https:\/\/www.ocasionplus.com\/noticias\/la-etiqueta-c-la-favorita-en-el-mercado-de-coches-de-segunda-mano-en-murcia\/#breadcrumb\"},\"inLanguage\":\"es\",\"potentialAction\":[{\"@type\":\"ReadAction\",\"target\":[\"https:\/\/www.ocasionplus.com\/noticias\/la-etiqueta-c-la-favorita-en-el-mercado-de-coches-de-segunda-mano-en-murcia\/\"]}]},{\"@type\":\"ImageObject\",\"inLanguage\":\"es\",\"@id\":\"https:\/\/www.ocasionplus.com\/noticias\/la-etiqueta-c-la-favorita-en-el-mercado-de-coches-de-segunda-mano-en-murcia\/#primaryimage\",\"url\":\"https:\/\/www.ocasionplus.com\/wp-content\/uploads\/2024\/07\/volkswagen_cierre_navarra_polo.jpg\",\"contentUrl\":\"https:\/\/www.ocasionplus.com\/wp-content\/uploads\/2024\/07\/volkswagen_cierre_navarra_polo.jpg\",\"width\":1920,\"height\":1280,\"caption\":\"Volkswagen Polo\"},{\"@type\":\"BreadcrumbList\",\"@id\":\"https:\/\/www.ocasionplus.com\/noticias\/la-etiqueta-c-la-favorita-en-el-mercado-de-coches-de-segunda-mano-en-murcia\/#breadcrumb\",\"itemListElement\":[{\"@type\":\"ListItem\",\"position\":1,\"name\":\"Portada\",\"item\":\"https:\/\/www.ocasionplus.com\/noticias\/\"},{\"@type\":\"ListItem\",\"position\":2,\"name\":\"La etiqueta C: la favorita en el mercado de coches de segunda mano en Murcia\"}]},{\"@type\":\"WebSite\",\"@id\":\"https:\/\/www.ocasionplus.com\/noticias\/#website\",\"url\":\"https:\/\/www.ocasionplus.com\/noticias\/\",\"name\":\"OcasionPlus Blog\",\"description\":\"Veh\u00edculos de ocasi\u00f3n\",\"publisher\":{\"@id\":\"https:\/\/www.ocasionplus.com\/noticias\/#organization\"},\"potentialAction\":[{\"@type\":\"SearchAction\",\"target\":{\"@type\":\"EntryPoint\",\"urlTemplate\":\"https:\/\/www.ocasionplus.com\/noticias\/?s={search_term_string}\"},\"query-input\":{\"@type\":\"PropertyValueSpecification\",\"valueRequired\":true,\"valueName\":\"search_term_string\"}}],\"inLanguage\":\"es\"},{\"@type\":\"Organization\",\"@id\":\"https:\/\/www.ocasionplus.com\/noticias\/#organization\",\"name\":\"OcasionPlus\",\"url\":\"https:\/\/www.ocasionplus.com\/noticias\/\",\"logo\":{\"@type\":\"ImageObject\",\"inLanguage\":\"es\",\"@id\":\"https:\/\/www.ocasionplus.com\/noticias\/#\/schema\/logo\/image\/\",\"url\":\"https:\/\/www.ocasionplus.com\/wp-content\/uploads\/2024\/05\/cropped-cropped-oplus-logo-blog.png\",\"contentUrl\":\"https:\/\/www.ocasionplus.com\/wp-content\/uploads\/2024\/05\/cropped-cropped-oplus-logo-blog.png\",\"width\":360,\"height\":71,\"caption\":\"OcasionPlus\"},\"image\":{\"@id\":\"https:\/\/www.ocasionplus.com\/noticias\/#\/schema\/logo\/image\/\"},\"sameAs\":[\"https:\/\/www.facebook.com\/ocasionplus\",\"https:\/\/x.com\/ocasionplus\",\"https:\/\/www.instagram.com\/ocasion_plus\",\"https:\/\/www.youtube.com\/channel\/UCBiCAto61Lyu27CgI95wrYQ\",\"https:\/\/www.tiktok.com\/@ocasionplus.com\",\"https:\/\/es.linkedin.com\/company\/ocasionplus\"]},{\"@type\":\"Person\",\"@id\":\"https:\/\/www.ocasionplus.com\/noticias\/#\/schema\/person\/db1203be564cc3ded97ad1dbd8aadc5b\",\"name\":\"Cristhian Gonz\u00e1lez\",\"image\":{\"@type\":\"ImageObject\",\"inLanguage\":\"es\",\"@id\":\"https:\/\/www.ocasionplus.com\/noticias\/#\/schema\/person\/image\/\",\"url\":\"https:\/\/secure.gravatar.com\/avatar\/30c0388f0815fd0ab8fb4cfad29866ac?s=96&d=mm&r=g\",\"contentUrl\":\"https:\/\/secure.gravatar.com\/avatar\/30c0388f0815fd0ab8fb4cfad29866ac?s=96&d=mm&r=g\",\"caption\":\"Cristhian Gonz\u00e1lez\"},\"description\":\"Periodista formado en Colombia. Siempre vinculado al deporte y con pasi\u00f3n por los coches. He asistido y cubierto diferentes eventos deportivos para diferentes medios de comunicaci\u00f3n.\"}]}<\/script>\n<!-- \/ Yoast SEO Premium plugin. -->","yoast_head_json":{"title":"La etiqueta C: favorita en el mercado de Murcia en agosto","description":"Los coches de segunda mano con etiqueta C los favoritos en el mercado durante el mes de agosto, superando a los ECO y B.","robots":{"index":"index","follow":"follow","max-snippet":"max-snippet:-1","max-image-preview":"max-image-preview:large","max-video-preview":"max-video-preview:-1"},"canonical":"https:\/\/www.ocasionplus.com\/noticias\/la-etiqueta-c-la-favorita-en-el-mercado-de-coches-de-segunda-mano-en-murcia\/","og_locale":"es_ES","og_type":"article","og_title":"La etiqueta C: la favorita en el mercado de coches de segunda mano en Murcia","og_description":"Los coches de segunda mano con etiqueta C los favoritos en el mercado durante el mes de agosto, superando a los ECO y B.","og_url":"https:\/\/www.ocasionplus.com\/noticias\/la-etiqueta-c-la-favorita-en-el-mercado-de-coches-de-segunda-mano-en-murcia\/","og_site_name":"OcasionPlus Blog","article_publisher":"https:\/\/www.facebook.com\/ocasionplus","article_published_time":"2024-09-17T09:37:35+00:00","article_modified_time":"2025-03-27T09:38:05+00:00","og_image":[{"width":1920,"height":1280,"url":"https:\/\/www.ocasionplus.com\/wp-content\/uploads\/2024\/07\/volkswagen_cierre_navarra_polo.jpg","type":"image\/jpeg"}],"author":"Cristhian Gonz\u00e1lez","twitter_card":"summary_large_image","twitter_creator":"@ocasionplus","twitter_site":"@ocasionplus","twitter_misc":{"Escrito por":"Cristhian Gonz\u00e1lez","Tiempo de lectura":"3 minutos"},"schema":{"@context":"https:\/\/schema.org","@graph":[{"@type":"Article","@id":"https:\/\/www.ocasionplus.com\/noticias\/la-etiqueta-c-la-favorita-en-el-mercado-de-coches-de-segunda-mano-en-murcia\/#article","isPartOf":{"@id":"https:\/\/www.ocasionplus.com\/noticias\/la-etiqueta-c-la-favorita-en-el-mercado-de-coches-de-segunda-mano-en-murcia\/"},"author":{"name":"Cristhian Gonz\u00e1lez","@id":"https:\/\/www.ocasionplus.com\/noticias\/#\/schema\/person\/db1203be564cc3ded97ad1dbd8aadc5b"},"headline":"La etiqueta C: la favorita en el mercado de coches de segunda mano en Murcia","datePublished":"2024-09-17T09:37:35+00:00","dateModified":"2025-03-27T09:38:05+00:00","mainEntityOfPage":{"@id":"https:\/\/www.ocasionplus.com\/noticias\/la-etiqueta-c-la-favorita-en-el-mercado-de-coches-de-segunda-mano-en-murcia\/"},"wordCount":502,"publisher":{"@id":"https:\/\/www.ocasionplus.com\/noticias\/#organization"},"image":{"@id":"https:\/\/www.ocasionplus.com\/noticias\/la-etiqueta-c-la-favorita-en-el-mercado-de-coches-de-segunda-mano-en-murcia\/#primaryimage"},"thumbnailUrl":"https:\/\/www.ocasionplus.com\/wp-content\/uploads\/2024\/07\/volkswagen_cierre_navarra_polo.jpg","keywords":["c","coches ocasion","murcia"],"articleSection":["\u00daltimas Noticias"],"inLanguage":"es","copyrightYear":"2024","copyrightHolder":{"@id":"https:\/\/www.ocasionplus.com\/noticias\/#organization"}},{"@type":"WebPage","@id":"https:\/\/www.ocasionplus.com\/noticias\/la-etiqueta-c-la-favorita-en-el-mercado-de-coches-de-segunda-mano-en-murcia\/","url":"https:\/\/www.ocasionplus.com\/noticias\/la-etiqueta-c-la-favorita-en-el-mercado-de-coches-de-segunda-mano-en-murcia\/","name":"La etiqueta C: favorita en el mercado de Murcia en agosto","isPartOf":{"@id":"https:\/\/www.ocasionplus.com\/noticias\/#website"},"primaryImageOfPage":{"@id":"https:\/\/www.ocasionplus.com\/noticias\/la-etiqueta-c-la-favorita-en-el-mercado-de-coches-de-segunda-mano-en-murcia\/#primaryimage"},"image":{"@id":"https:\/\/www.ocasionplus.com\/noticias\/la-etiqueta-c-la-favorita-en-el-mercado-de-coches-de-segunda-mano-en-murcia\/#primaryimage"},"thumbnailUrl":"https:\/\/www.ocasionplus.com\/wp-content\/uploads\/2024\/07\/volkswagen_cierre_navarra_polo.jpg","datePublished":"2024-09-17T09:37:35+00:00","dateModified":"2025-03-27T09:38:05+00:00","description":"Los coches de segunda mano con etiqueta C los favoritos en el mercado durante el mes de agosto, superando a los ECO y B.","breadcrumb":{"@id":"https:\/\/www.ocasionplus.com\/noticias\/la-etiqueta-c-la-favorita-en-el-mercado-de-coches-de-segunda-mano-en-murcia\/#breadcrumb"},"inLanguage":"es","potentialAction":[{"@type":"ReadAction","target":["https:\/\/www.ocasionplus.com\/noticias\/la-etiqueta-c-la-favorita-en-el-mercado-de-coches-de-segunda-mano-en-murcia\/"]}]},{"@type":"ImageObject","inLanguage":"es","@id":"https:\/\/www.ocasionplus.com\/noticias\/la-etiqueta-c-la-favorita-en-el-mercado-de-coches-de-segunda-mano-en-murcia\/#primaryimage","url":"https:\/\/www.ocasionplus.com\/wp-content\/uploads\/2024\/07\/volkswagen_cierre_navarra_polo.jpg","contentUrl":"https:\/\/www.ocasionplus.com\/wp-content\/uploads\/2024\/07\/volkswagen_cierre_navarra_polo.jpg","width":1920,"height":1280,"caption":"Volkswagen Polo"},{"@type":"BreadcrumbList","@id":"https:\/\/www.ocasionplus.com\/noticias\/la-etiqueta-c-la-favorita-en-el-mercado-de-coches-de-segunda-mano-en-murcia\/#breadcrumb","itemListElement":[{"@type":"ListItem","position":1,"name":"Portada","item":"https:\/\/www.ocasionplus.com\/noticias\/"},{"@type":"ListItem","position":2,"name":"La etiqueta C: la favorita en el mercado de coches de segunda mano en Murcia"}]},{"@type":"WebSite","@id":"https:\/\/www.ocasionplus.com\/noticias\/#website","url":"https:\/\/www.ocasionplus.com\/noticias\/","name":"OcasionPlus Blog","description":"Veh\u00edculos de ocasi\u00f3n","publisher":{"@id":"https:\/\/www.ocasionplus.com\/noticias\/#organization"},"potentialAction":[{"@type":"SearchAction","target":{"@type":"EntryPoint","urlTemplate":"https:\/\/www.ocasionplus.com\/noticias\/?s={search_term_string}"},"query-input":{"@type":"PropertyValueSpecification","valueRequired":true,"valueName":"search_term_string"}}],"inLanguage":"es"},{"@type":"Organization","@id":"https:\/\/www.ocasionplus.com\/noticias\/#organization","name":"OcasionPlus","url":"https:\/\/www.ocasionplus.com\/noticias\/","logo":{"@type":"ImageObject","inLanguage":"es","@id":"https:\/\/www.ocasionplus.com\/noticias\/#\/schema\/logo\/image\/","url":"https:\/\/www.ocasionplus.com\/wp-content\/uploads\/2024\/05\/cropped-cropped-oplus-logo-blog.png","contentUrl":"https:\/\/www.ocasionplus.com\/wp-content\/uploads\/2024\/05\/cropped-cropped-oplus-logo-blog.png","width":360,"height":71,"caption":"OcasionPlus"},"image":{"@id":"https:\/\/www.ocasionplus.com\/noticias\/#\/schema\/logo\/image\/"},"sameAs":["https:\/\/www.facebook.com\/ocasionplus","https:\/\/x.com\/ocasionplus","https:\/\/www.instagram.com\/ocasion_plus","https:\/\/www.youtube.com\/channel\/UCBiCAto61Lyu27CgI95wrYQ","https:\/\/www.tiktok.com\/@ocasionplus.com","https:\/\/es.linkedin.com\/company\/ocasionplus"]},{"@type":"Person","@id":"https:\/\/www.ocasionplus.com\/noticias\/#\/schema\/person\/db1203be564cc3ded97ad1dbd8aadc5b","name":"Cristhian Gonz\u00e1lez","image":{"@type":"ImageObject","inLanguage":"es","@id":"https:\/\/www.ocasionplus.com\/noticias\/#\/schema\/person\/image\/","url":"https:\/\/secure.gravatar.com\/avatar\/30c0388f0815fd0ab8fb4cfad29866ac?s=96&d=mm&r=g","contentUrl":"https:\/\/secure.gravatar.com\/avatar\/30c0388f0815fd0ab8fb4cfad29866ac?s=96&d=mm&r=g","caption":"Cristhian Gonz\u00e1lez"},"description":"Periodista formado en Colombia. Siempre vinculado al deporte y con pasi\u00f3n por los coches. He asistido y cubierto diferentes eventos deportivos para diferentes medios de comunicaci\u00f3n."}]}},"jetpack_featured_media_url":"https:\/\/www.ocasionplus.com\/wp-content\/uploads\/2024\/07\/volkswagen_cierre_navarra_polo.jpg","_links":{"self":[{"href":"https:\/\/www.ocasionplus.com\/noticias\/wp-json\/wp\/v2\/posts\/14368","targetHints":{"allow":["GET"]}}],"collection":[{"href":"https:\/\/www.ocasionplus.com\/noticias\/wp-json\/wp\/v2\/posts"}],"about":[{"href":"https:\/\/www.ocasionplus.com\/noticias\/wp-json\/wp\/v2\/types\/post"}],"author":[{"embeddable":true,"href":"https:\/\/www.ocasionplus.com\/noticias\/wp-json\/wp\/v2\/users\/3"}],"replies":[{"embeddable":true,"href":"https:\/\/www.ocasionplus.com\/noticias\/wp-json\/wp\/v2\/comments?post=14368"}],"version-history":[{"count":1,"href":"https:\/\/www.ocasionplus.com\/noticias\/wp-json\/wp\/v2\/posts\/14368\/revisions"}],"predecessor-version":[{"id":14369,"href":"https:\/\/www.ocasionplus.com\/noticias\/wp-json\/wp\/v2\/posts\/14368\/revisions\/14369"}],"wp:featuredmedia":[{"embeddable":true,"href":"https:\/\/www.ocasionplus.com\/noticias\/wp-json\/wp\/v2\/media\/12428"}],"wp:attachment":[{"href":"https:\/\/www.ocasionplus.com\/noticias\/wp-json\/wp\/v2\/media?parent=14368"}],"wp:term":[{"taxonomy":"category","embeddable":true,"href":"https:\/\/www.ocasionplus.com\/noticias\/wp-json\/wp\/v2\/categories?post=14368"},{"taxonomy":"post_tag","embeddable":true,"href":"https:\/\/www.ocasionplus.com\/noticias\/wp-json\/wp\/v2\/tags?post=14368"}],"curies":[{"name":"wp","href":"https:\/\/api.w.org\/{rel}","templated":true}]}}