{"id":14377,"date":"2024-09-18T11:35:41","date_gmt":"2024-09-18T09:35:41","guid":{"rendered":"https:\/\/www.ocasionplus.com\/noticias\/?p=14377"},"modified":"2025-03-27T10:38:04","modified_gmt":"2025-03-27T09:38:04","slug":"tsjm-anula-la-zbe-de-madrid","status":"publish","type":"post","link":"https:\/\/www.ocasionplus.com\/noticias\/tsjm-anula-la-zbe-de-madrid\/","title":{"rendered":"El Tribunal Superior de Justicia de Madrid anula la ZBE de Madrid"},"content":{"rendered":"<div class=\"wpb-content-wrapper\"><p>[vc_row][vc_column][vc_column_text]<strong>El Tribunal Superior de Justicia de Madrid (TSJM) anul\u00f3 la ZBE de Madrid<\/strong>. Esta decisi\u00f3n se basa en la falta de un informe de impacto econ\u00f3mico adecuado y su posible efecto discriminatorio para los sectores m\u00e1s vulnerables, como aquellos aut\u00f3nomos o empresas peque\u00f1as, llegando afectar a millones de madrile\u00f1os.<\/p>\n<p>La anulaci\u00f3n de la Ordenanza de Movilidad Sostenible implica <strong>la suspensi\u00f3n de las Zonas de Bajas Emisiones de Especial Protecci\u00f3n<\/strong> (ZBEDPE), es decir, las zonas que se implementaron en el Distrito Centro y Plaza El\u00edptica, en donde no podr\u00edan entrar veh\u00edculos que no tuvieran una etiqueta Eco o Cero, al mes de que el veh\u00edculo tuviera el permiso correspondiente. Una medida que hab\u00eda dejado con cierta incertidumbre al \u00e1mbito empresarial y social.<\/p>\n<h2>Razones de la anulaci\u00f3n de la ZBE de Madrid<\/h2>\n<p>La sentencia del TSJM se fundamenta en el <strong>incumplimiento del \u201cprincipio de transici\u00f3n justa\u201d<\/strong>, consagrado en la Ley de Cambio Clim\u00e1tico y Transici\u00f3n Energ\u00e9tica. Es decir, que los afectados tuvieran la oportunidad y la posibilidad, no solo econ\u00f3mica, de poder cambiar de veh\u00edculo para cumplir la normativa. Este principio exige que las pol\u00edticas medioambientales tengan en cuenta las circunstancias econ\u00f3micas de los colectivos m\u00e1s vulnerables.<\/p>\n<p>La ordenanza no realiz\u00f3 una evaluaci\u00f3n adecuada del impacto que las ZBE tendr\u00edan sobre estos sectores, incluyendo a ciudadanos de menor capacidad econ\u00f3mica y a miles de aut\u00f3nomos y pymes. Los jueces consideraron que las restricciones impuestas no fueron suficientemente ponderadas, lo que podr\u00eda haber derivado en medidas menos restrictivas o en mecanismos de apoyo a los afectados.<\/p>\n<h2>\u00bfCu\u00e1les son las zonas afectadas?<\/h2>\n<p>Las \u00e1reas que son afectadas por la anulaci\u00f3n son las ZBEDPE (Zonas de Bajas Emisiones de Especial Protecci\u00f3n), es decir, las del Distrito Centro y Plaza El\u00edptica. Estas zonas limitaban <strong>la circulaci\u00f3n de veh\u00edculos sin etiqueta medioambiental, ahora quedan sin efecto<\/strong>. Desde hace unos meses, ya se estaba empezando a sancionar a todos los conductores y veh\u00edculos que incumplieran esta normativa.<\/p>\n<h2>Consecuencias de las Sanciones<\/h2>\n<p>Un aspecto clave de la sentencia es la posibilidad de que <strong>el Ayuntamiento de Madrid tenga que paralizar las multas impuestas por acceder a la ZBE y devolver las cantidades recaudadas. <\/strong>Se estiman que sean m\u00e1s de 330 millones de euros. Esta decisi\u00f3n afectar\u00eda a m\u00e1s de 1.760.000 sancionados, muchas de ellas aplicadas a veh\u00edculos que cumplen con las normativas de emisiones, pero que, por la falta de an\u00e1lisis proporcional, fueron restringidos de manera injusta.<\/p>\n<p>El Ayuntamiento de Madrid tiene la posibilidad de interponer el recurso ante la Sala Tercera del Tribunal Supremo en los pr\u00f3ximos 30 d\u00edas, generando una mayor incertidumbre sobre el futuro de la ZBE de Madrid y la gesti\u00f3n de las multas. Sin embargo, seg\u00fan fuentes del gobierno, se espera que la sentencia no sea recurrida, considerando que los argumentos presentados por el Tribunal est\u00e1n bien fundamentados.<\/p>\n<h2>Coches de segunda mano<\/h2>\n<p>Ante la incertidumbre generada por la anulaci\u00f3n de las ZBE, es un buen momento para considerar la compra de un <a href=\"https:\/\/www.ocasionplus.com\/coches-ocasion\">coche de segunda mano<\/a>. En OcasionPlus, encontrar\u00e1s una amplia variedad de veh\u00edculos que se adaptan a tus necesidades y presupuesto. \u00a1Vis\u00edtanos y descubre nuestras ofertas![\/vc_column_text][\/vc_column][\/vc_row][vc_row el_class=&#8221;comprar-coche-CTA&#8221;][vc_column][vc_custom_heading text=&#8221;Encuentra tu coche de ocasi\u00f3n en Madrid al mejor precio&#8221; use_theme_fonts=&#8221;yes&#8221; css=&#8221;&#8221;][vc_row_inner][vc_column_inner width=&#8221;8\/12&#8243;][vc_column_text css=&#8221;&#8221;]<\/p>\n<p>Ofrecemos la mejor relaci\u00f3n calidad-precio en todos nuestros m\u00e1s de 8.000 coches de segunda mano.<\/p>\n<p>[\/vc_column_text][\/vc_column_inner][vc_column_inner width=&#8221;4\/12&#8243;][vc_btn title=&#8221;Busca Ahora&#8221; style=&#8221;custom&#8221; custom_background=&#8221;#009fe3&#8243; custom_text=&#8221;#ffffff&#8221; align=&#8221;center&#8221; css=&#8221;&#8221; link=&#8221;url:https%3A%2F%2Fwww.ocasionplus.com%2Fcoches-ocasion%2Fmadrid|title:Busca%20tu%20Coche%20Ahora&#8221;][\/vc_column_inner][\/vc_row_inner][vc_row_inner el_id=&#8221;logo-placement&#8221; css=&#8221;.vc_custom_1719615816721{margin-top: 2px !important;margin-bottom: 12px !important;}&#8221;][vc_column_inner][vc_single_image image=&#8221;11299&#8243; img_size=&#8221;277&#215;43&#8243; alignment=&#8221;center&#8221; style=&#8221;vc_box_rounded&#8221; css=&#8221;&#8221; el_class=&#8221;logo-component-comprar&#8221;][\/vc_column_inner][\/vc_row_inner][\/vc_column][\/vc_row]<\/p>\n<\/div>","protected":false},"excerpt":{"rendered":"<p>[vc_row][vc_column][vc_column_text]El Tribunal Superior de Justicia de Madrid (TSJM) anul\u00f3 la ZBE de Madrid. Esta decisi\u00f3n se basa en la falta de un informe de impacto econ\u00f3mico adecuado y su posible efecto discriminatorio para los sectores m\u00e1s vulnerables, como aquellos aut\u00f3nomos o empresas peque\u00f1as, llegando afectar a millones de madrile\u00f1os. La anulaci\u00f3n de la Ordenanza de&#8230;<\/p>\n","protected":false},"author":3,"featured_media":14378,"comment_status":"closed","ping_status":"open","sticky":false,"template":"","format":"standard","meta":{"footnotes":""},"categories":[2],"tags":[380,383],"class_list":["post-14377","post","type-post","status-publish","format-standard","has-post-thumbnail","hentry","category-ultimas-noticias","tag-coches-ocasion","tag-madrid"],"yoast_head":"<!-- This site is optimized with the Yoast SEO Premium plugin v24.8 (Yoast SEO v24.8.1) - https:\/\/yoast.com\/wordpress\/plugins\/seo\/ -->\n<title>El Tribunal Superior de Justicia de Madrid anula la ZBE de Madrid - OcasionPlus Blog<\/title>\n<meta name=\"description\" content=\"El Tribunal Superior de Justicia de Madrid anul\u00f3 la ZBE de Madrid. Principalmente, las de Especial Protecci\u00f3n.\" \/>\n<meta name=\"robots\" content=\"index, follow, max-snippet:-1, max-image-preview:large, max-video-preview:-1\" \/>\n<link rel=\"canonical\" href=\"https:\/\/www.ocasionplus.com\/noticias\/tsjm-anula-la-zbe-de-madrid\/\" \/>\n<meta property=\"og:locale\" content=\"es_ES\" \/>\n<meta property=\"og:type\" content=\"article\" \/>\n<meta property=\"og:title\" content=\"El Tribunal Superior de Justicia de Madrid anula la ZBE de Madrid\" \/>\n<meta property=\"og:description\" content=\"El Tribunal Superior de Justicia de Madrid anul\u00f3 la ZBE de Madrid. Principalmente, las de Especial Protecci\u00f3n.\" \/>\n<meta property=\"og:url\" content=\"https:\/\/www.ocasionplus.com\/noticias\/tsjm-anula-la-zbe-de-madrid\/\" \/>\n<meta property=\"og:site_name\" content=\"OcasionPlus Blog\" \/>\n<meta property=\"article:publisher\" content=\"https:\/\/www.facebook.com\/ocasionplus\" \/>\n<meta property=\"article:published_time\" content=\"2024-09-18T09:35:41+00:00\" \/>\n<meta property=\"article:modified_time\" content=\"2025-03-27T09:38:04+00:00\" \/>\n<meta property=\"og:image\" content=\"https:\/\/www.ocasionplus.com\/wp-content\/uploads\/2024\/09\/ZBE-Madrid.jpg\" \/>\n\t<meta property=\"og:image:width\" content=\"1280\" \/>\n\t<meta property=\"og:image:height\" content=\"896\" \/>\n\t<meta property=\"og:image:type\" content=\"image\/jpeg\" \/>\n<meta name=\"author\" content=\"Cristhian Gonz\u00e1lez\" \/>\n<meta name=\"twitter:card\" content=\"summary_large_image\" \/>\n<meta name=\"twitter:creator\" content=\"@ocasionplus\" \/>\n<meta name=\"twitter:site\" content=\"@ocasionplus\" \/>\n<meta name=\"twitter:label1\" content=\"Escrito por\" \/>\n\t<meta name=\"twitter:data1\" content=\"Cristhian Gonz\u00e1lez\" \/>\n\t<meta name=\"twitter:label2\" content=\"Tiempo de lectura\" \/>\n\t<meta name=\"twitter:data2\" content=\"4 minutos\" \/>\n<script type=\"application\/ld+json\" class=\"yoast-schema-graph\">{\"@context\":\"https:\/\/schema.org\",\"@graph\":[{\"@type\":\"Article\",\"@id\":\"https:\/\/www.ocasionplus.com\/noticias\/tsjm-anula-la-zbe-de-madrid\/#article\",\"isPartOf\":{\"@id\":\"https:\/\/www.ocasionplus.com\/noticias\/tsjm-anula-la-zbe-de-madrid\/\"},\"author\":{\"name\":\"Cristhian Gonz\u00e1lez\",\"@id\":\"https:\/\/www.ocasionplus.com\/noticias\/#\/schema\/person\/db1203be564cc3ded97ad1dbd8aadc5b\"},\"headline\":\"El Tribunal Superior de Justicia de Madrid anula la ZBE de Madrid\",\"datePublished\":\"2024-09-18T09:35:41+00:00\",\"dateModified\":\"2025-03-27T09:38:04+00:00\",\"mainEntityOfPage\":{\"@id\":\"https:\/\/www.ocasionplus.com\/noticias\/tsjm-anula-la-zbe-de-madrid\/\"},\"wordCount\":733,\"publisher\":{\"@id\":\"https:\/\/www.ocasionplus.com\/noticias\/#organization\"},\"image\":{\"@id\":\"https:\/\/www.ocasionplus.com\/noticias\/tsjm-anula-la-zbe-de-madrid\/#primaryimage\"},\"thumbnailUrl\":\"https:\/\/www.ocasionplus.com\/wp-content\/uploads\/2024\/09\/ZBE-Madrid.jpg\",\"keywords\":[\"coches ocasion\",\"madrid\"],\"articleSection\":[\"\u00daltimas Noticias\"],\"inLanguage\":\"es\",\"copyrightYear\":\"2024\",\"copyrightHolder\":{\"@id\":\"https:\/\/www.ocasionplus.com\/noticias\/#organization\"}},{\"@type\":\"WebPage\",\"@id\":\"https:\/\/www.ocasionplus.com\/noticias\/tsjm-anula-la-zbe-de-madrid\/\",\"url\":\"https:\/\/www.ocasionplus.com\/noticias\/tsjm-anula-la-zbe-de-madrid\/\",\"name\":\"El Tribunal Superior de Justicia de Madrid anula la ZBE de Madrid - OcasionPlus Blog\",\"isPartOf\":{\"@id\":\"https:\/\/www.ocasionplus.com\/noticias\/#website\"},\"primaryImageOfPage\":{\"@id\":\"https:\/\/www.ocasionplus.com\/noticias\/tsjm-anula-la-zbe-de-madrid\/#primaryimage\"},\"image\":{\"@id\":\"https:\/\/www.ocasionplus.com\/noticias\/tsjm-anula-la-zbe-de-madrid\/#primaryimage\"},\"thumbnailUrl\":\"https:\/\/www.ocasionplus.com\/wp-content\/uploads\/2024\/09\/ZBE-Madrid.jpg\",\"datePublished\":\"2024-09-18T09:35:41+00:00\",\"dateModified\":\"2025-03-27T09:38:04+00:00\",\"description\":\"El Tribunal Superior de Justicia de Madrid anul\u00f3 la ZBE de Madrid. Principalmente, las de Especial Protecci\u00f3n.\",\"breadcrumb\":{\"@id\":\"https:\/\/www.ocasionplus.com\/noticias\/tsjm-anula-la-zbe-de-madrid\/#breadcrumb\"},\"inLanguage\":\"es\",\"potentialAction\":[{\"@type\":\"ReadAction\",\"target\":[\"https:\/\/www.ocasionplus.com\/noticias\/tsjm-anula-la-zbe-de-madrid\/\"]}]},{\"@type\":\"ImageObject\",\"inLanguage\":\"es\",\"@id\":\"https:\/\/www.ocasionplus.com\/noticias\/tsjm-anula-la-zbe-de-madrid\/#primaryimage\",\"url\":\"https:\/\/www.ocasionplus.com\/wp-content\/uploads\/2024\/09\/ZBE-Madrid.jpg\",\"contentUrl\":\"https:\/\/www.ocasionplus.com\/wp-content\/uploads\/2024\/09\/ZBE-Madrid.jpg\",\"width\":1280,\"height\":896,\"caption\":\"La ZBE de Madrid es un \u00e1rea que no deja acceder a veh\u00edculos sin etiqueta medioambiental\"},{\"@type\":\"BreadcrumbList\",\"@id\":\"https:\/\/www.ocasionplus.com\/noticias\/tsjm-anula-la-zbe-de-madrid\/#breadcrumb\",\"itemListElement\":[{\"@type\":\"ListItem\",\"position\":1,\"name\":\"Portada\",\"item\":\"https:\/\/www.ocasionplus.com\/noticias\/\"},{\"@type\":\"ListItem\",\"position\":2,\"name\":\"El Tribunal Superior de Justicia de Madrid anula la ZBE de Madrid\"}]},{\"@type\":\"WebSite\",\"@id\":\"https:\/\/www.ocasionplus.com\/noticias\/#website\",\"url\":\"https:\/\/www.ocasionplus.com\/noticias\/\",\"name\":\"OcasionPlus Blog\",\"description\":\"Veh\u00edculos de ocasi\u00f3n\",\"publisher\":{\"@id\":\"https:\/\/www.ocasionplus.com\/noticias\/#organization\"},\"potentialAction\":[{\"@type\":\"SearchAction\",\"target\":{\"@type\":\"EntryPoint\",\"urlTemplate\":\"https:\/\/www.ocasionplus.com\/noticias\/?s={search_term_string}\"},\"query-input\":{\"@type\":\"PropertyValueSpecification\",\"valueRequired\":true,\"valueName\":\"search_term_string\"}}],\"inLanguage\":\"es\"},{\"@type\":\"Organization\",\"@id\":\"https:\/\/www.ocasionplus.com\/noticias\/#organization\",\"name\":\"OcasionPlus\",\"url\":\"https:\/\/www.ocasionplus.com\/noticias\/\",\"logo\":{\"@type\":\"ImageObject\",\"inLanguage\":\"es\",\"@id\":\"https:\/\/www.ocasionplus.com\/noticias\/#\/schema\/logo\/image\/\",\"url\":\"https:\/\/www.ocasionplus.com\/wp-content\/uploads\/2024\/05\/cropped-cropped-oplus-logo-blog.png\",\"contentUrl\":\"https:\/\/www.ocasionplus.com\/wp-content\/uploads\/2024\/05\/cropped-cropped-oplus-logo-blog.png\",\"width\":360,\"height\":71,\"caption\":\"OcasionPlus\"},\"image\":{\"@id\":\"https:\/\/www.ocasionplus.com\/noticias\/#\/schema\/logo\/image\/\"},\"sameAs\":[\"https:\/\/www.facebook.com\/ocasionplus\",\"https:\/\/x.com\/ocasionplus\",\"https:\/\/www.instagram.com\/ocasion_plus\",\"https:\/\/www.youtube.com\/channel\/UCBiCAto61Lyu27CgI95wrYQ\",\"https:\/\/www.tiktok.com\/@ocasionplus.com\",\"https:\/\/es.linkedin.com\/company\/ocasionplus\"]},{\"@type\":\"Person\",\"@id\":\"https:\/\/www.ocasionplus.com\/noticias\/#\/schema\/person\/db1203be564cc3ded97ad1dbd8aadc5b\",\"name\":\"Cristhian Gonz\u00e1lez\",\"image\":{\"@type\":\"ImageObject\",\"inLanguage\":\"es\",\"@id\":\"https:\/\/www.ocasionplus.com\/noticias\/#\/schema\/person\/image\/\",\"url\":\"https:\/\/secure.gravatar.com\/avatar\/30c0388f0815fd0ab8fb4cfad29866ac?s=96&d=mm&r=g\",\"contentUrl\":\"https:\/\/secure.gravatar.com\/avatar\/30c0388f0815fd0ab8fb4cfad29866ac?s=96&d=mm&r=g\",\"caption\":\"Cristhian Gonz\u00e1lez\"},\"description\":\"Periodista formado en Colombia. Siempre vinculado al deporte y con pasi\u00f3n por los coches. He asistido y cubierto diferentes eventos deportivos para diferentes medios de comunicaci\u00f3n.\"}]}<\/script>\n<!-- \/ Yoast SEO Premium plugin. -->","yoast_head_json":{"title":"El Tribunal Superior de Justicia de Madrid anula la ZBE de Madrid - OcasionPlus Blog","description":"El Tribunal Superior de Justicia de Madrid anul\u00f3 la ZBE de Madrid. Principalmente, las de Especial Protecci\u00f3n.","robots":{"index":"index","follow":"follow","max-snippet":"max-snippet:-1","max-image-preview":"max-image-preview:large","max-video-preview":"max-video-preview:-1"},"canonical":"https:\/\/www.ocasionplus.com\/noticias\/tsjm-anula-la-zbe-de-madrid\/","og_locale":"es_ES","og_type":"article","og_title":"El Tribunal Superior de Justicia de Madrid anula la ZBE de Madrid","og_description":"El Tribunal Superior de Justicia de Madrid anul\u00f3 la ZBE de Madrid. Principalmente, las de Especial Protecci\u00f3n.","og_url":"https:\/\/www.ocasionplus.com\/noticias\/tsjm-anula-la-zbe-de-madrid\/","og_site_name":"OcasionPlus Blog","article_publisher":"https:\/\/www.facebook.com\/ocasionplus","article_published_time":"2024-09-18T09:35:41+00:00","article_modified_time":"2025-03-27T09:38:04+00:00","og_image":[{"width":1280,"height":896,"url":"https:\/\/www.ocasionplus.com\/wp-content\/uploads\/2024\/09\/ZBE-Madrid.jpg","type":"image\/jpeg"}],"author":"Cristhian Gonz\u00e1lez","twitter_card":"summary_large_image","twitter_creator":"@ocasionplus","twitter_site":"@ocasionplus","twitter_misc":{"Escrito por":"Cristhian Gonz\u00e1lez","Tiempo de lectura":"4 minutos"},"schema":{"@context":"https:\/\/schema.org","@graph":[{"@type":"Article","@id":"https:\/\/www.ocasionplus.com\/noticias\/tsjm-anula-la-zbe-de-madrid\/#article","isPartOf":{"@id":"https:\/\/www.ocasionplus.com\/noticias\/tsjm-anula-la-zbe-de-madrid\/"},"author":{"name":"Cristhian Gonz\u00e1lez","@id":"https:\/\/www.ocasionplus.com\/noticias\/#\/schema\/person\/db1203be564cc3ded97ad1dbd8aadc5b"},"headline":"El Tribunal Superior de Justicia de Madrid anula la ZBE de Madrid","datePublished":"2024-09-18T09:35:41+00:00","dateModified":"2025-03-27T09:38:04+00:00","mainEntityOfPage":{"@id":"https:\/\/www.ocasionplus.com\/noticias\/tsjm-anula-la-zbe-de-madrid\/"},"wordCount":733,"publisher":{"@id":"https:\/\/www.ocasionplus.com\/noticias\/#organization"},"image":{"@id":"https:\/\/www.ocasionplus.com\/noticias\/tsjm-anula-la-zbe-de-madrid\/#primaryimage"},"thumbnailUrl":"https:\/\/www.ocasionplus.com\/wp-content\/uploads\/2024\/09\/ZBE-Madrid.jpg","keywords":["coches ocasion","madrid"],"articleSection":["\u00daltimas Noticias"],"inLanguage":"es","copyrightYear":"2024","copyrightHolder":{"@id":"https:\/\/www.ocasionplus.com\/noticias\/#organization"}},{"@type":"WebPage","@id":"https:\/\/www.ocasionplus.com\/noticias\/tsjm-anula-la-zbe-de-madrid\/","url":"https:\/\/www.ocasionplus.com\/noticias\/tsjm-anula-la-zbe-de-madrid\/","name":"El Tribunal Superior de Justicia de Madrid anula la ZBE de Madrid - OcasionPlus Blog","isPartOf":{"@id":"https:\/\/www.ocasionplus.com\/noticias\/#website"},"primaryImageOfPage":{"@id":"https:\/\/www.ocasionplus.com\/noticias\/tsjm-anula-la-zbe-de-madrid\/#primaryimage"},"image":{"@id":"https:\/\/www.ocasionplus.com\/noticias\/tsjm-anula-la-zbe-de-madrid\/#primaryimage"},"thumbnailUrl":"https:\/\/www.ocasionplus.com\/wp-content\/uploads\/2024\/09\/ZBE-Madrid.jpg","datePublished":"2024-09-18T09:35:41+00:00","dateModified":"2025-03-27T09:38:04+00:00","description":"El Tribunal Superior de Justicia de Madrid anul\u00f3 la ZBE de Madrid. Principalmente, las de Especial Protecci\u00f3n.","breadcrumb":{"@id":"https:\/\/www.ocasionplus.com\/noticias\/tsjm-anula-la-zbe-de-madrid\/#breadcrumb"},"inLanguage":"es","potentialAction":[{"@type":"ReadAction","target":["https:\/\/www.ocasionplus.com\/noticias\/tsjm-anula-la-zbe-de-madrid\/"]}]},{"@type":"ImageObject","inLanguage":"es","@id":"https:\/\/www.ocasionplus.com\/noticias\/tsjm-anula-la-zbe-de-madrid\/#primaryimage","url":"https:\/\/www.ocasionplus.com\/wp-content\/uploads\/2024\/09\/ZBE-Madrid.jpg","contentUrl":"https:\/\/www.ocasionplus.com\/wp-content\/uploads\/2024\/09\/ZBE-Madrid.jpg","width":1280,"height":896,"caption":"La ZBE de Madrid es un \u00e1rea que no deja acceder a veh\u00edculos sin etiqueta medioambiental"},{"@type":"BreadcrumbList","@id":"https:\/\/www.ocasionplus.com\/noticias\/tsjm-anula-la-zbe-de-madrid\/#breadcrumb","itemListElement":[{"@type":"ListItem","position":1,"name":"Portada","item":"https:\/\/www.ocasionplus.com\/noticias\/"},{"@type":"ListItem","position":2,"name":"El Tribunal Superior de Justicia de Madrid anula la ZBE de Madrid"}]},{"@type":"WebSite","@id":"https:\/\/www.ocasionplus.com\/noticias\/#website","url":"https:\/\/www.ocasionplus.com\/noticias\/","name":"OcasionPlus Blog","description":"Veh\u00edculos de ocasi\u00f3n","publisher":{"@id":"https:\/\/www.ocasionplus.com\/noticias\/#organization"},"potentialAction":[{"@type":"SearchAction","target":{"@type":"EntryPoint","urlTemplate":"https:\/\/www.ocasionplus.com\/noticias\/?s={search_term_string}"},"query-input":{"@type":"PropertyValueSpecification","valueRequired":true,"valueName":"search_term_string"}}],"inLanguage":"es"},{"@type":"Organization","@id":"https:\/\/www.ocasionplus.com\/noticias\/#organization","name":"OcasionPlus","url":"https:\/\/www.ocasionplus.com\/noticias\/","logo":{"@type":"ImageObject","inLanguage":"es","@id":"https:\/\/www.ocasionplus.com\/noticias\/#\/schema\/logo\/image\/","url":"https:\/\/www.ocasionplus.com\/wp-content\/uploads\/2024\/05\/cropped-cropped-oplus-logo-blog.png","contentUrl":"https:\/\/www.ocasionplus.com\/wp-content\/uploads\/2024\/05\/cropped-cropped-oplus-logo-blog.png","width":360,"height":71,"caption":"OcasionPlus"},"image":{"@id":"https:\/\/www.ocasionplus.com\/noticias\/#\/schema\/logo\/image\/"},"sameAs":["https:\/\/www.facebook.com\/ocasionplus","https:\/\/x.com\/ocasionplus","https:\/\/www.instagram.com\/ocasion_plus","https:\/\/www.youtube.com\/channel\/UCBiCAto61Lyu27CgI95wrYQ","https:\/\/www.tiktok.com\/@ocasionplus.com","https:\/\/es.linkedin.com\/company\/ocasionplus"]},{"@type":"Person","@id":"https:\/\/www.ocasionplus.com\/noticias\/#\/schema\/person\/db1203be564cc3ded97ad1dbd8aadc5b","name":"Cristhian Gonz\u00e1lez","image":{"@type":"ImageObject","inLanguage":"es","@id":"https:\/\/www.ocasionplus.com\/noticias\/#\/schema\/person\/image\/","url":"https:\/\/secure.gravatar.com\/avatar\/30c0388f0815fd0ab8fb4cfad29866ac?s=96&d=mm&r=g","contentUrl":"https:\/\/secure.gravatar.com\/avatar\/30c0388f0815fd0ab8fb4cfad29866ac?s=96&d=mm&r=g","caption":"Cristhian Gonz\u00e1lez"},"description":"Periodista formado en Colombia. Siempre vinculado al deporte y con pasi\u00f3n por los coches. He asistido y cubierto diferentes eventos deportivos para diferentes medios de comunicaci\u00f3n."}]}},"jetpack_featured_media_url":"https:\/\/www.ocasionplus.com\/wp-content\/uploads\/2024\/09\/ZBE-Madrid.jpg","_links":{"self":[{"href":"https:\/\/www.ocasionplus.com\/noticias\/wp-json\/wp\/v2\/posts\/14377","targetHints":{"allow":["GET"]}}],"collection":[{"href":"https:\/\/www.ocasionplus.com\/noticias\/wp-json\/wp\/v2\/posts"}],"about":[{"href":"https:\/\/www.ocasionplus.com\/noticias\/wp-json\/wp\/v2\/types\/post"}],"author":[{"embeddable":true,"href":"https:\/\/www.ocasionplus.com\/noticias\/wp-json\/wp\/v2\/users\/3"}],"replies":[{"embeddable":true,"href":"https:\/\/www.ocasionplus.com\/noticias\/wp-json\/wp\/v2\/comments?post=14377"}],"version-history":[{"count":1,"href":"https:\/\/www.ocasionplus.com\/noticias\/wp-json\/wp\/v2\/posts\/14377\/revisions"}],"predecessor-version":[{"id":14379,"href":"https:\/\/www.ocasionplus.com\/noticias\/wp-json\/wp\/v2\/posts\/14377\/revisions\/14379"}],"wp:featuredmedia":[{"embeddable":true,"href":"https:\/\/www.ocasionplus.com\/noticias\/wp-json\/wp\/v2\/media\/14378"}],"wp:attachment":[{"href":"https:\/\/www.ocasionplus.com\/noticias\/wp-json\/wp\/v2\/media?parent=14377"}],"wp:term":[{"taxonomy":"category","embeddable":true,"href":"https:\/\/www.ocasionplus.com\/noticias\/wp-json\/wp\/v2\/categories?post=14377"},{"taxonomy":"post_tag","embeddable":true,"href":"https:\/\/www.ocasionplus.com\/noticias\/wp-json\/wp\/v2\/tags?post=14377"}],"curies":[{"name":"wp","href":"https:\/\/api.w.org\/{rel}","templated":true}]}}