{"id":14407,"date":"2024-09-19T11:52:19","date_gmt":"2024-09-19T09:52:19","guid":{"rendered":"https:\/\/www.ocasionplus.com\/noticias\/?p=14407"},"modified":"2025-03-27T10:38:04","modified_gmt":"2025-03-27T09:38:04","slug":"nuevo-volkswagen-transporter-y-caravelle-2025","status":"publish","type":"post","link":"https:\/\/www.ocasionplus.com\/noticias\/nuevo-volkswagen-transporter-y-caravelle-2025\/","title":{"rendered":"Nuevo Volkswagen Transporter y Caravelle 2025"},"content":{"rendered":"<div class=\"wpb-content-wrapper\"><p>[vc_row][vc_column][vc_column_text]La secci\u00f3n de veh\u00edculos comerciales alemana present\u00f3 el <strong>nuevo Volkswagen Transporter y Caravelle<\/strong> en el IAA de Hannover 2024. Esta actualizaci\u00f3n trae consigo una modernizaci\u00f3n est\u00e9tica y funcional, con versiones h\u00edbridas enchufables y totalmente el\u00e9ctricas.<\/p>\n<p>En este art\u00edculo te vamos a explicar la actualizaci\u00f3n del dise\u00f1o de ambos modelos, tanto exterior como interior, el equipamiento y la motorizaci\u00f3n que llevan estos modelos. Adem\u00e1s, si est\u00e1s interesado en comprar un <a href=\"https:\/\/www.ocasionplus.com\/coches-ocasion\/industrial\">veh\u00edculo industrial de segunda mano<\/a>, te diremos los modelos que podr\u00e1s encontrar en OcasionPlus.<\/p>\n<h2>Nuevo Volkswagen Transporter y Caravelle<\/h2>\n<figure id=\"attachment_14408\" aria-describedby=\"caption-attachment-14408\" style=\"width: 1024px\" class=\"wp-caption alignnone\"><img loading=\"lazy\" decoding=\"async\" class=\"wp-image-14408 size-large\" src=\"https:\/\/www.ocasionplus.com\/wp-content\/uploads\/2024\/09\/the-new-caravelle-2-1024x682.jpg\" alt=\"El Volkswagen Caravelle 2025 de color azul\" width=\"1024\" height=\"682\" srcset=\"https:\/\/www.ocasionplus.com\/wp-content\/uploads\/2024\/09\/the-new-caravelle-2-1024x682.jpg 1024w, https:\/\/www.ocasionplus.com\/wp-content\/uploads\/2024\/09\/the-new-caravelle-2-300x200.jpg 300w, https:\/\/www.ocasionplus.com\/wp-content\/uploads\/2024\/09\/the-new-caravelle-2-255x170.jpg 255w, https:\/\/www.ocasionplus.com\/wp-content\/uploads\/2024\/09\/the-new-caravelle-2-510x340.jpg 510w, https:\/\/www.ocasionplus.com\/wp-content\/uploads\/2024\/09\/the-new-caravelle-2-280x187.jpg 280w, https:\/\/www.ocasionplus.com\/wp-content\/uploads\/2024\/09\/the-new-caravelle-2-560x373.jpg 560w, https:\/\/www.ocasionplus.com\/wp-content\/uploads\/2024\/09\/the-new-caravelle-2-350x233.jpg 350w, https:\/\/www.ocasionplus.com\/wp-content\/uploads\/2024\/09\/the-new-caravelle-2-700x466.jpg 700w, https:\/\/www.ocasionplus.com\/wp-content\/uploads\/2024\/09\/the-new-caravelle-2-398x265.jpg 398w, https:\/\/www.ocasionplus.com\/wp-content\/uploads\/2024\/09\/the-new-caravelle-2-796x530.jpg 796w, https:\/\/www.ocasionplus.com\/wp-content\/uploads\/2024\/09\/the-new-caravelle-2.jpg 1280w\" sizes=\"auto, (max-width: 1024px) 100vw, 1024px\" \/><figcaption id=\"caption-attachment-14408\" class=\"wp-caption-text\">El Volkswagen Caravelle presenta una capacidad de hasta 9 pasajeros en su actualizaci\u00f3n<\/figcaption><\/figure>\n<p>El exterior del nuevo Volkswagen Transporter 2025 presenta un equilibrio entre la tradici\u00f3n y la tecnolog\u00eda. Sus l\u00edneas depuradas remiten a una evoluci\u00f3n est\u00e9tica coherente con sus antecesores, cada detalle ha sido concebido para maximizar la funcionalidad sin la necesidad de sacrificar la identidad del Transporter. La carrocer\u00eda se despliega en varias configuraciones, desde el furg\u00f3n hasta la versi\u00f3n de cabina doble con plataforma. <strong>Este redise\u00f1o optimiza la aerodin\u00e1mica del veh\u00edculo<\/strong>, reduciendo la resistencia al viento y optimizando el rendimiento energ\u00e9tico de sus nuevas motorizaciones el\u00e9ctricas e h\u00edbridas.<\/p>\n<p>El Caravelle, el otro modelo que se present\u00f3, sigue con una apariencia muy marcada, con una l\u00ednea m\u00e1s refinada, pensada espec\u00edficamente para el transporte de pasajeros. Con la capacidad para nueve ocupantes, el Caravelle presenta opciones de techo elevado que maximizan la sensaci\u00f3n de espacio interior, al tiempo que ofrece versiones de equipamiento diferenciadas, desde la b\u00e1sica hasta la lujosa Style.<\/p>\n<h2>Dise\u00f1o interior Transporter y Caravelle<\/h2>\n<figure id=\"attachment_14409\" aria-describedby=\"caption-attachment-14409\" style=\"width: 1024px\" class=\"wp-caption alignnone\"><img loading=\"lazy\" decoding=\"async\" class=\"wp-image-14409 size-large\" src=\"https:\/\/www.ocasionplus.com\/wp-content\/uploads\/2024\/09\/the-new-caravelle-1024x682.jpg\" alt=\"Dise\u00f1o interior del Volkswagen Caravelle\" width=\"1024\" height=\"682\" srcset=\"https:\/\/www.ocasionplus.com\/wp-content\/uploads\/2024\/09\/the-new-caravelle-1024x682.jpg 1024w, https:\/\/www.ocasionplus.com\/wp-content\/uploads\/2024\/09\/the-new-caravelle-300x200.jpg 300w, https:\/\/www.ocasionplus.com\/wp-content\/uploads\/2024\/09\/the-new-caravelle-255x170.jpg 255w, https:\/\/www.ocasionplus.com\/wp-content\/uploads\/2024\/09\/the-new-caravelle-510x340.jpg 510w, https:\/\/www.ocasionplus.com\/wp-content\/uploads\/2024\/09\/the-new-caravelle-280x187.jpg 280w, https:\/\/www.ocasionplus.com\/wp-content\/uploads\/2024\/09\/the-new-caravelle-560x373.jpg 560w, https:\/\/www.ocasionplus.com\/wp-content\/uploads\/2024\/09\/the-new-caravelle-350x233.jpg 350w, https:\/\/www.ocasionplus.com\/wp-content\/uploads\/2024\/09\/the-new-caravelle-700x466.jpg 700w, https:\/\/www.ocasionplus.com\/wp-content\/uploads\/2024\/09\/the-new-caravelle-398x265.jpg 398w, https:\/\/www.ocasionplus.com\/wp-content\/uploads\/2024\/09\/the-new-caravelle-796x530.jpg 796w, https:\/\/www.ocasionplus.com\/wp-content\/uploads\/2024\/09\/the-new-caravelle.jpg 1280w\" sizes=\"auto, (max-width: 1024px) 100vw, 1024px\" \/><figcaption id=\"caption-attachment-14409\" class=\"wp-caption-text\">El Volkswagen Caravelle presenta una actualizaci\u00f3n en el interior con m\u00e1s tecnolog\u00eda<\/figcaption><\/figure>\n<p>El interior del Transporter y del Caravelle, se presenta como un espacio cuidadosamente dise\u00f1ado, donde la funcionalidad y la tecnolog\u00eda convergen para ofrecer una experiencia de conducci\u00f3n superior. En la s\u00e9ptima generaci\u00f3n, presenta una combinaci\u00f3n entre lo digital y lo f\u00edsico, garantizando una interacci\u00f3n intuitiva. Incluye pantallas de alta resoluci\u00f3n que permiten gestionar tanto las funciones del veh\u00edculo como controlar el sistema de infoentretenimiento y navegaci\u00f3n.<\/p>\n<p>En t\u00e9rminos de capacidad de carga, el Transporter tiene un volumen de carga que oscila entre los 5,8 m\u00b3 y los 9,0 m\u00b3, y una capacidad de carga \u00fatil que alcanza las 1,33 toneladas. Se posiciona como un modelo que ofrece una opci\u00f3n vers\u00e1til y robusta para una amplia variedad de aplicaciones comerciales.<\/p>\n<h2>Equipamiento y tecnolog\u00eda<\/h2>\n<p>Los nuevos Volkswagen Transporter y Caravelle, presentan una serie de caracter\u00edsticas tecnol\u00f3gicas que los convierten en unos modelos referentes. <strong>Ambos modelos presentan un sistema de asistencia a la conducci\u00f3n avanzado<\/strong>, incluyendo el control de crucero adaptativo, asistencia de cambio de carril y frenado de emergencia autom\u00e1tico, entre otros.<\/p>\n<p>La versi\u00f3n Style del Caravelle, incluye acabados premium, una tapicer\u00eda de alta gama y un sistema de infoentretenimiento compatible con Apple CarPlay y Android Auto. Adem\u00e1s, de m\u00faltiples tomas USB, puertos de 12 V y hasta tres enchufes de 230 V.<\/p>\n<h2>Motorizaci\u00f3n<\/h2>\n<p>La gama de motorizaciones que acompa\u00f1an a estos modelos es amplia, <strong>se encuentra motores di\u00e9sel tradicionales y opciones electrificadas<\/strong>, desde h\u00edbridos enchufables hasta totalmente el\u00e9ctricos.<\/p>\n<p>Las versiones di\u00e9sel se encuentran disponibles en tres configuraciones diferentes: 110 CV, 150 CV y 170 CV, siendo asociados a una caja autom\u00e1tica de 8 velocidades. Adem\u00e1s, la motorizaci\u00f3n de 150 CV, cuenta con la opci\u00f3n de tracci\u00f3n integral 4MOTION y la opci\u00f3n de equipar una caja de cambios manual de 6 marchas.<\/p>\n<p>La versi\u00f3n h\u00edbrida enchufable brinda una potencia combinada de 232 CV y se asocia a una transmisi\u00f3n autom\u00e1tica. Este sistema h\u00edbrido combina la autonom\u00eda de un motor de combusti\u00f3n con la sostenibilidad de la propulsi\u00f3n el\u00e9ctrica.<\/p>\n<p>Las versiones el\u00e9ctricas se denominan como e-Transporter y e-Caravelle. Se encuentran disponibles en tres potencias: 136 CV, 218 CV y 286 CV, todas impulsadas por una bater\u00eda de 64 kWh, dise\u00f1ada especialmente para entornos urbanos y periurbanos.<\/p>\n<h2>Volkswagen Transporter y Caravelle de segunda mano<\/h2>\n<p>En los concesionarios de OcasionPlus encuentras una amplia gama del <a href=\"https:\/\/www.ocasionplus.com\/coches-ocasion\/volkswagen\">Volkswagen de segunda mano<\/a> o el <a href=\"https:\/\/www.ocasionplus.com\/coches-ocasion\/volkswagen\/caravelle\">Volkswagen Caravelle de segunda mano<\/a>, todos inspeccionados en m\u00e1s de 200 puntos de control. Ofreciendo as\u00ed la mejor relaci\u00f3n calidad-precio de todo el mercado. \u00a1No esperes m\u00e1s y visita alguna de las tiendas de OcasionPlus para comprar tu pr\u00f3ximo <a href=\"https:\/\/www.ocasionplus.com\/coches-ocasion\">coche de segunda mano<\/a>![\/vc_column_text][\/vc_column][\/vc_row][vc_row el_class=&#8221;comprar-coche-CTA&#8221;][vc_column][vc_custom_heading text=&#8221;Encuentra tu Volkswagen Caravelle de ocasi\u00f3n al mejor precio&#8221; use_theme_fonts=&#8221;yes&#8221; css=&#8221;&#8221;][vc_row_inner][vc_column_inner width=&#8221;8\/12&#8243;][vc_column_text css=&#8221;&#8221;]<\/p>\n<p>Ofrecemos la mejor relaci\u00f3n calidad-precio en todos nuestros m\u00e1s de 8.000 coches de segunda mano.<\/p>\n<p>[\/vc_column_text][\/vc_column_inner][vc_column_inner width=&#8221;4\/12&#8243;][vc_btn title=&#8221;Busca Ahora&#8221; style=&#8221;custom&#8221; custom_background=&#8221;#009fe3&#8243; custom_text=&#8221;#ffffff&#8221; align=&#8221;center&#8221; css=&#8221;&#8221; link=&#8221;url:https%3A%2F%2Fwww.ocasionplus.com%2Fcoches-ocasion%2Fvolkswagen%2Fcaravelle|title:Busca%20tu%20Coche%20Ahora&#8221;][\/vc_column_inner][\/vc_row_inner][vc_row_inner el_id=&#8221;logo-placement&#8221; css=&#8221;.vc_custom_1719615816721{margin-top: 2px !important;margin-bottom: 12px !important;}&#8221;][vc_column_inner][vc_single_image image=&#8221;11299&#8243; img_size=&#8221;277&#215;43&#8243; alignment=&#8221;center&#8221; style=&#8221;vc_box_rounded&#8221; css=&#8221;&#8221; el_class=&#8221;logo-component-comprar&#8221;][\/vc_column_inner][\/vc_row_inner][\/vc_column][\/vc_row]<\/p>\n<\/div>","protected":false},"excerpt":{"rendered":"<p>[vc_row][vc_column][vc_column_text]La secci\u00f3n de veh\u00edculos comerciales alemana present\u00f3 el nuevo Volkswagen Transporter y Caravelle en el IAA de Hannover 2024. Esta actualizaci\u00f3n trae consigo una modernizaci\u00f3n est\u00e9tica y funcional, con versiones h\u00edbridas enchufables y totalmente el\u00e9ctricas. En este art\u00edculo te vamos a explicar la actualizaci\u00f3n del dise\u00f1o de ambos modelos, tanto exterior como interior, el equipamiento&#8230;<\/p>\n","protected":false},"author":3,"featured_media":14411,"comment_status":"closed","ping_status":"open","sticky":false,"template":"","format":"standard","meta":{"footnotes":""},"categories":[2],"tags":[614,380,382,589,460],"class_list":["post-14407","post","type-post","status-publish","format-standard","has-post-thumbnail","hentry","category-ultimas-noticias","tag-caravelle","tag-coches-ocasion","tag-industrial","tag-transporter","tag-volkswagen"],"yoast_head":"<!-- This site is optimized with the Yoast SEO Premium plugin v24.8 (Yoast SEO v24.8.1) - https:\/\/yoast.com\/wordpress\/plugins\/seo\/ -->\n<title>Nuevo Volkswagen Transporter y Caravelle 2025 - OcasionPlus Blog<\/title>\n<meta name=\"description\" content=\"La secci\u00f3n de veh\u00edculos comerciales de la marca alemana, present\u00f3 el nuevo Volkswagen Transporter y Caravelle 2025, con versiones el\u00e9ctricas.\" \/>\n<meta name=\"robots\" content=\"index, follow, max-snippet:-1, max-image-preview:large, max-video-preview:-1\" \/>\n<link rel=\"canonical\" href=\"https:\/\/www.ocasionplus.com\/noticias\/nuevo-volkswagen-transporter-y-caravelle-2025\/\" \/>\n<meta property=\"og:locale\" content=\"es_ES\" \/>\n<meta property=\"og:type\" content=\"article\" \/>\n<meta property=\"og:title\" content=\"Nuevo Volkswagen Transporter y Caravelle 2025\" \/>\n<meta property=\"og:description\" content=\"La secci\u00f3n de veh\u00edculos comerciales de la marca alemana, present\u00f3 el nuevo Volkswagen Transporter y Caravelle 2025, con versiones el\u00e9ctricas.\" \/>\n<meta property=\"og:url\" content=\"https:\/\/www.ocasionplus.com\/noticias\/nuevo-volkswagen-transporter-y-caravelle-2025\/\" \/>\n<meta property=\"og:site_name\" content=\"OcasionPlus Blog\" \/>\n<meta property=\"article:publisher\" content=\"https:\/\/www.facebook.com\/ocasionplus\" \/>\n<meta property=\"article:published_time\" content=\"2024-09-19T09:52:19+00:00\" \/>\n<meta property=\"article:modified_time\" content=\"2025-03-27T09:38:04+00:00\" \/>\n<meta property=\"og:image\" content=\"https:\/\/www.ocasionplus.com\/wp-content\/uploads\/2024\/09\/Volkswagen-Transporter.jpg\" \/>\n\t<meta property=\"og:image:width\" content=\"1280\" \/>\n\t<meta property=\"og:image:height\" content=\"720\" \/>\n\t<meta property=\"og:image:type\" content=\"image\/jpeg\" \/>\n<meta name=\"author\" content=\"Cristhian Gonz\u00e1lez\" \/>\n<meta name=\"twitter:card\" content=\"summary_large_image\" \/>\n<meta name=\"twitter:creator\" content=\"@ocasionplus\" \/>\n<meta name=\"twitter:site\" content=\"@ocasionplus\" \/>\n<meta name=\"twitter:label1\" content=\"Escrito por\" \/>\n\t<meta name=\"twitter:data1\" content=\"Cristhian Gonz\u00e1lez\" \/>\n\t<meta name=\"twitter:label2\" content=\"Tiempo de lectura\" \/>\n\t<meta name=\"twitter:data2\" content=\"5 minutos\" \/>\n<script type=\"application\/ld+json\" class=\"yoast-schema-graph\">{\"@context\":\"https:\/\/schema.org\",\"@graph\":[{\"@type\":\"Article\",\"@id\":\"https:\/\/www.ocasionplus.com\/noticias\/nuevo-volkswagen-transporter-y-caravelle-2025\/#article\",\"isPartOf\":{\"@id\":\"https:\/\/www.ocasionplus.com\/noticias\/nuevo-volkswagen-transporter-y-caravelle-2025\/\"},\"author\":{\"name\":\"Cristhian Gonz\u00e1lez\",\"@id\":\"https:\/\/www.ocasionplus.com\/noticias\/#\/schema\/person\/db1203be564cc3ded97ad1dbd8aadc5b\"},\"headline\":\"Nuevo Volkswagen Transporter y Caravelle 2025\",\"datePublished\":\"2024-09-19T09:52:19+00:00\",\"dateModified\":\"2025-03-27T09:38:04+00:00\",\"mainEntityOfPage\":{\"@id\":\"https:\/\/www.ocasionplus.com\/noticias\/nuevo-volkswagen-transporter-y-caravelle-2025\/\"},\"wordCount\":945,\"publisher\":{\"@id\":\"https:\/\/www.ocasionplus.com\/noticias\/#organization\"},\"image\":{\"@id\":\"https:\/\/www.ocasionplus.com\/noticias\/nuevo-volkswagen-transporter-y-caravelle-2025\/#primaryimage\"},\"thumbnailUrl\":\"https:\/\/www.ocasionplus.com\/wp-content\/uploads\/2024\/09\/Volkswagen-Transporter.jpg\",\"keywords\":[\"caravelle\",\"coches ocasion\",\"industrial\",\"transporter\",\"volkswagen\"],\"articleSection\":[\"\u00daltimas Noticias\"],\"inLanguage\":\"es\",\"copyrightYear\":\"2024\",\"copyrightHolder\":{\"@id\":\"https:\/\/www.ocasionplus.com\/noticias\/#organization\"}},{\"@type\":\"WebPage\",\"@id\":\"https:\/\/www.ocasionplus.com\/noticias\/nuevo-volkswagen-transporter-y-caravelle-2025\/\",\"url\":\"https:\/\/www.ocasionplus.com\/noticias\/nuevo-volkswagen-transporter-y-caravelle-2025\/\",\"name\":\"Nuevo Volkswagen Transporter y Caravelle 2025 - OcasionPlus Blog\",\"isPartOf\":{\"@id\":\"https:\/\/www.ocasionplus.com\/noticias\/#website\"},\"primaryImageOfPage\":{\"@id\":\"https:\/\/www.ocasionplus.com\/noticias\/nuevo-volkswagen-transporter-y-caravelle-2025\/#primaryimage\"},\"image\":{\"@id\":\"https:\/\/www.ocasionplus.com\/noticias\/nuevo-volkswagen-transporter-y-caravelle-2025\/#primaryimage\"},\"thumbnailUrl\":\"https:\/\/www.ocasionplus.com\/wp-content\/uploads\/2024\/09\/Volkswagen-Transporter.jpg\",\"datePublished\":\"2024-09-19T09:52:19+00:00\",\"dateModified\":\"2025-03-27T09:38:04+00:00\",\"description\":\"La secci\u00f3n de veh\u00edculos comerciales de la marca alemana, present\u00f3 el nuevo Volkswagen Transporter y Caravelle 2025, con versiones el\u00e9ctricas.\",\"breadcrumb\":{\"@id\":\"https:\/\/www.ocasionplus.com\/noticias\/nuevo-volkswagen-transporter-y-caravelle-2025\/#breadcrumb\"},\"inLanguage\":\"es\",\"potentialAction\":[{\"@type\":\"ReadAction\",\"target\":[\"https:\/\/www.ocasionplus.com\/noticias\/nuevo-volkswagen-transporter-y-caravelle-2025\/\"]}]},{\"@type\":\"ImageObject\",\"inLanguage\":\"es\",\"@id\":\"https:\/\/www.ocasionplus.com\/noticias\/nuevo-volkswagen-transporter-y-caravelle-2025\/#primaryimage\",\"url\":\"https:\/\/www.ocasionplus.com\/wp-content\/uploads\/2024\/09\/Volkswagen-Transporter.jpg\",\"contentUrl\":\"https:\/\/www.ocasionplus.com\/wp-content\/uploads\/2024\/09\/Volkswagen-Transporter.jpg\",\"width\":1280,\"height\":720,\"caption\":\"Se presenta le s\u00e9ptima generaci\u00f3n del Volkswagen Transporter\"},{\"@type\":\"BreadcrumbList\",\"@id\":\"https:\/\/www.ocasionplus.com\/noticias\/nuevo-volkswagen-transporter-y-caravelle-2025\/#breadcrumb\",\"itemListElement\":[{\"@type\":\"ListItem\",\"position\":1,\"name\":\"Portada\",\"item\":\"https:\/\/www.ocasionplus.com\/noticias\/\"},{\"@type\":\"ListItem\",\"position\":2,\"name\":\"Nuevo Volkswagen Transporter y Caravelle 2025\"}]},{\"@type\":\"WebSite\",\"@id\":\"https:\/\/www.ocasionplus.com\/noticias\/#website\",\"url\":\"https:\/\/www.ocasionplus.com\/noticias\/\",\"name\":\"OcasionPlus Blog\",\"description\":\"Veh\u00edculos de ocasi\u00f3n\",\"publisher\":{\"@id\":\"https:\/\/www.ocasionplus.com\/noticias\/#organization\"},\"potentialAction\":[{\"@type\":\"SearchAction\",\"target\":{\"@type\":\"EntryPoint\",\"urlTemplate\":\"https:\/\/www.ocasionplus.com\/noticias\/?s={search_term_string}\"},\"query-input\":{\"@type\":\"PropertyValueSpecification\",\"valueRequired\":true,\"valueName\":\"search_term_string\"}}],\"inLanguage\":\"es\"},{\"@type\":\"Organization\",\"@id\":\"https:\/\/www.ocasionplus.com\/noticias\/#organization\",\"name\":\"OcasionPlus\",\"url\":\"https:\/\/www.ocasionplus.com\/noticias\/\",\"logo\":{\"@type\":\"ImageObject\",\"inLanguage\":\"es\",\"@id\":\"https:\/\/www.ocasionplus.com\/noticias\/#\/schema\/logo\/image\/\",\"url\":\"https:\/\/www.ocasionplus.com\/wp-content\/uploads\/2024\/05\/cropped-cropped-oplus-logo-blog.png\",\"contentUrl\":\"https:\/\/www.ocasionplus.com\/wp-content\/uploads\/2024\/05\/cropped-cropped-oplus-logo-blog.png\",\"width\":360,\"height\":71,\"caption\":\"OcasionPlus\"},\"image\":{\"@id\":\"https:\/\/www.ocasionplus.com\/noticias\/#\/schema\/logo\/image\/\"},\"sameAs\":[\"https:\/\/www.facebook.com\/ocasionplus\",\"https:\/\/x.com\/ocasionplus\",\"https:\/\/www.instagram.com\/ocasion_plus\",\"https:\/\/www.youtube.com\/channel\/UCBiCAto61Lyu27CgI95wrYQ\",\"https:\/\/www.tiktok.com\/@ocasionplus.com\",\"https:\/\/es.linkedin.com\/company\/ocasionplus\"]},{\"@type\":\"Person\",\"@id\":\"https:\/\/www.ocasionplus.com\/noticias\/#\/schema\/person\/db1203be564cc3ded97ad1dbd8aadc5b\",\"name\":\"Cristhian Gonz\u00e1lez\",\"image\":{\"@type\":\"ImageObject\",\"inLanguage\":\"es\",\"@id\":\"https:\/\/www.ocasionplus.com\/noticias\/#\/schema\/person\/image\/\",\"url\":\"https:\/\/secure.gravatar.com\/avatar\/30c0388f0815fd0ab8fb4cfad29866ac?s=96&d=mm&r=g\",\"contentUrl\":\"https:\/\/secure.gravatar.com\/avatar\/30c0388f0815fd0ab8fb4cfad29866ac?s=96&d=mm&r=g\",\"caption\":\"Cristhian Gonz\u00e1lez\"},\"description\":\"Periodista formado en Colombia. Siempre vinculado al deporte y con pasi\u00f3n por los coches. He asistido y cubierto diferentes eventos deportivos para diferentes medios de comunicaci\u00f3n.\"}]}<\/script>\n<!-- \/ Yoast SEO Premium plugin. -->","yoast_head_json":{"title":"Nuevo Volkswagen Transporter y Caravelle 2025 - OcasionPlus Blog","description":"La secci\u00f3n de veh\u00edculos comerciales de la marca alemana, present\u00f3 el nuevo Volkswagen Transporter y Caravelle 2025, con versiones el\u00e9ctricas.","robots":{"index":"index","follow":"follow","max-snippet":"max-snippet:-1","max-image-preview":"max-image-preview:large","max-video-preview":"max-video-preview:-1"},"canonical":"https:\/\/www.ocasionplus.com\/noticias\/nuevo-volkswagen-transporter-y-caravelle-2025\/","og_locale":"es_ES","og_type":"article","og_title":"Nuevo Volkswagen Transporter y Caravelle 2025","og_description":"La secci\u00f3n de veh\u00edculos comerciales de la marca alemana, present\u00f3 el nuevo Volkswagen Transporter y Caravelle 2025, con versiones el\u00e9ctricas.","og_url":"https:\/\/www.ocasionplus.com\/noticias\/nuevo-volkswagen-transporter-y-caravelle-2025\/","og_site_name":"OcasionPlus Blog","article_publisher":"https:\/\/www.facebook.com\/ocasionplus","article_published_time":"2024-09-19T09:52:19+00:00","article_modified_time":"2025-03-27T09:38:04+00:00","og_image":[{"width":1280,"height":720,"url":"https:\/\/www.ocasionplus.com\/wp-content\/uploads\/2024\/09\/Volkswagen-Transporter.jpg","type":"image\/jpeg"}],"author":"Cristhian Gonz\u00e1lez","twitter_card":"summary_large_image","twitter_creator":"@ocasionplus","twitter_site":"@ocasionplus","twitter_misc":{"Escrito por":"Cristhian Gonz\u00e1lez","Tiempo de lectura":"5 minutos"},"schema":{"@context":"https:\/\/schema.org","@graph":[{"@type":"Article","@id":"https:\/\/www.ocasionplus.com\/noticias\/nuevo-volkswagen-transporter-y-caravelle-2025\/#article","isPartOf":{"@id":"https:\/\/www.ocasionplus.com\/noticias\/nuevo-volkswagen-transporter-y-caravelle-2025\/"},"author":{"name":"Cristhian Gonz\u00e1lez","@id":"https:\/\/www.ocasionplus.com\/noticias\/#\/schema\/person\/db1203be564cc3ded97ad1dbd8aadc5b"},"headline":"Nuevo Volkswagen Transporter y Caravelle 2025","datePublished":"2024-09-19T09:52:19+00:00","dateModified":"2025-03-27T09:38:04+00:00","mainEntityOfPage":{"@id":"https:\/\/www.ocasionplus.com\/noticias\/nuevo-volkswagen-transporter-y-caravelle-2025\/"},"wordCount":945,"publisher":{"@id":"https:\/\/www.ocasionplus.com\/noticias\/#organization"},"image":{"@id":"https:\/\/www.ocasionplus.com\/noticias\/nuevo-volkswagen-transporter-y-caravelle-2025\/#primaryimage"},"thumbnailUrl":"https:\/\/www.ocasionplus.com\/wp-content\/uploads\/2024\/09\/Volkswagen-Transporter.jpg","keywords":["caravelle","coches ocasion","industrial","transporter","volkswagen"],"articleSection":["\u00daltimas Noticias"],"inLanguage":"es","copyrightYear":"2024","copyrightHolder":{"@id":"https:\/\/www.ocasionplus.com\/noticias\/#organization"}},{"@type":"WebPage","@id":"https:\/\/www.ocasionplus.com\/noticias\/nuevo-volkswagen-transporter-y-caravelle-2025\/","url":"https:\/\/www.ocasionplus.com\/noticias\/nuevo-volkswagen-transporter-y-caravelle-2025\/","name":"Nuevo Volkswagen Transporter y Caravelle 2025 - OcasionPlus Blog","isPartOf":{"@id":"https:\/\/www.ocasionplus.com\/noticias\/#website"},"primaryImageOfPage":{"@id":"https:\/\/www.ocasionplus.com\/noticias\/nuevo-volkswagen-transporter-y-caravelle-2025\/#primaryimage"},"image":{"@id":"https:\/\/www.ocasionplus.com\/noticias\/nuevo-volkswagen-transporter-y-caravelle-2025\/#primaryimage"},"thumbnailUrl":"https:\/\/www.ocasionplus.com\/wp-content\/uploads\/2024\/09\/Volkswagen-Transporter.jpg","datePublished":"2024-09-19T09:52:19+00:00","dateModified":"2025-03-27T09:38:04+00:00","description":"La secci\u00f3n de veh\u00edculos comerciales de la marca alemana, present\u00f3 el nuevo Volkswagen Transporter y Caravelle 2025, con versiones el\u00e9ctricas.","breadcrumb":{"@id":"https:\/\/www.ocasionplus.com\/noticias\/nuevo-volkswagen-transporter-y-caravelle-2025\/#breadcrumb"},"inLanguage":"es","potentialAction":[{"@type":"ReadAction","target":["https:\/\/www.ocasionplus.com\/noticias\/nuevo-volkswagen-transporter-y-caravelle-2025\/"]}]},{"@type":"ImageObject","inLanguage":"es","@id":"https:\/\/www.ocasionplus.com\/noticias\/nuevo-volkswagen-transporter-y-caravelle-2025\/#primaryimage","url":"https:\/\/www.ocasionplus.com\/wp-content\/uploads\/2024\/09\/Volkswagen-Transporter.jpg","contentUrl":"https:\/\/www.ocasionplus.com\/wp-content\/uploads\/2024\/09\/Volkswagen-Transporter.jpg","width":1280,"height":720,"caption":"Se presenta le s\u00e9ptima generaci\u00f3n del Volkswagen Transporter"},{"@type":"BreadcrumbList","@id":"https:\/\/www.ocasionplus.com\/noticias\/nuevo-volkswagen-transporter-y-caravelle-2025\/#breadcrumb","itemListElement":[{"@type":"ListItem","position":1,"name":"Portada","item":"https:\/\/www.ocasionplus.com\/noticias\/"},{"@type":"ListItem","position":2,"name":"Nuevo Volkswagen Transporter y Caravelle 2025"}]},{"@type":"WebSite","@id":"https:\/\/www.ocasionplus.com\/noticias\/#website","url":"https:\/\/www.ocasionplus.com\/noticias\/","name":"OcasionPlus Blog","description":"Veh\u00edculos de ocasi\u00f3n","publisher":{"@id":"https:\/\/www.ocasionplus.com\/noticias\/#organization"},"potentialAction":[{"@type":"SearchAction","target":{"@type":"EntryPoint","urlTemplate":"https:\/\/www.ocasionplus.com\/noticias\/?s={search_term_string}"},"query-input":{"@type":"PropertyValueSpecification","valueRequired":true,"valueName":"search_term_string"}}],"inLanguage":"es"},{"@type":"Organization","@id":"https:\/\/www.ocasionplus.com\/noticias\/#organization","name":"OcasionPlus","url":"https:\/\/www.ocasionplus.com\/noticias\/","logo":{"@type":"ImageObject","inLanguage":"es","@id":"https:\/\/www.ocasionplus.com\/noticias\/#\/schema\/logo\/image\/","url":"https:\/\/www.ocasionplus.com\/wp-content\/uploads\/2024\/05\/cropped-cropped-oplus-logo-blog.png","contentUrl":"https:\/\/www.ocasionplus.com\/wp-content\/uploads\/2024\/05\/cropped-cropped-oplus-logo-blog.png","width":360,"height":71,"caption":"OcasionPlus"},"image":{"@id":"https:\/\/www.ocasionplus.com\/noticias\/#\/schema\/logo\/image\/"},"sameAs":["https:\/\/www.facebook.com\/ocasionplus","https:\/\/x.com\/ocasionplus","https:\/\/www.instagram.com\/ocasion_plus","https:\/\/www.youtube.com\/channel\/UCBiCAto61Lyu27CgI95wrYQ","https:\/\/www.tiktok.com\/@ocasionplus.com","https:\/\/es.linkedin.com\/company\/ocasionplus"]},{"@type":"Person","@id":"https:\/\/www.ocasionplus.com\/noticias\/#\/schema\/person\/db1203be564cc3ded97ad1dbd8aadc5b","name":"Cristhian Gonz\u00e1lez","image":{"@type":"ImageObject","inLanguage":"es","@id":"https:\/\/www.ocasionplus.com\/noticias\/#\/schema\/person\/image\/","url":"https:\/\/secure.gravatar.com\/avatar\/30c0388f0815fd0ab8fb4cfad29866ac?s=96&d=mm&r=g","contentUrl":"https:\/\/secure.gravatar.com\/avatar\/30c0388f0815fd0ab8fb4cfad29866ac?s=96&d=mm&r=g","caption":"Cristhian Gonz\u00e1lez"},"description":"Periodista formado en Colombia. Siempre vinculado al deporte y con pasi\u00f3n por los coches. He asistido y cubierto diferentes eventos deportivos para diferentes medios de comunicaci\u00f3n."}]}},"jetpack_featured_media_url":"https:\/\/www.ocasionplus.com\/wp-content\/uploads\/2024\/09\/Volkswagen-Transporter.jpg","_links":{"self":[{"href":"https:\/\/www.ocasionplus.com\/noticias\/wp-json\/wp\/v2\/posts\/14407","targetHints":{"allow":["GET"]}}],"collection":[{"href":"https:\/\/www.ocasionplus.com\/noticias\/wp-json\/wp\/v2\/posts"}],"about":[{"href":"https:\/\/www.ocasionplus.com\/noticias\/wp-json\/wp\/v2\/types\/post"}],"author":[{"embeddable":true,"href":"https:\/\/www.ocasionplus.com\/noticias\/wp-json\/wp\/v2\/users\/3"}],"replies":[{"embeddable":true,"href":"https:\/\/www.ocasionplus.com\/noticias\/wp-json\/wp\/v2\/comments?post=14407"}],"version-history":[{"count":1,"href":"https:\/\/www.ocasionplus.com\/noticias\/wp-json\/wp\/v2\/posts\/14407\/revisions"}],"predecessor-version":[{"id":14412,"href":"https:\/\/www.ocasionplus.com\/noticias\/wp-json\/wp\/v2\/posts\/14407\/revisions\/14412"}],"wp:featuredmedia":[{"embeddable":true,"href":"https:\/\/www.ocasionplus.com\/noticias\/wp-json\/wp\/v2\/media\/14411"}],"wp:attachment":[{"href":"https:\/\/www.ocasionplus.com\/noticias\/wp-json\/wp\/v2\/media?parent=14407"}],"wp:term":[{"taxonomy":"category","embeddable":true,"href":"https:\/\/www.ocasionplus.com\/noticias\/wp-json\/wp\/v2\/categories?post=14407"},{"taxonomy":"post_tag","embeddable":true,"href":"https:\/\/www.ocasionplus.com\/noticias\/wp-json\/wp\/v2\/tags?post=14407"}],"curies":[{"name":"wp","href":"https:\/\/api.w.org\/{rel}","templated":true}]}}