{"id":14893,"date":"2025-01-27T10:00:25","date_gmt":"2025-01-27T09:00:25","guid":{"rendered":"https:\/\/www.ocasionplus.com\/noticias\/?p=14893"},"modified":"2025-03-27T10:07:47","modified_gmt":"2025-03-27T09:07:47","slug":"suzuki-vitara-segunda-mano-extremadura","status":"publish","type":"post","link":"https:\/\/www.ocasionplus.com\/noticias\/suzuki-vitara-segunda-mano-extremadura\/","title":{"rendered":"Suzuki vitara segunda mano en Extremadura: \u00bfVale la pena?"},"content":{"rendered":"<div class=\"wpb-content-wrapper\"><p>[vc_row][vc_column][vc_column_text css=&#8221;&#8221;]<span data-contrast=\"auto\">Cuando pensamos en todocaminos compactos, el Suzuki Vitara es uno de esos modelos que inevitablemente nos vienen a la mente. Su lanzamiento al mercado se produjo en 1988, y desde ese momento <strong>este <a href=\"https:\/\/www.ocasionplus.com\/coches-segunda-mano\/todoterreno\">SUV<\/a> ha despuntado por su combinaci\u00f3n de versatilidad, dise\u00f1o atractivo para muchos usuarios<\/strong> <strong>y<\/strong> una <strong>fiabilidad<\/strong> que lo ha hecho mantenerse a la venta durante m\u00e1s de tres d\u00e9cadas. Gran parte de su \u00e9xito, precisamente, se ha basado en su amplia presencia en las carreteras, adem\u00e1s de su paulatina y constante adaptaci\u00f3n a las necesidades y gustos de los conductores actuales.<\/span><span data-ccp-props=\"{}\"> Estas caracter\u00edsticas hacen ideal comprar un <strong>Suzuki Vitara de segunda mano en Extremadura<\/strong>.<\/span><\/p>\n<p><span data-contrast=\"auto\">Para aquellos que, como t\u00fa, buscan un Suzuki Vitara de segunda mano en Extremadura, <strong>sus caracter\u00edsticas y prestaciones seguro que estar\u00e1n a la altura de lo que necesitas<\/strong> a la hora de moverte por carreteras, caminos o pistas rurales sin dificultad. Sus caracter\u00edsticas lo convierten en un veh\u00edculo perfecto para esta regi\u00f3n, en la que la diversidad de paisajes y estilos de vida exigen una perfecta combinaci\u00f3n de versatilidad y resistencia a los autom\u00f3viles.<\/span><span data-ccp-props=\"{}\">\u00a0<\/span><\/p>\n<h2><b><span data-contrast=\"auto\">Historia del Suzuki Vitara: \u00bfC\u00f3mo ha cambiado con el paso de los a\u00f1os? <\/span><\/b><span data-ccp-props=\"{}\">\u00a0<\/span><\/h2>\n<p><span data-contrast=\"auto\">El Suzuki Vitara hizo su debut en 1988 y marc\u00f3 un punto de inflexi\u00f3n en el mercado de los todoterrenos compactos. Fue dise\u00f1ado para ser m\u00e1s ligero y manejable que los tradicionales 4&#215;4 de la \u00e9poca, y ofreci\u00f3 una opci\u00f3n vers\u00e1til tanto para los amantes del off-road como para los que buscaban un coche pr\u00e1ctico para el d\u00eda a d\u00eda.<\/span><span data-ccp-props=\"{}\">\u00a0<\/span><\/p>\n<h3><b><span data-contrast=\"auto\">Primera generaci\u00f3n (1988-1998)<\/span><\/b><span data-ccp-props=\"{}\">\u00a0<\/span><\/h3>\n<p><span data-contrast=\"auto\">La primera generaci\u00f3n del Vitara, conocida en algunos mercados como Escudo o Sidekick, fue revolucionaria. Con versiones de 3 y 5 puertas, motores eficientes para la \u00e9poca y tracci\u00f3n trasera o total, se consolid\u00f3 como un veh\u00edculo capaz de adaptarse a m\u00faltiples escenarios. Su dise\u00f1o compacto y robusto lo hizo distinguirse en un momento en el que la mayor\u00eda de los todoterrenos eran voluminosos y dif\u00edciles de manejar en entornos urbanos.<\/span><span data-ccp-props=\"{}\">\u00a0<\/span><\/p>\n<h3><b><span data-contrast=\"auto\">Segunda generaci\u00f3n del Vitara (1999-2008)<\/span><\/b><span data-ccp-props=\"{}\">\u00a0<\/span><\/h3>\n<p><span data-contrast=\"auto\">Con la llegada del Grand Vitara, Suzuki ampli\u00f3 las capacidades del modelo. Los motores m\u00e1s potentes, junto con una carrocer\u00eda m\u00e1s grande y confortable, lo convirtieron en una opci\u00f3n popular entre las familias y los aventureros. La incorporaci\u00f3n de nuevas tecnolog\u00edas y un dise\u00f1o m\u00e1s estilizado sin duda marcaron un paso adelante en su evoluci\u00f3n.<\/span><span data-ccp-props=\"{}\">\u00a0<\/span><\/p>\n<h3><b><span data-contrast=\"auto\">Suzuki Vitara de Tercera generaci\u00f3n (2005-2015)<\/span><\/b><span data-ccp-props=\"{}\">\u00a0<\/span><\/h3>\n<p><span data-contrast=\"auto\">La tercera generaci\u00f3n del Vitara introdujo un dise\u00f1o m\u00e1s moderno y un enfoque en la comodidad del conductor y los pasajeros. Con versiones di\u00e9sel y gasolina, y sistemas de tracci\u00f3n avanzados, combin\u00f3 sus capacidades todoterreno con caracter\u00edsticas propias de un SUV urbano, como interiores espaciosos y acabados de alta calidad.<\/span><span data-ccp-props=\"{}\">\u00a0<\/span><\/p>\n<h3><b><span data-contrast=\"auto\">La cuarta generaci\u00f3n del Vitara (2015-presente)<\/span><\/b><span data-ccp-props=\"{}\">\u00a0<\/span><\/h3>\n<p><span data-contrast=\"auto\">El Suzuki Vitara actual se ha transformado en un SUV <\/span><i><span data-contrast=\"auto\">crossover<\/span><\/i><span data-contrast=\"auto\"> compacto, dise\u00f1ado para ser m\u00e1s \u00e1gil y eficiente. A diferencia de las generaciones anteriores, utiliza una plataforma monocasco en lugar de la tradicional estructura de escalera con el objetivo de mejorar su comportamiento en carretera sin perder sus capacidades todoterreno. Adem\u00e1s, incluye versiones h\u00edbridas ligeras que reducen el consumo de combustible y las emisiones y se adaptan a las demandas de sostenibilidad del mercado actual.<\/span><span data-ccp-props=\"{}\">\u00a0<\/span><\/p>\n<h2><b><span data-contrast=\"auto\">Caracter\u00edsticas que hacen ideal el Suzuki Vitara de segunda mano para Extremadura<\/span><\/b><\/h2>\n<p><span data-contrast=\"auto\">El Suzuki Vitara ha evolucionado a lo largo de los a\u00f1os, pero ha mantenido una serie de caracter\u00edsticas que lo han hecho ser ampliamente conocido en su segmento. Algunas de ellas son:\u00a0<\/span><span data-ccp-props=\"{}\">\u00a0<\/span><\/p>\n<ul>\n<li data-leveltext=\"-\" data-font=\"Aptos\" data-listid=\"22\" data-list-defn-props=\"{&quot;335551671&quot;:0,&quot;335552541&quot;:1,&quot;335559685&quot;:1068,&quot;335559991&quot;:360,&quot;469769226&quot;:&quot;Aptos&quot;,&quot;469769242&quot;:[8226],&quot;469777803&quot;:&quot;left&quot;,&quot;469777804&quot;:&quot;-&quot;,&quot;469777815&quot;:&quot;hybridMultilevel&quot;}\" aria-setsize=\"-1\" data-aria-posinset=\"0\" data-aria-level=\"1\">\n<h3><b><span data-contrast=\"auto\">Dise\u00f1o exterior e interior<\/span><\/b><\/h3>\n<\/li>\n<\/ul>\n<p><span data-contrast=\"auto\">El dise\u00f1o del Vitara mezcla unas l\u00edneas muy\u00a0 robustas con detalles modernos que lo hacen atractivo tanto en entornos urbanos como rurales. En el exterior, elementos como los faros LED, las llantas de aleaci\u00f3n de hasta 17 pulgadas y una parrilla frontal distintiva, le confieren un car\u00e1cter \u00fanico. Por otro lado, en el interior el Vitara ofrece un espacio bien aprovechado con acabados de calidad, como asientos en cuero sint\u00e9tico y detalles en aluminio que brindan una sensaci\u00f3n de confort y lujo.<\/span><span data-ccp-props=\"{}\">\u00a0<\/span><\/p>\n<ul>\n<li data-leveltext=\"-\" data-font=\"Aptos\" data-listid=\"22\" data-list-defn-props=\"{&quot;335551671&quot;:0,&quot;335552541&quot;:1,&quot;335559685&quot;:1068,&quot;335559991&quot;:360,&quot;469769226&quot;:&quot;Aptos&quot;,&quot;469769242&quot;:[8226],&quot;469777803&quot;:&quot;left&quot;,&quot;469777804&quot;:&quot;-&quot;,&quot;469777815&quot;:&quot;hybridMultilevel&quot;}\" aria-setsize=\"-1\" data-aria-posinset=\"1\" data-aria-level=\"1\">\n<h3><b><span data-contrast=\"auto\">Motorizaciones<\/span><\/b><\/h3>\n<\/li>\n<\/ul>\n<p><span data-contrast=\"auto\">El Vitara ha estado disponible en una amplia gama de motores entre los que se incluyen opciones di\u00e9sel, gasolina e h\u00edbridas ligeras. Las versiones m\u00e1s recientes tambi\u00e9n incorporan motorizaciones eficientes como el 1.4 Boosterjet, que combina la potencia y el bajo consumo.<\/span><span data-ccp-props=\"{}\">\u00a0<\/span><\/p>\n<ul>\n<li data-leveltext=\"-\" data-font=\"Aptos\" data-listid=\"22\" data-list-defn-props=\"{&quot;335551671&quot;:0,&quot;335552541&quot;:1,&quot;335559685&quot;:1068,&quot;335559991&quot;:360,&quot;469769226&quot;:&quot;Aptos&quot;,&quot;469769242&quot;:[8226],&quot;469777803&quot;:&quot;left&quot;,&quot;469777804&quot;:&quot;-&quot;,&quot;469777815&quot;:&quot;hybridMultilevel&quot;}\" aria-setsize=\"-1\" data-aria-posinset=\"2\" data-aria-level=\"1\">\n<h3><b><span data-contrast=\"auto\">Capacidades todoterreno<\/span><\/b><\/h3>\n<\/li>\n<\/ul>\n<p><span data-contrast=\"auto\">El sistema de tracci\u00f3n total AllGrip de Suzuki permite al conductor elegir entre diferentes modos de tracci\u00f3n seg\u00fan las condiciones del terreno, lo que asegura un desempe\u00f1o \u00f3ptimo en cualquier situaci\u00f3n, lo que lo convierte en un veh\u00edculo perfecto para dominar los paisajes rurales de Extremadura, como los senderos de la Sierra de Gata o las carreteras monta\u00f1osas de Las Hurdes.<\/span><span data-ccp-props=\"{}\">\u00a0<\/span><\/p>\n<ul>\n<li data-leveltext=\"-\" data-font=\"Aptos\" data-listid=\"22\" data-list-defn-props=\"{&quot;335551671&quot;:0,&quot;335552541&quot;:1,&quot;335559685&quot;:1068,&quot;335559991&quot;:360,&quot;469769226&quot;:&quot;Aptos&quot;,&quot;469769242&quot;:[8226],&quot;469777803&quot;:&quot;left&quot;,&quot;469777804&quot;:&quot;-&quot;,&quot;469777815&quot;:&quot;hybridMultilevel&quot;}\" aria-setsize=\"-1\" data-aria-posinset=\"3\" data-aria-level=\"1\">\n<h3><b><span data-contrast=\"auto\">Tecnolog\u00eda y seguridad<\/span><\/b><\/h3>\n<\/li>\n<\/ul>\n<p><span data-contrast=\"auto\">En sus versiones m\u00e1s recientes, el Vitara incorpora tecnolog\u00edas avanzadas que mejoran la experiencia de conducci\u00f3n y la seguridad, como:<\/span><span data-ccp-props=\"{}\">\u00a0<\/span><\/p>\n<ul>\n<li data-leveltext=\"o\" data-font=\"Courier New\" data-listid=\"22\" data-list-defn-props=\"{&quot;335552541&quot;:1,&quot;335559685&quot;:1788,&quot;335559991&quot;:360,&quot;469769226&quot;:&quot;Courier New&quot;,&quot;469769242&quot;:[9675],&quot;469777803&quot;:&quot;left&quot;,&quot;469777804&quot;:&quot;o&quot;,&quot;469777815&quot;:&quot;hybridMultilevel&quot;}\" aria-setsize=\"-1\" data-aria-posinset=\"1\" data-aria-level=\"2\"><span data-contrast=\"auto\">Control de crucero adaptativo.<\/span><span data-ccp-props=\"{}\">\u00a0<\/span><\/li>\n<\/ul>\n<ul>\n<li data-leveltext=\"o\" data-font=\"Courier New\" data-listid=\"22\" data-list-defn-props=\"{&quot;335552541&quot;:1,&quot;335559685&quot;:1788,&quot;335559991&quot;:360,&quot;469769226&quot;:&quot;Courier New&quot;,&quot;469769242&quot;:[9675],&quot;469777803&quot;:&quot;left&quot;,&quot;469777804&quot;:&quot;o&quot;,&quot;469777815&quot;:&quot;hybridMultilevel&quot;}\" aria-setsize=\"-1\" data-aria-posinset=\"2\" data-aria-level=\"2\"><span data-contrast=\"auto\">Sistema de frenado autom\u00e1tico.<\/span><span data-ccp-props=\"{}\">\u00a0<\/span><\/li>\n<\/ul>\n<ul>\n<li data-leveltext=\"o\" data-font=\"Courier New\" data-listid=\"22\" data-list-defn-props=\"{&quot;335552541&quot;:1,&quot;335559685&quot;:1788,&quot;335559991&quot;:360,&quot;469769226&quot;:&quot;Courier New&quot;,&quot;469769242&quot;:[9675],&quot;469777803&quot;:&quot;left&quot;,&quot;469777804&quot;:&quot;o&quot;,&quot;469777815&quot;:&quot;hybridMultilevel&quot;}\" aria-setsize=\"-1\" data-aria-posinset=\"3\" data-aria-level=\"2\"><span data-contrast=\"auto\">Sensores de aparcamiento delanteros y traseros.<\/span><span data-ccp-props=\"{}\">\u00a0<\/span><\/li>\n<\/ul>\n<ul>\n<li data-leveltext=\"o\" data-font=\"Courier New\" data-listid=\"22\" data-list-defn-props=\"{&quot;335552541&quot;:1,&quot;335559685&quot;:1788,&quot;335559991&quot;:360,&quot;469769226&quot;:&quot;Courier New&quot;,&quot;469769242&quot;:[9675],&quot;469777803&quot;:&quot;left&quot;,&quot;469777804&quot;:&quot;o&quot;,&quot;469777815&quot;:&quot;hybridMultilevel&quot;}\" aria-setsize=\"-1\" data-aria-posinset=\"4\" data-aria-level=\"2\"><span data-contrast=\"auto\">C\u00e1mara de visi\u00f3n trasera.<\/span><span data-ccp-props=\"{}\">\u00a0<\/span><\/li>\n<\/ul>\n<h2><b><span data-contrast=\"auto\">\u00bfPor qu\u00e9 el Suzuki Vitara de segunda mano es la opci\u00f3n perfecta en Extremadura?<\/span><\/b><span data-ccp-props=\"{}\">\u00a0<\/span><\/h2>\n<p><span data-contrast=\"auto\">Extremadura es una regi\u00f3n con una combinaci\u00f3n \u00fanica de paisajes urbanos y naturales. Empezando por las calles hist\u00f3ricas de C\u00e1ceres y Badajoz, hasta los senderos rurales y reservas naturales, la diversidad del terreno exige un veh\u00edculo que pueda adaptarse a diferentes condiciones. El Suzuki Vitara es perfecto para los conductores de esta Comunidad por varias razones. Para empezar, <strong>su dise\u00f1o compacto facilita la conducci\u00f3n y el aparcamiento en ciudades con calles estrechas y zonas hist\u00f3ricas.<\/strong> Adem\u00e1s, sus <strong>capacidades todoterreno<\/strong> lo convierten en el aliado perfecto para explorar zonas rurales o realizar actividades al aire libre, mientras que las motorizaciones h\u00edbridas de las versiones m\u00e1s recientes disponibles en el mercado de ocasi\u00f3n reducen el impacto ambiental.\u00a0<\/span><span data-ccp-props=\"{}\">\u00a0<\/span><\/p>\n<h2><b><span data-contrast=\"auto\">\u00bfQu\u00e9 ventajas tiene comprar un Suzuki Vitara de segunda mano en Extremadura?<\/span><\/b><span data-ccp-props=\"{}\">\u00a0<\/span><\/h2>\n<p><span data-contrast=\"auto\">El Suzuki Vitara ha sabido adaptarse y ser uno de los<strong> todoterrenos compactos m\u00e1s fiables del mercado<\/strong>. El mercado de coches de segunda mano ofrece oportunidades interesantes, sobre todo si buscas el coche perfecto para las carreteras extreme\u00f1as.<\/span><span data-ccp-props=\"{}\">\u00a0<\/span><\/p>\n<h3><b><span data-contrast=\"auto\">1. Precio asequible y ahorro econ\u00f3mico<\/span><\/b><span data-ccp-props=\"{}\">\u00a0<\/span><\/h3>\n<p><span data-contrast=\"auto\">Decantarse por un Suzuki Vitara de segunda mano supone un importante <strong>ahorro econ\u00f3mico<\/strong> en comparaci\u00f3n con la compra de un veh\u00edculo nuevo. Adem\u00e1s de ser accesible, el modelo, mantiene una gran relaci\u00f3n calidad-precio.<\/span><span data-ccp-props=\"{}\">\u00a0<\/span><\/p>\n<h3><b><span data-contrast=\"auto\">2. Fiabilidad comprobada<\/span><\/b><span data-ccp-props=\"{}\">\u00a0<\/span><\/h3>\n<p><span data-contrast=\"auto\"><strong>El Suzuki Vitara es conocido por su durabilidad y su capacidad para recorrer grandes distancias con un mantenimiento adecuado<\/strong>. Comprar uno de segunda mano te permitir\u00e1 disfrutar de un veh\u00edculo que ha demostrado su resistencia en diferentes terrenos y climas. En OcasionPlus, los veh\u00edculos pasan por m\u00e1s de 200 puntos de control en talleres propios, por lo que te aseguraremos que cada coche a la venta cumple con los est\u00e1ndares m\u00e1s altos de calidad y rendimiento. El proceso de revisi\u00f3n incluye la supervisi\u00f3n de elementos importantes como frenos, suspensi\u00f3n, motor y sistemas electr\u00f3nicos, para ofrecer m\u00e1s confianza al comprador.<\/span><span data-ccp-props=\"{}\">\u00a0<\/span><\/p>\n<h3><b><span data-contrast=\"auto\">3. Capacidades todoterreno<\/span><\/b><span data-ccp-props=\"{}\">\u00a0<\/span><\/h3>\n<p><span data-contrast=\"auto\">El sistema de tracci\u00f3n total AllGrip del Suzuki Vitara lo convierte en <strong>una gran opci\u00f3n para quienes disfrutan al explorar rutas rurales o enfrentarse a terrenos m\u00e1s complicados<\/strong>. El sistema permite al conductor seleccionar diferentes modos de conducci\u00f3n seg\u00fan las condiciones del camino y ofrecer un control total incluso en pendientes o superficies resbaladizas.<\/span><span data-ccp-props=\"{}\">\u00a0<\/span><\/p>\n<p><span data-contrast=\"auto\">Si bien su capacidad todoterreno es uno de sus puntos fuertes, <strong>el dise\u00f1o del Vitara tambi\u00e9n lo hace perfecto para la ciudad<\/strong>. En lugares como C\u00e1ceres o Badajoz, donde las calles pueden ser estrechas, el Vitara es f\u00e1cil de maniobrar y brindar al conductor total\u00a0 comodidad en entornos urbanos.<\/span><span data-ccp-props=\"{}\">\u00a0<\/span><\/p>\n<h3><b><span data-contrast=\"auto\">4. Comodidad y tecnolog\u00eda <\/span><\/b><span data-ccp-props=\"{}\">\u00a0<\/span><\/h3>\n<p><span data-contrast=\"auto\">Como ya hemos mencionado, el interior del <strong>Suzuki Vitara ofrece un espacio c\u00f3modo y bien equipado<\/strong>, con detalles que van desde asientos de cuero sint\u00e9tico hasta sistemas de infoentretenimiento con pantalla t\u00e1ctil y conectividad Bluetooth. Las versiones m\u00e1s modernas incorporan tecnolog\u00edas avanzadas que mejoran la seguridad y la experiencia de conducci\u00f3n como es el control de crucero adaptativo para mantener la distancia adecuada con otros veh\u00edculos, los sensores de aparcamiento y c\u00e1mara trasera para facilitar las maniobras en espacios reducidos o el frenado autom\u00e1tico de emergencia y control de estabilidad.\u00a0<\/span><span data-ccp-props=\"{}\">\u00a0<\/span><\/p>\n<div style=\"text-align: center; background-color: #f9f9f9; padding: 20px; border: 1px solid #ddd; border-radius: 10px; font-family: Arial, sans-serif;\">\n<h2 style=\"color: #333; font-weight: bold;\">\u00a1Descubre tu Suzuki Vitara perfecto en OcasionPlus!<\/h2>\n<p style=\"color: #555; font-size: 16px; margin: 10px 0;\">Explora las mejores ofertas en Suzuki Vitara de ocasi\u00f3n con garant\u00eda y financiaci\u00f3n a medida. \u00a1No lo dejes escapar!<\/p>\n<p><a style=\"display: inline-block; text-decoration: none; background-color: #007bff; color: #fff; padding: 10px 20px; border-radius: 5px; font-size: 16px; font-weight: bold;\" href=\"https:\/\/www.ocasionplus.com\/coches-segunda-mano\/badajoz\/suzuki\/vitara\">Ver Suzuki Vitara de segunda mano disponibles en Extremadura<\/a><\/p>\n<\/div>\n<h2><b><span data-contrast=\"auto\">Consejos para elegir un Suzuki Vitara de segunda mano<\/span><\/b><span data-ccp-props=\"{}\">\u00a0<\/span><\/h2>\n<p><span data-contrast=\"auto\">Aunque los <a href=\"https:\/\/www.ocasionplus.com\/concesionarios\">100 concesionarios de OcasionPlus<\/a> te ofrecen garant\u00edas y completas revisiones de sus coches a la venta, tambi\u00e9n es importante tener en cuenta algunos aspectos al seleccionar a tu nuevo compa\u00f1ero en la carretera:\u00a0<\/span><span data-ccp-props=\"{}\">\u00a0<\/span><\/p>\n<ul>\n<li data-leveltext=\"-\" data-font=\"Aptos\" data-listid=\"22\" data-list-defn-props=\"{&quot;335551671&quot;:0,&quot;335552541&quot;:1,&quot;335559685&quot;:1068,&quot;335559991&quot;:360,&quot;469769226&quot;:&quot;Aptos&quot;,&quot;469769242&quot;:[8226],&quot;469777803&quot;:&quot;left&quot;,&quot;469777804&quot;:&quot;-&quot;,&quot;469777815&quot;:&quot;hybridMultilevel&quot;}\" aria-setsize=\"-1\" data-aria-posinset=\"4\" data-aria-level=\"1\">\n<h3><b><span data-contrast=\"auto\">Piensa en tus necesidades<\/span><\/b><\/h3>\n<\/li>\n<\/ul>\n<p><span data-contrast=\"auto\">Si planeas usar el coche principalmente en ciudad, una versi\u00f3n 4&#215;2 ser\u00e1 suficiente. Para escapadas rurales o terrenos dif\u00edciles, ser\u00e1 mejor decantarse por una versi\u00f3n 4&#215;4 con sistema AllGrip.<\/span><span data-ccp-props=\"{}\">\u00a0<\/span><\/p>\n<ul>\n<li data-leveltext=\"-\" data-font=\"Aptos\" data-listid=\"22\" data-list-defn-props=\"{&quot;335551671&quot;:0,&quot;335552541&quot;:1,&quot;335559685&quot;:1068,&quot;335559991&quot;:360,&quot;469769226&quot;:&quot;Aptos&quot;,&quot;469769242&quot;:[8226],&quot;469777803&quot;:&quot;left&quot;,&quot;469777804&quot;:&quot;-&quot;,&quot;469777815&quot;:&quot;hybridMultilevel&quot;}\" aria-setsize=\"-1\" data-aria-posinset=\"5\" data-aria-level=\"1\">\n<h3><b><span data-contrast=\"auto\">Aprovecha las pol\u00edticas de prueba y garant\u00eda<\/span><\/b><\/h3>\n<\/li>\n<\/ul>\n<p><span data-contrast=\"auto\"><a href=\"https:\/\/www.ocasionplus.com\/\">OcasionPlus<\/a> te ofrece hasta 15 d\u00edas o 1.000 kil\u00f3metros para probar el veh\u00edculo, as\u00ed como una garant\u00eda de 1 a\u00f1o, ampliable a 2 a\u00f1os, para que compres con total tranquilidad.<\/span><span data-ccp-props=\"{}\">\u00a0<\/span><\/p>\n<ul>\n<li data-leveltext=\"-\" data-font=\"Aptos\" data-listid=\"22\" data-list-defn-props=\"{&quot;335551671&quot;:0,&quot;335552541&quot;:1,&quot;335559685&quot;:1068,&quot;335559991&quot;:360,&quot;469769226&quot;:&quot;Aptos&quot;,&quot;469769242&quot;:[8226],&quot;469777803&quot;:&quot;left&quot;,&quot;469777804&quot;:&quot;-&quot;,&quot;469777815&quot;:&quot;hybridMultilevel&quot;}\" aria-setsize=\"-1\" data-aria-posinset=\"6\" data-aria-level=\"1\">\n<h3><b><span data-contrast=\"auto\">No te olvides de la posibilidad de financiaci\u00f3n<\/span><\/b><\/h3>\n<\/li>\n<\/ul>\n<p><span data-contrast=\"auto\">Con opciones de financiaci\u00f3n flexibles, puedes ajustar lo que pagar\u00e1s por tu coche a tu presupuesto sin necesidad de realizar un gran desembolso inicial.<\/span><span data-ccp-props=\"{}\">\u00a0<\/span><\/p>\n<ul>\n<li data-leveltext=\"-\" data-font=\"Aptos\" data-listid=\"22\" data-list-defn-props=\"{&quot;335551671&quot;:0,&quot;335552541&quot;:1,&quot;335559685&quot;:1068,&quot;335559991&quot;:360,&quot;469769226&quot;:&quot;Aptos&quot;,&quot;469769242&quot;:[8226],&quot;469777803&quot;:&quot;left&quot;,&quot;469777804&quot;:&quot;-&quot;,&quot;469777815&quot;:&quot;hybridMultilevel&quot;}\" aria-setsize=\"-1\" data-aria-posinset=\"7\" data-aria-level=\"1\">\n<h3><b><span data-contrast=\"auto\">Elige la generaci\u00f3n que mejor se adapte a ti<\/span><\/b><\/h3>\n<\/li>\n<\/ul>\n<p><span data-contrast=\"auto\">El Suzuki Vitara ha evolucionado a lo largo de sus distintas generaciones. Si buscas un coche m\u00e1s orientado al todoterreno puro, las primeras generaciones pueden ser las mejores, aunque si prefieres tener un enfoque m\u00e1s urbano, y con tecnolog\u00eda moderna, las versiones m\u00e1s recientes ser\u00e1n las m\u00e1s acertadas. <\/span><span data-ccp-props=\"{}\">\u00a0<\/span><\/p>\n<ul>\n<li data-leveltext=\"-\" data-font=\"Aptos\" data-listid=\"22\" data-list-defn-props=\"{&quot;335551671&quot;:0,&quot;335552541&quot;:1,&quot;335559685&quot;:1068,&quot;335559991&quot;:360,&quot;469769226&quot;:&quot;Aptos&quot;,&quot;469769242&quot;:[8226],&quot;469777803&quot;:&quot;left&quot;,&quot;469777804&quot;:&quot;-&quot;,&quot;469777815&quot;:&quot;hybridMultilevel&quot;}\" aria-setsize=\"-1\" data-aria-posinset=\"8\" data-aria-level=\"1\">\n<h3><b><span data-contrast=\"auto\">Consumo y tipo de combustible<\/span><\/b><\/h3>\n<\/li>\n<\/ul>\n<p><span data-contrast=\"auto\">\u00bfEres de los que hace kil\u00f3metros como si no hubiera un ma\u00f1ana? Entonces, un motor di\u00e9sel puede ser tu mejor aliado, aunque si prefieres una alternativa m\u00e1s respetuosa con el medio ambiente las versiones h\u00edbridas son una opci\u00f3n genial.<\/span><span data-ccp-props=\"{}\">\u00a0<\/span><\/p>\n<h2><b><span data-contrast=\"auto\">\u00bfPor qu\u00e9 Extremadura es el lugar perfecto para un Suzuki Vitara?<\/span><\/b><span data-ccp-props=\"{}\">\u00a0<\/span><\/h2>\n<p><span data-contrast=\"auto\"><strong>Extremadura<\/strong>, con su mezcla de ciudades hist\u00f3ricas y paisajes naturales, <strong>es el escenario perfecto para un SUV todocamino como el Suzuki Vitara<\/strong>. Si buscas coches de ocasi\u00f3n en Badajoz, por ejemplo, el Vitara puede ser tu pr\u00f3ximo gran aliado, y es que todos sus complementos y caracter\u00edsticas son estupendas para explorar lugares como Monfrag\u00fce, la Sierra de Gata o Las Hurdes, mientras que su dise\u00f1o compacto facilita la conducci\u00f3n en calles estrechas que puedes encontrarte.<\/span><span data-ccp-props=\"{}\">\u00a0<\/span><\/p>\n<p><span data-contrast=\"auto\"><strong>Si buscas un coche vers\u00e1til y asequible, este todoterreno de segunda mano es una de las mejores elecciones que puedes hacer en Extremadura<\/strong>. La mezcla de prestaciones, confort urbano y tecnolog\u00eda avanzada lo han convertido en uno de los veh\u00edculos capaces de adaptarse a cualquier estilo de vida. \u00a1Encuentra el tuyo!<\/span><span data-ccp-props=\"{}\">\u00a0<\/span>[\/vc_column_text][\/vc_column][\/vc_row]<\/p>\n<\/div>","protected":false},"excerpt":{"rendered":"<p>[vc_row][vc_column][vc_column_text css=&#8221;&#8221;]Cuando pensamos en todocaminos compactos, el Suzuki Vitara es uno de esos modelos que inevitablemente nos vienen a la mente. Su lanzamiento al mercado se produjo en 1988, y desde ese momento este SUV ha despuntado por su combinaci\u00f3n de versatilidad, dise\u00f1o atractivo para muchos usuarios y una fiabilidad que lo ha hecho mantenerse&#8230;<\/p>\n","protected":false},"author":2,"featured_media":10552,"comment_status":"closed","ping_status":"open","sticky":true,"template":"","format":"standard","meta":{"footnotes":""},"categories":[13],"tags":[],"class_list":["post-14893","post","type-post","status-publish","format-standard","has-post-thumbnail","hentry","category-interesa-saber"],"yoast_head":"<!-- This site is optimized with the Yoast SEO Premium plugin v24.8 (Yoast SEO v24.8.1) - https:\/\/yoast.com\/wordpress\/plugins\/seo\/ -->\n<title>Suzuki vitara segunda mano en Extremadura: \u00bfVale la pena? - OcasionPlus Blog<\/title>\n<meta name=\"description\" content=\"En este art\u00edculo descubre todo lo que tienes que saber si quieres comprarte un Suzuki Vitara de segunda mano en Extremadura con OcasionPlus.\" \/>\n<meta name=\"robots\" content=\"index, follow, max-snippet:-1, max-image-preview:large, max-video-preview:-1\" \/>\n<link rel=\"canonical\" href=\"https:\/\/www.ocasionplus.com\/noticias\/suzuki-vitara-segunda-mano-extremadura\/\" \/>\n<meta property=\"og:locale\" content=\"es_ES\" \/>\n<meta property=\"og:type\" content=\"article\" \/>\n<meta property=\"og:title\" content=\"Suzuki vitara segunda mano en Extremadura: \u00bfVale la pena?\" \/>\n<meta property=\"og:description\" content=\"En este art\u00edculo descubre todo lo que tienes que saber si quieres comprarte un Suzuki Vitara de segunda mano en Extremadura con OcasionPlus.\" \/>\n<meta property=\"og:url\" content=\"https:\/\/www.ocasionplus.com\/noticias\/suzuki-vitara-segunda-mano-extremadura\/\" \/>\n<meta property=\"og:site_name\" content=\"OcasionPlus Blog\" \/>\n<meta property=\"article:publisher\" content=\"https:\/\/www.facebook.com\/ocasionplus\" \/>\n<meta property=\"article:published_time\" content=\"2025-01-27T09:00:25+00:00\" \/>\n<meta property=\"article:modified_time\" content=\"2025-03-27T09:07:47+00:00\" \/>\n<meta property=\"og:image\" content=\"https:\/\/www.ocasionplus.com\/wp-content\/uploads\/2024\/04\/Suzuki-Vitara.jpg\" \/>\n\t<meta property=\"og:image:width\" content=\"1280\" \/>\n\t<meta property=\"og:image:height\" content=\"801\" \/>\n\t<meta property=\"og:image:type\" content=\"image\/jpeg\" \/>\n<meta name=\"author\" content=\"OcasionPlus\" \/>\n<meta name=\"twitter:card\" content=\"summary_large_image\" \/>\n<meta name=\"twitter:creator\" content=\"@ocasionplus\" \/>\n<meta name=\"twitter:site\" content=\"@ocasionplus\" \/>\n<meta name=\"twitter:label1\" content=\"Escrito por\" \/>\n\t<meta name=\"twitter:data1\" content=\"OcasionPlus\" \/>\n\t<meta name=\"twitter:label2\" content=\"Tiempo de lectura\" \/>\n\t<meta name=\"twitter:data2\" content=\"9 minutos\" \/>\n<script type=\"application\/ld+json\" class=\"yoast-schema-graph\">{\"@context\":\"https:\/\/schema.org\",\"@graph\":[{\"@type\":\"Article\",\"@id\":\"https:\/\/www.ocasionplus.com\/noticias\/suzuki-vitara-segunda-mano-extremadura\/#article\",\"isPartOf\":{\"@id\":\"https:\/\/www.ocasionplus.com\/noticias\/suzuki-vitara-segunda-mano-extremadura\/\"},\"author\":{\"name\":\"OcasionPlus\",\"@id\":\"https:\/\/www.ocasionplus.com\/noticias\/#\/schema\/person\/7ab10ae859759ef2622b28e83ba868eb\"},\"headline\":\"Suzuki vitara segunda mano en Extremadura: \u00bfVale la pena?\",\"datePublished\":\"2025-01-27T09:00:25+00:00\",\"dateModified\":\"2025-03-27T09:07:47+00:00\",\"mainEntityOfPage\":{\"@id\":\"https:\/\/www.ocasionplus.com\/noticias\/suzuki-vitara-segunda-mano-extremadura\/\"},\"wordCount\":1925,\"publisher\":{\"@id\":\"https:\/\/www.ocasionplus.com\/noticias\/#organization\"},\"image\":{\"@id\":\"https:\/\/www.ocasionplus.com\/noticias\/suzuki-vitara-segunda-mano-extremadura\/#primaryimage\"},\"thumbnailUrl\":\"https:\/\/www.ocasionplus.com\/wp-content\/uploads\/2024\/04\/Suzuki-Vitara.jpg\",\"articleSection\":[\"Te interesa saber...\"],\"inLanguage\":\"es\",\"copyrightYear\":\"2025\",\"copyrightHolder\":{\"@id\":\"https:\/\/www.ocasionplus.com\/noticias\/#organization\"}},{\"@type\":\"WebPage\",\"@id\":\"https:\/\/www.ocasionplus.com\/noticias\/suzuki-vitara-segunda-mano-extremadura\/\",\"url\":\"https:\/\/www.ocasionplus.com\/noticias\/suzuki-vitara-segunda-mano-extremadura\/\",\"name\":\"Suzuki vitara segunda mano en Extremadura: \u00bfVale la pena? - OcasionPlus Blog\",\"isPartOf\":{\"@id\":\"https:\/\/www.ocasionplus.com\/noticias\/#website\"},\"primaryImageOfPage\":{\"@id\":\"https:\/\/www.ocasionplus.com\/noticias\/suzuki-vitara-segunda-mano-extremadura\/#primaryimage\"},\"image\":{\"@id\":\"https:\/\/www.ocasionplus.com\/noticias\/suzuki-vitara-segunda-mano-extremadura\/#primaryimage\"},\"thumbnailUrl\":\"https:\/\/www.ocasionplus.com\/wp-content\/uploads\/2024\/04\/Suzuki-Vitara.jpg\",\"datePublished\":\"2025-01-27T09:00:25+00:00\",\"dateModified\":\"2025-03-27T09:07:47+00:00\",\"description\":\"En este art\u00edculo descubre todo lo que tienes que saber si quieres comprarte un Suzuki Vitara de segunda mano en Extremadura con OcasionPlus.\",\"breadcrumb\":{\"@id\":\"https:\/\/www.ocasionplus.com\/noticias\/suzuki-vitara-segunda-mano-extremadura\/#breadcrumb\"},\"inLanguage\":\"es\",\"potentialAction\":[{\"@type\":\"ReadAction\",\"target\":[\"https:\/\/www.ocasionplus.com\/noticias\/suzuki-vitara-segunda-mano-extremadura\/\"]}]},{\"@type\":\"ImageObject\",\"inLanguage\":\"es\",\"@id\":\"https:\/\/www.ocasionplus.com\/noticias\/suzuki-vitara-segunda-mano-extremadura\/#primaryimage\",\"url\":\"https:\/\/www.ocasionplus.com\/wp-content\/uploads\/2024\/04\/Suzuki-Vitara.jpg\",\"contentUrl\":\"https:\/\/www.ocasionplus.com\/wp-content\/uploads\/2024\/04\/Suzuki-Vitara.jpg\",\"width\":1280,\"height\":801,\"caption\":\"Suzuki Vitara de color amarillo\"},{\"@type\":\"BreadcrumbList\",\"@id\":\"https:\/\/www.ocasionplus.com\/noticias\/suzuki-vitara-segunda-mano-extremadura\/#breadcrumb\",\"itemListElement\":[{\"@type\":\"ListItem\",\"position\":1,\"name\":\"Portada\",\"item\":\"https:\/\/www.ocasionplus.com\/noticias\/\"},{\"@type\":\"ListItem\",\"position\":2,\"name\":\"Suzuki vitara segunda mano en Extremadura: \u00bfVale la pena?\"}]},{\"@type\":\"WebSite\",\"@id\":\"https:\/\/www.ocasionplus.com\/noticias\/#website\",\"url\":\"https:\/\/www.ocasionplus.com\/noticias\/\",\"name\":\"OcasionPlus Blog\",\"description\":\"Veh\u00edculos de ocasi\u00f3n\",\"publisher\":{\"@id\":\"https:\/\/www.ocasionplus.com\/noticias\/#organization\"},\"potentialAction\":[{\"@type\":\"SearchAction\",\"target\":{\"@type\":\"EntryPoint\",\"urlTemplate\":\"https:\/\/www.ocasionplus.com\/noticias\/?s={search_term_string}\"},\"query-input\":{\"@type\":\"PropertyValueSpecification\",\"valueRequired\":true,\"valueName\":\"search_term_string\"}}],\"inLanguage\":\"es\"},{\"@type\":\"Organization\",\"@id\":\"https:\/\/www.ocasionplus.com\/noticias\/#organization\",\"name\":\"OcasionPlus\",\"url\":\"https:\/\/www.ocasionplus.com\/noticias\/\",\"logo\":{\"@type\":\"ImageObject\",\"inLanguage\":\"es\",\"@id\":\"https:\/\/www.ocasionplus.com\/noticias\/#\/schema\/logo\/image\/\",\"url\":\"https:\/\/www.ocasionplus.com\/wp-content\/uploads\/2024\/05\/cropped-cropped-oplus-logo-blog.png\",\"contentUrl\":\"https:\/\/www.ocasionplus.com\/wp-content\/uploads\/2024\/05\/cropped-cropped-oplus-logo-blog.png\",\"width\":360,\"height\":71,\"caption\":\"OcasionPlus\"},\"image\":{\"@id\":\"https:\/\/www.ocasionplus.com\/noticias\/#\/schema\/logo\/image\/\"},\"sameAs\":[\"https:\/\/www.facebook.com\/ocasionplus\",\"https:\/\/x.com\/ocasionplus\",\"https:\/\/www.instagram.com\/ocasion_plus\",\"https:\/\/www.youtube.com\/channel\/UCBiCAto61Lyu27CgI95wrYQ\",\"https:\/\/www.tiktok.com\/@ocasionplus.com\",\"https:\/\/es.linkedin.com\/company\/ocasionplus\"]},{\"@type\":\"Person\",\"@id\":\"https:\/\/www.ocasionplus.com\/noticias\/#\/schema\/person\/7ab10ae859759ef2622b28e83ba868eb\",\"name\":\"OcasionPlus\",\"image\":{\"@type\":\"ImageObject\",\"inLanguage\":\"es\",\"@id\":\"https:\/\/www.ocasionplus.com\/noticias\/#\/schema\/person\/image\/\",\"url\":\"https:\/\/www.ocasionplus.com\/wp-content\/uploads\/2024\/07\/ocasionplus_avatar-96x96.jpg\",\"contentUrl\":\"https:\/\/www.ocasionplus.com\/wp-content\/uploads\/2024\/07\/ocasionplus_avatar-96x96.jpg\",\"caption\":\"OcasionPlus\"}}]}<\/script>\n<!-- \/ Yoast SEO Premium plugin. -->","yoast_head_json":{"title":"Suzuki vitara segunda mano en Extremadura: \u00bfVale la pena? - OcasionPlus Blog","description":"En este art\u00edculo descubre todo lo que tienes que saber si quieres comprarte un Suzuki Vitara de segunda mano en Extremadura con OcasionPlus.","robots":{"index":"index","follow":"follow","max-snippet":"max-snippet:-1","max-image-preview":"max-image-preview:large","max-video-preview":"max-video-preview:-1"},"canonical":"https:\/\/www.ocasionplus.com\/noticias\/suzuki-vitara-segunda-mano-extremadura\/","og_locale":"es_ES","og_type":"article","og_title":"Suzuki vitara segunda mano en Extremadura: \u00bfVale la pena?","og_description":"En este art\u00edculo descubre todo lo que tienes que saber si quieres comprarte un Suzuki Vitara de segunda mano en Extremadura con OcasionPlus.","og_url":"https:\/\/www.ocasionplus.com\/noticias\/suzuki-vitara-segunda-mano-extremadura\/","og_site_name":"OcasionPlus Blog","article_publisher":"https:\/\/www.facebook.com\/ocasionplus","article_published_time":"2025-01-27T09:00:25+00:00","article_modified_time":"2025-03-27T09:07:47+00:00","og_image":[{"width":1280,"height":801,"url":"https:\/\/www.ocasionplus.com\/wp-content\/uploads\/2024\/04\/Suzuki-Vitara.jpg","type":"image\/jpeg"}],"author":"OcasionPlus","twitter_card":"summary_large_image","twitter_creator":"@ocasionplus","twitter_site":"@ocasionplus","twitter_misc":{"Escrito por":"OcasionPlus","Tiempo de lectura":"9 minutos"},"schema":{"@context":"https:\/\/schema.org","@graph":[{"@type":"Article","@id":"https:\/\/www.ocasionplus.com\/noticias\/suzuki-vitara-segunda-mano-extremadura\/#article","isPartOf":{"@id":"https:\/\/www.ocasionplus.com\/noticias\/suzuki-vitara-segunda-mano-extremadura\/"},"author":{"name":"OcasionPlus","@id":"https:\/\/www.ocasionplus.com\/noticias\/#\/schema\/person\/7ab10ae859759ef2622b28e83ba868eb"},"headline":"Suzuki vitara segunda mano en Extremadura: \u00bfVale la pena?","datePublished":"2025-01-27T09:00:25+00:00","dateModified":"2025-03-27T09:07:47+00:00","mainEntityOfPage":{"@id":"https:\/\/www.ocasionplus.com\/noticias\/suzuki-vitara-segunda-mano-extremadura\/"},"wordCount":1925,"publisher":{"@id":"https:\/\/www.ocasionplus.com\/noticias\/#organization"},"image":{"@id":"https:\/\/www.ocasionplus.com\/noticias\/suzuki-vitara-segunda-mano-extremadura\/#primaryimage"},"thumbnailUrl":"https:\/\/www.ocasionplus.com\/wp-content\/uploads\/2024\/04\/Suzuki-Vitara.jpg","articleSection":["Te interesa saber..."],"inLanguage":"es","copyrightYear":"2025","copyrightHolder":{"@id":"https:\/\/www.ocasionplus.com\/noticias\/#organization"}},{"@type":"WebPage","@id":"https:\/\/www.ocasionplus.com\/noticias\/suzuki-vitara-segunda-mano-extremadura\/","url":"https:\/\/www.ocasionplus.com\/noticias\/suzuki-vitara-segunda-mano-extremadura\/","name":"Suzuki vitara segunda mano en Extremadura: \u00bfVale la pena? - OcasionPlus Blog","isPartOf":{"@id":"https:\/\/www.ocasionplus.com\/noticias\/#website"},"primaryImageOfPage":{"@id":"https:\/\/www.ocasionplus.com\/noticias\/suzuki-vitara-segunda-mano-extremadura\/#primaryimage"},"image":{"@id":"https:\/\/www.ocasionplus.com\/noticias\/suzuki-vitara-segunda-mano-extremadura\/#primaryimage"},"thumbnailUrl":"https:\/\/www.ocasionplus.com\/wp-content\/uploads\/2024\/04\/Suzuki-Vitara.jpg","datePublished":"2025-01-27T09:00:25+00:00","dateModified":"2025-03-27T09:07:47+00:00","description":"En este art\u00edculo descubre todo lo que tienes que saber si quieres comprarte un Suzuki Vitara de segunda mano en Extremadura con OcasionPlus.","breadcrumb":{"@id":"https:\/\/www.ocasionplus.com\/noticias\/suzuki-vitara-segunda-mano-extremadura\/#breadcrumb"},"inLanguage":"es","potentialAction":[{"@type":"ReadAction","target":["https:\/\/www.ocasionplus.com\/noticias\/suzuki-vitara-segunda-mano-extremadura\/"]}]},{"@type":"ImageObject","inLanguage":"es","@id":"https:\/\/www.ocasionplus.com\/noticias\/suzuki-vitara-segunda-mano-extremadura\/#primaryimage","url":"https:\/\/www.ocasionplus.com\/wp-content\/uploads\/2024\/04\/Suzuki-Vitara.jpg","contentUrl":"https:\/\/www.ocasionplus.com\/wp-content\/uploads\/2024\/04\/Suzuki-Vitara.jpg","width":1280,"height":801,"caption":"Suzuki Vitara de color amarillo"},{"@type":"BreadcrumbList","@id":"https:\/\/www.ocasionplus.com\/noticias\/suzuki-vitara-segunda-mano-extremadura\/#breadcrumb","itemListElement":[{"@type":"ListItem","position":1,"name":"Portada","item":"https:\/\/www.ocasionplus.com\/noticias\/"},{"@type":"ListItem","position":2,"name":"Suzuki vitara segunda mano en Extremadura: \u00bfVale la pena?"}]},{"@type":"WebSite","@id":"https:\/\/www.ocasionplus.com\/noticias\/#website","url":"https:\/\/www.ocasionplus.com\/noticias\/","name":"OcasionPlus Blog","description":"Veh\u00edculos de ocasi\u00f3n","publisher":{"@id":"https:\/\/www.ocasionplus.com\/noticias\/#organization"},"potentialAction":[{"@type":"SearchAction","target":{"@type":"EntryPoint","urlTemplate":"https:\/\/www.ocasionplus.com\/noticias\/?s={search_term_string}"},"query-input":{"@type":"PropertyValueSpecification","valueRequired":true,"valueName":"search_term_string"}}],"inLanguage":"es"},{"@type":"Organization","@id":"https:\/\/www.ocasionplus.com\/noticias\/#organization","name":"OcasionPlus","url":"https:\/\/www.ocasionplus.com\/noticias\/","logo":{"@type":"ImageObject","inLanguage":"es","@id":"https:\/\/www.ocasionplus.com\/noticias\/#\/schema\/logo\/image\/","url":"https:\/\/www.ocasionplus.com\/wp-content\/uploads\/2024\/05\/cropped-cropped-oplus-logo-blog.png","contentUrl":"https:\/\/www.ocasionplus.com\/wp-content\/uploads\/2024\/05\/cropped-cropped-oplus-logo-blog.png","width":360,"height":71,"caption":"OcasionPlus"},"image":{"@id":"https:\/\/www.ocasionplus.com\/noticias\/#\/schema\/logo\/image\/"},"sameAs":["https:\/\/www.facebook.com\/ocasionplus","https:\/\/x.com\/ocasionplus","https:\/\/www.instagram.com\/ocasion_plus","https:\/\/www.youtube.com\/channel\/UCBiCAto61Lyu27CgI95wrYQ","https:\/\/www.tiktok.com\/@ocasionplus.com","https:\/\/es.linkedin.com\/company\/ocasionplus"]},{"@type":"Person","@id":"https:\/\/www.ocasionplus.com\/noticias\/#\/schema\/person\/7ab10ae859759ef2622b28e83ba868eb","name":"OcasionPlus","image":{"@type":"ImageObject","inLanguage":"es","@id":"https:\/\/www.ocasionplus.com\/noticias\/#\/schema\/person\/image\/","url":"https:\/\/www.ocasionplus.com\/wp-content\/uploads\/2024\/07\/ocasionplus_avatar-96x96.jpg","contentUrl":"https:\/\/www.ocasionplus.com\/wp-content\/uploads\/2024\/07\/ocasionplus_avatar-96x96.jpg","caption":"OcasionPlus"}}]}},"jetpack_featured_media_url":"https:\/\/www.ocasionplus.com\/wp-content\/uploads\/2024\/04\/Suzuki-Vitara.jpg","_links":{"self":[{"href":"https:\/\/www.ocasionplus.com\/noticias\/wp-json\/wp\/v2\/posts\/14893","targetHints":{"allow":["GET"]}}],"collection":[{"href":"https:\/\/www.ocasionplus.com\/noticias\/wp-json\/wp\/v2\/posts"}],"about":[{"href":"https:\/\/www.ocasionplus.com\/noticias\/wp-json\/wp\/v2\/types\/post"}],"author":[{"embeddable":true,"href":"https:\/\/www.ocasionplus.com\/noticias\/wp-json\/wp\/v2\/users\/2"}],"replies":[{"embeddable":true,"href":"https:\/\/www.ocasionplus.com\/noticias\/wp-json\/wp\/v2\/comments?post=14893"}],"version-history":[{"count":2,"href":"https:\/\/www.ocasionplus.com\/noticias\/wp-json\/wp\/v2\/posts\/14893\/revisions"}],"predecessor-version":[{"id":14895,"href":"https:\/\/www.ocasionplus.com\/noticias\/wp-json\/wp\/v2\/posts\/14893\/revisions\/14895"}],"wp:featuredmedia":[{"embeddable":true,"href":"https:\/\/www.ocasionplus.com\/noticias\/wp-json\/wp\/v2\/media\/10552"}],"wp:attachment":[{"href":"https:\/\/www.ocasionplus.com\/noticias\/wp-json\/wp\/v2\/media?parent=14893"}],"wp:term":[{"taxonomy":"category","embeddable":true,"href":"https:\/\/www.ocasionplus.com\/noticias\/wp-json\/wp\/v2\/categories?post=14893"},{"taxonomy":"post_tag","embeddable":true,"href":"https:\/\/www.ocasionplus.com\/noticias\/wp-json\/wp\/v2\/tags?post=14893"}],"curies":[{"name":"wp","href":"https:\/\/api.w.org\/{rel}","templated":true}]}}