{"id":1520,"date":"2014-05-23T14:22:38","date_gmt":"2014-05-23T14:22:38","guid":{"rendered":"https:\/\/blog.ocasionplus.com\/?p=1520"},"modified":"2025-03-27T16:06:15","modified_gmt":"2025-03-27T15:06:15","slug":"como-somos-conductores-espanoles","status":"publish","type":"post","link":"https:\/\/www.ocasionplus.com\/noticias\/como-somos-conductores-espanoles\/","title":{"rendered":"\u00bfC\u00f3mo somos los conductores espa\u00f1oles?"},"content":{"rendered":"<p>\u00bfLos espa\u00f1oles somos conductores c\u00edvicos, tranquilos y solidarios o, por el contrario, <a href=\"https:\/\/blog.ocasionplus.com\/agresividad-conductores-espanoles\/\">agresivos<\/a>, temerarios y ego\u00edstas? Pues un reciente estudio del Instituto IPSOS nos saca de dudas mostr\u00e1ndonos el <strong>perfil de varias nacionalidades europeas a la hora de ponernos al volante.\u00a0<\/strong>Y es que seg\u00fan este estudio llevado a cabo en\u00a0Francia, Alemania, B\u00e9lgica, Espa\u00f1a, Gran Breta\u00f1a, Italia y Suecia, <strong>los conductores espa\u00f1oles no salimos demasiado bien parados<\/strong> en cuanto a nuestros h\u00e1bitos como conductores: somos los que m\u00e1s pitamos e insultamos de Europa&#8230;<\/p>\n<p>Seg\u00fan los datos presentados, el 63% de <strong>los espa\u00f1oles pitamos de forma constante<\/strong> cuando nos vemos en posesi\u00f3n de la verdad y el 59% <strong>insultamos<\/strong>, mientras que el resto de Europa tiene un porcentaje inferior, con el 47% y 56% respectivamente. Somos as\u00ed los m\u00e1s fans de tocar el claxon de forma insistente cuando queremos llamar la atenci\u00f3n de otro conductor. Sonido un tanto hiriente con un <strong>lenguaje intr\u00ednseco, elaborado y propio<\/strong>\u00a0y frecuentemente decorado con alg\u00fan que otro insulto e improperio.<\/p>\n<p>Pero lo mejor de todo es que, en lo que s\u00ed estamos de acuerdo la gran mayor\u00eda de los encuestados, sea cual sea nuestro pa\u00eds de procedencia, es en la <strong>m\u00e1s que positiva valoraci\u00f3n de nuestras dotes de conducci\u00f3n<\/strong>, donde nos fijamos una nota media de 7,8 sobre 10, y el 97% empleamos un adjetivo bueno para describir nuestra forma de conducir.<\/p>\n<p>De todas formas, los conductores espa\u00f1oles podemos ser intensos, agresivos e impacientes al volante&#8230; car\u00e1cter latino, sin duda; pero tambi\u00e9n<strong> somos m\u00e1s conscientes sobre el peligro de conducir bajo la influencia del alcohol o las drogas<\/strong> que el resto de los europeos. Aunque sabemos que la carretera es peligrosa, el 78% de nosotros tambi\u00e9n <strong>pensamos que el n\u00famero de accidentes mortales en las carreteras a\u00fan puede reducirse bastante m\u00e1s<\/strong>, cifra que supera en 17 puntos la media europea.<\/p>\n<p>Una <strong>mezcla interesante<\/strong> la que nos deja este retrato-robot del conductor espa\u00f1ol&#8230; \u00bfT\u00fa que opinas? <strong>Quiz\u00e1 te interese <a href=\"https:\/\/blog.ocasionplus.com\/espanoles-buscamos-coches\/\">cambiar de coche<\/a><\/strong> para mitigar tus vicios y potenciar tus virtudes al volante&#8230;<\/p>\n<p>Consulta nuestra <a title=\"Buscador de coches de segunda mano y ocasi\u00f3n\" href=\"https:\/\/www.ocasionplus.com\/coches-ocasion\" target=\"_blank\" rel=\"noopener\"><strong>oferta de coches de segunda mano y ocasi\u00f3n en Madrid<\/strong><\/a>\u00a0y sal rodando. Ah, por cierto, todos ellos con un <strong>excelente y refinado claxon.<\/strong><\/p>\n<p>\u00a1Te esperamos!<\/p>\n","protected":false},"excerpt":{"rendered":"<p>\u00bfLos espa\u00f1oles somos conductores c\u00edvicos, tranquilos y solidarios o agresivos, temerarios y ego\u00edstas? Un estudio del Instituto IPSOS nos saca de dudas mostr\u00e1ndonos el perfil de varias nacionalidades europeas a la hora de ponernos al volante.<\/p>\n","protected":false},"author":2,"featured_media":1527,"comment_status":"closed","ping_status":"open","sticky":false,"template":"","format":"standard","meta":{"footnotes":""},"categories":[13],"tags":[],"class_list":["post-1520","post","type-post","status-publish","format-standard","has-post-thumbnail","hentry","category-interesa-saber"],"yoast_head":"<!-- This site is optimized with the Yoast SEO Premium plugin v24.8 (Yoast SEO v24.8.1) - https:\/\/yoast.com\/wordpress\/plugins\/seo\/ -->\n<title>\u00bfC\u00f3mo somos los conductores espa\u00f1oles al volante?<\/title>\n<meta name=\"description\" content=\"Los conductores espa\u00f1oles no salimos demasiado bien parados en cuanto a nuestros h\u00e1bitos como conductores: somos los que m\u00e1s pitamos e insultamos de Europa.\" \/>\n<meta name=\"robots\" content=\"index, follow, max-snippet:-1, max-image-preview:large, max-video-preview:-1\" \/>\n<link rel=\"canonical\" href=\"https:\/\/www.ocasionplus.com\/noticias\/como-somos-conductores-espanoles\/\" \/>\n<meta property=\"og:locale\" content=\"es_ES\" \/>\n<meta property=\"og:type\" content=\"article\" \/>\n<meta property=\"og:title\" content=\"\u00bfC\u00f3mo somos los conductores espa\u00f1oles?\" \/>\n<meta property=\"og:description\" content=\"Los conductores espa\u00f1oles no salimos demasiado bien parados en cuanto a nuestros h\u00e1bitos como conductores: somos los que m\u00e1s pitamos e insultamos de Europa.\" \/>\n<meta property=\"og:url\" content=\"https:\/\/www.ocasionplus.com\/noticias\/como-somos-conductores-espanoles\/\" \/>\n<meta property=\"og:site_name\" content=\"OcasionPlus Blog\" \/>\n<meta property=\"article:publisher\" content=\"https:\/\/www.facebook.com\/ocasionplus\" \/>\n<meta property=\"article:published_time\" content=\"2014-05-23T14:22:38+00:00\" \/>\n<meta property=\"article:modified_time\" content=\"2025-03-27T15:06:15+00:00\" \/>\n<meta property=\"og:image\" content=\"https:\/\/www.ocasionplus.com\/wp-content\/uploads\/2014\/05\/conductores-espanoles.jpg\" \/>\n\t<meta property=\"og:image:width\" content=\"1500\" \/>\n\t<meta property=\"og:image:height\" content=\"1009\" \/>\n\t<meta property=\"og:image:type\" content=\"image\/jpeg\" \/>\n<meta name=\"author\" content=\"OcasionPlus\" \/>\n<meta name=\"twitter:card\" content=\"summary_large_image\" \/>\n<meta name=\"twitter:creator\" content=\"@ocasionplus\" \/>\n<meta name=\"twitter:site\" content=\"@ocasionplus\" \/>\n<meta name=\"twitter:label1\" content=\"Escrito por\" \/>\n\t<meta name=\"twitter:data1\" content=\"OcasionPlus\" \/>\n\t<meta name=\"twitter:label2\" content=\"Tiempo de lectura\" \/>\n\t<meta name=\"twitter:data2\" content=\"2 minutos\" \/>\n<script type=\"application\/ld+json\" class=\"yoast-schema-graph\">{\"@context\":\"https:\/\/schema.org\",\"@graph\":[{\"@type\":\"Article\",\"@id\":\"https:\/\/www.ocasionplus.com\/noticias\/como-somos-conductores-espanoles\/#article\",\"isPartOf\":{\"@id\":\"https:\/\/www.ocasionplus.com\/noticias\/como-somos-conductores-espanoles\/\"},\"author\":{\"name\":\"OcasionPlus\",\"@id\":\"https:\/\/www.ocasionplus.com\/noticias\/#\/schema\/person\/7ab10ae859759ef2622b28e83ba868eb\"},\"headline\":\"\u00bfC\u00f3mo somos los conductores espa\u00f1oles?\",\"datePublished\":\"2014-05-23T14:22:38+00:00\",\"dateModified\":\"2025-03-27T15:06:15+00:00\",\"mainEntityOfPage\":{\"@id\":\"https:\/\/www.ocasionplus.com\/noticias\/como-somos-conductores-espanoles\/\"},\"wordCount\":396,\"publisher\":{\"@id\":\"https:\/\/www.ocasionplus.com\/noticias\/#organization\"},\"image\":{\"@id\":\"https:\/\/www.ocasionplus.com\/noticias\/como-somos-conductores-espanoles\/#primaryimage\"},\"thumbnailUrl\":\"https:\/\/www.ocasionplus.com\/wp-content\/uploads\/2014\/05\/conductores-espanoles.jpg\",\"articleSection\":[\"Te interesa saber...\"],\"inLanguage\":\"es\",\"copyrightYear\":\"2014\",\"copyrightHolder\":{\"@id\":\"https:\/\/www.ocasionplus.com\/noticias\/#organization\"}},{\"@type\":\"WebPage\",\"@id\":\"https:\/\/www.ocasionplus.com\/noticias\/como-somos-conductores-espanoles\/\",\"url\":\"https:\/\/www.ocasionplus.com\/noticias\/como-somos-conductores-espanoles\/\",\"name\":\"\u00bfC\u00f3mo somos los conductores espa\u00f1oles al volante?\",\"isPartOf\":{\"@id\":\"https:\/\/www.ocasionplus.com\/noticias\/#website\"},\"primaryImageOfPage\":{\"@id\":\"https:\/\/www.ocasionplus.com\/noticias\/como-somos-conductores-espanoles\/#primaryimage\"},\"image\":{\"@id\":\"https:\/\/www.ocasionplus.com\/noticias\/como-somos-conductores-espanoles\/#primaryimage\"},\"thumbnailUrl\":\"https:\/\/www.ocasionplus.com\/wp-content\/uploads\/2014\/05\/conductores-espanoles.jpg\",\"datePublished\":\"2014-05-23T14:22:38+00:00\",\"dateModified\":\"2025-03-27T15:06:15+00:00\",\"description\":\"Los conductores espa\u00f1oles no salimos demasiado bien parados en cuanto a nuestros h\u00e1bitos como conductores: somos los que m\u00e1s pitamos e insultamos de Europa.\",\"breadcrumb\":{\"@id\":\"https:\/\/www.ocasionplus.com\/noticias\/como-somos-conductores-espanoles\/#breadcrumb\"},\"inLanguage\":\"es\",\"potentialAction\":[{\"@type\":\"ReadAction\",\"target\":[\"https:\/\/www.ocasionplus.com\/noticias\/como-somos-conductores-espanoles\/\"]}]},{\"@type\":\"ImageObject\",\"inLanguage\":\"es\",\"@id\":\"https:\/\/www.ocasionplus.com\/noticias\/como-somos-conductores-espanoles\/#primaryimage\",\"url\":\"https:\/\/www.ocasionplus.com\/wp-content\/uploads\/2014\/05\/conductores-espanoles.jpg\",\"contentUrl\":\"https:\/\/www.ocasionplus.com\/wp-content\/uploads\/2014\/05\/conductores-espanoles.jpg\",\"width\":1500,\"height\":1009,\"caption\":\"conductores espa\u00f1oles\"},{\"@type\":\"BreadcrumbList\",\"@id\":\"https:\/\/www.ocasionplus.com\/noticias\/como-somos-conductores-espanoles\/#breadcrumb\",\"itemListElement\":[{\"@type\":\"ListItem\",\"position\":1,\"name\":\"Portada\",\"item\":\"https:\/\/www.ocasionplus.com\/noticias\/\"},{\"@type\":\"ListItem\",\"position\":2,\"name\":\"\u00bfC\u00f3mo somos los conductores espa\u00f1oles?\"}]},{\"@type\":\"WebSite\",\"@id\":\"https:\/\/www.ocasionplus.com\/noticias\/#website\",\"url\":\"https:\/\/www.ocasionplus.com\/noticias\/\",\"name\":\"OcasionPlus Blog\",\"description\":\"Veh\u00edculos de ocasi\u00f3n\",\"publisher\":{\"@id\":\"https:\/\/www.ocasionplus.com\/noticias\/#organization\"},\"potentialAction\":[{\"@type\":\"SearchAction\",\"target\":{\"@type\":\"EntryPoint\",\"urlTemplate\":\"https:\/\/www.ocasionplus.com\/noticias\/?s={search_term_string}\"},\"query-input\":{\"@type\":\"PropertyValueSpecification\",\"valueRequired\":true,\"valueName\":\"search_term_string\"}}],\"inLanguage\":\"es\"},{\"@type\":\"Organization\",\"@id\":\"https:\/\/www.ocasionplus.com\/noticias\/#organization\",\"name\":\"OcasionPlus\",\"url\":\"https:\/\/www.ocasionplus.com\/noticias\/\",\"logo\":{\"@type\":\"ImageObject\",\"inLanguage\":\"es\",\"@id\":\"https:\/\/www.ocasionplus.com\/noticias\/#\/schema\/logo\/image\/\",\"url\":\"https:\/\/www.ocasionplus.com\/wp-content\/uploads\/2024\/05\/cropped-cropped-oplus-logo-blog.png\",\"contentUrl\":\"https:\/\/www.ocasionplus.com\/wp-content\/uploads\/2024\/05\/cropped-cropped-oplus-logo-blog.png\",\"width\":360,\"height\":71,\"caption\":\"OcasionPlus\"},\"image\":{\"@id\":\"https:\/\/www.ocasionplus.com\/noticias\/#\/schema\/logo\/image\/\"},\"sameAs\":[\"https:\/\/www.facebook.com\/ocasionplus\",\"https:\/\/x.com\/ocasionplus\",\"https:\/\/www.instagram.com\/ocasion_plus\",\"https:\/\/www.youtube.com\/channel\/UCBiCAto61Lyu27CgI95wrYQ\",\"https:\/\/www.tiktok.com\/@ocasionplus.com\",\"https:\/\/es.linkedin.com\/company\/ocasionplus\"]},{\"@type\":\"Person\",\"@id\":\"https:\/\/www.ocasionplus.com\/noticias\/#\/schema\/person\/7ab10ae859759ef2622b28e83ba868eb\",\"name\":\"OcasionPlus\",\"image\":{\"@type\":\"ImageObject\",\"inLanguage\":\"es\",\"@id\":\"https:\/\/www.ocasionplus.com\/noticias\/#\/schema\/person\/image\/\",\"url\":\"https:\/\/www.ocasionplus.com\/wp-content\/uploads\/2024\/07\/ocasionplus_avatar-96x96.jpg\",\"contentUrl\":\"https:\/\/www.ocasionplus.com\/wp-content\/uploads\/2024\/07\/ocasionplus_avatar-96x96.jpg\",\"caption\":\"OcasionPlus\"}}]}<\/script>\n<!-- \/ Yoast SEO Premium plugin. -->","yoast_head_json":{"title":"\u00bfC\u00f3mo somos los conductores espa\u00f1oles al volante?","description":"Los conductores espa\u00f1oles no salimos demasiado bien parados en cuanto a nuestros h\u00e1bitos como conductores: somos los que m\u00e1s pitamos e insultamos de Europa.","robots":{"index":"index","follow":"follow","max-snippet":"max-snippet:-1","max-image-preview":"max-image-preview:large","max-video-preview":"max-video-preview:-1"},"canonical":"https:\/\/www.ocasionplus.com\/noticias\/como-somos-conductores-espanoles\/","og_locale":"es_ES","og_type":"article","og_title":"\u00bfC\u00f3mo somos los conductores espa\u00f1oles?","og_description":"Los conductores espa\u00f1oles no salimos demasiado bien parados en cuanto a nuestros h\u00e1bitos como conductores: somos los que m\u00e1s pitamos e insultamos de Europa.","og_url":"https:\/\/www.ocasionplus.com\/noticias\/como-somos-conductores-espanoles\/","og_site_name":"OcasionPlus Blog","article_publisher":"https:\/\/www.facebook.com\/ocasionplus","article_published_time":"2014-05-23T14:22:38+00:00","article_modified_time":"2025-03-27T15:06:15+00:00","og_image":[{"width":1500,"height":1009,"url":"https:\/\/www.ocasionplus.com\/wp-content\/uploads\/2014\/05\/conductores-espanoles.jpg","type":"image\/jpeg"}],"author":"OcasionPlus","twitter_card":"summary_large_image","twitter_creator":"@ocasionplus","twitter_site":"@ocasionplus","twitter_misc":{"Escrito por":"OcasionPlus","Tiempo de lectura":"2 minutos"},"schema":{"@context":"https:\/\/schema.org","@graph":[{"@type":"Article","@id":"https:\/\/www.ocasionplus.com\/noticias\/como-somos-conductores-espanoles\/#article","isPartOf":{"@id":"https:\/\/www.ocasionplus.com\/noticias\/como-somos-conductores-espanoles\/"},"author":{"name":"OcasionPlus","@id":"https:\/\/www.ocasionplus.com\/noticias\/#\/schema\/person\/7ab10ae859759ef2622b28e83ba868eb"},"headline":"\u00bfC\u00f3mo somos los conductores espa\u00f1oles?","datePublished":"2014-05-23T14:22:38+00:00","dateModified":"2025-03-27T15:06:15+00:00","mainEntityOfPage":{"@id":"https:\/\/www.ocasionplus.com\/noticias\/como-somos-conductores-espanoles\/"},"wordCount":396,"publisher":{"@id":"https:\/\/www.ocasionplus.com\/noticias\/#organization"},"image":{"@id":"https:\/\/www.ocasionplus.com\/noticias\/como-somos-conductores-espanoles\/#primaryimage"},"thumbnailUrl":"https:\/\/www.ocasionplus.com\/wp-content\/uploads\/2014\/05\/conductores-espanoles.jpg","articleSection":["Te interesa saber..."],"inLanguage":"es","copyrightYear":"2014","copyrightHolder":{"@id":"https:\/\/www.ocasionplus.com\/noticias\/#organization"}},{"@type":"WebPage","@id":"https:\/\/www.ocasionplus.com\/noticias\/como-somos-conductores-espanoles\/","url":"https:\/\/www.ocasionplus.com\/noticias\/como-somos-conductores-espanoles\/","name":"\u00bfC\u00f3mo somos los conductores espa\u00f1oles al volante?","isPartOf":{"@id":"https:\/\/www.ocasionplus.com\/noticias\/#website"},"primaryImageOfPage":{"@id":"https:\/\/www.ocasionplus.com\/noticias\/como-somos-conductores-espanoles\/#primaryimage"},"image":{"@id":"https:\/\/www.ocasionplus.com\/noticias\/como-somos-conductores-espanoles\/#primaryimage"},"thumbnailUrl":"https:\/\/www.ocasionplus.com\/wp-content\/uploads\/2014\/05\/conductores-espanoles.jpg","datePublished":"2014-05-23T14:22:38+00:00","dateModified":"2025-03-27T15:06:15+00:00","description":"Los conductores espa\u00f1oles no salimos demasiado bien parados en cuanto a nuestros h\u00e1bitos como conductores: somos los que m\u00e1s pitamos e insultamos de Europa.","breadcrumb":{"@id":"https:\/\/www.ocasionplus.com\/noticias\/como-somos-conductores-espanoles\/#breadcrumb"},"inLanguage":"es","potentialAction":[{"@type":"ReadAction","target":["https:\/\/www.ocasionplus.com\/noticias\/como-somos-conductores-espanoles\/"]}]},{"@type":"ImageObject","inLanguage":"es","@id":"https:\/\/www.ocasionplus.com\/noticias\/como-somos-conductores-espanoles\/#primaryimage","url":"https:\/\/www.ocasionplus.com\/wp-content\/uploads\/2014\/05\/conductores-espanoles.jpg","contentUrl":"https:\/\/www.ocasionplus.com\/wp-content\/uploads\/2014\/05\/conductores-espanoles.jpg","width":1500,"height":1009,"caption":"conductores espa\u00f1oles"},{"@type":"BreadcrumbList","@id":"https:\/\/www.ocasionplus.com\/noticias\/como-somos-conductores-espanoles\/#breadcrumb","itemListElement":[{"@type":"ListItem","position":1,"name":"Portada","item":"https:\/\/www.ocasionplus.com\/noticias\/"},{"@type":"ListItem","position":2,"name":"\u00bfC\u00f3mo somos los conductores espa\u00f1oles?"}]},{"@type":"WebSite","@id":"https:\/\/www.ocasionplus.com\/noticias\/#website","url":"https:\/\/www.ocasionplus.com\/noticias\/","name":"OcasionPlus Blog","description":"Veh\u00edculos de ocasi\u00f3n","publisher":{"@id":"https:\/\/www.ocasionplus.com\/noticias\/#organization"},"potentialAction":[{"@type":"SearchAction","target":{"@type":"EntryPoint","urlTemplate":"https:\/\/www.ocasionplus.com\/noticias\/?s={search_term_string}"},"query-input":{"@type":"PropertyValueSpecification","valueRequired":true,"valueName":"search_term_string"}}],"inLanguage":"es"},{"@type":"Organization","@id":"https:\/\/www.ocasionplus.com\/noticias\/#organization","name":"OcasionPlus","url":"https:\/\/www.ocasionplus.com\/noticias\/","logo":{"@type":"ImageObject","inLanguage":"es","@id":"https:\/\/www.ocasionplus.com\/noticias\/#\/schema\/logo\/image\/","url":"https:\/\/www.ocasionplus.com\/wp-content\/uploads\/2024\/05\/cropped-cropped-oplus-logo-blog.png","contentUrl":"https:\/\/www.ocasionplus.com\/wp-content\/uploads\/2024\/05\/cropped-cropped-oplus-logo-blog.png","width":360,"height":71,"caption":"OcasionPlus"},"image":{"@id":"https:\/\/www.ocasionplus.com\/noticias\/#\/schema\/logo\/image\/"},"sameAs":["https:\/\/www.facebook.com\/ocasionplus","https:\/\/x.com\/ocasionplus","https:\/\/www.instagram.com\/ocasion_plus","https:\/\/www.youtube.com\/channel\/UCBiCAto61Lyu27CgI95wrYQ","https:\/\/www.tiktok.com\/@ocasionplus.com","https:\/\/es.linkedin.com\/company\/ocasionplus"]},{"@type":"Person","@id":"https:\/\/www.ocasionplus.com\/noticias\/#\/schema\/person\/7ab10ae859759ef2622b28e83ba868eb","name":"OcasionPlus","image":{"@type":"ImageObject","inLanguage":"es","@id":"https:\/\/www.ocasionplus.com\/noticias\/#\/schema\/person\/image\/","url":"https:\/\/www.ocasionplus.com\/wp-content\/uploads\/2024\/07\/ocasionplus_avatar-96x96.jpg","contentUrl":"https:\/\/www.ocasionplus.com\/wp-content\/uploads\/2024\/07\/ocasionplus_avatar-96x96.jpg","caption":"OcasionPlus"}}]}},"jetpack_featured_media_url":"https:\/\/www.ocasionplus.com\/wp-content\/uploads\/2014\/05\/conductores-espanoles.jpg","_links":{"self":[{"href":"https:\/\/www.ocasionplus.com\/noticias\/wp-json\/wp\/v2\/posts\/1520","targetHints":{"allow":["GET"]}}],"collection":[{"href":"https:\/\/www.ocasionplus.com\/noticias\/wp-json\/wp\/v2\/posts"}],"about":[{"href":"https:\/\/www.ocasionplus.com\/noticias\/wp-json\/wp\/v2\/types\/post"}],"author":[{"embeddable":true,"href":"https:\/\/www.ocasionplus.com\/noticias\/wp-json\/wp\/v2\/users\/2"}],"replies":[{"embeddable":true,"href":"https:\/\/www.ocasionplus.com\/noticias\/wp-json\/wp\/v2\/comments?post=1520"}],"version-history":[{"count":1,"href":"https:\/\/www.ocasionplus.com\/noticias\/wp-json\/wp\/v2\/posts\/1520\/revisions"}],"predecessor-version":[{"id":15540,"href":"https:\/\/www.ocasionplus.com\/noticias\/wp-json\/wp\/v2\/posts\/1520\/revisions\/15540"}],"wp:featuredmedia":[{"embeddable":true,"href":"https:\/\/www.ocasionplus.com\/noticias\/wp-json\/wp\/v2\/media\/1527"}],"wp:attachment":[{"href":"https:\/\/www.ocasionplus.com\/noticias\/wp-json\/wp\/v2\/media?parent=1520"}],"wp:term":[{"taxonomy":"category","embeddable":true,"href":"https:\/\/www.ocasionplus.com\/noticias\/wp-json\/wp\/v2\/categories?post=1520"},{"taxonomy":"post_tag","embeddable":true,"href":"https:\/\/www.ocasionplus.com\/noticias\/wp-json\/wp\/v2\/tags?post=1520"}],"curies":[{"name":"wp","href":"https:\/\/api.w.org\/{rel}","templated":true}]}}