{"id":1983,"date":"2014-11-07T10:12:07","date_gmt":"2014-11-07T10:12:07","guid":{"rendered":"https:\/\/blog.ocasionplus.com\/?p=1983"},"modified":"2025-03-27T16:06:13","modified_gmt":"2025-03-27T15:06:13","slug":"color-coche-desvela-personalidad","status":"publish","type":"post","link":"https:\/\/www.ocasionplus.com\/noticias\/color-coche-desvela-personalidad\/","title":{"rendered":"El color de nuestro coche desvela nuestra personalidad"},"content":{"rendered":"<p>Un reciente estudio realizado por la compa\u00f1\u00eda brit\u00e1nica de leasing Arval destaca <strong>la estrecha relaci\u00f3n que existe entre el color de nuestro coche y nuestra personalidad<\/strong>. Cruzando las variables de <strong>personalidad, caracter\u00edsticas demogr\u00e1ficas, tipos de estilo de vida<\/strong> y el <strong>color del coche<\/strong> de los encuestados, los resultados sorprenden. Y deja resultados cuanto menos curiosos.<\/p>\n<p>Empezando por los colores m\u00e1s b\u00e1sicos, el estudio cuenta que <strong>los propietarios de veh\u00edculos de color blanco tienen alma de directivos<\/strong> y que <strong>los poseedores de un coche negro se ven a s\u00ed mismos como\u00a0personas inteligentes<\/strong>, abiertas a nuevas experiencias y muy creativas.<\/p>\n<p>Una vez superados el blanco y el negro, nos encontramos con los propietarios de <strong>veh\u00edculos de color azul<\/strong>. El estudio de Arval dice que son personas que\u00a0<strong>saben escuchar a los dem\u00e1s<\/strong> y son m\u00e1s <strong>emp\u00e1ticos y objetivos<\/strong>\u00a0que el resto. El <strong>verde<\/strong>, por su parte, es propio de <strong>conductores introvertidos y poco materialistas<\/strong>.<\/p>\n<p>Y por supuesto, no puede faltar el <strong>rojo <\/strong>en este estudio. Y en este punto nos sorprendemos, porque Arval revela que los conductores de un veh\u00edculo rojo son <strong>introvertidos<\/strong>, aunque tienden a ser <strong>impulsivos<\/strong>.\u00a0Un rasgo que, por ejemplo, se puede atribuir a quien busca comprar un deportivo r\u00e1pido, aunque en realidad no lo necesite. El tono <strong>plata metalizado<\/strong> se asocia a aquellos conductores <strong>emocionalmente estables y relajados<\/strong>, <b>muy organizados<\/b> y <b>nada impulsivos<\/b>. Por \u00faltimo, los propietarios de coches en <b>tonos<\/b><strong> marr\u00f3n y beige<\/strong> son <strong>j\u00f3venes bastante t\u00edmidos<\/strong>.<\/p>\n<p>Te creas estos estereotipos o no, en <strong>OcasionPlus<\/strong> tenemos <strong>veh\u00edculos de segunda mano de todos los colores<\/strong>. Consulta nuestro <strong><a title=\"Buscador de coches de segunda mano y ocasi\u00f3n en Madrid\" href=\"https:\/\/www.ocasionplus.com\/coches-ocasion?from=blog\" target=\"_blank\" rel=\"noopener\">buscador de coches de segunda mano<\/a><\/strong> y encuentra el que m\u00e1s te guste.<\/p>\n<p>Adem\u00e1s, <strong>s\u00f3lo hasta este domingo 9 de noviembre<\/strong>, aprov\u00e9chate de nuestra <strong><a title=\"Feria del Veh\u00edculo de Ocasi\u00f3n en OcasionPlus\" href=\"https:\/\/blog.ocasionplus.com\/feria-en-ocasionplus\/\" target=\"_blank\" rel=\"noopener\">Feria del Veh\u00edculo de Ocasi\u00f3n<\/a><\/strong> y sus incre\u00edbles ventajas para llevarte puesto el coche del color que mejor te siente.<\/p>\n<p>Vis\u00edtanos en cualquiera de nuestros <strong><a title=\"Instalaciones de OcasionPlus en Madrid\" href=\"https:\/\/www.ocasionplus.com\/contacto?from=blog\" target=\"_blank\" rel=\"noopener\">concesionarios en Madrid<\/a><\/strong>. \u00a1Te atenderemos con mucho gusto!<\/p>\n","protected":false},"excerpt":{"rendered":"<p>Un reciente estudio realizado por la compa\u00f1\u00eda brit\u00e1nica de leasing Arval arroja curiosos datos sobre la relaci\u00f3n entre el color de nuestro coche y la personalidad. Los de coche blanco son directivos y los que tienen coche negro inteligentes. <\/p>\n","protected":false},"author":2,"featured_media":1985,"comment_status":"closed","ping_status":"open","sticky":false,"template":"","format":"standard","meta":{"footnotes":""},"categories":[7],"tags":[],"class_list":["post-1983","post","type-post","status-publish","format-standard","has-post-thumbnail","hentry","category-consejos-practicos"],"yoast_head":"<!-- This site is optimized with the Yoast SEO Premium plugin v24.8 (Yoast SEO v24.8.1) - https:\/\/yoast.com\/wordpress\/plugins\/seo\/ -->\n<title>El color de nuestro coche desvela nuestra personalidad<\/title>\n<meta name=\"description\" content=\"Un reciente estudio realizado por la compa\u00f1\u00eda brit\u00e1nica de leasing Arval destaca la estrecha relaci\u00f3n entre el color de nuestro coche y la personalidad.\" \/>\n<meta name=\"robots\" content=\"index, follow, max-snippet:-1, max-image-preview:large, max-video-preview:-1\" \/>\n<link rel=\"canonical\" href=\"https:\/\/www.ocasionplus.com\/noticias\/color-coche-desvela-personalidad\/\" \/>\n<meta property=\"og:locale\" content=\"es_ES\" \/>\n<meta property=\"og:type\" content=\"article\" \/>\n<meta property=\"og:title\" content=\"El color de nuestro coche desvela nuestra personalidad\" \/>\n<meta property=\"og:description\" content=\"Un reciente estudio realizado por la compa\u00f1\u00eda brit\u00e1nica de leasing Arval destaca la estrecha relaci\u00f3n entre el color de nuestro coche y la personalidad.\" \/>\n<meta property=\"og:url\" content=\"https:\/\/www.ocasionplus.com\/noticias\/color-coche-desvela-personalidad\/\" \/>\n<meta property=\"og:site_name\" content=\"OcasionPlus Blog\" \/>\n<meta property=\"article:publisher\" content=\"https:\/\/www.facebook.com\/ocasionplus\" \/>\n<meta property=\"article:published_time\" content=\"2014-11-07T10:12:07+00:00\" \/>\n<meta property=\"article:modified_time\" content=\"2025-03-27T15:06:13+00:00\" \/>\n<meta property=\"og:image\" content=\"https:\/\/www.ocasionplus.com\/wp-content\/uploads\/2014\/11\/color-coche-personalidad.jpg\" \/>\n\t<meta property=\"og:image:width\" content=\"600\" \/>\n\t<meta property=\"og:image:height\" content=\"400\" \/>\n\t<meta property=\"og:image:type\" content=\"image\/jpeg\" \/>\n<meta name=\"author\" content=\"OcasionPlus\" \/>\n<meta name=\"twitter:card\" content=\"summary_large_image\" \/>\n<meta name=\"twitter:creator\" content=\"@ocasionplus\" \/>\n<meta name=\"twitter:site\" content=\"@ocasionplus\" \/>\n<meta name=\"twitter:label1\" content=\"Escrito por\" \/>\n\t<meta name=\"twitter:data1\" content=\"OcasionPlus\" \/>\n\t<meta name=\"twitter:label2\" content=\"Tiempo de lectura\" \/>\n\t<meta name=\"twitter:data2\" content=\"2 minutos\" \/>\n<script type=\"application\/ld+json\" class=\"yoast-schema-graph\">{\"@context\":\"https:\/\/schema.org\",\"@graph\":[{\"@type\":\"Article\",\"@id\":\"https:\/\/www.ocasionplus.com\/noticias\/color-coche-desvela-personalidad\/#article\",\"isPartOf\":{\"@id\":\"https:\/\/www.ocasionplus.com\/noticias\/color-coche-desvela-personalidad\/\"},\"author\":{\"name\":\"OcasionPlus\",\"@id\":\"https:\/\/www.ocasionplus.com\/noticias\/#\/schema\/person\/7ab10ae859759ef2622b28e83ba868eb\"},\"headline\":\"El color de nuestro coche desvela nuestra personalidad\",\"datePublished\":\"2014-11-07T10:12:07+00:00\",\"dateModified\":\"2025-03-27T15:06:13+00:00\",\"mainEntityOfPage\":{\"@id\":\"https:\/\/www.ocasionplus.com\/noticias\/color-coche-desvela-personalidad\/\"},\"wordCount\":350,\"publisher\":{\"@id\":\"https:\/\/www.ocasionplus.com\/noticias\/#organization\"},\"image\":{\"@id\":\"https:\/\/www.ocasionplus.com\/noticias\/color-coche-desvela-personalidad\/#primaryimage\"},\"thumbnailUrl\":\"https:\/\/www.ocasionplus.com\/wp-content\/uploads\/2014\/11\/color-coche-personalidad.jpg\",\"articleSection\":[\"Consejos\"],\"inLanguage\":\"es\",\"copyrightYear\":\"2014\",\"copyrightHolder\":{\"@id\":\"https:\/\/www.ocasionplus.com\/noticias\/#organization\"}},{\"@type\":\"WebPage\",\"@id\":\"https:\/\/www.ocasionplus.com\/noticias\/color-coche-desvela-personalidad\/\",\"url\":\"https:\/\/www.ocasionplus.com\/noticias\/color-coche-desvela-personalidad\/\",\"name\":\"El color de nuestro coche desvela nuestra personalidad\",\"isPartOf\":{\"@id\":\"https:\/\/www.ocasionplus.com\/noticias\/#website\"},\"primaryImageOfPage\":{\"@id\":\"https:\/\/www.ocasionplus.com\/noticias\/color-coche-desvela-personalidad\/#primaryimage\"},\"image\":{\"@id\":\"https:\/\/www.ocasionplus.com\/noticias\/color-coche-desvela-personalidad\/#primaryimage\"},\"thumbnailUrl\":\"https:\/\/www.ocasionplus.com\/wp-content\/uploads\/2014\/11\/color-coche-personalidad.jpg\",\"datePublished\":\"2014-11-07T10:12:07+00:00\",\"dateModified\":\"2025-03-27T15:06:13+00:00\",\"description\":\"Un reciente estudio realizado por la compa\u00f1\u00eda brit\u00e1nica de leasing Arval destaca la estrecha relaci\u00f3n entre el color de nuestro coche y la personalidad.\",\"breadcrumb\":{\"@id\":\"https:\/\/www.ocasionplus.com\/noticias\/color-coche-desvela-personalidad\/#breadcrumb\"},\"inLanguage\":\"es\",\"potentialAction\":[{\"@type\":\"ReadAction\",\"target\":[\"https:\/\/www.ocasionplus.com\/noticias\/color-coche-desvela-personalidad\/\"]}]},{\"@type\":\"ImageObject\",\"inLanguage\":\"es\",\"@id\":\"https:\/\/www.ocasionplus.com\/noticias\/color-coche-desvela-personalidad\/#primaryimage\",\"url\":\"https:\/\/www.ocasionplus.com\/wp-content\/uploads\/2014\/11\/color-coche-personalidad.jpg\",\"contentUrl\":\"https:\/\/www.ocasionplus.com\/wp-content\/uploads\/2014\/11\/color-coche-personalidad.jpg\",\"width\":600,\"height\":400,\"caption\":\"color coche personalidad\"},{\"@type\":\"BreadcrumbList\",\"@id\":\"https:\/\/www.ocasionplus.com\/noticias\/color-coche-desvela-personalidad\/#breadcrumb\",\"itemListElement\":[{\"@type\":\"ListItem\",\"position\":1,\"name\":\"Portada\",\"item\":\"https:\/\/www.ocasionplus.com\/noticias\/\"},{\"@type\":\"ListItem\",\"position\":2,\"name\":\"El color de nuestro coche desvela nuestra personalidad\"}]},{\"@type\":\"WebSite\",\"@id\":\"https:\/\/www.ocasionplus.com\/noticias\/#website\",\"url\":\"https:\/\/www.ocasionplus.com\/noticias\/\",\"name\":\"OcasionPlus Blog\",\"description\":\"Veh\u00edculos de ocasi\u00f3n\",\"publisher\":{\"@id\":\"https:\/\/www.ocasionplus.com\/noticias\/#organization\"},\"potentialAction\":[{\"@type\":\"SearchAction\",\"target\":{\"@type\":\"EntryPoint\",\"urlTemplate\":\"https:\/\/www.ocasionplus.com\/noticias\/?s={search_term_string}\"},\"query-input\":{\"@type\":\"PropertyValueSpecification\",\"valueRequired\":true,\"valueName\":\"search_term_string\"}}],\"inLanguage\":\"es\"},{\"@type\":\"Organization\",\"@id\":\"https:\/\/www.ocasionplus.com\/noticias\/#organization\",\"name\":\"OcasionPlus\",\"url\":\"https:\/\/www.ocasionplus.com\/noticias\/\",\"logo\":{\"@type\":\"ImageObject\",\"inLanguage\":\"es\",\"@id\":\"https:\/\/www.ocasionplus.com\/noticias\/#\/schema\/logo\/image\/\",\"url\":\"https:\/\/www.ocasionplus.com\/wp-content\/uploads\/2024\/05\/cropped-cropped-oplus-logo-blog.png\",\"contentUrl\":\"https:\/\/www.ocasionplus.com\/wp-content\/uploads\/2024\/05\/cropped-cropped-oplus-logo-blog.png\",\"width\":360,\"height\":71,\"caption\":\"OcasionPlus\"},\"image\":{\"@id\":\"https:\/\/www.ocasionplus.com\/noticias\/#\/schema\/logo\/image\/\"},\"sameAs\":[\"https:\/\/www.facebook.com\/ocasionplus\",\"https:\/\/x.com\/ocasionplus\",\"https:\/\/www.instagram.com\/ocasion_plus\",\"https:\/\/www.youtube.com\/channel\/UCBiCAto61Lyu27CgI95wrYQ\",\"https:\/\/www.tiktok.com\/@ocasionplus.com\",\"https:\/\/es.linkedin.com\/company\/ocasionplus\"]},{\"@type\":\"Person\",\"@id\":\"https:\/\/www.ocasionplus.com\/noticias\/#\/schema\/person\/7ab10ae859759ef2622b28e83ba868eb\",\"name\":\"OcasionPlus\",\"image\":{\"@type\":\"ImageObject\",\"inLanguage\":\"es\",\"@id\":\"https:\/\/www.ocasionplus.com\/noticias\/#\/schema\/person\/image\/\",\"url\":\"https:\/\/www.ocasionplus.com\/wp-content\/uploads\/2024\/07\/ocasionplus_avatar-96x96.jpg\",\"contentUrl\":\"https:\/\/www.ocasionplus.com\/wp-content\/uploads\/2024\/07\/ocasionplus_avatar-96x96.jpg\",\"caption\":\"OcasionPlus\"}}]}<\/script>\n<!-- \/ Yoast SEO Premium plugin. -->","yoast_head_json":{"title":"El color de nuestro coche desvela nuestra personalidad","description":"Un reciente estudio realizado por la compa\u00f1\u00eda brit\u00e1nica de leasing Arval destaca la estrecha relaci\u00f3n entre el color de nuestro coche y la personalidad.","robots":{"index":"index","follow":"follow","max-snippet":"max-snippet:-1","max-image-preview":"max-image-preview:large","max-video-preview":"max-video-preview:-1"},"canonical":"https:\/\/www.ocasionplus.com\/noticias\/color-coche-desvela-personalidad\/","og_locale":"es_ES","og_type":"article","og_title":"El color de nuestro coche desvela nuestra personalidad","og_description":"Un reciente estudio realizado por la compa\u00f1\u00eda brit\u00e1nica de leasing Arval destaca la estrecha relaci\u00f3n entre el color de nuestro coche y la personalidad.","og_url":"https:\/\/www.ocasionplus.com\/noticias\/color-coche-desvela-personalidad\/","og_site_name":"OcasionPlus Blog","article_publisher":"https:\/\/www.facebook.com\/ocasionplus","article_published_time":"2014-11-07T10:12:07+00:00","article_modified_time":"2025-03-27T15:06:13+00:00","og_image":[{"width":600,"height":400,"url":"https:\/\/www.ocasionplus.com\/wp-content\/uploads\/2014\/11\/color-coche-personalidad.jpg","type":"image\/jpeg"}],"author":"OcasionPlus","twitter_card":"summary_large_image","twitter_creator":"@ocasionplus","twitter_site":"@ocasionplus","twitter_misc":{"Escrito por":"OcasionPlus","Tiempo de lectura":"2 minutos"},"schema":{"@context":"https:\/\/schema.org","@graph":[{"@type":"Article","@id":"https:\/\/www.ocasionplus.com\/noticias\/color-coche-desvela-personalidad\/#article","isPartOf":{"@id":"https:\/\/www.ocasionplus.com\/noticias\/color-coche-desvela-personalidad\/"},"author":{"name":"OcasionPlus","@id":"https:\/\/www.ocasionplus.com\/noticias\/#\/schema\/person\/7ab10ae859759ef2622b28e83ba868eb"},"headline":"El color de nuestro coche desvela nuestra personalidad","datePublished":"2014-11-07T10:12:07+00:00","dateModified":"2025-03-27T15:06:13+00:00","mainEntityOfPage":{"@id":"https:\/\/www.ocasionplus.com\/noticias\/color-coche-desvela-personalidad\/"},"wordCount":350,"publisher":{"@id":"https:\/\/www.ocasionplus.com\/noticias\/#organization"},"image":{"@id":"https:\/\/www.ocasionplus.com\/noticias\/color-coche-desvela-personalidad\/#primaryimage"},"thumbnailUrl":"https:\/\/www.ocasionplus.com\/wp-content\/uploads\/2014\/11\/color-coche-personalidad.jpg","articleSection":["Consejos"],"inLanguage":"es","copyrightYear":"2014","copyrightHolder":{"@id":"https:\/\/www.ocasionplus.com\/noticias\/#organization"}},{"@type":"WebPage","@id":"https:\/\/www.ocasionplus.com\/noticias\/color-coche-desvela-personalidad\/","url":"https:\/\/www.ocasionplus.com\/noticias\/color-coche-desvela-personalidad\/","name":"El color de nuestro coche desvela nuestra personalidad","isPartOf":{"@id":"https:\/\/www.ocasionplus.com\/noticias\/#website"},"primaryImageOfPage":{"@id":"https:\/\/www.ocasionplus.com\/noticias\/color-coche-desvela-personalidad\/#primaryimage"},"image":{"@id":"https:\/\/www.ocasionplus.com\/noticias\/color-coche-desvela-personalidad\/#primaryimage"},"thumbnailUrl":"https:\/\/www.ocasionplus.com\/wp-content\/uploads\/2014\/11\/color-coche-personalidad.jpg","datePublished":"2014-11-07T10:12:07+00:00","dateModified":"2025-03-27T15:06:13+00:00","description":"Un reciente estudio realizado por la compa\u00f1\u00eda brit\u00e1nica de leasing Arval destaca la estrecha relaci\u00f3n entre el color de nuestro coche y la personalidad.","breadcrumb":{"@id":"https:\/\/www.ocasionplus.com\/noticias\/color-coche-desvela-personalidad\/#breadcrumb"},"inLanguage":"es","potentialAction":[{"@type":"ReadAction","target":["https:\/\/www.ocasionplus.com\/noticias\/color-coche-desvela-personalidad\/"]}]},{"@type":"ImageObject","inLanguage":"es","@id":"https:\/\/www.ocasionplus.com\/noticias\/color-coche-desvela-personalidad\/#primaryimage","url":"https:\/\/www.ocasionplus.com\/wp-content\/uploads\/2014\/11\/color-coche-personalidad.jpg","contentUrl":"https:\/\/www.ocasionplus.com\/wp-content\/uploads\/2014\/11\/color-coche-personalidad.jpg","width":600,"height":400,"caption":"color coche personalidad"},{"@type":"BreadcrumbList","@id":"https:\/\/www.ocasionplus.com\/noticias\/color-coche-desvela-personalidad\/#breadcrumb","itemListElement":[{"@type":"ListItem","position":1,"name":"Portada","item":"https:\/\/www.ocasionplus.com\/noticias\/"},{"@type":"ListItem","position":2,"name":"El color de nuestro coche desvela nuestra personalidad"}]},{"@type":"WebSite","@id":"https:\/\/www.ocasionplus.com\/noticias\/#website","url":"https:\/\/www.ocasionplus.com\/noticias\/","name":"OcasionPlus Blog","description":"Veh\u00edculos de ocasi\u00f3n","publisher":{"@id":"https:\/\/www.ocasionplus.com\/noticias\/#organization"},"potentialAction":[{"@type":"SearchAction","target":{"@type":"EntryPoint","urlTemplate":"https:\/\/www.ocasionplus.com\/noticias\/?s={search_term_string}"},"query-input":{"@type":"PropertyValueSpecification","valueRequired":true,"valueName":"search_term_string"}}],"inLanguage":"es"},{"@type":"Organization","@id":"https:\/\/www.ocasionplus.com\/noticias\/#organization","name":"OcasionPlus","url":"https:\/\/www.ocasionplus.com\/noticias\/","logo":{"@type":"ImageObject","inLanguage":"es","@id":"https:\/\/www.ocasionplus.com\/noticias\/#\/schema\/logo\/image\/","url":"https:\/\/www.ocasionplus.com\/wp-content\/uploads\/2024\/05\/cropped-cropped-oplus-logo-blog.png","contentUrl":"https:\/\/www.ocasionplus.com\/wp-content\/uploads\/2024\/05\/cropped-cropped-oplus-logo-blog.png","width":360,"height":71,"caption":"OcasionPlus"},"image":{"@id":"https:\/\/www.ocasionplus.com\/noticias\/#\/schema\/logo\/image\/"},"sameAs":["https:\/\/www.facebook.com\/ocasionplus","https:\/\/x.com\/ocasionplus","https:\/\/www.instagram.com\/ocasion_plus","https:\/\/www.youtube.com\/channel\/UCBiCAto61Lyu27CgI95wrYQ","https:\/\/www.tiktok.com\/@ocasionplus.com","https:\/\/es.linkedin.com\/company\/ocasionplus"]},{"@type":"Person","@id":"https:\/\/www.ocasionplus.com\/noticias\/#\/schema\/person\/7ab10ae859759ef2622b28e83ba868eb","name":"OcasionPlus","image":{"@type":"ImageObject","inLanguage":"es","@id":"https:\/\/www.ocasionplus.com\/noticias\/#\/schema\/person\/image\/","url":"https:\/\/www.ocasionplus.com\/wp-content\/uploads\/2024\/07\/ocasionplus_avatar-96x96.jpg","contentUrl":"https:\/\/www.ocasionplus.com\/wp-content\/uploads\/2024\/07\/ocasionplus_avatar-96x96.jpg","caption":"OcasionPlus"}}]}},"jetpack_featured_media_url":"https:\/\/www.ocasionplus.com\/wp-content\/uploads\/2014\/11\/color-coche-personalidad.jpg","_links":{"self":[{"href":"https:\/\/www.ocasionplus.com\/noticias\/wp-json\/wp\/v2\/posts\/1983","targetHints":{"allow":["GET"]}}],"collection":[{"href":"https:\/\/www.ocasionplus.com\/noticias\/wp-json\/wp\/v2\/posts"}],"about":[{"href":"https:\/\/www.ocasionplus.com\/noticias\/wp-json\/wp\/v2\/types\/post"}],"author":[{"embeddable":true,"href":"https:\/\/www.ocasionplus.com\/noticias\/wp-json\/wp\/v2\/users\/2"}],"replies":[{"embeddable":true,"href":"https:\/\/www.ocasionplus.com\/noticias\/wp-json\/wp\/v2\/comments?post=1983"}],"version-history":[{"count":1,"href":"https:\/\/www.ocasionplus.com\/noticias\/wp-json\/wp\/v2\/posts\/1983\/revisions"}],"predecessor-version":[{"id":15522,"href":"https:\/\/www.ocasionplus.com\/noticias\/wp-json\/wp\/v2\/posts\/1983\/revisions\/15522"}],"wp:featuredmedia":[{"embeddable":true,"href":"https:\/\/www.ocasionplus.com\/noticias\/wp-json\/wp\/v2\/media\/1985"}],"wp:attachment":[{"href":"https:\/\/www.ocasionplus.com\/noticias\/wp-json\/wp\/v2\/media?parent=1983"}],"wp:term":[{"taxonomy":"category","embeddable":true,"href":"https:\/\/www.ocasionplus.com\/noticias\/wp-json\/wp\/v2\/categories?post=1983"},{"taxonomy":"post_tag","embeddable":true,"href":"https:\/\/www.ocasionplus.com\/noticias\/wp-json\/wp\/v2\/tags?post=1983"}],"curies":[{"name":"wp","href":"https:\/\/api.w.org\/{rel}","templated":true}]}}