{"id":3635,"date":"2017-05-04T12:12:17","date_gmt":"2017-05-04T12:12:17","guid":{"rendered":"https:\/\/blog.ocasionplus.com\/?p=3635"},"modified":"2025-03-27T16:03:45","modified_gmt":"2025-03-27T15:03:45","slug":"radar-mas-severo-espana-pais-vasco","status":"publish","type":"post","link":"https:\/\/www.ocasionplus.com\/noticias\/radar-mas-severo-espana-pais-vasco\/","title":{"rendered":"El radar m\u00e1s severo de Espa\u00f1a est\u00e1 en el Pa\u00eds Vasco"},"content":{"rendered":"<p>En general, <strong>los conductores est\u00e1n de acuerdo en que los <a href=\"https:\/\/blog.ocasionplus.com\/numero-de-radares-en-espana\/\">radares<\/a> implantados desde hace a\u00f1os por la <a href=\"https:\/\/blog.ocasionplus.com\/cambios-nueva-ley-de-trafico-2\/\">DGT<\/a> son molestos<\/strong> y la sensaci\u00f3n de af\u00e1n recaudatorio es patente. Pero por desgracia, un radar estrat\u00e9gicamente colocado es necesario para \u2018cortar las alas\u2019 a una multitud de aspirantes a pilotos, que se dedican a \u2018costurear\u2019 y correr donde no deben, siendo un potencial peligro.<\/p>\n<p>No malinterpret\u00e9is lo que decimos. Correr, no deber\u00edamos correr nadie, pero no es lo mismo circular a 180 km\/h por una autopista de cuatro carriles a las 3 de la madrugada, que a 140 km\/h en la misma v\u00eda en plena hora punta. Es evidente que en el segundo caso la posibilidad de accidente aumenta exponencialmente y <strong>se debe tener ya no s\u00f3lo respeto hacia el resto de usuarios, sino algo de sentido com\u00fan<\/strong>.<\/p>\n<p>Sabemos que en ocasiones el sentido com\u00fan brilla por su ausencia pero tambi\u00e9n es cierto, que la administraci\u00f3n se pasa de exigente en otras ocasiones, como precisamente la que nos ocupa. Y no es un caso de exceso de radares fijos que multan a diestro y siniestro, s\u00f3lo hablaremos de uno, pero que es capaz de multar m\u00e1s que cinco de ellos juntos. Se encuentra en el Pa\u00eds Vasco y para muchos medios especializados, es uno de los radares m\u00e1s \u2018retorcidos\u2019 de Espa\u00f1a: <strong>multa si superas los 20 km\/h<\/strong>.<\/p>\n<p>Dicho radar est\u00e1 situado, para ser m\u00e1s concretos, en la calle principal de la localidad de Zamudio, en Vizcaya. Pero parece ser que es uno de los radares que, al contrario de lo que viene siendo normal, est\u00e1 <strong>realmente bien colocado en las proximidades de un <a href=\"https:\/\/blog.ocasionplus.com\/consejos-vuelta-al-cole-en-coche\/\">colegio<\/a> con un paso de peatones<\/strong>, donde l\u00f3gicamente, hay un n\u00famero elevado de ni\u00f1os. Adem\u00e1s, por la zona pasan diariamente 15.000 veh\u00edculos aunque sorprendentemente y seg\u00fan declaraciones del alcalde, todav\u00eda no han habido sanciones.<\/p>\n<p>Se tom\u00f3 la decisi\u00f3n de colocar ese radar <strong>tras un estudio que registr\u00f3 700 <a href=\"https:\/\/www.ocasionplus.com\/coches-ocasion\">veh\u00edculos<\/a> cruzando esa zona a m\u00e1s de 60 km\/h, llegando a \u2018cazar\u2019 a un conductor circulando a 102 km\/h<\/strong>. Para hacernos una idea, si el radar registra un veh\u00edculo a 51 km\/h, la sanci\u00f3n podr\u00eda ser de 400 euros y cuatro puntos. En el caso de los 102 km7h, ser\u00eda una sanci\u00f3n muy grave multada con 600 euros y seis puntos.<\/p>\n<p><strong>El problema radica en la dificultad de no superar los 20 km\/h<\/strong>, una velocidad que podemos rebasar sin esfuerzo en primera velocidad. Ese radar obliga a circular pisando casi constantemente el freno\u2026<\/p>\n","protected":false},"excerpt":{"rendered":"<p>Se encuentra en Zamudio (Vizcaya) y obliga a circular en primera y pisando el freno, pues multa a solo 20 km\/h.<\/p>\n","protected":false},"author":2,"featured_media":3637,"comment_status":"closed","ping_status":"open","sticky":false,"template":"","format":"standard","meta":{"footnotes":""},"categories":[13],"tags":[],"class_list":["post-3635","post","type-post","status-publish","format-standard","has-post-thumbnail","hentry","category-interesa-saber"],"yoast_head":"<!-- This site is optimized with the Yoast SEO Premium plugin v24.8 (Yoast SEO v24.8.1) - https:\/\/yoast.com\/wordpress\/plugins\/seo\/ -->\n<title>El radar m\u00e1s severo de Espa\u00f1a est\u00e1 en el Pa\u00eds Vasco<\/title>\n<meta name=\"description\" content=\"Est\u00e1 en el Pa\u00eds Vasco y se ha hecho famoso por ser el radar m\u00e1s severo de Espa\u00f1a, ya que multa a tan solo 20 km\/h de velocidad.\" \/>\n<meta name=\"robots\" content=\"index, follow, max-snippet:-1, max-image-preview:large, max-video-preview:-1\" \/>\n<link rel=\"canonical\" href=\"https:\/\/www.ocasionplus.com\/noticias\/radar-mas-severo-espana-pais-vasco\/\" \/>\n<meta property=\"og:locale\" content=\"es_ES\" \/>\n<meta property=\"og:type\" content=\"article\" \/>\n<meta property=\"og:title\" content=\"El radar m\u00e1s severo de Espa\u00f1a est\u00e1 en el Pa\u00eds Vasco\" \/>\n<meta property=\"og:description\" content=\"Est\u00e1 en el Pa\u00eds Vasco y se ha hecho famoso por ser el radar m\u00e1s severo de Espa\u00f1a, ya que multa a tan solo 20 km\/h de velocidad.\" \/>\n<meta property=\"og:url\" content=\"https:\/\/www.ocasionplus.com\/noticias\/radar-mas-severo-espana-pais-vasco\/\" \/>\n<meta property=\"og:site_name\" content=\"OcasionPlus Blog\" \/>\n<meta property=\"article:publisher\" content=\"https:\/\/www.facebook.com\/ocasionplus\" \/>\n<meta property=\"article:published_time\" content=\"2017-05-04T12:12:17+00:00\" \/>\n<meta property=\"article:modified_time\" content=\"2025-03-27T15:03:45+00:00\" \/>\n<meta property=\"og:image\" content=\"https:\/\/www.ocasionplus.com\/wp-content\/uploads\/2017\/05\/control-velocidad-radar.jpg\" \/>\n\t<meta property=\"og:image:width\" content=\"843\" \/>\n\t<meta property=\"og:image:height\" content=\"800\" \/>\n\t<meta property=\"og:image:type\" content=\"image\/jpeg\" \/>\n<meta name=\"author\" content=\"OcasionPlus\" \/>\n<meta name=\"twitter:card\" content=\"summary_large_image\" \/>\n<meta name=\"twitter:creator\" content=\"@ocasionplus\" \/>\n<meta name=\"twitter:site\" content=\"@ocasionplus\" \/>\n<meta name=\"twitter:label1\" content=\"Escrito por\" \/>\n\t<meta name=\"twitter:data1\" content=\"OcasionPlus\" \/>\n\t<meta name=\"twitter:label2\" content=\"Tiempo de lectura\" \/>\n\t<meta name=\"twitter:data2\" content=\"2 minutos\" \/>\n<script type=\"application\/ld+json\" class=\"yoast-schema-graph\">{\"@context\":\"https:\/\/schema.org\",\"@graph\":[{\"@type\":\"Article\",\"@id\":\"https:\/\/www.ocasionplus.com\/noticias\/radar-mas-severo-espana-pais-vasco\/#article\",\"isPartOf\":{\"@id\":\"https:\/\/www.ocasionplus.com\/noticias\/radar-mas-severo-espana-pais-vasco\/\"},\"author\":{\"name\":\"OcasionPlus\",\"@id\":\"https:\/\/www.ocasionplus.com\/noticias\/#\/schema\/person\/7ab10ae859759ef2622b28e83ba868eb\"},\"headline\":\"El radar m\u00e1s severo de Espa\u00f1a est\u00e1 en el Pa\u00eds Vasco\",\"datePublished\":\"2017-05-04T12:12:17+00:00\",\"dateModified\":\"2025-03-27T15:03:45+00:00\",\"mainEntityOfPage\":{\"@id\":\"https:\/\/www.ocasionplus.com\/noticias\/radar-mas-severo-espana-pais-vasco\/\"},\"wordCount\":455,\"publisher\":{\"@id\":\"https:\/\/www.ocasionplus.com\/noticias\/#organization\"},\"image\":{\"@id\":\"https:\/\/www.ocasionplus.com\/noticias\/radar-mas-severo-espana-pais-vasco\/#primaryimage\"},\"thumbnailUrl\":\"https:\/\/www.ocasionplus.com\/wp-content\/uploads\/2017\/05\/control-velocidad-radar.jpg\",\"articleSection\":[\"Te interesa saber...\"],\"inLanguage\":\"es\",\"copyrightYear\":\"2017\",\"copyrightHolder\":{\"@id\":\"https:\/\/www.ocasionplus.com\/noticias\/#organization\"}},{\"@type\":\"WebPage\",\"@id\":\"https:\/\/www.ocasionplus.com\/noticias\/radar-mas-severo-espana-pais-vasco\/\",\"url\":\"https:\/\/www.ocasionplus.com\/noticias\/radar-mas-severo-espana-pais-vasco\/\",\"name\":\"El radar m\u00e1s severo de Espa\u00f1a est\u00e1 en el Pa\u00eds Vasco\",\"isPartOf\":{\"@id\":\"https:\/\/www.ocasionplus.com\/noticias\/#website\"},\"primaryImageOfPage\":{\"@id\":\"https:\/\/www.ocasionplus.com\/noticias\/radar-mas-severo-espana-pais-vasco\/#primaryimage\"},\"image\":{\"@id\":\"https:\/\/www.ocasionplus.com\/noticias\/radar-mas-severo-espana-pais-vasco\/#primaryimage\"},\"thumbnailUrl\":\"https:\/\/www.ocasionplus.com\/wp-content\/uploads\/2017\/05\/control-velocidad-radar.jpg\",\"datePublished\":\"2017-05-04T12:12:17+00:00\",\"dateModified\":\"2025-03-27T15:03:45+00:00\",\"description\":\"Est\u00e1 en el Pa\u00eds Vasco y se ha hecho famoso por ser el radar m\u00e1s severo de Espa\u00f1a, ya que multa a tan solo 20 km\/h de velocidad.\",\"breadcrumb\":{\"@id\":\"https:\/\/www.ocasionplus.com\/noticias\/radar-mas-severo-espana-pais-vasco\/#breadcrumb\"},\"inLanguage\":\"es\",\"potentialAction\":[{\"@type\":\"ReadAction\",\"target\":[\"https:\/\/www.ocasionplus.com\/noticias\/radar-mas-severo-espana-pais-vasco\/\"]}]},{\"@type\":\"ImageObject\",\"inLanguage\":\"es\",\"@id\":\"https:\/\/www.ocasionplus.com\/noticias\/radar-mas-severo-espana-pais-vasco\/#primaryimage\",\"url\":\"https:\/\/www.ocasionplus.com\/wp-content\/uploads\/2017\/05\/control-velocidad-radar.jpg\",\"contentUrl\":\"https:\/\/www.ocasionplus.com\/wp-content\/uploads\/2017\/05\/control-velocidad-radar.jpg\",\"width\":843,\"height\":800,\"caption\":\"El radar m\u00e1s severo de Espa\u00f1a\"},{\"@type\":\"BreadcrumbList\",\"@id\":\"https:\/\/www.ocasionplus.com\/noticias\/radar-mas-severo-espana-pais-vasco\/#breadcrumb\",\"itemListElement\":[{\"@type\":\"ListItem\",\"position\":1,\"name\":\"Portada\",\"item\":\"https:\/\/www.ocasionplus.com\/noticias\/\"},{\"@type\":\"ListItem\",\"position\":2,\"name\":\"El radar m\u00e1s severo de Espa\u00f1a est\u00e1 en el Pa\u00eds Vasco\"}]},{\"@type\":\"WebSite\",\"@id\":\"https:\/\/www.ocasionplus.com\/noticias\/#website\",\"url\":\"https:\/\/www.ocasionplus.com\/noticias\/\",\"name\":\"OcasionPlus Blog\",\"description\":\"Veh\u00edculos de ocasi\u00f3n\",\"publisher\":{\"@id\":\"https:\/\/www.ocasionplus.com\/noticias\/#organization\"},\"potentialAction\":[{\"@type\":\"SearchAction\",\"target\":{\"@type\":\"EntryPoint\",\"urlTemplate\":\"https:\/\/www.ocasionplus.com\/noticias\/?s={search_term_string}\"},\"query-input\":{\"@type\":\"PropertyValueSpecification\",\"valueRequired\":true,\"valueName\":\"search_term_string\"}}],\"inLanguage\":\"es\"},{\"@type\":\"Organization\",\"@id\":\"https:\/\/www.ocasionplus.com\/noticias\/#organization\",\"name\":\"OcasionPlus\",\"url\":\"https:\/\/www.ocasionplus.com\/noticias\/\",\"logo\":{\"@type\":\"ImageObject\",\"inLanguage\":\"es\",\"@id\":\"https:\/\/www.ocasionplus.com\/noticias\/#\/schema\/logo\/image\/\",\"url\":\"https:\/\/www.ocasionplus.com\/wp-content\/uploads\/2024\/05\/cropped-cropped-oplus-logo-blog.png\",\"contentUrl\":\"https:\/\/www.ocasionplus.com\/wp-content\/uploads\/2024\/05\/cropped-cropped-oplus-logo-blog.png\",\"width\":360,\"height\":71,\"caption\":\"OcasionPlus\"},\"image\":{\"@id\":\"https:\/\/www.ocasionplus.com\/noticias\/#\/schema\/logo\/image\/\"},\"sameAs\":[\"https:\/\/www.facebook.com\/ocasionplus\",\"https:\/\/x.com\/ocasionplus\",\"https:\/\/www.instagram.com\/ocasion_plus\",\"https:\/\/www.youtube.com\/channel\/UCBiCAto61Lyu27CgI95wrYQ\",\"https:\/\/www.tiktok.com\/@ocasionplus.com\",\"https:\/\/es.linkedin.com\/company\/ocasionplus\"]},{\"@type\":\"Person\",\"@id\":\"https:\/\/www.ocasionplus.com\/noticias\/#\/schema\/person\/7ab10ae859759ef2622b28e83ba868eb\",\"name\":\"OcasionPlus\",\"image\":{\"@type\":\"ImageObject\",\"inLanguage\":\"es\",\"@id\":\"https:\/\/www.ocasionplus.com\/noticias\/#\/schema\/person\/image\/\",\"url\":\"https:\/\/www.ocasionplus.com\/wp-content\/uploads\/2024\/07\/ocasionplus_avatar-96x96.jpg\",\"contentUrl\":\"https:\/\/www.ocasionplus.com\/wp-content\/uploads\/2024\/07\/ocasionplus_avatar-96x96.jpg\",\"caption\":\"OcasionPlus\"}}]}<\/script>\n<!-- \/ Yoast SEO Premium plugin. -->","yoast_head_json":{"title":"El radar m\u00e1s severo de Espa\u00f1a est\u00e1 en el Pa\u00eds Vasco","description":"Est\u00e1 en el Pa\u00eds Vasco y se ha hecho famoso por ser el radar m\u00e1s severo de Espa\u00f1a, ya que multa a tan solo 20 km\/h de velocidad.","robots":{"index":"index","follow":"follow","max-snippet":"max-snippet:-1","max-image-preview":"max-image-preview:large","max-video-preview":"max-video-preview:-1"},"canonical":"https:\/\/www.ocasionplus.com\/noticias\/radar-mas-severo-espana-pais-vasco\/","og_locale":"es_ES","og_type":"article","og_title":"El radar m\u00e1s severo de Espa\u00f1a est\u00e1 en el Pa\u00eds Vasco","og_description":"Est\u00e1 en el Pa\u00eds Vasco y se ha hecho famoso por ser el radar m\u00e1s severo de Espa\u00f1a, ya que multa a tan solo 20 km\/h de velocidad.","og_url":"https:\/\/www.ocasionplus.com\/noticias\/radar-mas-severo-espana-pais-vasco\/","og_site_name":"OcasionPlus Blog","article_publisher":"https:\/\/www.facebook.com\/ocasionplus","article_published_time":"2017-05-04T12:12:17+00:00","article_modified_time":"2025-03-27T15:03:45+00:00","og_image":[{"width":843,"height":800,"url":"https:\/\/www.ocasionplus.com\/wp-content\/uploads\/2017\/05\/control-velocidad-radar.jpg","type":"image\/jpeg"}],"author":"OcasionPlus","twitter_card":"summary_large_image","twitter_creator":"@ocasionplus","twitter_site":"@ocasionplus","twitter_misc":{"Escrito por":"OcasionPlus","Tiempo de lectura":"2 minutos"},"schema":{"@context":"https:\/\/schema.org","@graph":[{"@type":"Article","@id":"https:\/\/www.ocasionplus.com\/noticias\/radar-mas-severo-espana-pais-vasco\/#article","isPartOf":{"@id":"https:\/\/www.ocasionplus.com\/noticias\/radar-mas-severo-espana-pais-vasco\/"},"author":{"name":"OcasionPlus","@id":"https:\/\/www.ocasionplus.com\/noticias\/#\/schema\/person\/7ab10ae859759ef2622b28e83ba868eb"},"headline":"El radar m\u00e1s severo de Espa\u00f1a est\u00e1 en el Pa\u00eds Vasco","datePublished":"2017-05-04T12:12:17+00:00","dateModified":"2025-03-27T15:03:45+00:00","mainEntityOfPage":{"@id":"https:\/\/www.ocasionplus.com\/noticias\/radar-mas-severo-espana-pais-vasco\/"},"wordCount":455,"publisher":{"@id":"https:\/\/www.ocasionplus.com\/noticias\/#organization"},"image":{"@id":"https:\/\/www.ocasionplus.com\/noticias\/radar-mas-severo-espana-pais-vasco\/#primaryimage"},"thumbnailUrl":"https:\/\/www.ocasionplus.com\/wp-content\/uploads\/2017\/05\/control-velocidad-radar.jpg","articleSection":["Te interesa saber..."],"inLanguage":"es","copyrightYear":"2017","copyrightHolder":{"@id":"https:\/\/www.ocasionplus.com\/noticias\/#organization"}},{"@type":"WebPage","@id":"https:\/\/www.ocasionplus.com\/noticias\/radar-mas-severo-espana-pais-vasco\/","url":"https:\/\/www.ocasionplus.com\/noticias\/radar-mas-severo-espana-pais-vasco\/","name":"El radar m\u00e1s severo de Espa\u00f1a est\u00e1 en el Pa\u00eds Vasco","isPartOf":{"@id":"https:\/\/www.ocasionplus.com\/noticias\/#website"},"primaryImageOfPage":{"@id":"https:\/\/www.ocasionplus.com\/noticias\/radar-mas-severo-espana-pais-vasco\/#primaryimage"},"image":{"@id":"https:\/\/www.ocasionplus.com\/noticias\/radar-mas-severo-espana-pais-vasco\/#primaryimage"},"thumbnailUrl":"https:\/\/www.ocasionplus.com\/wp-content\/uploads\/2017\/05\/control-velocidad-radar.jpg","datePublished":"2017-05-04T12:12:17+00:00","dateModified":"2025-03-27T15:03:45+00:00","description":"Est\u00e1 en el Pa\u00eds Vasco y se ha hecho famoso por ser el radar m\u00e1s severo de Espa\u00f1a, ya que multa a tan solo 20 km\/h de velocidad.","breadcrumb":{"@id":"https:\/\/www.ocasionplus.com\/noticias\/radar-mas-severo-espana-pais-vasco\/#breadcrumb"},"inLanguage":"es","potentialAction":[{"@type":"ReadAction","target":["https:\/\/www.ocasionplus.com\/noticias\/radar-mas-severo-espana-pais-vasco\/"]}]},{"@type":"ImageObject","inLanguage":"es","@id":"https:\/\/www.ocasionplus.com\/noticias\/radar-mas-severo-espana-pais-vasco\/#primaryimage","url":"https:\/\/www.ocasionplus.com\/wp-content\/uploads\/2017\/05\/control-velocidad-radar.jpg","contentUrl":"https:\/\/www.ocasionplus.com\/wp-content\/uploads\/2017\/05\/control-velocidad-radar.jpg","width":843,"height":800,"caption":"El radar m\u00e1s severo de Espa\u00f1a"},{"@type":"BreadcrumbList","@id":"https:\/\/www.ocasionplus.com\/noticias\/radar-mas-severo-espana-pais-vasco\/#breadcrumb","itemListElement":[{"@type":"ListItem","position":1,"name":"Portada","item":"https:\/\/www.ocasionplus.com\/noticias\/"},{"@type":"ListItem","position":2,"name":"El radar m\u00e1s severo de Espa\u00f1a est\u00e1 en el Pa\u00eds Vasco"}]},{"@type":"WebSite","@id":"https:\/\/www.ocasionplus.com\/noticias\/#website","url":"https:\/\/www.ocasionplus.com\/noticias\/","name":"OcasionPlus Blog","description":"Veh\u00edculos de ocasi\u00f3n","publisher":{"@id":"https:\/\/www.ocasionplus.com\/noticias\/#organization"},"potentialAction":[{"@type":"SearchAction","target":{"@type":"EntryPoint","urlTemplate":"https:\/\/www.ocasionplus.com\/noticias\/?s={search_term_string}"},"query-input":{"@type":"PropertyValueSpecification","valueRequired":true,"valueName":"search_term_string"}}],"inLanguage":"es"},{"@type":"Organization","@id":"https:\/\/www.ocasionplus.com\/noticias\/#organization","name":"OcasionPlus","url":"https:\/\/www.ocasionplus.com\/noticias\/","logo":{"@type":"ImageObject","inLanguage":"es","@id":"https:\/\/www.ocasionplus.com\/noticias\/#\/schema\/logo\/image\/","url":"https:\/\/www.ocasionplus.com\/wp-content\/uploads\/2024\/05\/cropped-cropped-oplus-logo-blog.png","contentUrl":"https:\/\/www.ocasionplus.com\/wp-content\/uploads\/2024\/05\/cropped-cropped-oplus-logo-blog.png","width":360,"height":71,"caption":"OcasionPlus"},"image":{"@id":"https:\/\/www.ocasionplus.com\/noticias\/#\/schema\/logo\/image\/"},"sameAs":["https:\/\/www.facebook.com\/ocasionplus","https:\/\/x.com\/ocasionplus","https:\/\/www.instagram.com\/ocasion_plus","https:\/\/www.youtube.com\/channel\/UCBiCAto61Lyu27CgI95wrYQ","https:\/\/www.tiktok.com\/@ocasionplus.com","https:\/\/es.linkedin.com\/company\/ocasionplus"]},{"@type":"Person","@id":"https:\/\/www.ocasionplus.com\/noticias\/#\/schema\/person\/7ab10ae859759ef2622b28e83ba868eb","name":"OcasionPlus","image":{"@type":"ImageObject","inLanguage":"es","@id":"https:\/\/www.ocasionplus.com\/noticias\/#\/schema\/person\/image\/","url":"https:\/\/www.ocasionplus.com\/wp-content\/uploads\/2024\/07\/ocasionplus_avatar-96x96.jpg","contentUrl":"https:\/\/www.ocasionplus.com\/wp-content\/uploads\/2024\/07\/ocasionplus_avatar-96x96.jpg","caption":"OcasionPlus"}}]}},"jetpack_featured_media_url":"https:\/\/www.ocasionplus.com\/wp-content\/uploads\/2017\/05\/control-velocidad-radar.jpg","_links":{"self":[{"href":"https:\/\/www.ocasionplus.com\/noticias\/wp-json\/wp\/v2\/posts\/3635","targetHints":{"allow":["GET"]}}],"collection":[{"href":"https:\/\/www.ocasionplus.com\/noticias\/wp-json\/wp\/v2\/posts"}],"about":[{"href":"https:\/\/www.ocasionplus.com\/noticias\/wp-json\/wp\/v2\/types\/post"}],"author":[{"embeddable":true,"href":"https:\/\/www.ocasionplus.com\/noticias\/wp-json\/wp\/v2\/users\/2"}],"replies":[{"embeddable":true,"href":"https:\/\/www.ocasionplus.com\/noticias\/wp-json\/wp\/v2\/comments?post=3635"}],"version-history":[{"count":1,"href":"https:\/\/www.ocasionplus.com\/noticias\/wp-json\/wp\/v2\/posts\/3635\/revisions"}],"predecessor-version":[{"id":15427,"href":"https:\/\/www.ocasionplus.com\/noticias\/wp-json\/wp\/v2\/posts\/3635\/revisions\/15427"}],"wp:featuredmedia":[{"embeddable":true,"href":"https:\/\/www.ocasionplus.com\/noticias\/wp-json\/wp\/v2\/media\/3637"}],"wp:attachment":[{"href":"https:\/\/www.ocasionplus.com\/noticias\/wp-json\/wp\/v2\/media?parent=3635"}],"wp:term":[{"taxonomy":"category","embeddable":true,"href":"https:\/\/www.ocasionplus.com\/noticias\/wp-json\/wp\/v2\/categories?post=3635"},{"taxonomy":"post_tag","embeddable":true,"href":"https:\/\/www.ocasionplus.com\/noticias\/wp-json\/wp\/v2\/tags?post=3635"}],"curies":[{"name":"wp","href":"https:\/\/api.w.org\/{rel}","templated":true}]}}