{"id":5762,"date":"2018-06-28T09:25:38","date_gmt":"2018-06-28T09:25:38","guid":{"rendered":"https:\/\/blog.ocasionplus.com\/?p=5762"},"modified":"2025-03-27T16:02:19","modified_gmt":"2025-03-27T15:02:19","slug":"nuevo-impuesto-al-diesel-espana","status":"publish","type":"post","link":"https:\/\/www.ocasionplus.com\/noticias\/nuevo-impuesto-al-diesel-espana\/","title":{"rendered":"Nuevo impuesto al di\u00e9sel en Espa\u00f1a&#8230;\u00bfla puntilla definitiva al gas\u00f3leo?"},"content":{"rendered":"<p><strong>Un total de 17 millones de conductores espa\u00f1oles se ver\u00e1n afectados por el nuevo impuesto al di\u00e9sel que pretende implantar el reci\u00e9n estrenado Gobierno de Pedro S\u00e1nchez<\/strong>. Lo avanz\u00f3 el diario econ\u00f3mico &#8220;<em>Expansi\u00f3n<\/em>&#8221; el mi\u00e9rcoles y lo confirm\u00f3 horas despu\u00e9s la ministra de Hacienda,\u00a0Mar\u00eda Jes\u00fas Montero, tratando de restar importancia al impacto econ\u00f3mico. <strong>El Ejecutivo va a revisar los impuestos medioambientales y una de sus primeras medidas ser\u00e1 encarecer el litro de di\u00e9sel unos 9,5 c\u00e9ntimos, pasando de los 30,70 c\u00e9ntimos actuales hasta los 40,25 c\u00e9ntimos por litro con los que se grava actualmente la gasolina<\/strong>. Incluso, si se suman los impuestos de determinadas comunidades aut\u00f3nomas, la subida podr\u00eda elevarse hasta los 15 c\u00e9ntimos, algo que puede dar la puntilla definitiva a los coches di\u00e9sel en nuestro pa\u00eds, ya de por s\u00ed muy tocados en los \u00faltimos tiempos.<\/p>\n<p>La medida se antoja pol\u00e9mica. Y los expertos dudan de su repercusi\u00f3n medioambiental real, m\u00e1s all\u00e1 de la motivaci\u00f3n recaudatoria. El Ejecutivo pretende conseguir unos 2.100 millones de euros en los pr\u00f3ximos cuatro a\u00f1os con esta subida y, pese a que pocos dudan de su beneficio medioambiental para reducir las emisiones, los conductores de los turismos con este tipo de combustibles van a temer cada visita al surtidor. Y no solo los particulares. Se estima que unos 200.000 aut\u00f3nomos se ver\u00e1n afectados por este nuevo impuesto al di\u00e9sel, siendo los taxistas, repartidores y transportistas ligeros los colectivos m\u00e1s perjudicados, pues son sectores en los que\u00a0<strong>por cada furgoneta o cami\u00f3n que consume gasolina hay ocho que usan di\u00e9sel<\/strong>. Y ya se sabe que eso suele generar un movimiento en cadena, que encarezca tambi\u00e9n los servicios que prestan.<\/p>\n<p><strong>Este nuevo impuesto al di\u00e9sel se suma a las ya cada vez m\u00e1s habituales restricciones de acceso a las grandes ciudades como Madrid y Barcelona de este tipo de veh\u00edculos<\/strong>. Y tiene como objetivo conseguir que Espa\u00f1a deje de ser un pa\u00eds dieselizado, como lo est\u00e1 desde hace d\u00e9cadas. Durante muchos a\u00f1os se instal\u00f3 la\u00a0creencia de que el di\u00e9sel era menos contaminante que la gasolina al emitir menos CO2. Los fabricantes se afanan en transmitir que sus nuevos motores di\u00e9sel son m\u00e1s respetuosos. Pero el mensaje est\u00e1 lejos de calar en la sociedad. Sobre todo, desde que en 2015 saltara el esc\u00e1ndalo del fraude de las emisiones de Volkswagen destapado por la Agencia medioambiental de Estados Unidos (EPA) y que afecta en la actualidad a Audi o a <a href=\"https:\/\/blog.ocasionplus.com\/mercedes-diesel-manipula-emisiones\/\">Mercedes<\/a>, y que posteriormente se haya descubierto que los actuales motores de gas\u00f3leo son m\u00e1s contaminantes que los de gasolina, al emitir m\u00e1s \u00f3xido nitroso.<\/p>\n<p><img loading=\"lazy\" decoding=\"async\" class=\"alignright wp-image-3578 size-medium\" src=\"http:\/\/127.0.0.1\/wp-content\/uploads\/2017\/03\/emisiones-motores-diesel-300x200.jpg\" alt=\"El Ministerio de Industria analiza las emisiones de varios modelos\" width=\"300\" height=\"200\" srcset=\"https:\/\/www.ocasionplus.com\/wp-content\/uploads\/2017\/03\/emisiones-motores-diesel-300x200.jpg 300w, https:\/\/www.ocasionplus.com\/wp-content\/uploads\/2017\/03\/emisiones-motores-diesel-1024x683.jpg 1024w, https:\/\/www.ocasionplus.com\/wp-content\/uploads\/2017\/03\/emisiones-motores-diesel-768x512.jpg 768w, https:\/\/www.ocasionplus.com\/wp-content\/uploads\/2017\/03\/emisiones-motores-diesel-398x265.jpg 398w, https:\/\/www.ocasionplus.com\/wp-content\/uploads\/2017\/03\/emisiones-motores-diesel-600x400.jpg 600w, https:\/\/www.ocasionplus.com\/wp-content\/uploads\/2017\/03\/emisiones-motores-diesel.jpg 1200w\" sizes=\"auto, (max-width: 300px) 100vw, 300px\" \/><\/p>\n<p>Ante\u00a0el temor a no poder circular con sus veh\u00edculos durante los episodios de alta contaminaci\u00f3n y tambi\u00e9n por elevar su conciencia ecol\u00f3gica,\u00a0<strong>los conductores est\u00e1n modificando (como es l\u00f3gico)\u00a0sus h\u00e1bitos de compra\u00a0y optan cada vez m\u00e1s por coches movidos por <a href=\"https:\/\/blog.ocasionplus.com\/diesel-o-gasolina-la-guia-definitiva\/\">gasolina<\/a>, h\u00edbridos o <a href=\"https:\/\/blog.ocasionplus.com\/comparativa-autonomia-real-electricos\/\">el\u00e9ctricos<\/a><\/strong>. Esto es algo que tambi\u00e9n hemos notado en nuestros centros en los \u00faltimos meses. Porque las ventas de coches de ocasi\u00f3n de di\u00e9sel est\u00e9n bajando por primera vez en muchos a\u00f1os. Y, aunque en\u00a02017 significaron todav\u00eda el 48,3% de las compras totales, seg\u00fan los datos de la Asociaci\u00f3n Espa\u00f1ola de Fabricantes de Autom\u00f3viles y Camiones (Anfac), en el primer semestre ya ha bajado al 37,4%. <strong>Es indudable que la tendencia es que los coches di\u00e9sel tiendan a desaparecer en el futuro. \u00bfCu\u00e1ndo? Est\u00e1 todav\u00eda por ver<\/strong>. Pero puede ser una excelente oportunidad para comprar un <a href=\"https:\/\/www.ocasionplus.com\/coches-ocasion\">coche de segunda mano<\/a> de gasolina en alguna de nuestras ocho grandes tiendas de Madrid y Valencia, que adem\u00e1s tienden a ser m\u00e1s baratos que los de gas\u00f3leo.<\/p>\n<p>&nbsp;<\/p>\n<p>&nbsp;<\/p>\n","protected":false},"excerpt":{"rendered":"<p>Cambia la tendencia y los conductores est\u00e1n modificando sus h\u00e1bitos de compra, optando cada vez m\u00e1s por coches movidos por gasolina, h\u00edbridos o el\u00e9ctricos.<\/p>\n","protected":false},"author":2,"featured_media":5769,"comment_status":"closed","ping_status":"closed","sticky":false,"template":"","format":"standard","meta":{"footnotes":""},"categories":[2],"tags":[],"class_list":["post-5762","post","type-post","status-publish","format-standard","has-post-thumbnail","hentry","category-ultimas-noticias"],"yoast_head":"<!-- This site is optimized with the Yoast SEO Premium plugin v24.8 (Yoast SEO v24.8.1) - https:\/\/yoast.com\/wordpress\/plugins\/seo\/ -->\n<title>Nuevo impuesto al di\u00e9sel en Espa\u00f1a...\u00bfla puntilla definitiva al gas\u00f3leo?<\/title>\n<meta name=\"description\" content=\"Unos 17 millones de conductores espa\u00f1oles se ver\u00e1n afectados por el nuevo impuesto al di\u00e9sel, que encarecer\u00e1 su precio 9,5 c\u00e9ntimos de euro.\" \/>\n<meta name=\"robots\" content=\"index, follow, max-snippet:-1, max-image-preview:large, max-video-preview:-1\" \/>\n<link rel=\"canonical\" href=\"https:\/\/www.ocasionplus.com\/noticias\/nuevo-impuesto-al-diesel-espana\/\" \/>\n<meta property=\"og:locale\" content=\"es_ES\" \/>\n<meta property=\"og:type\" content=\"article\" \/>\n<meta property=\"og:title\" content=\"Nuevo impuesto al di\u00e9sel en Espa\u00f1a...\u00bfla puntilla definitiva al gas\u00f3leo?\" \/>\n<meta property=\"og:description\" content=\"Unos 17 millones de conductores espa\u00f1oles se ver\u00e1n afectados por el nuevo impuesto al di\u00e9sel, que encarecer\u00e1 su precio 9,5 c\u00e9ntimos de euro.\" \/>\n<meta property=\"og:url\" content=\"https:\/\/www.ocasionplus.com\/noticias\/nuevo-impuesto-al-diesel-espana\/\" \/>\n<meta property=\"og:site_name\" content=\"OcasionPlus Blog\" \/>\n<meta property=\"article:publisher\" content=\"https:\/\/www.facebook.com\/ocasionplus\" \/>\n<meta property=\"article:published_time\" content=\"2018-06-28T09:25:38+00:00\" \/>\n<meta property=\"article:modified_time\" content=\"2025-03-27T15:02:19+00:00\" \/>\n<meta property=\"og:image\" content=\"https:\/\/www.ocasionplus.com\/wp-content\/uploads\/2018\/06\/gasoline-175122_1920-1.jpg\" \/>\n\t<meta property=\"og:image:width\" content=\"1920\" \/>\n\t<meta property=\"og:image:height\" content=\"1275\" \/>\n\t<meta property=\"og:image:type\" content=\"image\/jpeg\" \/>\n<meta name=\"author\" content=\"OcasionPlus\" \/>\n<meta name=\"twitter:card\" content=\"summary_large_image\" \/>\n<meta name=\"twitter:creator\" content=\"@ocasionplus\" \/>\n<meta name=\"twitter:site\" content=\"@ocasionplus\" \/>\n<meta name=\"twitter:label1\" content=\"Escrito por\" \/>\n\t<meta name=\"twitter:data1\" content=\"OcasionPlus\" \/>\n\t<meta name=\"twitter:label2\" content=\"Tiempo de lectura\" \/>\n\t<meta name=\"twitter:data2\" content=\"3 minutos\" \/>\n<script type=\"application\/ld+json\" class=\"yoast-schema-graph\">{\"@context\":\"https:\/\/schema.org\",\"@graph\":[{\"@type\":\"Article\",\"@id\":\"https:\/\/www.ocasionplus.com\/noticias\/nuevo-impuesto-al-diesel-espana\/#article\",\"isPartOf\":{\"@id\":\"https:\/\/www.ocasionplus.com\/noticias\/nuevo-impuesto-al-diesel-espana\/\"},\"author\":{\"name\":\"OcasionPlus\",\"@id\":\"https:\/\/www.ocasionplus.com\/noticias\/#\/schema\/person\/7ab10ae859759ef2622b28e83ba868eb\"},\"headline\":\"Nuevo impuesto al di\u00e9sel en Espa\u00f1a&#8230;\u00bfla puntilla definitiva al gas\u00f3leo?\",\"datePublished\":\"2018-06-28T09:25:38+00:00\",\"dateModified\":\"2025-03-27T15:02:19+00:00\",\"mainEntityOfPage\":{\"@id\":\"https:\/\/www.ocasionplus.com\/noticias\/nuevo-impuesto-al-diesel-espana\/\"},\"wordCount\":680,\"publisher\":{\"@id\":\"https:\/\/www.ocasionplus.com\/noticias\/#organization\"},\"image\":{\"@id\":\"https:\/\/www.ocasionplus.com\/noticias\/nuevo-impuesto-al-diesel-espana\/#primaryimage\"},\"thumbnailUrl\":\"https:\/\/www.ocasionplus.com\/wp-content\/uploads\/2018\/06\/gasoline-175122_1920-1.jpg\",\"articleSection\":[\"\u00daltimas Noticias\"],\"inLanguage\":\"es\",\"copyrightYear\":\"2018\",\"copyrightHolder\":{\"@id\":\"https:\/\/www.ocasionplus.com\/noticias\/#organization\"}},{\"@type\":\"WebPage\",\"@id\":\"https:\/\/www.ocasionplus.com\/noticias\/nuevo-impuesto-al-diesel-espana\/\",\"url\":\"https:\/\/www.ocasionplus.com\/noticias\/nuevo-impuesto-al-diesel-espana\/\",\"name\":\"Nuevo impuesto al di\u00e9sel en Espa\u00f1a...\u00bfla puntilla definitiva al gas\u00f3leo?\",\"isPartOf\":{\"@id\":\"https:\/\/www.ocasionplus.com\/noticias\/#website\"},\"primaryImageOfPage\":{\"@id\":\"https:\/\/www.ocasionplus.com\/noticias\/nuevo-impuesto-al-diesel-espana\/#primaryimage\"},\"image\":{\"@id\":\"https:\/\/www.ocasionplus.com\/noticias\/nuevo-impuesto-al-diesel-espana\/#primaryimage\"},\"thumbnailUrl\":\"https:\/\/www.ocasionplus.com\/wp-content\/uploads\/2018\/06\/gasoline-175122_1920-1.jpg\",\"datePublished\":\"2018-06-28T09:25:38+00:00\",\"dateModified\":\"2025-03-27T15:02:19+00:00\",\"description\":\"Unos 17 millones de conductores espa\u00f1oles se ver\u00e1n afectados por el nuevo impuesto al di\u00e9sel, que encarecer\u00e1 su precio 9,5 c\u00e9ntimos de euro.\",\"breadcrumb\":{\"@id\":\"https:\/\/www.ocasionplus.com\/noticias\/nuevo-impuesto-al-diesel-espana\/#breadcrumb\"},\"inLanguage\":\"es\",\"potentialAction\":[{\"@type\":\"ReadAction\",\"target\":[\"https:\/\/www.ocasionplus.com\/noticias\/nuevo-impuesto-al-diesel-espana\/\"]}]},{\"@type\":\"ImageObject\",\"inLanguage\":\"es\",\"@id\":\"https:\/\/www.ocasionplus.com\/noticias\/nuevo-impuesto-al-diesel-espana\/#primaryimage\",\"url\":\"https:\/\/www.ocasionplus.com\/wp-content\/uploads\/2018\/06\/gasoline-175122_1920-1.jpg\",\"contentUrl\":\"https:\/\/www.ocasionplus.com\/wp-content\/uploads\/2018\/06\/gasoline-175122_1920-1.jpg\",\"width\":1920,\"height\":1275,\"caption\":\"Pol\u00e9mica por el nuevo impuesto al di\u00e9sel\"},{\"@type\":\"BreadcrumbList\",\"@id\":\"https:\/\/www.ocasionplus.com\/noticias\/nuevo-impuesto-al-diesel-espana\/#breadcrumb\",\"itemListElement\":[{\"@type\":\"ListItem\",\"position\":1,\"name\":\"Portada\",\"item\":\"https:\/\/www.ocasionplus.com\/noticias\/\"},{\"@type\":\"ListItem\",\"position\":2,\"name\":\"Nuevo impuesto al di\u00e9sel en Espa\u00f1a&#8230;\u00bfla puntilla definitiva al gas\u00f3leo?\"}]},{\"@type\":\"WebSite\",\"@id\":\"https:\/\/www.ocasionplus.com\/noticias\/#website\",\"url\":\"https:\/\/www.ocasionplus.com\/noticias\/\",\"name\":\"OcasionPlus Blog\",\"description\":\"Veh\u00edculos de ocasi\u00f3n\",\"publisher\":{\"@id\":\"https:\/\/www.ocasionplus.com\/noticias\/#organization\"},\"potentialAction\":[{\"@type\":\"SearchAction\",\"target\":{\"@type\":\"EntryPoint\",\"urlTemplate\":\"https:\/\/www.ocasionplus.com\/noticias\/?s={search_term_string}\"},\"query-input\":{\"@type\":\"PropertyValueSpecification\",\"valueRequired\":true,\"valueName\":\"search_term_string\"}}],\"inLanguage\":\"es\"},{\"@type\":\"Organization\",\"@id\":\"https:\/\/www.ocasionplus.com\/noticias\/#organization\",\"name\":\"OcasionPlus\",\"url\":\"https:\/\/www.ocasionplus.com\/noticias\/\",\"logo\":{\"@type\":\"ImageObject\",\"inLanguage\":\"es\",\"@id\":\"https:\/\/www.ocasionplus.com\/noticias\/#\/schema\/logo\/image\/\",\"url\":\"https:\/\/www.ocasionplus.com\/wp-content\/uploads\/2024\/05\/cropped-cropped-oplus-logo-blog.png\",\"contentUrl\":\"https:\/\/www.ocasionplus.com\/wp-content\/uploads\/2024\/05\/cropped-cropped-oplus-logo-blog.png\",\"width\":360,\"height\":71,\"caption\":\"OcasionPlus\"},\"image\":{\"@id\":\"https:\/\/www.ocasionplus.com\/noticias\/#\/schema\/logo\/image\/\"},\"sameAs\":[\"https:\/\/www.facebook.com\/ocasionplus\",\"https:\/\/x.com\/ocasionplus\",\"https:\/\/www.instagram.com\/ocasion_plus\",\"https:\/\/www.youtube.com\/channel\/UCBiCAto61Lyu27CgI95wrYQ\",\"https:\/\/www.tiktok.com\/@ocasionplus.com\",\"https:\/\/es.linkedin.com\/company\/ocasionplus\"]},{\"@type\":\"Person\",\"@id\":\"https:\/\/www.ocasionplus.com\/noticias\/#\/schema\/person\/7ab10ae859759ef2622b28e83ba868eb\",\"name\":\"OcasionPlus\",\"image\":{\"@type\":\"ImageObject\",\"inLanguage\":\"es\",\"@id\":\"https:\/\/www.ocasionplus.com\/noticias\/#\/schema\/person\/image\/\",\"url\":\"https:\/\/www.ocasionplus.com\/wp-content\/uploads\/2024\/07\/ocasionplus_avatar-96x96.jpg\",\"contentUrl\":\"https:\/\/www.ocasionplus.com\/wp-content\/uploads\/2024\/07\/ocasionplus_avatar-96x96.jpg\",\"caption\":\"OcasionPlus\"}}]}<\/script>\n<!-- \/ Yoast SEO Premium plugin. -->","yoast_head_json":{"title":"Nuevo impuesto al di\u00e9sel en Espa\u00f1a...\u00bfla puntilla definitiva al gas\u00f3leo?","description":"Unos 17 millones de conductores espa\u00f1oles se ver\u00e1n afectados por el nuevo impuesto al di\u00e9sel, que encarecer\u00e1 su precio 9,5 c\u00e9ntimos de euro.","robots":{"index":"index","follow":"follow","max-snippet":"max-snippet:-1","max-image-preview":"max-image-preview:large","max-video-preview":"max-video-preview:-1"},"canonical":"https:\/\/www.ocasionplus.com\/noticias\/nuevo-impuesto-al-diesel-espana\/","og_locale":"es_ES","og_type":"article","og_title":"Nuevo impuesto al di\u00e9sel en Espa\u00f1a...\u00bfla puntilla definitiva al gas\u00f3leo?","og_description":"Unos 17 millones de conductores espa\u00f1oles se ver\u00e1n afectados por el nuevo impuesto al di\u00e9sel, que encarecer\u00e1 su precio 9,5 c\u00e9ntimos de euro.","og_url":"https:\/\/www.ocasionplus.com\/noticias\/nuevo-impuesto-al-diesel-espana\/","og_site_name":"OcasionPlus Blog","article_publisher":"https:\/\/www.facebook.com\/ocasionplus","article_published_time":"2018-06-28T09:25:38+00:00","article_modified_time":"2025-03-27T15:02:19+00:00","og_image":[{"width":1920,"height":1275,"url":"https:\/\/www.ocasionplus.com\/wp-content\/uploads\/2018\/06\/gasoline-175122_1920-1.jpg","type":"image\/jpeg"}],"author":"OcasionPlus","twitter_card":"summary_large_image","twitter_creator":"@ocasionplus","twitter_site":"@ocasionplus","twitter_misc":{"Escrito por":"OcasionPlus","Tiempo de lectura":"3 minutos"},"schema":{"@context":"https:\/\/schema.org","@graph":[{"@type":"Article","@id":"https:\/\/www.ocasionplus.com\/noticias\/nuevo-impuesto-al-diesel-espana\/#article","isPartOf":{"@id":"https:\/\/www.ocasionplus.com\/noticias\/nuevo-impuesto-al-diesel-espana\/"},"author":{"name":"OcasionPlus","@id":"https:\/\/www.ocasionplus.com\/noticias\/#\/schema\/person\/7ab10ae859759ef2622b28e83ba868eb"},"headline":"Nuevo impuesto al di\u00e9sel en Espa\u00f1a&#8230;\u00bfla puntilla definitiva al gas\u00f3leo?","datePublished":"2018-06-28T09:25:38+00:00","dateModified":"2025-03-27T15:02:19+00:00","mainEntityOfPage":{"@id":"https:\/\/www.ocasionplus.com\/noticias\/nuevo-impuesto-al-diesel-espana\/"},"wordCount":680,"publisher":{"@id":"https:\/\/www.ocasionplus.com\/noticias\/#organization"},"image":{"@id":"https:\/\/www.ocasionplus.com\/noticias\/nuevo-impuesto-al-diesel-espana\/#primaryimage"},"thumbnailUrl":"https:\/\/www.ocasionplus.com\/wp-content\/uploads\/2018\/06\/gasoline-175122_1920-1.jpg","articleSection":["\u00daltimas Noticias"],"inLanguage":"es","copyrightYear":"2018","copyrightHolder":{"@id":"https:\/\/www.ocasionplus.com\/noticias\/#organization"}},{"@type":"WebPage","@id":"https:\/\/www.ocasionplus.com\/noticias\/nuevo-impuesto-al-diesel-espana\/","url":"https:\/\/www.ocasionplus.com\/noticias\/nuevo-impuesto-al-diesel-espana\/","name":"Nuevo impuesto al di\u00e9sel en Espa\u00f1a...\u00bfla puntilla definitiva al gas\u00f3leo?","isPartOf":{"@id":"https:\/\/www.ocasionplus.com\/noticias\/#website"},"primaryImageOfPage":{"@id":"https:\/\/www.ocasionplus.com\/noticias\/nuevo-impuesto-al-diesel-espana\/#primaryimage"},"image":{"@id":"https:\/\/www.ocasionplus.com\/noticias\/nuevo-impuesto-al-diesel-espana\/#primaryimage"},"thumbnailUrl":"https:\/\/www.ocasionplus.com\/wp-content\/uploads\/2018\/06\/gasoline-175122_1920-1.jpg","datePublished":"2018-06-28T09:25:38+00:00","dateModified":"2025-03-27T15:02:19+00:00","description":"Unos 17 millones de conductores espa\u00f1oles se ver\u00e1n afectados por el nuevo impuesto al di\u00e9sel, que encarecer\u00e1 su precio 9,5 c\u00e9ntimos de euro.","breadcrumb":{"@id":"https:\/\/www.ocasionplus.com\/noticias\/nuevo-impuesto-al-diesel-espana\/#breadcrumb"},"inLanguage":"es","potentialAction":[{"@type":"ReadAction","target":["https:\/\/www.ocasionplus.com\/noticias\/nuevo-impuesto-al-diesel-espana\/"]}]},{"@type":"ImageObject","inLanguage":"es","@id":"https:\/\/www.ocasionplus.com\/noticias\/nuevo-impuesto-al-diesel-espana\/#primaryimage","url":"https:\/\/www.ocasionplus.com\/wp-content\/uploads\/2018\/06\/gasoline-175122_1920-1.jpg","contentUrl":"https:\/\/www.ocasionplus.com\/wp-content\/uploads\/2018\/06\/gasoline-175122_1920-1.jpg","width":1920,"height":1275,"caption":"Pol\u00e9mica por el nuevo impuesto al di\u00e9sel"},{"@type":"BreadcrumbList","@id":"https:\/\/www.ocasionplus.com\/noticias\/nuevo-impuesto-al-diesel-espana\/#breadcrumb","itemListElement":[{"@type":"ListItem","position":1,"name":"Portada","item":"https:\/\/www.ocasionplus.com\/noticias\/"},{"@type":"ListItem","position":2,"name":"Nuevo impuesto al di\u00e9sel en Espa\u00f1a&#8230;\u00bfla puntilla definitiva al gas\u00f3leo?"}]},{"@type":"WebSite","@id":"https:\/\/www.ocasionplus.com\/noticias\/#website","url":"https:\/\/www.ocasionplus.com\/noticias\/","name":"OcasionPlus Blog","description":"Veh\u00edculos de ocasi\u00f3n","publisher":{"@id":"https:\/\/www.ocasionplus.com\/noticias\/#organization"},"potentialAction":[{"@type":"SearchAction","target":{"@type":"EntryPoint","urlTemplate":"https:\/\/www.ocasionplus.com\/noticias\/?s={search_term_string}"},"query-input":{"@type":"PropertyValueSpecification","valueRequired":true,"valueName":"search_term_string"}}],"inLanguage":"es"},{"@type":"Organization","@id":"https:\/\/www.ocasionplus.com\/noticias\/#organization","name":"OcasionPlus","url":"https:\/\/www.ocasionplus.com\/noticias\/","logo":{"@type":"ImageObject","inLanguage":"es","@id":"https:\/\/www.ocasionplus.com\/noticias\/#\/schema\/logo\/image\/","url":"https:\/\/www.ocasionplus.com\/wp-content\/uploads\/2024\/05\/cropped-cropped-oplus-logo-blog.png","contentUrl":"https:\/\/www.ocasionplus.com\/wp-content\/uploads\/2024\/05\/cropped-cropped-oplus-logo-blog.png","width":360,"height":71,"caption":"OcasionPlus"},"image":{"@id":"https:\/\/www.ocasionplus.com\/noticias\/#\/schema\/logo\/image\/"},"sameAs":["https:\/\/www.facebook.com\/ocasionplus","https:\/\/x.com\/ocasionplus","https:\/\/www.instagram.com\/ocasion_plus","https:\/\/www.youtube.com\/channel\/UCBiCAto61Lyu27CgI95wrYQ","https:\/\/www.tiktok.com\/@ocasionplus.com","https:\/\/es.linkedin.com\/company\/ocasionplus"]},{"@type":"Person","@id":"https:\/\/www.ocasionplus.com\/noticias\/#\/schema\/person\/7ab10ae859759ef2622b28e83ba868eb","name":"OcasionPlus","image":{"@type":"ImageObject","inLanguage":"es","@id":"https:\/\/www.ocasionplus.com\/noticias\/#\/schema\/person\/image\/","url":"https:\/\/www.ocasionplus.com\/wp-content\/uploads\/2024\/07\/ocasionplus_avatar-96x96.jpg","contentUrl":"https:\/\/www.ocasionplus.com\/wp-content\/uploads\/2024\/07\/ocasionplus_avatar-96x96.jpg","caption":"OcasionPlus"}}]}},"jetpack_featured_media_url":"https:\/\/www.ocasionplus.com\/wp-content\/uploads\/2018\/06\/gasoline-175122_1920-1.jpg","_links":{"self":[{"href":"https:\/\/www.ocasionplus.com\/noticias\/wp-json\/wp\/v2\/posts\/5762","targetHints":{"allow":["GET"]}}],"collection":[{"href":"https:\/\/www.ocasionplus.com\/noticias\/wp-json\/wp\/v2\/posts"}],"about":[{"href":"https:\/\/www.ocasionplus.com\/noticias\/wp-json\/wp\/v2\/types\/post"}],"author":[{"embeddable":true,"href":"https:\/\/www.ocasionplus.com\/noticias\/wp-json\/wp\/v2\/users\/2"}],"replies":[{"embeddable":true,"href":"https:\/\/www.ocasionplus.com\/noticias\/wp-json\/wp\/v2\/comments?post=5762"}],"version-history":[{"count":1,"href":"https:\/\/www.ocasionplus.com\/noticias\/wp-json\/wp\/v2\/posts\/5762\/revisions"}],"predecessor-version":[{"id":13231,"href":"https:\/\/www.ocasionplus.com\/noticias\/wp-json\/wp\/v2\/posts\/5762\/revisions\/13231"}],"wp:featuredmedia":[{"embeddable":true,"href":"https:\/\/www.ocasionplus.com\/noticias\/wp-json\/wp\/v2\/media\/5769"}],"wp:attachment":[{"href":"https:\/\/www.ocasionplus.com\/noticias\/wp-json\/wp\/v2\/media?parent=5762"}],"wp:term":[{"taxonomy":"category","embeddable":true,"href":"https:\/\/www.ocasionplus.com\/noticias\/wp-json\/wp\/v2\/categories?post=5762"},{"taxonomy":"post_tag","embeddable":true,"href":"https:\/\/www.ocasionplus.com\/noticias\/wp-json\/wp\/v2\/tags?post=5762"}],"curies":[{"name":"wp","href":"https:\/\/api.w.org\/{rel}","templated":true}]}}