{"id":6283,"date":"2018-07-09T11:32:04","date_gmt":"2018-07-09T09:32:04","guid":{"rendered":"https:\/\/blog.ocasionplus.com\/?p=6283"},"modified":"2025-03-27T16:02:15","modified_gmt":"2025-03-27T15:02:15","slug":"edad-media-parque-automovilistico","status":"publish","type":"post","link":"https:\/\/www.ocasionplus.com\/noticias\/edad-media-parque-automovilistico\/","title":{"rendered":"La edad media del parque automovil\u00edstico se ha elevado un 45% en la \u00faltima d\u00e9cada"},"content":{"rendered":"<p>Son datos que ya empiezan a ser alarmantes. Lejos de reducirse, en la \u00faltima d\u00e9cada <strong>el parque automovil\u00edstico espa\u00f1ol ha elevado su edad media un 45,5% desde el a\u00f1o 2008, pasando de los 8,39 a\u00f1os del a\u00f1o que marca el inicio de la crisis econ\u00f3mica hasta los 12,21 a\u00f1os de edad al cierre del ejercicio 2017 (3,82 a\u00f1os m\u00e1s)<\/strong>, seg\u00fan el \u00faltimo informe anual de la Asociaci\u00f3n Espa\u00f1ola de Fabricantes de Autom\u00f3viles y Camiones (<strong>Anfac<\/strong>). Se trata del dato m\u00e1s alto de nuestro pa\u00eds, con un incremento de 4,56 a\u00f1os desde el a\u00f1o 2002, <strong>acumulando ya 16 a\u00f1os de subida ininterrumpida<\/strong>, por lo que seg\u00fan el vicepresidente de\u00a0Anfac,\u00a0Mario Armero, &#8220;el rejuvenecimiento debe ser una prioridad porque los beneficios, tanto medioambientales como en la seguridad vial, ser\u00edan notables&#8221;.<\/p>\n<p><img loading=\"lazy\" decoding=\"async\" class=\"wp-image-6285 size-full aligncenter\" src=\"http:\/\/127.0.0.1\/wp-content\/uploads\/2018\/07\/edad-media.jpg\" alt=\"La edad media del parque espa\u00f1ol sigue creciendo\" width=\"607\" height=\"417\" srcset=\"https:\/\/www.ocasionplus.com\/wp-content\/uploads\/2018\/07\/edad-media.jpg 607w, https:\/\/www.ocasionplus.com\/wp-content\/uploads\/2018\/07\/edad-media-300x206.jpg 300w\" sizes=\"auto, (max-width: 607px) 100vw, 607px\" \/><\/p>\n<p>&nbsp;<\/p>\n<p>La Direcci\u00f3n General de Tr\u00e1fico (DGT) lleva tiempo tratando de concienciar al sector de que es un problema que hay que atajar, fundamentalmente por cuestiones de seguridad. Y ha puesto en numerosas ocasiones al sector de compraventa de coches de ocasi\u00f3n como una de las soluciones, ya que la edad media de los veh\u00edculos que se comercializan en este \u00e1mbito ayuda a <a href=\"https:\/\/blog.ocasionplus.com\/dgt-segunda-mano-renovar-el-parque\/\">rejuvenecer el parque automovil\u00edstico<\/a>. De no ser por concesionarios como <strong><a href=\"https:\/\/www.ocasionplus.com\">OcasionPlus<\/a> <\/strong>y por el incremento de las matriculaciones del a\u00f1o pasado a\u00f1o, la edad media del parque espa\u00f1ol ser\u00eda a\u00fan mayor. <strong>Seg\u00fan los datos de Anfac, el 61,8% de los autom\u00f3viles en la actualidad tiene m\u00e1s de 10 a\u00f1os, es decir, un 24% m\u00e1s que en 2008, cuando la cifra era del 37,5%<\/strong>. Y los datos son a\u00fan m\u00e1s preocupantes en el caso de los camiones, que alcanza el 72,9% de los veh\u00edculos con m\u00e1s de diez a\u00f1os desde la primera matriculaci\u00f3n, por los 41,1% de 2008.<\/p>\n<p>Lo peor es que las previsiones no son nada halag\u00fce\u00f1as. <strong>La patronal espa\u00f1ola de los fabricantes espa\u00f1oles estima que de seguir este ritmo de matriculaciones y bajas actual, al menos hasta el a\u00f1o 2020 no parar\u00e1 de incrementarse la edad media del parque<\/strong>. Con la llegada del nuevo Gobierno, hay rumores de una reactivaci\u00f3n del Plan PIVE, un programa de incentivo para las adquisiciones de coches a cambio de achatarrar uno antiguo y contribuir a la sostenibilidad del medio ambiente. Y la DGT tambi\u00e9n ha instado a las autoridades a crear un plan similar para el mercado de ocasi\u00f3n. Seg\u00fan un reciente estudio de &#8220;Rastreator&#8221;, un comparador de seguros, el 84% de los espa\u00f1oles ve necesario ayudas para incentivar el cambio de veh\u00edculo como el Plan PIVE. Y ante la ausencia del mismo, el 55,5% de los espa\u00f1oles se plantea la compra de un coche usado, cifra que asciende hasta el 64,2% en caso de los j\u00f3venes menores de 25 a\u00f1os.<\/p>\n<p><img loading=\"lazy\" decoding=\"async\" class=\"wp-image-6286 size-full aligncenter\" src=\"http:\/\/127.0.0.1\/wp-content\/uploads\/2018\/07\/porcentaje-coches-diez-anos.jpg\" alt=\"La edad media aumenta con el porcentaje de coches de diez a\u00f1os\" width=\"589\" height=\"500\" srcset=\"https:\/\/www.ocasionplus.com\/wp-content\/uploads\/2018\/07\/porcentaje-coches-diez-anos.jpg 589w, https:\/\/www.ocasionplus.com\/wp-content\/uploads\/2018\/07\/porcentaje-coches-diez-anos-300x255.jpg 300w\" sizes=\"auto, (max-width: 589px) 100vw, 589px\" \/><\/p>\n<p style=\"text-align: right;\"><strong>Fuente y gr\u00e1ficos: Anfac<\/strong><\/p>\n","protected":false},"excerpt":{"rendered":"<p>El 61,8% de los turismos ya tiene m\u00e1s de diez a\u00f1os y la edad media se eleva a 12,21 a\u00f1os, registrando 16 a\u00f1os de subida ininterrumpida hasta alcanzar la cifra m\u00e1s alta de los \u00faltimos a\u00f1os.<\/p>\n","protected":false},"author":2,"featured_media":6288,"comment_status":"closed","ping_status":"closed","sticky":false,"template":"","format":"standard","meta":{"footnotes":""},"categories":[2],"tags":[],"class_list":["post-6283","post","type-post","status-publish","format-standard","has-post-thumbnail","hentry","category-ultimas-noticias"],"yoast_head":"<!-- This site is optimized with the Yoast SEO Premium plugin v24.8 (Yoast SEO v24.8.1) - https:\/\/yoast.com\/wordpress\/plugins\/seo\/ -->\n<title>La edad media del parque m\u00f3vil se ha elevado un 45% en la \u00faltima d\u00e9cada<\/title>\n<meta name=\"description\" content=\"Son datos alarmantes. El parque automovil\u00edstico espa\u00f1ol ha elevado su edad media un 45,5% desde el a\u00f1o 2008, pasando de 8,39 a 12,21 a\u00f1os en 2017.\" \/>\n<meta name=\"robots\" content=\"index, follow, max-snippet:-1, max-image-preview:large, max-video-preview:-1\" \/>\n<link rel=\"canonical\" href=\"https:\/\/www.ocasionplus.com\/noticias\/edad-media-parque-automovilistico\/\" \/>\n<meta property=\"og:locale\" content=\"es_ES\" \/>\n<meta property=\"og:type\" content=\"article\" \/>\n<meta property=\"og:title\" content=\"La edad media del parque automovil\u00edstico se ha elevado un 45% en la \u00faltima d\u00e9cada\" \/>\n<meta property=\"og:description\" content=\"Son datos alarmantes. El parque automovil\u00edstico espa\u00f1ol ha elevado su edad media un 45,5% desde el a\u00f1o 2008, pasando de 8,39 a 12,21 a\u00f1os en 2017.\" \/>\n<meta property=\"og:url\" content=\"https:\/\/www.ocasionplus.com\/noticias\/edad-media-parque-automovilistico\/\" \/>\n<meta property=\"og:site_name\" content=\"OcasionPlus Blog\" \/>\n<meta property=\"article:publisher\" content=\"https:\/\/www.facebook.com\/ocasionplus\" \/>\n<meta property=\"article:published_time\" content=\"2018-07-09T09:32:04+00:00\" \/>\n<meta property=\"article:modified_time\" content=\"2025-03-27T15:02:15+00:00\" \/>\n<meta property=\"og:image\" content=\"https:\/\/www.ocasionplus.com\/wp-content\/uploads\/2018\/07\/edad-media-crece.jpg\" \/>\n\t<meta property=\"og:image:width\" content=\"1920\" \/>\n\t<meta property=\"og:image:height\" content=\"1097\" \/>\n\t<meta property=\"og:image:type\" content=\"image\/jpeg\" \/>\n<meta name=\"author\" content=\"OcasionPlus\" \/>\n<meta name=\"twitter:card\" content=\"summary_large_image\" \/>\n<meta name=\"twitter:creator\" content=\"@ocasionplus\" \/>\n<meta name=\"twitter:site\" content=\"@ocasionplus\" \/>\n<meta name=\"twitter:label1\" content=\"Escrito por\" \/>\n\t<meta name=\"twitter:data1\" content=\"OcasionPlus\" \/>\n\t<meta name=\"twitter:label2\" content=\"Tiempo de lectura\" \/>\n\t<meta name=\"twitter:data2\" content=\"2 minutos\" \/>\n<script type=\"application\/ld+json\" class=\"yoast-schema-graph\">{\"@context\":\"https:\/\/schema.org\",\"@graph\":[{\"@type\":\"Article\",\"@id\":\"https:\/\/www.ocasionplus.com\/noticias\/edad-media-parque-automovilistico\/#article\",\"isPartOf\":{\"@id\":\"https:\/\/www.ocasionplus.com\/noticias\/edad-media-parque-automovilistico\/\"},\"author\":{\"name\":\"OcasionPlus\",\"@id\":\"https:\/\/www.ocasionplus.com\/noticias\/#\/schema\/person\/7ab10ae859759ef2622b28e83ba868eb\"},\"headline\":\"La edad media del parque automovil\u00edstico se ha elevado un 45% en la \u00faltima d\u00e9cada\",\"datePublished\":\"2018-07-09T09:32:04+00:00\",\"dateModified\":\"2025-03-27T15:02:15+00:00\",\"mainEntityOfPage\":{\"@id\":\"https:\/\/www.ocasionplus.com\/noticias\/edad-media-parque-automovilistico\/\"},\"wordCount\":505,\"publisher\":{\"@id\":\"https:\/\/www.ocasionplus.com\/noticias\/#organization\"},\"image\":{\"@id\":\"https:\/\/www.ocasionplus.com\/noticias\/edad-media-parque-automovilistico\/#primaryimage\"},\"thumbnailUrl\":\"https:\/\/www.ocasionplus.com\/wp-content\/uploads\/2018\/07\/edad-media-crece.jpg\",\"articleSection\":[\"\u00daltimas Noticias\"],\"inLanguage\":\"es\",\"copyrightYear\":\"2018\",\"copyrightHolder\":{\"@id\":\"https:\/\/www.ocasionplus.com\/noticias\/#organization\"}},{\"@type\":\"WebPage\",\"@id\":\"https:\/\/www.ocasionplus.com\/noticias\/edad-media-parque-automovilistico\/\",\"url\":\"https:\/\/www.ocasionplus.com\/noticias\/edad-media-parque-automovilistico\/\",\"name\":\"La edad media del parque m\u00f3vil se ha elevado un 45% en la \u00faltima d\u00e9cada\",\"isPartOf\":{\"@id\":\"https:\/\/www.ocasionplus.com\/noticias\/#website\"},\"primaryImageOfPage\":{\"@id\":\"https:\/\/www.ocasionplus.com\/noticias\/edad-media-parque-automovilistico\/#primaryimage\"},\"image\":{\"@id\":\"https:\/\/www.ocasionplus.com\/noticias\/edad-media-parque-automovilistico\/#primaryimage\"},\"thumbnailUrl\":\"https:\/\/www.ocasionplus.com\/wp-content\/uploads\/2018\/07\/edad-media-crece.jpg\",\"datePublished\":\"2018-07-09T09:32:04+00:00\",\"dateModified\":\"2025-03-27T15:02:15+00:00\",\"description\":\"Son datos alarmantes. El parque automovil\u00edstico espa\u00f1ol ha elevado su edad media un 45,5% desde el a\u00f1o 2008, pasando de 8,39 a 12,21 a\u00f1os en 2017.\",\"breadcrumb\":{\"@id\":\"https:\/\/www.ocasionplus.com\/noticias\/edad-media-parque-automovilistico\/#breadcrumb\"},\"inLanguage\":\"es\",\"potentialAction\":[{\"@type\":\"ReadAction\",\"target\":[\"https:\/\/www.ocasionplus.com\/noticias\/edad-media-parque-automovilistico\/\"]}]},{\"@type\":\"ImageObject\",\"inLanguage\":\"es\",\"@id\":\"https:\/\/www.ocasionplus.com\/noticias\/edad-media-parque-automovilistico\/#primaryimage\",\"url\":\"https:\/\/www.ocasionplus.com\/wp-content\/uploads\/2018\/07\/edad-media-crece.jpg\",\"contentUrl\":\"https:\/\/www.ocasionplus.com\/wp-content\/uploads\/2018\/07\/edad-media-crece.jpg\",\"width\":1920,\"height\":1097,\"caption\":\"La edad media del parque m\u00f3vil espa\u00f1ol sigue elev\u00e1ndose\"},{\"@type\":\"BreadcrumbList\",\"@id\":\"https:\/\/www.ocasionplus.com\/noticias\/edad-media-parque-automovilistico\/#breadcrumb\",\"itemListElement\":[{\"@type\":\"ListItem\",\"position\":1,\"name\":\"Portada\",\"item\":\"https:\/\/www.ocasionplus.com\/noticias\/\"},{\"@type\":\"ListItem\",\"position\":2,\"name\":\"La edad media del parque automovil\u00edstico se ha elevado un 45% en la \u00faltima d\u00e9cada\"}]},{\"@type\":\"WebSite\",\"@id\":\"https:\/\/www.ocasionplus.com\/noticias\/#website\",\"url\":\"https:\/\/www.ocasionplus.com\/noticias\/\",\"name\":\"OcasionPlus Blog\",\"description\":\"Veh\u00edculos de ocasi\u00f3n\",\"publisher\":{\"@id\":\"https:\/\/www.ocasionplus.com\/noticias\/#organization\"},\"potentialAction\":[{\"@type\":\"SearchAction\",\"target\":{\"@type\":\"EntryPoint\",\"urlTemplate\":\"https:\/\/www.ocasionplus.com\/noticias\/?s={search_term_string}\"},\"query-input\":{\"@type\":\"PropertyValueSpecification\",\"valueRequired\":true,\"valueName\":\"search_term_string\"}}],\"inLanguage\":\"es\"},{\"@type\":\"Organization\",\"@id\":\"https:\/\/www.ocasionplus.com\/noticias\/#organization\",\"name\":\"OcasionPlus\",\"url\":\"https:\/\/www.ocasionplus.com\/noticias\/\",\"logo\":{\"@type\":\"ImageObject\",\"inLanguage\":\"es\",\"@id\":\"https:\/\/www.ocasionplus.com\/noticias\/#\/schema\/logo\/image\/\",\"url\":\"https:\/\/www.ocasionplus.com\/wp-content\/uploads\/2024\/05\/cropped-cropped-oplus-logo-blog.png\",\"contentUrl\":\"https:\/\/www.ocasionplus.com\/wp-content\/uploads\/2024\/05\/cropped-cropped-oplus-logo-blog.png\",\"width\":360,\"height\":71,\"caption\":\"OcasionPlus\"},\"image\":{\"@id\":\"https:\/\/www.ocasionplus.com\/noticias\/#\/schema\/logo\/image\/\"},\"sameAs\":[\"https:\/\/www.facebook.com\/ocasionplus\",\"https:\/\/x.com\/ocasionplus\",\"https:\/\/www.instagram.com\/ocasion_plus\",\"https:\/\/www.youtube.com\/channel\/UCBiCAto61Lyu27CgI95wrYQ\",\"https:\/\/www.tiktok.com\/@ocasionplus.com\",\"https:\/\/es.linkedin.com\/company\/ocasionplus\"]},{\"@type\":\"Person\",\"@id\":\"https:\/\/www.ocasionplus.com\/noticias\/#\/schema\/person\/7ab10ae859759ef2622b28e83ba868eb\",\"name\":\"OcasionPlus\",\"image\":{\"@type\":\"ImageObject\",\"inLanguage\":\"es\",\"@id\":\"https:\/\/www.ocasionplus.com\/noticias\/#\/schema\/person\/image\/\",\"url\":\"https:\/\/www.ocasionplus.com\/wp-content\/uploads\/2024\/07\/ocasionplus_avatar-96x96.jpg\",\"contentUrl\":\"https:\/\/www.ocasionplus.com\/wp-content\/uploads\/2024\/07\/ocasionplus_avatar-96x96.jpg\",\"caption\":\"OcasionPlus\"}}]}<\/script>\n<!-- \/ Yoast SEO Premium plugin. -->","yoast_head_json":{"title":"La edad media del parque m\u00f3vil se ha elevado un 45% en la \u00faltima d\u00e9cada","description":"Son datos alarmantes. El parque automovil\u00edstico espa\u00f1ol ha elevado su edad media un 45,5% desde el a\u00f1o 2008, pasando de 8,39 a 12,21 a\u00f1os en 2017.","robots":{"index":"index","follow":"follow","max-snippet":"max-snippet:-1","max-image-preview":"max-image-preview:large","max-video-preview":"max-video-preview:-1"},"canonical":"https:\/\/www.ocasionplus.com\/noticias\/edad-media-parque-automovilistico\/","og_locale":"es_ES","og_type":"article","og_title":"La edad media del parque automovil\u00edstico se ha elevado un 45% en la \u00faltima d\u00e9cada","og_description":"Son datos alarmantes. El parque automovil\u00edstico espa\u00f1ol ha elevado su edad media un 45,5% desde el a\u00f1o 2008, pasando de 8,39 a 12,21 a\u00f1os en 2017.","og_url":"https:\/\/www.ocasionplus.com\/noticias\/edad-media-parque-automovilistico\/","og_site_name":"OcasionPlus Blog","article_publisher":"https:\/\/www.facebook.com\/ocasionplus","article_published_time":"2018-07-09T09:32:04+00:00","article_modified_time":"2025-03-27T15:02:15+00:00","og_image":[{"width":1920,"height":1097,"url":"https:\/\/www.ocasionplus.com\/wp-content\/uploads\/2018\/07\/edad-media-crece.jpg","type":"image\/jpeg"}],"author":"OcasionPlus","twitter_card":"summary_large_image","twitter_creator":"@ocasionplus","twitter_site":"@ocasionplus","twitter_misc":{"Escrito por":"OcasionPlus","Tiempo de lectura":"2 minutos"},"schema":{"@context":"https:\/\/schema.org","@graph":[{"@type":"Article","@id":"https:\/\/www.ocasionplus.com\/noticias\/edad-media-parque-automovilistico\/#article","isPartOf":{"@id":"https:\/\/www.ocasionplus.com\/noticias\/edad-media-parque-automovilistico\/"},"author":{"name":"OcasionPlus","@id":"https:\/\/www.ocasionplus.com\/noticias\/#\/schema\/person\/7ab10ae859759ef2622b28e83ba868eb"},"headline":"La edad media del parque automovil\u00edstico se ha elevado un 45% en la \u00faltima d\u00e9cada","datePublished":"2018-07-09T09:32:04+00:00","dateModified":"2025-03-27T15:02:15+00:00","mainEntityOfPage":{"@id":"https:\/\/www.ocasionplus.com\/noticias\/edad-media-parque-automovilistico\/"},"wordCount":505,"publisher":{"@id":"https:\/\/www.ocasionplus.com\/noticias\/#organization"},"image":{"@id":"https:\/\/www.ocasionplus.com\/noticias\/edad-media-parque-automovilistico\/#primaryimage"},"thumbnailUrl":"https:\/\/www.ocasionplus.com\/wp-content\/uploads\/2018\/07\/edad-media-crece.jpg","articleSection":["\u00daltimas Noticias"],"inLanguage":"es","copyrightYear":"2018","copyrightHolder":{"@id":"https:\/\/www.ocasionplus.com\/noticias\/#organization"}},{"@type":"WebPage","@id":"https:\/\/www.ocasionplus.com\/noticias\/edad-media-parque-automovilistico\/","url":"https:\/\/www.ocasionplus.com\/noticias\/edad-media-parque-automovilistico\/","name":"La edad media del parque m\u00f3vil se ha elevado un 45% en la \u00faltima d\u00e9cada","isPartOf":{"@id":"https:\/\/www.ocasionplus.com\/noticias\/#website"},"primaryImageOfPage":{"@id":"https:\/\/www.ocasionplus.com\/noticias\/edad-media-parque-automovilistico\/#primaryimage"},"image":{"@id":"https:\/\/www.ocasionplus.com\/noticias\/edad-media-parque-automovilistico\/#primaryimage"},"thumbnailUrl":"https:\/\/www.ocasionplus.com\/wp-content\/uploads\/2018\/07\/edad-media-crece.jpg","datePublished":"2018-07-09T09:32:04+00:00","dateModified":"2025-03-27T15:02:15+00:00","description":"Son datos alarmantes. El parque automovil\u00edstico espa\u00f1ol ha elevado su edad media un 45,5% desde el a\u00f1o 2008, pasando de 8,39 a 12,21 a\u00f1os en 2017.","breadcrumb":{"@id":"https:\/\/www.ocasionplus.com\/noticias\/edad-media-parque-automovilistico\/#breadcrumb"},"inLanguage":"es","potentialAction":[{"@type":"ReadAction","target":["https:\/\/www.ocasionplus.com\/noticias\/edad-media-parque-automovilistico\/"]}]},{"@type":"ImageObject","inLanguage":"es","@id":"https:\/\/www.ocasionplus.com\/noticias\/edad-media-parque-automovilistico\/#primaryimage","url":"https:\/\/www.ocasionplus.com\/wp-content\/uploads\/2018\/07\/edad-media-crece.jpg","contentUrl":"https:\/\/www.ocasionplus.com\/wp-content\/uploads\/2018\/07\/edad-media-crece.jpg","width":1920,"height":1097,"caption":"La edad media del parque m\u00f3vil espa\u00f1ol sigue elev\u00e1ndose"},{"@type":"BreadcrumbList","@id":"https:\/\/www.ocasionplus.com\/noticias\/edad-media-parque-automovilistico\/#breadcrumb","itemListElement":[{"@type":"ListItem","position":1,"name":"Portada","item":"https:\/\/www.ocasionplus.com\/noticias\/"},{"@type":"ListItem","position":2,"name":"La edad media del parque automovil\u00edstico se ha elevado un 45% en la \u00faltima d\u00e9cada"}]},{"@type":"WebSite","@id":"https:\/\/www.ocasionplus.com\/noticias\/#website","url":"https:\/\/www.ocasionplus.com\/noticias\/","name":"OcasionPlus Blog","description":"Veh\u00edculos de ocasi\u00f3n","publisher":{"@id":"https:\/\/www.ocasionplus.com\/noticias\/#organization"},"potentialAction":[{"@type":"SearchAction","target":{"@type":"EntryPoint","urlTemplate":"https:\/\/www.ocasionplus.com\/noticias\/?s={search_term_string}"},"query-input":{"@type":"PropertyValueSpecification","valueRequired":true,"valueName":"search_term_string"}}],"inLanguage":"es"},{"@type":"Organization","@id":"https:\/\/www.ocasionplus.com\/noticias\/#organization","name":"OcasionPlus","url":"https:\/\/www.ocasionplus.com\/noticias\/","logo":{"@type":"ImageObject","inLanguage":"es","@id":"https:\/\/www.ocasionplus.com\/noticias\/#\/schema\/logo\/image\/","url":"https:\/\/www.ocasionplus.com\/wp-content\/uploads\/2024\/05\/cropped-cropped-oplus-logo-blog.png","contentUrl":"https:\/\/www.ocasionplus.com\/wp-content\/uploads\/2024\/05\/cropped-cropped-oplus-logo-blog.png","width":360,"height":71,"caption":"OcasionPlus"},"image":{"@id":"https:\/\/www.ocasionplus.com\/noticias\/#\/schema\/logo\/image\/"},"sameAs":["https:\/\/www.facebook.com\/ocasionplus","https:\/\/x.com\/ocasionplus","https:\/\/www.instagram.com\/ocasion_plus","https:\/\/www.youtube.com\/channel\/UCBiCAto61Lyu27CgI95wrYQ","https:\/\/www.tiktok.com\/@ocasionplus.com","https:\/\/es.linkedin.com\/company\/ocasionplus"]},{"@type":"Person","@id":"https:\/\/www.ocasionplus.com\/noticias\/#\/schema\/person\/7ab10ae859759ef2622b28e83ba868eb","name":"OcasionPlus","image":{"@type":"ImageObject","inLanguage":"es","@id":"https:\/\/www.ocasionplus.com\/noticias\/#\/schema\/person\/image\/","url":"https:\/\/www.ocasionplus.com\/wp-content\/uploads\/2024\/07\/ocasionplus_avatar-96x96.jpg","contentUrl":"https:\/\/www.ocasionplus.com\/wp-content\/uploads\/2024\/07\/ocasionplus_avatar-96x96.jpg","caption":"OcasionPlus"}}]}},"jetpack_featured_media_url":"https:\/\/www.ocasionplus.com\/wp-content\/uploads\/2018\/07\/edad-media-crece.jpg","_links":{"self":[{"href":"https:\/\/www.ocasionplus.com\/noticias\/wp-json\/wp\/v2\/posts\/6283","targetHints":{"allow":["GET"]}}],"collection":[{"href":"https:\/\/www.ocasionplus.com\/noticias\/wp-json\/wp\/v2\/posts"}],"about":[{"href":"https:\/\/www.ocasionplus.com\/noticias\/wp-json\/wp\/v2\/types\/post"}],"author":[{"embeddable":true,"href":"https:\/\/www.ocasionplus.com\/noticias\/wp-json\/wp\/v2\/users\/2"}],"replies":[{"embeddable":true,"href":"https:\/\/www.ocasionplus.com\/noticias\/wp-json\/wp\/v2\/comments?post=6283"}],"version-history":[{"count":1,"href":"https:\/\/www.ocasionplus.com\/noticias\/wp-json\/wp\/v2\/posts\/6283\/revisions"}],"predecessor-version":[{"id":13228,"href":"https:\/\/www.ocasionplus.com\/noticias\/wp-json\/wp\/v2\/posts\/6283\/revisions\/13228"}],"wp:featuredmedia":[{"embeddable":true,"href":"https:\/\/www.ocasionplus.com\/noticias\/wp-json\/wp\/v2\/media\/6288"}],"wp:attachment":[{"href":"https:\/\/www.ocasionplus.com\/noticias\/wp-json\/wp\/v2\/media?parent=6283"}],"wp:term":[{"taxonomy":"category","embeddable":true,"href":"https:\/\/www.ocasionplus.com\/noticias\/wp-json\/wp\/v2\/categories?post=6283"},{"taxonomy":"post_tag","embeddable":true,"href":"https:\/\/www.ocasionplus.com\/noticias\/wp-json\/wp\/v2\/tags?post=6283"}],"curies":[{"name":"wp","href":"https:\/\/api.w.org\/{rel}","templated":true}]}}