{"id":6719,"date":"2018-08-07T09:00:11","date_gmt":"2018-08-07T07:00:11","guid":{"rendered":"https:\/\/blog.ocasionplus.com\/?p=6719"},"modified":"2025-03-27T15:48:01","modified_gmt":"2025-03-27T14:48:01","slug":"toyota-de-fernando-alonso-prius-chr","status":"publish","type":"post","link":"https:\/\/www.ocasionplus.com\/noticias\/toyota-de-fernando-alonso-prius-chr\/","title":{"rendered":"\u00bfEn qu\u00e9 se parece el Toyota de Fernando Alonso al Prius o al C-HR?"},"content":{"rendered":"<p><strong>La diferencia entre un coche de calle y un prototipo de competici\u00f3n o F\u00f3rmula 1 viene a ser equiparable a la de un avi\u00f3n comercial y un caza de combate<\/strong>. Los primeros est\u00e1n pensados para transportar personas de la manera m\u00e1s c\u00f3moda, segura y eficiente posible, al contrario que los segundos, que tienen las m\u00e1ximas prestaciones para alcanzar el objetivo en el menor tiempo posible. No obstante, <strong>en los segundos es donde las marcas experimentan gran parte de sus innovaciones. Esas que luego, tarde o temprano, acaban llegando a los primeros<\/strong>. En nuestro caso, coches de calle, que es lo que usamos a diario. Ejemplos hay muchos: los frenos de disco, la fibra de carbono, los cambios con manos en el volante, materiales ultraligeros, aerodin\u00e1micas sofisticadas&#8230;porque las carreras son como laboratorios rodantes. <strong>Habitualmente pasan a\u00f1os para poder disfrutar de esas mejoras en los coches de calle<\/strong>. Pero hay excepciones. <strong>\u00bfEn qu\u00e9 se parece el Toyota de Fernando Alonso al <a href=\"https:\/\/www.ocasionplus.com\/coches-ocasion\/toyota\/prius\">Prius<\/a>, al <a href=\"https:\/\/www.ocasionplus.com\/coches-ocasion\/toyota\/auris\">Auris<\/a> o al <a href=\"https:\/\/www.ocasionplus.com\/coches-ocasion\/toyota\/rav4\">RAV4<\/a> de segunda mano que puedes encontrar en <a href=\"https:\/\/www.ocasionplus.com\/\">OcasionPlus<\/a>?<\/strong> Sigue leyendo si quieres descubrirlo.<\/p>\n<p><img loading=\"lazy\" decoding=\"async\" class=\"aligncenter wp-image-6725 size-large\" src=\"http:\/\/127.0.0.1\/wp-content\/uploads\/2018\/08\/gamahybrid1-1024x306.jpg\" alt=\"El Toyota de Fernando Alonso y los modelos h\u00edbridos comparten tecnolog\u00eda\" width=\"800\" height=\"239\" srcset=\"https:\/\/www.ocasionplus.com\/wp-content\/uploads\/2018\/08\/gamahybrid1-1024x306.jpg 1024w, https:\/\/www.ocasionplus.com\/wp-content\/uploads\/2018\/08\/gamahybrid1-300x90.jpg 300w, https:\/\/www.ocasionplus.com\/wp-content\/uploads\/2018\/08\/gamahybrid1-768x229.jpg 768w, https:\/\/www.ocasionplus.com\/wp-content\/uploads\/2018\/08\/gamahybrid1.jpg 1440w\" sizes=\"auto, (max-width: 800px) 100vw, 800px\" \/><\/p>\n<p>Y es que la marca japonesa no espera ese tiempo habitual para trasladar al coche de serie la mejor tecnolog\u00eda de competici\u00f3n. En el momento en que la ha tenido suficientemente probada y testada, la ha incluido en los Yaris Hybrid, Auris Hybrid, C-HR, Prius, Prius+ y RAV4 Hybrid, es decir, los modelos que comercializa con tecnolog\u00eda h\u00edbrida en Espa\u00f1a. En concreto, <strong>el Toyota de Fernando Alonso comparte con estos veh\u00edculos el sistema de propulsi\u00f3n h\u00edbrido, la gesti\u00f3n de la energ\u00eda el\u00e9ctrica, la frenada regenerativa y la aerodin\u00e1mica<\/strong>.<\/p>\n<p>Se trata de que, como ha afirmado Akio Toyoda, presidente y CEO de Toyota, <strong>la experiencia en el Campeonato Mundial de Resistencia conocido como WEC (World Endurance Championship), &#8220;permita fabricar veh\u00edculos cada vez mejores que puedan disfrutar desde ya los clientes de Toyota&#8221;<\/strong>. Aunque, como es l\u00f3gico, las necesidades del Toyota de Fernando Alonso (TS050 Hybrid) que gan\u00f3 las <a href=\"https:\/\/blog.ocasionplus.com\/24-claves-24-horas-le-mans\/\">24 horas de Le Mans<\/a> y las de un modelo para circular por la calle son muy diferentes. Pero seg\u00fan el fabricante nip\u00f3n, persiguen el mismo objetivo: obtener el m\u00e1ximo rendimiento energ\u00e9tico. Eso se traduce en que los modelos de calle son eficientes, medioambientalmente sostenibles y de bajas emisiones, al margen de confortables.<\/p>\n<p><img loading=\"lazy\" decoding=\"async\" class=\"aligncenter wp-image-6726 size-large\" src=\"http:\/\/127.0.0.1\/wp-content\/uploads\/2018\/08\/gtr-le-mans-1200x90016-1-1024x768.jpg\" alt=\"El Toyota de Fernando Alonso y los modelos h\u00edbridos comparten tecnolog\u00eda\" width=\"800\" height=\"600\" srcset=\"https:\/\/www.ocasionplus.com\/wp-content\/uploads\/2018\/08\/gtr-le-mans-1200x90016-1-1024x768.jpg 1024w, https:\/\/www.ocasionplus.com\/wp-content\/uploads\/2018\/08\/gtr-le-mans-1200x90016-1-300x225.jpg 300w, https:\/\/www.ocasionplus.com\/wp-content\/uploads\/2018\/08\/gtr-le-mans-1200x90016-1-768x576.jpg 768w, https:\/\/www.ocasionplus.com\/wp-content\/uploads\/2018\/08\/gtr-le-mans-1200x90016-1.jpg 1200w\" sizes=\"auto, (max-width: 800px) 100vw, 800px\" \/><\/p>\n<p>As\u00ed las cosas, modelos como el Toyota C-HR o el Auris h\u00edbrido comparten con el Toyota de Fernando Alonso <strong>un motor de gasolina asociado a otro el\u00e9ctrico, que se alimenta de la energ\u00eda almacenada en una bater\u00eda a trav\u00e9s, entre otros mecanismos, de la que se obtiene por medio de las frenadas y las deceleraciones<\/strong>. Esto es un aspecto clave en el prototipo de competici\u00f3n y lo que permite al modelo de calle extender su circulaci\u00f3n en modo cero emisiones por m\u00e1s tiempo. Adem\u00e1s, ambos mundos comparten <strong>similitudes en aerodin\u00e1mica<\/strong> (salvando las distancias de que en competici\u00f3n es absolutamente fundamental),\u00a0<strong>as\u00ed como en la reducci\u00f3n del peso total del veh\u00edculo<\/strong>, lo que permite mejorar el rendimiento y prestaciones, incrementar la eficiencia y mejorar la respuesta al volante.<\/p>\n<p style=\"text-align: right;\">Fuente: Toyota Espa\u00f1a<\/p>\n<p>&nbsp;<\/p>\n","protected":false},"excerpt":{"rendered":"<p>El sistema de propulsi\u00f3n h\u00edbrido, la gesti\u00f3n de la energ\u00eda el\u00e9ctrica, la frenada regenerativa o la aerodin\u00e1mica son similares en el Toyota de Fernando Alonso y en los modelos h\u00edbridos de serie. Directamente de la competici\u00f3n a la calle. <\/p>\n","protected":false},"author":2,"featured_media":6721,"comment_status":"closed","ping_status":"closed","sticky":false,"template":"","format":"standard","meta":{"footnotes":""},"categories":[13],"tags":[372],"class_list":["post-6719","post","type-post","status-publish","format-standard","has-post-thumbnail","hentry","category-interesa-saber","tag-toyota"],"yoast_head":"<!-- This site is optimized with the Yoast SEO Premium plugin v24.8 (Yoast SEO v24.8.1) - https:\/\/yoast.com\/wordpress\/plugins\/seo\/ -->\n<title>\u00bfEn qu\u00e9 se parece el Toyota de Fernando Alonso al Prius o al C-HR?<\/title>\n<meta name=\"description\" content=\"El Toyota de Fernando Alonso que gan\u00f3 las 24 horas de Le Mans no es tan diferente a los modelos de calle h\u00edbridos de la marca nipona. \u00bfTe sorprende?\" \/>\n<meta name=\"robots\" content=\"index, follow, max-snippet:-1, max-image-preview:large, max-video-preview:-1\" \/>\n<link rel=\"canonical\" href=\"https:\/\/www.ocasionplus.com\/noticias\/toyota-de-fernando-alonso-prius-chr\/\" \/>\n<meta property=\"og:locale\" content=\"es_ES\" \/>\n<meta property=\"og:type\" content=\"article\" \/>\n<meta property=\"og:title\" content=\"\u00bfEn qu\u00e9 se parece el Toyota de Fernando Alonso al Prius o al C-HR?\" \/>\n<meta property=\"og:description\" content=\"El Toyota de Fernando Alonso que gan\u00f3 las 24 horas de Le Mans no es tan diferente a los modelos de calle h\u00edbridos de la marca nipona. \u00bfTe sorprende?\" \/>\n<meta property=\"og:url\" content=\"https:\/\/www.ocasionplus.com\/noticias\/toyota-de-fernando-alonso-prius-chr\/\" \/>\n<meta property=\"og:site_name\" content=\"OcasionPlus Blog\" \/>\n<meta property=\"article:publisher\" content=\"https:\/\/www.facebook.com\/ocasionplus\" \/>\n<meta property=\"article:published_time\" content=\"2018-08-07T07:00:11+00:00\" \/>\n<meta property=\"article:modified_time\" content=\"2025-03-27T14:48:01+00:00\" \/>\n<meta property=\"og:image\" content=\"https:\/\/www.ocasionplus.com\/wp-content\/uploads\/2018\/08\/01_20170331_03_19_a.jpg\" \/>\n\t<meta property=\"og:image:width\" content=\"1000\" \/>\n\t<meta property=\"og:image:height\" content=\"666\" \/>\n\t<meta property=\"og:image:type\" content=\"image\/jpeg\" \/>\n<meta name=\"author\" content=\"OcasionPlus\" \/>\n<meta name=\"twitter:card\" content=\"summary_large_image\" \/>\n<meta name=\"twitter:creator\" content=\"@ocasionplus\" \/>\n<meta name=\"twitter:site\" content=\"@ocasionplus\" \/>\n<meta name=\"twitter:label1\" content=\"Escrito por\" \/>\n\t<meta name=\"twitter:data1\" content=\"OcasionPlus\" \/>\n\t<meta name=\"twitter:label2\" content=\"Tiempo de lectura\" \/>\n\t<meta name=\"twitter:data2\" content=\"3 minutos\" \/>\n<script type=\"application\/ld+json\" class=\"yoast-schema-graph\">{\"@context\":\"https:\/\/schema.org\",\"@graph\":[{\"@type\":\"Article\",\"@id\":\"https:\/\/www.ocasionplus.com\/noticias\/toyota-de-fernando-alonso-prius-chr\/#article\",\"isPartOf\":{\"@id\":\"https:\/\/www.ocasionplus.com\/noticias\/toyota-de-fernando-alonso-prius-chr\/\"},\"author\":{\"name\":\"OcasionPlus\",\"@id\":\"https:\/\/www.ocasionplus.com\/noticias\/#\/schema\/person\/7ab10ae859759ef2622b28e83ba868eb\"},\"headline\":\"\u00bfEn qu\u00e9 se parece el Toyota de Fernando Alonso al Prius o al C-HR?\",\"datePublished\":\"2018-08-07T07:00:11+00:00\",\"dateModified\":\"2025-03-27T14:48:01+00:00\",\"mainEntityOfPage\":{\"@id\":\"https:\/\/www.ocasionplus.com\/noticias\/toyota-de-fernando-alonso-prius-chr\/\"},\"wordCount\":563,\"publisher\":{\"@id\":\"https:\/\/www.ocasionplus.com\/noticias\/#organization\"},\"image\":{\"@id\":\"https:\/\/www.ocasionplus.com\/noticias\/toyota-de-fernando-alonso-prius-chr\/#primaryimage\"},\"thumbnailUrl\":\"https:\/\/www.ocasionplus.com\/wp-content\/uploads\/2018\/08\/01_20170331_03_19_a.jpg\",\"keywords\":[\"toyota\"],\"articleSection\":[\"Te interesa saber...\"],\"inLanguage\":\"es\",\"copyrightYear\":\"2018\",\"copyrightHolder\":{\"@id\":\"https:\/\/www.ocasionplus.com\/noticias\/#organization\"}},{\"@type\":\"WebPage\",\"@id\":\"https:\/\/www.ocasionplus.com\/noticias\/toyota-de-fernando-alonso-prius-chr\/\",\"url\":\"https:\/\/www.ocasionplus.com\/noticias\/toyota-de-fernando-alonso-prius-chr\/\",\"name\":\"\u00bfEn qu\u00e9 se parece el Toyota de Fernando Alonso al Prius o al C-HR?\",\"isPartOf\":{\"@id\":\"https:\/\/www.ocasionplus.com\/noticias\/#website\"},\"primaryImageOfPage\":{\"@id\":\"https:\/\/www.ocasionplus.com\/noticias\/toyota-de-fernando-alonso-prius-chr\/#primaryimage\"},\"image\":{\"@id\":\"https:\/\/www.ocasionplus.com\/noticias\/toyota-de-fernando-alonso-prius-chr\/#primaryimage\"},\"thumbnailUrl\":\"https:\/\/www.ocasionplus.com\/wp-content\/uploads\/2018\/08\/01_20170331_03_19_a.jpg\",\"datePublished\":\"2018-08-07T07:00:11+00:00\",\"dateModified\":\"2025-03-27T14:48:01+00:00\",\"description\":\"El Toyota de Fernando Alonso que gan\u00f3 las 24 horas de Le Mans no es tan diferente a los modelos de calle h\u00edbridos de la marca nipona. \u00bfTe sorprende?\",\"breadcrumb\":{\"@id\":\"https:\/\/www.ocasionplus.com\/noticias\/toyota-de-fernando-alonso-prius-chr\/#breadcrumb\"},\"inLanguage\":\"es\",\"potentialAction\":[{\"@type\":\"ReadAction\",\"target\":[\"https:\/\/www.ocasionplus.com\/noticias\/toyota-de-fernando-alonso-prius-chr\/\"]}]},{\"@type\":\"ImageObject\",\"inLanguage\":\"es\",\"@id\":\"https:\/\/www.ocasionplus.com\/noticias\/toyota-de-fernando-alonso-prius-chr\/#primaryimage\",\"url\":\"https:\/\/www.ocasionplus.com\/wp-content\/uploads\/2018\/08\/01_20170331_03_19_a.jpg\",\"contentUrl\":\"https:\/\/www.ocasionplus.com\/wp-content\/uploads\/2018\/08\/01_20170331_03_19_a.jpg\",\"width\":1000,\"height\":666,\"caption\":\"Los modelos de calle se parecen al Toyota de Fernando Alonso m\u00e1s de lo que crees\"},{\"@type\":\"BreadcrumbList\",\"@id\":\"https:\/\/www.ocasionplus.com\/noticias\/toyota-de-fernando-alonso-prius-chr\/#breadcrumb\",\"itemListElement\":[{\"@type\":\"ListItem\",\"position\":1,\"name\":\"Portada\",\"item\":\"https:\/\/www.ocasionplus.com\/noticias\/\"},{\"@type\":\"ListItem\",\"position\":2,\"name\":\"\u00bfEn qu\u00e9 se parece el Toyota de Fernando Alonso al Prius o al C-HR?\"}]},{\"@type\":\"WebSite\",\"@id\":\"https:\/\/www.ocasionplus.com\/noticias\/#website\",\"url\":\"https:\/\/www.ocasionplus.com\/noticias\/\",\"name\":\"OcasionPlus Blog\",\"description\":\"Veh\u00edculos de ocasi\u00f3n\",\"publisher\":{\"@id\":\"https:\/\/www.ocasionplus.com\/noticias\/#organization\"},\"potentialAction\":[{\"@type\":\"SearchAction\",\"target\":{\"@type\":\"EntryPoint\",\"urlTemplate\":\"https:\/\/www.ocasionplus.com\/noticias\/?s={search_term_string}\"},\"query-input\":{\"@type\":\"PropertyValueSpecification\",\"valueRequired\":true,\"valueName\":\"search_term_string\"}}],\"inLanguage\":\"es\"},{\"@type\":\"Organization\",\"@id\":\"https:\/\/www.ocasionplus.com\/noticias\/#organization\",\"name\":\"OcasionPlus\",\"url\":\"https:\/\/www.ocasionplus.com\/noticias\/\",\"logo\":{\"@type\":\"ImageObject\",\"inLanguage\":\"es\",\"@id\":\"https:\/\/www.ocasionplus.com\/noticias\/#\/schema\/logo\/image\/\",\"url\":\"https:\/\/www.ocasionplus.com\/wp-content\/uploads\/2024\/05\/cropped-cropped-oplus-logo-blog.png\",\"contentUrl\":\"https:\/\/www.ocasionplus.com\/wp-content\/uploads\/2024\/05\/cropped-cropped-oplus-logo-blog.png\",\"width\":360,\"height\":71,\"caption\":\"OcasionPlus\"},\"image\":{\"@id\":\"https:\/\/www.ocasionplus.com\/noticias\/#\/schema\/logo\/image\/\"},\"sameAs\":[\"https:\/\/www.facebook.com\/ocasionplus\",\"https:\/\/x.com\/ocasionplus\",\"https:\/\/www.instagram.com\/ocasion_plus\",\"https:\/\/www.youtube.com\/channel\/UCBiCAto61Lyu27CgI95wrYQ\",\"https:\/\/www.tiktok.com\/@ocasionplus.com\",\"https:\/\/es.linkedin.com\/company\/ocasionplus\"]},{\"@type\":\"Person\",\"@id\":\"https:\/\/www.ocasionplus.com\/noticias\/#\/schema\/person\/7ab10ae859759ef2622b28e83ba868eb\",\"name\":\"OcasionPlus\",\"image\":{\"@type\":\"ImageObject\",\"inLanguage\":\"es\",\"@id\":\"https:\/\/www.ocasionplus.com\/noticias\/#\/schema\/person\/image\/\",\"url\":\"https:\/\/www.ocasionplus.com\/wp-content\/uploads\/2024\/07\/ocasionplus_avatar-96x96.jpg\",\"contentUrl\":\"https:\/\/www.ocasionplus.com\/wp-content\/uploads\/2024\/07\/ocasionplus_avatar-96x96.jpg\",\"caption\":\"OcasionPlus\"}}]}<\/script>\n<!-- \/ Yoast SEO Premium plugin. -->","yoast_head_json":{"title":"\u00bfEn qu\u00e9 se parece el Toyota de Fernando Alonso al Prius o al C-HR?","description":"El Toyota de Fernando Alonso que gan\u00f3 las 24 horas de Le Mans no es tan diferente a los modelos de calle h\u00edbridos de la marca nipona. \u00bfTe sorprende?","robots":{"index":"index","follow":"follow","max-snippet":"max-snippet:-1","max-image-preview":"max-image-preview:large","max-video-preview":"max-video-preview:-1"},"canonical":"https:\/\/www.ocasionplus.com\/noticias\/toyota-de-fernando-alonso-prius-chr\/","og_locale":"es_ES","og_type":"article","og_title":"\u00bfEn qu\u00e9 se parece el Toyota de Fernando Alonso al Prius o al C-HR?","og_description":"El Toyota de Fernando Alonso que gan\u00f3 las 24 horas de Le Mans no es tan diferente a los modelos de calle h\u00edbridos de la marca nipona. \u00bfTe sorprende?","og_url":"https:\/\/www.ocasionplus.com\/noticias\/toyota-de-fernando-alonso-prius-chr\/","og_site_name":"OcasionPlus Blog","article_publisher":"https:\/\/www.facebook.com\/ocasionplus","article_published_time":"2018-08-07T07:00:11+00:00","article_modified_time":"2025-03-27T14:48:01+00:00","og_image":[{"width":1000,"height":666,"url":"https:\/\/www.ocasionplus.com\/wp-content\/uploads\/2018\/08\/01_20170331_03_19_a.jpg","type":"image\/jpeg"}],"author":"OcasionPlus","twitter_card":"summary_large_image","twitter_creator":"@ocasionplus","twitter_site":"@ocasionplus","twitter_misc":{"Escrito por":"OcasionPlus","Tiempo de lectura":"3 minutos"},"schema":{"@context":"https:\/\/schema.org","@graph":[{"@type":"Article","@id":"https:\/\/www.ocasionplus.com\/noticias\/toyota-de-fernando-alonso-prius-chr\/#article","isPartOf":{"@id":"https:\/\/www.ocasionplus.com\/noticias\/toyota-de-fernando-alonso-prius-chr\/"},"author":{"name":"OcasionPlus","@id":"https:\/\/www.ocasionplus.com\/noticias\/#\/schema\/person\/7ab10ae859759ef2622b28e83ba868eb"},"headline":"\u00bfEn qu\u00e9 se parece el Toyota de Fernando Alonso al Prius o al C-HR?","datePublished":"2018-08-07T07:00:11+00:00","dateModified":"2025-03-27T14:48:01+00:00","mainEntityOfPage":{"@id":"https:\/\/www.ocasionplus.com\/noticias\/toyota-de-fernando-alonso-prius-chr\/"},"wordCount":563,"publisher":{"@id":"https:\/\/www.ocasionplus.com\/noticias\/#organization"},"image":{"@id":"https:\/\/www.ocasionplus.com\/noticias\/toyota-de-fernando-alonso-prius-chr\/#primaryimage"},"thumbnailUrl":"https:\/\/www.ocasionplus.com\/wp-content\/uploads\/2018\/08\/01_20170331_03_19_a.jpg","keywords":["toyota"],"articleSection":["Te interesa saber..."],"inLanguage":"es","copyrightYear":"2018","copyrightHolder":{"@id":"https:\/\/www.ocasionplus.com\/noticias\/#organization"}},{"@type":"WebPage","@id":"https:\/\/www.ocasionplus.com\/noticias\/toyota-de-fernando-alonso-prius-chr\/","url":"https:\/\/www.ocasionplus.com\/noticias\/toyota-de-fernando-alonso-prius-chr\/","name":"\u00bfEn qu\u00e9 se parece el Toyota de Fernando Alonso al Prius o al C-HR?","isPartOf":{"@id":"https:\/\/www.ocasionplus.com\/noticias\/#website"},"primaryImageOfPage":{"@id":"https:\/\/www.ocasionplus.com\/noticias\/toyota-de-fernando-alonso-prius-chr\/#primaryimage"},"image":{"@id":"https:\/\/www.ocasionplus.com\/noticias\/toyota-de-fernando-alonso-prius-chr\/#primaryimage"},"thumbnailUrl":"https:\/\/www.ocasionplus.com\/wp-content\/uploads\/2018\/08\/01_20170331_03_19_a.jpg","datePublished":"2018-08-07T07:00:11+00:00","dateModified":"2025-03-27T14:48:01+00:00","description":"El Toyota de Fernando Alonso que gan\u00f3 las 24 horas de Le Mans no es tan diferente a los modelos de calle h\u00edbridos de la marca nipona. \u00bfTe sorprende?","breadcrumb":{"@id":"https:\/\/www.ocasionplus.com\/noticias\/toyota-de-fernando-alonso-prius-chr\/#breadcrumb"},"inLanguage":"es","potentialAction":[{"@type":"ReadAction","target":["https:\/\/www.ocasionplus.com\/noticias\/toyota-de-fernando-alonso-prius-chr\/"]}]},{"@type":"ImageObject","inLanguage":"es","@id":"https:\/\/www.ocasionplus.com\/noticias\/toyota-de-fernando-alonso-prius-chr\/#primaryimage","url":"https:\/\/www.ocasionplus.com\/wp-content\/uploads\/2018\/08\/01_20170331_03_19_a.jpg","contentUrl":"https:\/\/www.ocasionplus.com\/wp-content\/uploads\/2018\/08\/01_20170331_03_19_a.jpg","width":1000,"height":666,"caption":"Los modelos de calle se parecen al Toyota de Fernando Alonso m\u00e1s de lo que crees"},{"@type":"BreadcrumbList","@id":"https:\/\/www.ocasionplus.com\/noticias\/toyota-de-fernando-alonso-prius-chr\/#breadcrumb","itemListElement":[{"@type":"ListItem","position":1,"name":"Portada","item":"https:\/\/www.ocasionplus.com\/noticias\/"},{"@type":"ListItem","position":2,"name":"\u00bfEn qu\u00e9 se parece el Toyota de Fernando Alonso al Prius o al C-HR?"}]},{"@type":"WebSite","@id":"https:\/\/www.ocasionplus.com\/noticias\/#website","url":"https:\/\/www.ocasionplus.com\/noticias\/","name":"OcasionPlus Blog","description":"Veh\u00edculos de ocasi\u00f3n","publisher":{"@id":"https:\/\/www.ocasionplus.com\/noticias\/#organization"},"potentialAction":[{"@type":"SearchAction","target":{"@type":"EntryPoint","urlTemplate":"https:\/\/www.ocasionplus.com\/noticias\/?s={search_term_string}"},"query-input":{"@type":"PropertyValueSpecification","valueRequired":true,"valueName":"search_term_string"}}],"inLanguage":"es"},{"@type":"Organization","@id":"https:\/\/www.ocasionplus.com\/noticias\/#organization","name":"OcasionPlus","url":"https:\/\/www.ocasionplus.com\/noticias\/","logo":{"@type":"ImageObject","inLanguage":"es","@id":"https:\/\/www.ocasionplus.com\/noticias\/#\/schema\/logo\/image\/","url":"https:\/\/www.ocasionplus.com\/wp-content\/uploads\/2024\/05\/cropped-cropped-oplus-logo-blog.png","contentUrl":"https:\/\/www.ocasionplus.com\/wp-content\/uploads\/2024\/05\/cropped-cropped-oplus-logo-blog.png","width":360,"height":71,"caption":"OcasionPlus"},"image":{"@id":"https:\/\/www.ocasionplus.com\/noticias\/#\/schema\/logo\/image\/"},"sameAs":["https:\/\/www.facebook.com\/ocasionplus","https:\/\/x.com\/ocasionplus","https:\/\/www.instagram.com\/ocasion_plus","https:\/\/www.youtube.com\/channel\/UCBiCAto61Lyu27CgI95wrYQ","https:\/\/www.tiktok.com\/@ocasionplus.com","https:\/\/es.linkedin.com\/company\/ocasionplus"]},{"@type":"Person","@id":"https:\/\/www.ocasionplus.com\/noticias\/#\/schema\/person\/7ab10ae859759ef2622b28e83ba868eb","name":"OcasionPlus","image":{"@type":"ImageObject","inLanguage":"es","@id":"https:\/\/www.ocasionplus.com\/noticias\/#\/schema\/person\/image\/","url":"https:\/\/www.ocasionplus.com\/wp-content\/uploads\/2024\/07\/ocasionplus_avatar-96x96.jpg","contentUrl":"https:\/\/www.ocasionplus.com\/wp-content\/uploads\/2024\/07\/ocasionplus_avatar-96x96.jpg","caption":"OcasionPlus"}}]}},"jetpack_featured_media_url":"https:\/\/www.ocasionplus.com\/wp-content\/uploads\/2018\/08\/01_20170331_03_19_a.jpg","_links":{"self":[{"href":"https:\/\/www.ocasionplus.com\/noticias\/wp-json\/wp\/v2\/posts\/6719","targetHints":{"allow":["GET"]}}],"collection":[{"href":"https:\/\/www.ocasionplus.com\/noticias\/wp-json\/wp\/v2\/posts"}],"about":[{"href":"https:\/\/www.ocasionplus.com\/noticias\/wp-json\/wp\/v2\/types\/post"}],"author":[{"embeddable":true,"href":"https:\/\/www.ocasionplus.com\/noticias\/wp-json\/wp\/v2\/users\/2"}],"replies":[{"embeddable":true,"href":"https:\/\/www.ocasionplus.com\/noticias\/wp-json\/wp\/v2\/comments?post=6719"}],"version-history":[{"count":1,"href":"https:\/\/www.ocasionplus.com\/noticias\/wp-json\/wp\/v2\/posts\/6719\/revisions"}],"predecessor-version":[{"id":11453,"href":"https:\/\/www.ocasionplus.com\/noticias\/wp-json\/wp\/v2\/posts\/6719\/revisions\/11453"}],"wp:featuredmedia":[{"embeddable":true,"href":"https:\/\/www.ocasionplus.com\/noticias\/wp-json\/wp\/v2\/media\/6721"}],"wp:attachment":[{"href":"https:\/\/www.ocasionplus.com\/noticias\/wp-json\/wp\/v2\/media?parent=6719"}],"wp:term":[{"taxonomy":"category","embeddable":true,"href":"https:\/\/www.ocasionplus.com\/noticias\/wp-json\/wp\/v2\/categories?post=6719"},{"taxonomy":"post_tag","embeddable":true,"href":"https:\/\/www.ocasionplus.com\/noticias\/wp-json\/wp\/v2\/tags?post=6719"}],"curies":[{"name":"wp","href":"https:\/\/api.w.org\/{rel}","templated":true}]}}