{"id":7424,"date":"2018-10-18T09:48:30","date_gmt":"2018-10-18T07:48:30","guid":{"rendered":"https:\/\/blog.ocasionplus.com\/?p=7424"},"modified":"2025-03-27T15:46:56","modified_gmt":"2025-03-27T14:46:56","slug":"10-novedades-del-salon-de-paris-2018","status":"publish","type":"post","link":"https:\/\/www.ocasionplus.com\/noticias\/10-novedades-del-salon-de-paris-2018\/","title":{"rendered":"Las 10 novedades que no hay que perderse del Sal\u00f3n de Par\u00eds 2018"},"content":{"rendered":"<p>El pasado domingo 14 de octubre se clausur\u00f3 una nueva edici\u00f3n del <strong>Sal\u00f3n de Par\u00eds 2018<\/strong>, donde tras doce d\u00edas de <strong>exposiciones, presentaciones de \u00faltimos modelos, prototipos del futuro, estudios de dise\u00f1o y anuncios, muchos anuncios<\/strong>, los fabricantes han dado cuenta de sus planes de cara al futuro m\u00e1s inmediato y a medio-largo plazo. <strong>Considerado el Sal\u00f3n del Autom\u00f3vil m\u00e1s antiguo del mundo<\/strong>, ya que el primero fue realizado por un pionero en la industria, Albert de Dion, en 1898,\u00a0celebr\u00e1ndose en esta ocasi\u00f3n el\u00a0<strong>120\u00ba aniversario, <\/strong>se trata de una cita imprescindible para los amantes del motor, dado que <strong>la cercan\u00eda del nuevo a\u00f1o siempre es un aliciente para que las marcas presenten todas sus novedades de cara al nuevo curso<\/strong>. Despu\u00e9s de salir a la venta, muchas de esas novedades tardar\u00e1n en llegar a las tiendas de <a href=\"https:\/\/www.ocasionplus.com\"><strong>OcasionPlus<\/strong><\/a>. Pero tambi\u00e9n una forma de saber si es buen momento para vender tu coche antiguo pr\u00f3ximamente o comprar un modelo que pronto va a quedar descatalogado, bajando as\u00ed de precio. <strong>Te presentamos las que hemos considerado como 10 novedades (algunas agrupadas) m\u00e1s interesantes del Sal\u00f3n de Par\u00eds 2018 y que no te puedes perder:<\/strong><\/p>\n<ol>\n<li><strong>Ofensiva h\u00edbrida el\u00e9ctrica de <a href=\"https:\/\/www.ocasionplus.com\/coches-ocasion\/toyota\">Toyota<\/a>.\u00a0<\/strong>Lo admitimos, nos gusta Toyota. As\u00ed que comenzamos este repaso a los principales anuncios del Sal\u00f3n de Par\u00eds 2018 con la intensificaci\u00f3n de la apuesta por la hibridaci\u00f3n de la marca japonesa. Ha presentado tres nuevos modelos h\u00edbridos el\u00e9ctricos autorrecargables &#8211;<strong>el Corolla hybrid, el Corolla hybrid Touring Sport y el RAV4 hybrid<\/strong>, quinta generaci\u00f3n del todocamino pionero- y dos nuevas versiones h\u00edbridas de Yaris &#8211;<strong>el Yaris GR Sport y Yaris Y20<\/strong>, variantes deportivas y en homenaje al original, respectivamente-.<\/li>\n<li><strong>Por primera vez juntos la familia SUV de <a href=\"https:\/\/www.ocasionplus.com\/coches-ocasion\/seat\">SEAT<\/a> al completo: el Arona, el Ateca y el nuevo Tarraco. <\/strong>Este \u00faltimo es el nuevo SUV de la marca de Martorell y representa la entrada de la marca en la categor\u00eda de los todocaminos de hasta 7 asientos, destacando por dise\u00f1o y funcionalidad, deportividad y confort, accesibilidad y calidad, tecnolog\u00eda y emoci\u00f3n. Tambi\u00e9n se ha presentado\u00a0el <strong>Arona TGI<\/strong>, el primer SUV equipado con un sistema de propulsi\u00f3n de gas natural comprimido, una alternativa sostenible a la gasolina y di\u00e9sel. Dos modelos que aspiran a igualar el \u00e9xito del <strong>Ateca<\/strong>, uno de los superventas actuales.<br \/>\n<img loading=\"lazy\" decoding=\"async\" class=\"aligncenter wp-image-7446 size-large\" src=\"http:\/\/127.0.0.1\/wp-content\/uploads\/2018\/10\/kia__proceed_front_-1024x585.jpg\" alt=\"El Kia ProCeed, una de las novedades del Sal\u00f3n de Par\u00eds 2018\" width=\"800\" height=\"457\" srcset=\"https:\/\/www.ocasionplus.com\/wp-content\/uploads\/2018\/10\/kia__proceed_front_-1024x585.jpg 1024w, https:\/\/www.ocasionplus.com\/wp-content\/uploads\/2018\/10\/kia__proceed_front_-300x171.jpg 300w, https:\/\/www.ocasionplus.com\/wp-content\/uploads\/2018\/10\/kia__proceed_front_-768x439.jpg 768w, https:\/\/www.ocasionplus.com\/wp-content\/uploads\/2018\/10\/kia__proceed_front_.jpg 1400w\" sizes=\"auto, (max-width: 800px) 100vw, 800px\" \/><\/li>\n<li><strong>El Kia ProCeed eclipsa al resto de novedades de <a href=\"https:\/\/www.ocasionplus.com\/coches-ocasion\/kia\">Kia<\/a><\/strong>.\u00a0El nuevo <strong>Kia ProCeed<\/strong> combina una impresionante inspiraci\u00f3n deportiva con la versatilidad de un familiar, lo que ya de por s\u00ed es muy novedoso, pero adem\u00e1s con una carrocer\u00eda shooting brake cinco puertas, que ha asombrado a los visitantes. Tambi\u00e9n se expusieron el\u00a0<strong>Ceed GT<\/strong> y <strong>ProCeed GT<\/strong>, as\u00ed como el <strong>Ceed GT Line<\/strong> o el crossover el\u00e9ctrico <strong>Kia e-Niro<\/strong>. Pero\u00a0muchos de los flashes del Sal\u00f3n de Par\u00eds 2018 fueron para el ProCeed.<\/li>\n<li><strong>Apuesta por la electrificaci\u00f3n de <a href=\"https:\/\/www.ocasionplus.com\/coches-ocasion\/ds\">DS<\/a><\/strong>. Hasta cuatro primicias se ha dejado DS Automobiles para el sal\u00f3n de casa. As\u00ed, la nueva marca francesa premium derivada de <a href=\"https:\/\/www.ocasionplus.com\/coches-ocasion\/citroen\">Citro\u00ebn <\/a>ha mostrado el\u00a0<strong>DS 3 Crossback<\/strong>, un SUV icono de &#8220;estilo High-Tech&#8221;, y su versi\u00f3n 100% el\u00e9ctrica <strong>DS 3 Crossback E-Tense<\/strong>; el\u00a0<strong>DS 7 Crossback E-Tense<\/strong>, un 4&#215;4 equipado con un motor h\u00edbrido gasolina de altas prestaciones; el <strong>DS E-Tenses FE 19<\/strong>, el monoplaza 100% el\u00e9ctrico del Campeonato FIA de Formule E, con los colores que lucir\u00e1 la temporada 2018\/2019; y el\u00a0<strong><a href=\"https:\/\/blog.ocasionplus.com\/ds-x-e-tense-2035\/\">DS X E-TENSE<\/a><\/strong>, el dream car\u00a0completamente\u00a0el\u00e9ctrico<em>,<\/em>\u00a0la visi\u00f3n del lujo en el autom\u00f3vil de la marca para 2035, del que ya os hablamos en su d\u00eda.<\/li>\n<li><strong>El Hyundai i30 Fastback N, de Roma a Par\u00eds en 8 horas y 19 minutos, pero en Dinamarca.\u00a0<\/strong><a href=\"https:\/\/www.ocasionplus.com\/coches-ocasion\/hyundai\">Hyundai<\/a> dio a la presentaci\u00f3n del Hyundai i30 Fastback un giro inesperado. Neuville y Tarquini llevaron al autom\u00f3vil hasta sus l\u00edmites, no conduciendo desde la capital italiana a la francesa, sede del Sal\u00f3n de Par\u00eds 2018, sino compitiendo entre s\u00ed en Dinamarca, entre las carreteras que unen Roma y Par\u00eds, dos pueblos daneses con estos nombres tan curiosos. Seg\u00fan <a href=\"https:\/\/blog.ocasionplus.com\/google-maps-radares-y-velocidad\/\">Google Maps<\/a>, no menos de 14 horas y media ser\u00edan necesarias para hacer dicho trayecto entre las capitales famosas. Sin embargo, sentado al volante del i30 Fastback N, Tarquini tard\u00f3 solo 8: 18.49 minutos en cubrir la distancia entre los pueblos, mostrando el verdadero potencial de este coup\u00e9 de alto rendimiento. Curiosa forma de presentarlo, sin duda. Aunque a muchos kil\u00f3metros de distancia.<br \/>\n<img loading=\"lazy\" decoding=\"async\" class=\"aligncenter wp-image-7447 size-large\" src=\"http:\/\/127.0.0.1\/wp-content\/uploads\/2018\/10\/DH1_FRONT_07_0-1024x685.jpg\" alt=\"El Peugeot E-Legend del Sal\u00f3n de Par\u00eds 2018\" width=\"800\" height=\"535\" srcset=\"https:\/\/www.ocasionplus.com\/wp-content\/uploads\/2018\/10\/DH1_FRONT_07_0-1024x685.jpg 1024w, https:\/\/www.ocasionplus.com\/wp-content\/uploads\/2018\/10\/DH1_FRONT_07_0-300x201.jpg 300w, https:\/\/www.ocasionplus.com\/wp-content\/uploads\/2018\/10\/DH1_FRONT_07_0-768x514.jpg 768w, https:\/\/www.ocasionplus.com\/wp-content\/uploads\/2018\/10\/DH1_FRONT_07_0-1536x1028.jpg 1536w, https:\/\/www.ocasionplus.com\/wp-content\/uploads\/2018\/10\/DH1_FRONT_07_0-2048x1370.jpg 2048w\" sizes=\"auto, (max-width: 800px) 100vw, 800px\" \/><\/li>\n<li><strong>No pod\u00edan faltar los prototipos<\/strong>. Algunos que estuvieron presentes ya os los hemos presentado con anterioridad. Es el caso del <strong><a href=\"https:\/\/blog.ocasionplus.com\/audi-pb18-e-tron-concept-car\/\">Audi PB 18 E-Tron<\/a><\/strong> o el <strong><a href=\"https:\/\/blog.ocasionplus.com\/bugatti-chiron-millon-piezas-de-lego\/\">Bugatti Chiron<\/a><\/strong> hecho con piezas de Lego que enamor\u00f3 a los presentes. Pero otros hicieron su aparici\u00f3n por primera vez en el Sal\u00f3n de Par\u00eds 2018. Por ejemplo, el <strong>Peugeot e-Legend <\/strong>(en la imagen, sobre estas l\u00edneas) una reinterpretaci\u00f3n del Peugeot 504 Coup\u00e9 de los a\u00f1os 60\u00a0que combina un dise\u00f1o retro\u00a0y hace un gui\u00f1o al futuro; o el <strong>Porsche 911 Speedster Concept<\/strong> del que solo se fabricar\u00e1n 1.948 unidades; por no hablar\u00a0del\u00a0futurista <strong>Renault EZ-Ultimo\u00a0Concept<\/strong> y el m\u00e1s terrenal <strong>Smart forease concept<\/strong>,\u00a0creado para conmemorar las dos d\u00e9cadas de vida de\u00a0<a href=\"https:\/\/blog.ocasionplus.com\/vigesimo-aniversario-de-smart\/\">smart<\/a>\u00a0y que\u00a0carece de techo.<br \/>\n<img loading=\"lazy\" decoding=\"async\" class=\"aligncenter wp-image-7448 size-large\" src=\"http:\/\/127.0.0.1\/wp-content\/uploads\/2018\/10\/18C0804_201-1024x683.jpg\" alt=\"El superdeportivo AMG-One tambi\u00e9n estuvo en el Sal\u00f3n de Par\u00eds 2018\" width=\"800\" height=\"534\" srcset=\"https:\/\/www.ocasionplus.com\/wp-content\/uploads\/2018\/10\/18C0804_201-1024x683.jpg 1024w, https:\/\/www.ocasionplus.com\/wp-content\/uploads\/2018\/10\/18C0804_201-300x200.jpg 300w, https:\/\/www.ocasionplus.com\/wp-content\/uploads\/2018\/10\/18C0804_201-768x512.jpg 768w, https:\/\/www.ocasionplus.com\/wp-content\/uploads\/2018\/10\/18C0804_201-1536x1024.jpg 1536w, https:\/\/www.ocasionplus.com\/wp-content\/uploads\/2018\/10\/18C0804_201-2048x1365.jpg 2048w\" sizes=\"auto, (max-width: 800px) 100vw, 800px\" \/><\/li>\n<li><strong>Un superdeportivo de <a href=\"https:\/\/www.ocasionplus.com\/coches-ocasion\/mercedes\">Mercedes <\/a>con ADN de F\u00f3rmula 1<\/strong>.\u00a0Recibe el nombre de<strong>\u00a0<\/strong>Mercedes-AMG ONE y representa la m\u00e1s alta ambici\u00f3n de un autom\u00f3vil: llevar la tecnolog\u00eda h\u00edbrida de la F\u00f3rmula 1 a la carretera. El Mercedes-AMG ONE estar\u00e1 en la cima de la gama y ser\u00e1 un veh\u00edculo \u00fanico, tal y como representa la palabra \u201cOne\u201d.\u00a0Sobran las palabras. Con verlo sobre estas l\u00edneas es suficiente.<\/li>\n<li><strong>Estreno mundial del I.D. de <a href=\"https:\/\/www.ocasionplus.com\/coches-ocasion\/volkswagen\">Volkswagen<\/a><\/strong>.\u00a0Con el estreno mundial del <strong>visionario I.D.<\/strong>, Volkswagen inicia la cuenta atra\u0301s hacia el futuro. Se trata de un vehi\u0301culo ele\u0301ctrico altamente automatizado que puede recorrer distancias de 400 a 600 km. con una sola carga de la bateri\u0301a. Y lo que es mejor, podri\u0301a lanzarse en 2020 con precios similares al de un potente <a href=\"https:\/\/www.ocasionplus.com\/coches-ocasion\/volkswagen\/golf\">Golf <\/a>bien equipado. Adem\u00e1s,\u00a0cuenta con un\u00a0modo &#8220;I.D. Pilot&#8221;, con el que\u00a0se conduce de forma auto\u0301noma y que podr\u00eda ser el primero de este tipo en llegar al mercado.<br \/>\n<img loading=\"lazy\" decoding=\"async\" class=\"wp-image-7449 size-large aligncenter\" src=\"http:\/\/127.0.0.1\/wp-content\/uploads\/2018\/10\/00_ferrari_monza_sp1_sp2-1024x479.jpg\" alt=\"Los Ferrari Monza SP1 y SP2, joyas en el Sal\u00f3n de Par\u00eds 2018\" width=\"800\" height=\"374\" srcset=\"https:\/\/www.ocasionplus.com\/wp-content\/uploads\/2018\/10\/00_ferrari_monza_sp1_sp2-1024x479.jpg 1024w, https:\/\/www.ocasionplus.com\/wp-content\/uploads\/2018\/10\/00_ferrari_monza_sp1_sp2-300x140.jpg 300w, https:\/\/www.ocasionplus.com\/wp-content\/uploads\/2018\/10\/00_ferrari_monza_sp1_sp2-768x359.jpg 768w, https:\/\/www.ocasionplus.com\/wp-content\/uploads\/2018\/10\/00_ferrari_monza_sp1_sp2-1536x718.jpg 1536w, https:\/\/www.ocasionplus.com\/wp-content\/uploads\/2018\/10\/00_ferrari_monza_sp1_sp2-2048x958.jpg 2048w\" sizes=\"auto, (max-width: 800px) 100vw, 800px\" \/><\/li>\n<li><strong>Ferrari Monza SP1 y SP2<\/strong>. Aunque los nuevos <strong>Ferrari Monza SP1 y SP2<\/strong> ya hab\u00edan sido presentados con ocasi\u00f3n del Capital Market Day, tuvieron en el Sal\u00f3n de Par\u00eds 2018 su prueba de fuego. Se trata de un nuevo segmento denominado \u201cIcona\u201d que nace de un concepto inspirado en los m\u00e1s m\u00edticos veh\u00edculos del Cavallino durante la d\u00e9cada de los 50\u00a0y dotados de la mejor tecnolog\u00eda actual. Coches dirigidos a clientes y coleccionistas m\u00e1s apasionados, los Ferrari Monza SP1 y SP2 reinterpretan los ic\u00f3nicos Ferrari\u00a0<em>barchetta<\/em>\u00a0de competici\u00f3n, desde el 166MM de 1948, origen del concepto barchetta, hasta los 750 Monza y 860 Monza. Dise\u00f1o incomparable. Imposible no quererlos.<\/li>\n<li><strong>Los fabricantes de neum\u00e1ticos tambi\u00e9n presentan sus innovaciones<\/strong>. Llaman menos la atenci\u00f3n que los prototipos, pero Bridgestone o Michel\u00edn tambi\u00e9n acuden al Sal\u00f3n de Par\u00eds 2018 a presentar sus novedades. El primero, por ejemplo, ha presentado su\u00a0<strong>HSR (High Strength Rubber)<\/strong>\u00a0o caucho de alta resistencia as\u00ed como los <strong>neum\u00e1ticos Ecopia con tecnolog\u00eda &#8220;ologic&#8221;, <\/strong>para ahorrar combustible y reducir emisiones, mientras el segundo ha aprovechado la cita para presentar el\u00a0<strong>Michelin Track Connect: el neum\u00e1tico conectado,\u00a0<\/strong>ideal para circuitos, as\u00ed como el\u00a0<strong>Vision Concept, <\/strong>el neum\u00e1tico de Michelin para la movilidad sostenible del futuro.<\/li>\n<\/ol>\n","protected":false},"excerpt":{"rendered":"<p>Presentaciones de \u00faltimos modelos, prototipos del futuro, estudios de dise\u00f1o y anuncios, muchos anuncios se han producido en el Sal\u00f3n de Par\u00eds 2018 que se clausur\u00f3 el domingo. Os mostramos las novedades que m\u00e1s han gustado a los miles de asistentes de la muestra.<\/p>\n","protected":false},"author":2,"featured_media":7444,"comment_status":"closed","ping_status":"closed","sticky":false,"template":"","format":"standard","meta":{"footnotes":""},"categories":[2],"tags":[],"class_list":["post-7424","post","type-post","status-publish","format-standard","has-post-thumbnail","hentry","category-ultimas-noticias"],"yoast_head":"<!-- This site is optimized with the Yoast SEO Premium plugin v24.8 (Yoast SEO v24.8.1) - https:\/\/yoast.com\/wordpress\/plugins\/seo\/ -->\n<title>Las 10 novedades para no perderse del Sal\u00f3n de Par\u00eds 2018<\/title>\n<meta name=\"description\" content=\"Presentamos las novedades que m\u00e1s han gustado a los miles de asistentes del Sal\u00f3n de Par\u00eds 2018, clausurado el pasado domingo.\" \/>\n<meta name=\"robots\" content=\"index, follow, max-snippet:-1, max-image-preview:large, max-video-preview:-1\" \/>\n<link rel=\"canonical\" href=\"https:\/\/www.ocasionplus.com\/noticias\/10-novedades-del-salon-de-paris-2018\/\" \/>\n<meta property=\"og:locale\" content=\"es_ES\" \/>\n<meta property=\"og:type\" content=\"article\" \/>\n<meta property=\"og:title\" content=\"Las 10 novedades que no hay que perderse del Sal\u00f3n de Par\u00eds 2018\" \/>\n<meta property=\"og:description\" content=\"Presentamos las novedades que m\u00e1s han gustado a los miles de asistentes del Sal\u00f3n de Par\u00eds 2018, clausurado el pasado domingo.\" \/>\n<meta property=\"og:url\" content=\"https:\/\/www.ocasionplus.com\/noticias\/10-novedades-del-salon-de-paris-2018\/\" \/>\n<meta property=\"og:site_name\" content=\"OcasionPlus Blog\" \/>\n<meta property=\"article:publisher\" content=\"https:\/\/www.facebook.com\/ocasionplus\" \/>\n<meta property=\"article:published_time\" content=\"2018-10-18T07:48:30+00:00\" \/>\n<meta property=\"article:modified_time\" content=\"2025-03-27T14:46:56+00:00\" \/>\n<meta property=\"og:image\" content=\"https:\/\/www.ocasionplus.com\/wp-content\/uploads\/2018\/10\/CL_18.050.033-scaled.jpg\" \/>\n\t<meta property=\"og:image:width\" content=\"2560\" \/>\n\t<meta property=\"og:image:height\" content=\"1482\" \/>\n\t<meta property=\"og:image:type\" content=\"image\/jpeg\" \/>\n<meta name=\"author\" content=\"OcasionPlus\" \/>\n<meta name=\"twitter:card\" content=\"summary_large_image\" \/>\n<meta name=\"twitter:creator\" content=\"@ocasionplus\" \/>\n<meta name=\"twitter:site\" content=\"@ocasionplus\" \/>\n<meta name=\"twitter:label1\" content=\"Escrito por\" \/>\n\t<meta name=\"twitter:data1\" content=\"OcasionPlus\" \/>\n\t<meta name=\"twitter:label2\" content=\"Tiempo de lectura\" \/>\n\t<meta name=\"twitter:data2\" content=\"6 minutos\" \/>\n<script type=\"application\/ld+json\" class=\"yoast-schema-graph\">{\"@context\":\"https:\/\/schema.org\",\"@graph\":[{\"@type\":\"Article\",\"@id\":\"https:\/\/www.ocasionplus.com\/noticias\/10-novedades-del-salon-de-paris-2018\/#article\",\"isPartOf\":{\"@id\":\"https:\/\/www.ocasionplus.com\/noticias\/10-novedades-del-salon-de-paris-2018\/\"},\"author\":{\"name\":\"OcasionPlus\",\"@id\":\"https:\/\/www.ocasionplus.com\/noticias\/#\/schema\/person\/7ab10ae859759ef2622b28e83ba868eb\"},\"headline\":\"Las 10 novedades que no hay que perderse del Sal\u00f3n de Par\u00eds 2018\",\"datePublished\":\"2018-10-18T07:48:30+00:00\",\"dateModified\":\"2025-03-27T14:46:56+00:00\",\"mainEntityOfPage\":{\"@id\":\"https:\/\/www.ocasionplus.com\/noticias\/10-novedades-del-salon-de-paris-2018\/\"},\"wordCount\":1308,\"publisher\":{\"@id\":\"https:\/\/www.ocasionplus.com\/noticias\/#organization\"},\"image\":{\"@id\":\"https:\/\/www.ocasionplus.com\/noticias\/10-novedades-del-salon-de-paris-2018\/#primaryimage\"},\"thumbnailUrl\":\"https:\/\/www.ocasionplus.com\/wp-content\/uploads\/2018\/10\/CL_18.050.033-scaled.jpg\",\"articleSection\":[\"\u00daltimas Noticias\"],\"inLanguage\":\"es\",\"copyrightYear\":\"2018\",\"copyrightHolder\":{\"@id\":\"https:\/\/www.ocasionplus.com\/noticias\/#organization\"}},{\"@type\":\"WebPage\",\"@id\":\"https:\/\/www.ocasionplus.com\/noticias\/10-novedades-del-salon-de-paris-2018\/\",\"url\":\"https:\/\/www.ocasionplus.com\/noticias\/10-novedades-del-salon-de-paris-2018\/\",\"name\":\"Las 10 novedades para no perderse del Sal\u00f3n de Par\u00eds 2018\",\"isPartOf\":{\"@id\":\"https:\/\/www.ocasionplus.com\/noticias\/#website\"},\"primaryImageOfPage\":{\"@id\":\"https:\/\/www.ocasionplus.com\/noticias\/10-novedades-del-salon-de-paris-2018\/#primaryimage\"},\"image\":{\"@id\":\"https:\/\/www.ocasionplus.com\/noticias\/10-novedades-del-salon-de-paris-2018\/#primaryimage\"},\"thumbnailUrl\":\"https:\/\/www.ocasionplus.com\/wp-content\/uploads\/2018\/10\/CL_18.050.033-scaled.jpg\",\"datePublished\":\"2018-10-18T07:48:30+00:00\",\"dateModified\":\"2025-03-27T14:46:56+00:00\",\"description\":\"Presentamos las novedades que m\u00e1s han gustado a los miles de asistentes del Sal\u00f3n de Par\u00eds 2018, clausurado el pasado domingo.\",\"breadcrumb\":{\"@id\":\"https:\/\/www.ocasionplus.com\/noticias\/10-novedades-del-salon-de-paris-2018\/#breadcrumb\"},\"inLanguage\":\"es\",\"potentialAction\":[{\"@type\":\"ReadAction\",\"target\":[\"https:\/\/www.ocasionplus.com\/noticias\/10-novedades-del-salon-de-paris-2018\/\"]}]},{\"@type\":\"ImageObject\",\"inLanguage\":\"es\",\"@id\":\"https:\/\/www.ocasionplus.com\/noticias\/10-novedades-del-salon-de-paris-2018\/#primaryimage\",\"url\":\"https:\/\/www.ocasionplus.com\/wp-content\/uploads\/2018\/10\/CL_18.050.033-scaled.jpg\",\"contentUrl\":\"https:\/\/www.ocasionplus.com\/wp-content\/uploads\/2018\/10\/CL_18.050.033-scaled.jpg\",\"width\":2560,\"height\":1482,\"caption\":\"El Sal\u00f3n de Par\u00eds 2018 ha sido una de las citas ineludibles del sector\"},{\"@type\":\"BreadcrumbList\",\"@id\":\"https:\/\/www.ocasionplus.com\/noticias\/10-novedades-del-salon-de-paris-2018\/#breadcrumb\",\"itemListElement\":[{\"@type\":\"ListItem\",\"position\":1,\"name\":\"Portada\",\"item\":\"https:\/\/www.ocasionplus.com\/noticias\/\"},{\"@type\":\"ListItem\",\"position\":2,\"name\":\"Las 10 novedades que no hay que perderse del Sal\u00f3n de Par\u00eds 2018\"}]},{\"@type\":\"WebSite\",\"@id\":\"https:\/\/www.ocasionplus.com\/noticias\/#website\",\"url\":\"https:\/\/www.ocasionplus.com\/noticias\/\",\"name\":\"OcasionPlus Blog\",\"description\":\"Veh\u00edculos de ocasi\u00f3n\",\"publisher\":{\"@id\":\"https:\/\/www.ocasionplus.com\/noticias\/#organization\"},\"potentialAction\":[{\"@type\":\"SearchAction\",\"target\":{\"@type\":\"EntryPoint\",\"urlTemplate\":\"https:\/\/www.ocasionplus.com\/noticias\/?s={search_term_string}\"},\"query-input\":{\"@type\":\"PropertyValueSpecification\",\"valueRequired\":true,\"valueName\":\"search_term_string\"}}],\"inLanguage\":\"es\"},{\"@type\":\"Organization\",\"@id\":\"https:\/\/www.ocasionplus.com\/noticias\/#organization\",\"name\":\"OcasionPlus\",\"url\":\"https:\/\/www.ocasionplus.com\/noticias\/\",\"logo\":{\"@type\":\"ImageObject\",\"inLanguage\":\"es\",\"@id\":\"https:\/\/www.ocasionplus.com\/noticias\/#\/schema\/logo\/image\/\",\"url\":\"https:\/\/www.ocasionplus.com\/wp-content\/uploads\/2024\/05\/cropped-cropped-oplus-logo-blog.png\",\"contentUrl\":\"https:\/\/www.ocasionplus.com\/wp-content\/uploads\/2024\/05\/cropped-cropped-oplus-logo-blog.png\",\"width\":360,\"height\":71,\"caption\":\"OcasionPlus\"},\"image\":{\"@id\":\"https:\/\/www.ocasionplus.com\/noticias\/#\/schema\/logo\/image\/\"},\"sameAs\":[\"https:\/\/www.facebook.com\/ocasionplus\",\"https:\/\/x.com\/ocasionplus\",\"https:\/\/www.instagram.com\/ocasion_plus\",\"https:\/\/www.youtube.com\/channel\/UCBiCAto61Lyu27CgI95wrYQ\",\"https:\/\/www.tiktok.com\/@ocasionplus.com\",\"https:\/\/es.linkedin.com\/company\/ocasionplus\"]},{\"@type\":\"Person\",\"@id\":\"https:\/\/www.ocasionplus.com\/noticias\/#\/schema\/person\/7ab10ae859759ef2622b28e83ba868eb\",\"name\":\"OcasionPlus\",\"image\":{\"@type\":\"ImageObject\",\"inLanguage\":\"es\",\"@id\":\"https:\/\/www.ocasionplus.com\/noticias\/#\/schema\/person\/image\/\",\"url\":\"https:\/\/www.ocasionplus.com\/wp-content\/uploads\/2024\/07\/ocasionplus_avatar-96x96.jpg\",\"contentUrl\":\"https:\/\/www.ocasionplus.com\/wp-content\/uploads\/2024\/07\/ocasionplus_avatar-96x96.jpg\",\"caption\":\"OcasionPlus\"}}]}<\/script>\n<!-- \/ Yoast SEO Premium plugin. -->","yoast_head_json":{"title":"Las 10 novedades para no perderse del Sal\u00f3n de Par\u00eds 2018","description":"Presentamos las novedades que m\u00e1s han gustado a los miles de asistentes del Sal\u00f3n de Par\u00eds 2018, clausurado el pasado domingo.","robots":{"index":"index","follow":"follow","max-snippet":"max-snippet:-1","max-image-preview":"max-image-preview:large","max-video-preview":"max-video-preview:-1"},"canonical":"https:\/\/www.ocasionplus.com\/noticias\/10-novedades-del-salon-de-paris-2018\/","og_locale":"es_ES","og_type":"article","og_title":"Las 10 novedades que no hay que perderse del Sal\u00f3n de Par\u00eds 2018","og_description":"Presentamos las novedades que m\u00e1s han gustado a los miles de asistentes del Sal\u00f3n de Par\u00eds 2018, clausurado el pasado domingo.","og_url":"https:\/\/www.ocasionplus.com\/noticias\/10-novedades-del-salon-de-paris-2018\/","og_site_name":"OcasionPlus Blog","article_publisher":"https:\/\/www.facebook.com\/ocasionplus","article_published_time":"2018-10-18T07:48:30+00:00","article_modified_time":"2025-03-27T14:46:56+00:00","og_image":[{"width":2560,"height":1482,"url":"https:\/\/www.ocasionplus.com\/wp-content\/uploads\/2018\/10\/CL_18.050.033-scaled.jpg","type":"image\/jpeg"}],"author":"OcasionPlus","twitter_card":"summary_large_image","twitter_creator":"@ocasionplus","twitter_site":"@ocasionplus","twitter_misc":{"Escrito por":"OcasionPlus","Tiempo de lectura":"6 minutos"},"schema":{"@context":"https:\/\/schema.org","@graph":[{"@type":"Article","@id":"https:\/\/www.ocasionplus.com\/noticias\/10-novedades-del-salon-de-paris-2018\/#article","isPartOf":{"@id":"https:\/\/www.ocasionplus.com\/noticias\/10-novedades-del-salon-de-paris-2018\/"},"author":{"name":"OcasionPlus","@id":"https:\/\/www.ocasionplus.com\/noticias\/#\/schema\/person\/7ab10ae859759ef2622b28e83ba868eb"},"headline":"Las 10 novedades que no hay que perderse del Sal\u00f3n de Par\u00eds 2018","datePublished":"2018-10-18T07:48:30+00:00","dateModified":"2025-03-27T14:46:56+00:00","mainEntityOfPage":{"@id":"https:\/\/www.ocasionplus.com\/noticias\/10-novedades-del-salon-de-paris-2018\/"},"wordCount":1308,"publisher":{"@id":"https:\/\/www.ocasionplus.com\/noticias\/#organization"},"image":{"@id":"https:\/\/www.ocasionplus.com\/noticias\/10-novedades-del-salon-de-paris-2018\/#primaryimage"},"thumbnailUrl":"https:\/\/www.ocasionplus.com\/wp-content\/uploads\/2018\/10\/CL_18.050.033-scaled.jpg","articleSection":["\u00daltimas Noticias"],"inLanguage":"es","copyrightYear":"2018","copyrightHolder":{"@id":"https:\/\/www.ocasionplus.com\/noticias\/#organization"}},{"@type":"WebPage","@id":"https:\/\/www.ocasionplus.com\/noticias\/10-novedades-del-salon-de-paris-2018\/","url":"https:\/\/www.ocasionplus.com\/noticias\/10-novedades-del-salon-de-paris-2018\/","name":"Las 10 novedades para no perderse del Sal\u00f3n de Par\u00eds 2018","isPartOf":{"@id":"https:\/\/www.ocasionplus.com\/noticias\/#website"},"primaryImageOfPage":{"@id":"https:\/\/www.ocasionplus.com\/noticias\/10-novedades-del-salon-de-paris-2018\/#primaryimage"},"image":{"@id":"https:\/\/www.ocasionplus.com\/noticias\/10-novedades-del-salon-de-paris-2018\/#primaryimage"},"thumbnailUrl":"https:\/\/www.ocasionplus.com\/wp-content\/uploads\/2018\/10\/CL_18.050.033-scaled.jpg","datePublished":"2018-10-18T07:48:30+00:00","dateModified":"2025-03-27T14:46:56+00:00","description":"Presentamos las novedades que m\u00e1s han gustado a los miles de asistentes del Sal\u00f3n de Par\u00eds 2018, clausurado el pasado domingo.","breadcrumb":{"@id":"https:\/\/www.ocasionplus.com\/noticias\/10-novedades-del-salon-de-paris-2018\/#breadcrumb"},"inLanguage":"es","potentialAction":[{"@type":"ReadAction","target":["https:\/\/www.ocasionplus.com\/noticias\/10-novedades-del-salon-de-paris-2018\/"]}]},{"@type":"ImageObject","inLanguage":"es","@id":"https:\/\/www.ocasionplus.com\/noticias\/10-novedades-del-salon-de-paris-2018\/#primaryimage","url":"https:\/\/www.ocasionplus.com\/wp-content\/uploads\/2018\/10\/CL_18.050.033-scaled.jpg","contentUrl":"https:\/\/www.ocasionplus.com\/wp-content\/uploads\/2018\/10\/CL_18.050.033-scaled.jpg","width":2560,"height":1482,"caption":"El Sal\u00f3n de Par\u00eds 2018 ha sido una de las citas ineludibles del sector"},{"@type":"BreadcrumbList","@id":"https:\/\/www.ocasionplus.com\/noticias\/10-novedades-del-salon-de-paris-2018\/#breadcrumb","itemListElement":[{"@type":"ListItem","position":1,"name":"Portada","item":"https:\/\/www.ocasionplus.com\/noticias\/"},{"@type":"ListItem","position":2,"name":"Las 10 novedades que no hay que perderse del Sal\u00f3n de Par\u00eds 2018"}]},{"@type":"WebSite","@id":"https:\/\/www.ocasionplus.com\/noticias\/#website","url":"https:\/\/www.ocasionplus.com\/noticias\/","name":"OcasionPlus Blog","description":"Veh\u00edculos de ocasi\u00f3n","publisher":{"@id":"https:\/\/www.ocasionplus.com\/noticias\/#organization"},"potentialAction":[{"@type":"SearchAction","target":{"@type":"EntryPoint","urlTemplate":"https:\/\/www.ocasionplus.com\/noticias\/?s={search_term_string}"},"query-input":{"@type":"PropertyValueSpecification","valueRequired":true,"valueName":"search_term_string"}}],"inLanguage":"es"},{"@type":"Organization","@id":"https:\/\/www.ocasionplus.com\/noticias\/#organization","name":"OcasionPlus","url":"https:\/\/www.ocasionplus.com\/noticias\/","logo":{"@type":"ImageObject","inLanguage":"es","@id":"https:\/\/www.ocasionplus.com\/noticias\/#\/schema\/logo\/image\/","url":"https:\/\/www.ocasionplus.com\/wp-content\/uploads\/2024\/05\/cropped-cropped-oplus-logo-blog.png","contentUrl":"https:\/\/www.ocasionplus.com\/wp-content\/uploads\/2024\/05\/cropped-cropped-oplus-logo-blog.png","width":360,"height":71,"caption":"OcasionPlus"},"image":{"@id":"https:\/\/www.ocasionplus.com\/noticias\/#\/schema\/logo\/image\/"},"sameAs":["https:\/\/www.facebook.com\/ocasionplus","https:\/\/x.com\/ocasionplus","https:\/\/www.instagram.com\/ocasion_plus","https:\/\/www.youtube.com\/channel\/UCBiCAto61Lyu27CgI95wrYQ","https:\/\/www.tiktok.com\/@ocasionplus.com","https:\/\/es.linkedin.com\/company\/ocasionplus"]},{"@type":"Person","@id":"https:\/\/www.ocasionplus.com\/noticias\/#\/schema\/person\/7ab10ae859759ef2622b28e83ba868eb","name":"OcasionPlus","image":{"@type":"ImageObject","inLanguage":"es","@id":"https:\/\/www.ocasionplus.com\/noticias\/#\/schema\/person\/image\/","url":"https:\/\/www.ocasionplus.com\/wp-content\/uploads\/2024\/07\/ocasionplus_avatar-96x96.jpg","contentUrl":"https:\/\/www.ocasionplus.com\/wp-content\/uploads\/2024\/07\/ocasionplus_avatar-96x96.jpg","caption":"OcasionPlus"}}]}},"jetpack_featured_media_url":"https:\/\/www.ocasionplus.com\/wp-content\/uploads\/2018\/10\/CL_18.050.033-scaled.jpg","_links":{"self":[{"href":"https:\/\/www.ocasionplus.com\/noticias\/wp-json\/wp\/v2\/posts\/7424","targetHints":{"allow":["GET"]}}],"collection":[{"href":"https:\/\/www.ocasionplus.com\/noticias\/wp-json\/wp\/v2\/posts"}],"about":[{"href":"https:\/\/www.ocasionplus.com\/noticias\/wp-json\/wp\/v2\/types\/post"}],"author":[{"embeddable":true,"href":"https:\/\/www.ocasionplus.com\/noticias\/wp-json\/wp\/v2\/users\/2"}],"replies":[{"embeddable":true,"href":"https:\/\/www.ocasionplus.com\/noticias\/wp-json\/wp\/v2\/comments?post=7424"}],"version-history":[{"count":1,"href":"https:\/\/www.ocasionplus.com\/noticias\/wp-json\/wp\/v2\/posts\/7424\/revisions"}],"predecessor-version":[{"id":13194,"href":"https:\/\/www.ocasionplus.com\/noticias\/wp-json\/wp\/v2\/posts\/7424\/revisions\/13194"}],"wp:featuredmedia":[{"embeddable":true,"href":"https:\/\/www.ocasionplus.com\/noticias\/wp-json\/wp\/v2\/media\/7444"}],"wp:attachment":[{"href":"https:\/\/www.ocasionplus.com\/noticias\/wp-json\/wp\/v2\/media?parent=7424"}],"wp:term":[{"taxonomy":"category","embeddable":true,"href":"https:\/\/www.ocasionplus.com\/noticias\/wp-json\/wp\/v2\/categories?post=7424"},{"taxonomy":"post_tag","embeddable":true,"href":"https:\/\/www.ocasionplus.com\/noticias\/wp-json\/wp\/v2\/tags?post=7424"}],"curies":[{"name":"wp","href":"https:\/\/api.w.org\/{rel}","templated":true}]}}