{"id":7553,"date":"2018-10-29T09:39:25","date_gmt":"2018-10-29T08:39:25","guid":{"rendered":"https:\/\/blog.ocasionplus.com\/?p=7553"},"modified":"2025-03-27T15:46:55","modified_gmt":"2025-03-27T14:46:55","slug":"volkswagen-mitad-ventas-suv-en-2025","status":"publish","type":"post","link":"https:\/\/www.ocasionplus.com\/noticias\/volkswagen-mitad-ventas-suv-en-2025\/","title":{"rendered":"Volkswagen prev\u00e9 que la mitad de sus ventas sean SUV en 2025"},"content":{"rendered":"<p>El pasado viernes amanec\u00edamos con el <strong>estreno mundial amadrinado por la supermodelo y actriz brit\u00e1nica Cara Delevingne del Volkswagen T-Cross, un SUV de dimensiones contenidas, vers\u00e1til y pr\u00e1ctico, que ya es considerado como la versi\u00f3n todocamino del <a href=\"https:\/\/www.ocasionplus.com\/coches-ocasion\/volkswagen\/polo\">Volkswagen Polo<\/a><\/strong>, uno de los l\u00edderes en el segmento de los coches peque\u00f1os. Se trata de un <strong>crossover urbano<\/strong> con dise\u00f1o masculino que equipa <strong>tres eficientes motores turboalimentados \u2013dos de gasolina y uno di\u00e9sel\u2013<\/strong> que cumplen la normativa de emisiones Euro 6d-Temp. Un <strong>T-Cross<\/strong> que viene a completar la extensa familia de todocaminos del gigante alem\u00e1n, que ya ten\u00eda al <a href=\"https:\/\/www.ocasionplus.com\/coches-ocasion\/volkswagen\/touareg\"><strong>Volkswagen Touareg<\/strong><\/a>, <a href=\"https:\/\/www.ocasionplus.com\/coches-ocasion\/volkswagen\/tiguan\"><strong>Volkswagen Tiguan<\/strong><\/a> y al <strong>Volkswagen T-Roc<\/strong> como excelentes exponentes y disponibles seg\u00fan stock en <a href=\"https:\/\/www.ocasionplus.com\"><strong>OcasionPlus<\/strong><\/a>. Y su lanzamiento no sorprende, teniendo en cuenta<strong> las previsiones que tiene el fabricante a siete a\u00f1os vista: <a href=\"https:\/\/www.ocasionplus.com\/coches-ocasion\/volkswagen\">Volkswagen <\/a>prev\u00e9 que la mitad de sus ventas sean SUV en 2025<\/strong>.<\/p>\n<p>El vaticinio ya no deber\u00eda asustar a nadie. <strong>Es el segmento de moda y sus ventas no paran de crecer<\/strong>. Basta con circular unos cuantos minutos al d\u00eda por autov\u00edas, carreteras o incluso por ciudad para darse cuenta de que los todocaminos siguen aumentando en n\u00famero. Si se llegar\u00e1 a las previsiones tan optimistas de ventas de SUV en 2025 est\u00e1 por ver. Pero anuncia estar preparada para ello, considerando que\u00a0<strong>espera un fort\u00edsimo crecimiento en las ventas de todocaminos en Am\u00e9rica del Norte y del Sur, as\u00ed como en China<\/strong>, por lo que aumentar\u00e1 la cartera de este tipo de veh\u00edculos\u00a0hasta <strong>m\u00e1s de 30 modelos de SUV en todo el mundo<\/strong>, seg\u00fan afirma la empresa.<\/p>\n<div id=\"CuerpoNoticiav2\" class=\"NormalTextoNoticia\">\n<p>Solo con la actual familia de SUV Volkswagen, la primera generaci\u00f3n, conf\u00eda en alcanzar el mill\u00f3n de unidades vendidas. Eso sin contar con que <strong>en apenas poco m\u00e1s de un a\u00f1o est\u00e1 previsto el lanzamiento del primer todocamino que ser\u00e1 completamente el\u00e9ctrico, el <a href=\"https:\/\/blog.ocasionplus.com\/10-novedades-del-salon-de-paris-2018\/\">ID<\/a>, o el Crozz 3, que llegar\u00e1 al mercado en 2020<\/strong>. Ambos productos forman parte del proyecto de <a href=\"https:\/\/blog.ocasionplus.com\/volkswagen-electrico-low-cost\/\">movilidad electr\u00f3nica<\/a> de la compa\u00f1\u00eda, cuyos planes a medio y largo plazo son incorporar\u00a0otros <strong>20 nuevos modelos completamente el\u00e9ctricos SUV en 2025<\/strong>. Toda una declaraci\u00f3n de intenciones, desde luego.<\/p>\n<p><img loading=\"lazy\" decoding=\"async\" class=\"aligncenter wp-image-7559 size-large\" src=\"http:\/\/127.0.0.1\/wp-content\/uploads\/2018\/10\/t-cross-4-1024x884.jpg\" alt=\"Cara Delevingne, embajadora del T-Cross de Volkswagen\" width=\"800\" height=\"691\" srcset=\"https:\/\/www.ocasionplus.com\/wp-content\/uploads\/2018\/10\/t-cross-4-1024x884.jpg 1024w, https:\/\/www.ocasionplus.com\/wp-content\/uploads\/2018\/10\/t-cross-4-300x259.jpg 300w, https:\/\/www.ocasionplus.com\/wp-content\/uploads\/2018\/10\/t-cross-4-768x663.jpg 768w, https:\/\/www.ocasionplus.com\/wp-content\/uploads\/2018\/10\/t-cross-4-1536x1326.jpg 1536w, https:\/\/www.ocasionplus.com\/wp-content\/uploads\/2018\/10\/t-cross-4-2048x1768.jpg 2048w\" sizes=\"auto, (max-width: 800px) 100vw, 800px\" \/><\/p>\n<\/div>\n","protected":false},"excerpt":{"rendered":"<p>Tras lanzar un cuarto modelo para la familia de todocaminos de Volkswagen, el T-Cross, la marca brit\u00e1nica ha desvelado que espera que uno de cada dos veh\u00edculos vendidos a nivel mundial en 2025 sean SUV. <\/p>\n","protected":false},"author":2,"featured_media":7555,"comment_status":"closed","ping_status":"closed","sticky":false,"template":"","format":"standard","meta":{"footnotes":""},"categories":[2],"tags":[],"class_list":["post-7553","post","type-post","status-publish","format-standard","has-post-thumbnail","hentry","category-ultimas-noticias"],"yoast_head":"<!-- This site is optimized with the Yoast SEO Premium plugin v24.8 (Yoast SEO v24.8.1) - https:\/\/yoast.com\/wordpress\/plugins\/seo\/ -->\n<title>Volkswagen prev\u00e9 que la mitad de sus ventas sean SUV en 2025<\/title>\n<meta name=\"description\" content=\"Coincidiendo con el lanzamiento del T-Cross, Volkswagen anuncia que espera que uno de cada dos modelos vendidos en el mundo sean SUV en 2025.\" \/>\n<meta name=\"robots\" content=\"index, follow, max-snippet:-1, max-image-preview:large, max-video-preview:-1\" \/>\n<link rel=\"canonical\" href=\"https:\/\/www.ocasionplus.com\/noticias\/volkswagen-mitad-ventas-suv-en-2025\/\" \/>\n<meta property=\"og:locale\" content=\"es_ES\" \/>\n<meta property=\"og:type\" content=\"article\" \/>\n<meta property=\"og:title\" content=\"Volkswagen prev\u00e9 que la mitad de sus ventas sean SUV en 2025\" \/>\n<meta property=\"og:description\" content=\"Coincidiendo con el lanzamiento del T-Cross, Volkswagen anuncia que espera que uno de cada dos modelos vendidos en el mundo sean SUV en 2025.\" \/>\n<meta property=\"og:url\" content=\"https:\/\/www.ocasionplus.com\/noticias\/volkswagen-mitad-ventas-suv-en-2025\/\" \/>\n<meta property=\"og:site_name\" content=\"OcasionPlus Blog\" \/>\n<meta property=\"article:publisher\" content=\"https:\/\/www.facebook.com\/ocasionplus\" \/>\n<meta property=\"article:published_time\" content=\"2018-10-29T08:39:25+00:00\" \/>\n<meta property=\"article:modified_time\" content=\"2025-03-27T14:46:55+00:00\" \/>\n<meta property=\"og:image\" content=\"https:\/\/www.ocasionplus.com\/wp-content\/uploads\/2018\/10\/t-cross-29-scaled.jpg\" \/>\n\t<meta property=\"og:image:width\" content=\"2560\" \/>\n\t<meta property=\"og:image:height\" content=\"1440\" \/>\n\t<meta property=\"og:image:type\" content=\"image\/jpeg\" \/>\n<meta name=\"author\" content=\"OcasionPlus\" \/>\n<meta name=\"twitter:card\" content=\"summary_large_image\" \/>\n<meta name=\"twitter:creator\" content=\"@ocasionplus\" \/>\n<meta name=\"twitter:site\" content=\"@ocasionplus\" \/>\n<meta name=\"twitter:label1\" content=\"Escrito por\" \/>\n\t<meta name=\"twitter:data1\" content=\"OcasionPlus\" \/>\n\t<meta name=\"twitter:label2\" content=\"Tiempo de lectura\" \/>\n\t<meta name=\"twitter:data2\" content=\"2 minutos\" \/>\n<script type=\"application\/ld+json\" class=\"yoast-schema-graph\">{\"@context\":\"https:\/\/schema.org\",\"@graph\":[{\"@type\":\"Article\",\"@id\":\"https:\/\/www.ocasionplus.com\/noticias\/volkswagen-mitad-ventas-suv-en-2025\/#article\",\"isPartOf\":{\"@id\":\"https:\/\/www.ocasionplus.com\/noticias\/volkswagen-mitad-ventas-suv-en-2025\/\"},\"author\":{\"name\":\"OcasionPlus\",\"@id\":\"https:\/\/www.ocasionplus.com\/noticias\/#\/schema\/person\/7ab10ae859759ef2622b28e83ba868eb\"},\"headline\":\"Volkswagen prev\u00e9 que la mitad de sus ventas sean SUV en 2025\",\"datePublished\":\"2018-10-29T08:39:25+00:00\",\"dateModified\":\"2025-03-27T14:46:55+00:00\",\"mainEntityOfPage\":{\"@id\":\"https:\/\/www.ocasionplus.com\/noticias\/volkswagen-mitad-ventas-suv-en-2025\/\"},\"wordCount\":388,\"publisher\":{\"@id\":\"https:\/\/www.ocasionplus.com\/noticias\/#organization\"},\"image\":{\"@id\":\"https:\/\/www.ocasionplus.com\/noticias\/volkswagen-mitad-ventas-suv-en-2025\/#primaryimage\"},\"thumbnailUrl\":\"https:\/\/www.ocasionplus.com\/wp-content\/uploads\/2018\/10\/t-cross-29-scaled.jpg\",\"articleSection\":[\"\u00daltimas Noticias\"],\"inLanguage\":\"es\",\"copyrightYear\":\"2018\",\"copyrightHolder\":{\"@id\":\"https:\/\/www.ocasionplus.com\/noticias\/#organization\"}},{\"@type\":\"WebPage\",\"@id\":\"https:\/\/www.ocasionplus.com\/noticias\/volkswagen-mitad-ventas-suv-en-2025\/\",\"url\":\"https:\/\/www.ocasionplus.com\/noticias\/volkswagen-mitad-ventas-suv-en-2025\/\",\"name\":\"Volkswagen prev\u00e9 que la mitad de sus ventas sean SUV en 2025\",\"isPartOf\":{\"@id\":\"https:\/\/www.ocasionplus.com\/noticias\/#website\"},\"primaryImageOfPage\":{\"@id\":\"https:\/\/www.ocasionplus.com\/noticias\/volkswagen-mitad-ventas-suv-en-2025\/#primaryimage\"},\"image\":{\"@id\":\"https:\/\/www.ocasionplus.com\/noticias\/volkswagen-mitad-ventas-suv-en-2025\/#primaryimage\"},\"thumbnailUrl\":\"https:\/\/www.ocasionplus.com\/wp-content\/uploads\/2018\/10\/t-cross-29-scaled.jpg\",\"datePublished\":\"2018-10-29T08:39:25+00:00\",\"dateModified\":\"2025-03-27T14:46:55+00:00\",\"description\":\"Coincidiendo con el lanzamiento del T-Cross, Volkswagen anuncia que espera que uno de cada dos modelos vendidos en el mundo sean SUV en 2025.\",\"breadcrumb\":{\"@id\":\"https:\/\/www.ocasionplus.com\/noticias\/volkswagen-mitad-ventas-suv-en-2025\/#breadcrumb\"},\"inLanguage\":\"es\",\"potentialAction\":[{\"@type\":\"ReadAction\",\"target\":[\"https:\/\/www.ocasionplus.com\/noticias\/volkswagen-mitad-ventas-suv-en-2025\/\"]}]},{\"@type\":\"ImageObject\",\"inLanguage\":\"es\",\"@id\":\"https:\/\/www.ocasionplus.com\/noticias\/volkswagen-mitad-ventas-suv-en-2025\/#primaryimage\",\"url\":\"https:\/\/www.ocasionplus.com\/wp-content\/uploads\/2018\/10\/t-cross-29-scaled.jpg\",\"contentUrl\":\"https:\/\/www.ocasionplus.com\/wp-content\/uploads\/2018\/10\/t-cross-29-scaled.jpg\",\"width\":2560,\"height\":1440,\"caption\":\"Tras la llegada del T-Cross, Volkswagen ampliar\u00e1 aun m\u00e1s su familia SUV en 2025\"},{\"@type\":\"BreadcrumbList\",\"@id\":\"https:\/\/www.ocasionplus.com\/noticias\/volkswagen-mitad-ventas-suv-en-2025\/#breadcrumb\",\"itemListElement\":[{\"@type\":\"ListItem\",\"position\":1,\"name\":\"Portada\",\"item\":\"https:\/\/www.ocasionplus.com\/noticias\/\"},{\"@type\":\"ListItem\",\"position\":2,\"name\":\"Volkswagen prev\u00e9 que la mitad de sus ventas sean SUV en 2025\"}]},{\"@type\":\"WebSite\",\"@id\":\"https:\/\/www.ocasionplus.com\/noticias\/#website\",\"url\":\"https:\/\/www.ocasionplus.com\/noticias\/\",\"name\":\"OcasionPlus Blog\",\"description\":\"Veh\u00edculos de ocasi\u00f3n\",\"publisher\":{\"@id\":\"https:\/\/www.ocasionplus.com\/noticias\/#organization\"},\"potentialAction\":[{\"@type\":\"SearchAction\",\"target\":{\"@type\":\"EntryPoint\",\"urlTemplate\":\"https:\/\/www.ocasionplus.com\/noticias\/?s={search_term_string}\"},\"query-input\":{\"@type\":\"PropertyValueSpecification\",\"valueRequired\":true,\"valueName\":\"search_term_string\"}}],\"inLanguage\":\"es\"},{\"@type\":\"Organization\",\"@id\":\"https:\/\/www.ocasionplus.com\/noticias\/#organization\",\"name\":\"OcasionPlus\",\"url\":\"https:\/\/www.ocasionplus.com\/noticias\/\",\"logo\":{\"@type\":\"ImageObject\",\"inLanguage\":\"es\",\"@id\":\"https:\/\/www.ocasionplus.com\/noticias\/#\/schema\/logo\/image\/\",\"url\":\"https:\/\/www.ocasionplus.com\/wp-content\/uploads\/2024\/05\/cropped-cropped-oplus-logo-blog.png\",\"contentUrl\":\"https:\/\/www.ocasionplus.com\/wp-content\/uploads\/2024\/05\/cropped-cropped-oplus-logo-blog.png\",\"width\":360,\"height\":71,\"caption\":\"OcasionPlus\"},\"image\":{\"@id\":\"https:\/\/www.ocasionplus.com\/noticias\/#\/schema\/logo\/image\/\"},\"sameAs\":[\"https:\/\/www.facebook.com\/ocasionplus\",\"https:\/\/x.com\/ocasionplus\",\"https:\/\/www.instagram.com\/ocasion_plus\",\"https:\/\/www.youtube.com\/channel\/UCBiCAto61Lyu27CgI95wrYQ\",\"https:\/\/www.tiktok.com\/@ocasionplus.com\",\"https:\/\/es.linkedin.com\/company\/ocasionplus\"]},{\"@type\":\"Person\",\"@id\":\"https:\/\/www.ocasionplus.com\/noticias\/#\/schema\/person\/7ab10ae859759ef2622b28e83ba868eb\",\"name\":\"OcasionPlus\",\"image\":{\"@type\":\"ImageObject\",\"inLanguage\":\"es\",\"@id\":\"https:\/\/www.ocasionplus.com\/noticias\/#\/schema\/person\/image\/\",\"url\":\"https:\/\/www.ocasionplus.com\/wp-content\/uploads\/2024\/07\/ocasionplus_avatar-96x96.jpg\",\"contentUrl\":\"https:\/\/www.ocasionplus.com\/wp-content\/uploads\/2024\/07\/ocasionplus_avatar-96x96.jpg\",\"caption\":\"OcasionPlus\"}}]}<\/script>\n<!-- \/ Yoast SEO Premium plugin. -->","yoast_head_json":{"title":"Volkswagen prev\u00e9 que la mitad de sus ventas sean SUV en 2025","description":"Coincidiendo con el lanzamiento del T-Cross, Volkswagen anuncia que espera que uno de cada dos modelos vendidos en el mundo sean SUV en 2025.","robots":{"index":"index","follow":"follow","max-snippet":"max-snippet:-1","max-image-preview":"max-image-preview:large","max-video-preview":"max-video-preview:-1"},"canonical":"https:\/\/www.ocasionplus.com\/noticias\/volkswagen-mitad-ventas-suv-en-2025\/","og_locale":"es_ES","og_type":"article","og_title":"Volkswagen prev\u00e9 que la mitad de sus ventas sean SUV en 2025","og_description":"Coincidiendo con el lanzamiento del T-Cross, Volkswagen anuncia que espera que uno de cada dos modelos vendidos en el mundo sean SUV en 2025.","og_url":"https:\/\/www.ocasionplus.com\/noticias\/volkswagen-mitad-ventas-suv-en-2025\/","og_site_name":"OcasionPlus Blog","article_publisher":"https:\/\/www.facebook.com\/ocasionplus","article_published_time":"2018-10-29T08:39:25+00:00","article_modified_time":"2025-03-27T14:46:55+00:00","og_image":[{"width":2560,"height":1440,"url":"https:\/\/www.ocasionplus.com\/wp-content\/uploads\/2018\/10\/t-cross-29-scaled.jpg","type":"image\/jpeg"}],"author":"OcasionPlus","twitter_card":"summary_large_image","twitter_creator":"@ocasionplus","twitter_site":"@ocasionplus","twitter_misc":{"Escrito por":"OcasionPlus","Tiempo de lectura":"2 minutos"},"schema":{"@context":"https:\/\/schema.org","@graph":[{"@type":"Article","@id":"https:\/\/www.ocasionplus.com\/noticias\/volkswagen-mitad-ventas-suv-en-2025\/#article","isPartOf":{"@id":"https:\/\/www.ocasionplus.com\/noticias\/volkswagen-mitad-ventas-suv-en-2025\/"},"author":{"name":"OcasionPlus","@id":"https:\/\/www.ocasionplus.com\/noticias\/#\/schema\/person\/7ab10ae859759ef2622b28e83ba868eb"},"headline":"Volkswagen prev\u00e9 que la mitad de sus ventas sean SUV en 2025","datePublished":"2018-10-29T08:39:25+00:00","dateModified":"2025-03-27T14:46:55+00:00","mainEntityOfPage":{"@id":"https:\/\/www.ocasionplus.com\/noticias\/volkswagen-mitad-ventas-suv-en-2025\/"},"wordCount":388,"publisher":{"@id":"https:\/\/www.ocasionplus.com\/noticias\/#organization"},"image":{"@id":"https:\/\/www.ocasionplus.com\/noticias\/volkswagen-mitad-ventas-suv-en-2025\/#primaryimage"},"thumbnailUrl":"https:\/\/www.ocasionplus.com\/wp-content\/uploads\/2018\/10\/t-cross-29-scaled.jpg","articleSection":["\u00daltimas Noticias"],"inLanguage":"es","copyrightYear":"2018","copyrightHolder":{"@id":"https:\/\/www.ocasionplus.com\/noticias\/#organization"}},{"@type":"WebPage","@id":"https:\/\/www.ocasionplus.com\/noticias\/volkswagen-mitad-ventas-suv-en-2025\/","url":"https:\/\/www.ocasionplus.com\/noticias\/volkswagen-mitad-ventas-suv-en-2025\/","name":"Volkswagen prev\u00e9 que la mitad de sus ventas sean SUV en 2025","isPartOf":{"@id":"https:\/\/www.ocasionplus.com\/noticias\/#website"},"primaryImageOfPage":{"@id":"https:\/\/www.ocasionplus.com\/noticias\/volkswagen-mitad-ventas-suv-en-2025\/#primaryimage"},"image":{"@id":"https:\/\/www.ocasionplus.com\/noticias\/volkswagen-mitad-ventas-suv-en-2025\/#primaryimage"},"thumbnailUrl":"https:\/\/www.ocasionplus.com\/wp-content\/uploads\/2018\/10\/t-cross-29-scaled.jpg","datePublished":"2018-10-29T08:39:25+00:00","dateModified":"2025-03-27T14:46:55+00:00","description":"Coincidiendo con el lanzamiento del T-Cross, Volkswagen anuncia que espera que uno de cada dos modelos vendidos en el mundo sean SUV en 2025.","breadcrumb":{"@id":"https:\/\/www.ocasionplus.com\/noticias\/volkswagen-mitad-ventas-suv-en-2025\/#breadcrumb"},"inLanguage":"es","potentialAction":[{"@type":"ReadAction","target":["https:\/\/www.ocasionplus.com\/noticias\/volkswagen-mitad-ventas-suv-en-2025\/"]}]},{"@type":"ImageObject","inLanguage":"es","@id":"https:\/\/www.ocasionplus.com\/noticias\/volkswagen-mitad-ventas-suv-en-2025\/#primaryimage","url":"https:\/\/www.ocasionplus.com\/wp-content\/uploads\/2018\/10\/t-cross-29-scaled.jpg","contentUrl":"https:\/\/www.ocasionplus.com\/wp-content\/uploads\/2018\/10\/t-cross-29-scaled.jpg","width":2560,"height":1440,"caption":"Tras la llegada del T-Cross, Volkswagen ampliar\u00e1 aun m\u00e1s su familia SUV en 2025"},{"@type":"BreadcrumbList","@id":"https:\/\/www.ocasionplus.com\/noticias\/volkswagen-mitad-ventas-suv-en-2025\/#breadcrumb","itemListElement":[{"@type":"ListItem","position":1,"name":"Portada","item":"https:\/\/www.ocasionplus.com\/noticias\/"},{"@type":"ListItem","position":2,"name":"Volkswagen prev\u00e9 que la mitad de sus ventas sean SUV en 2025"}]},{"@type":"WebSite","@id":"https:\/\/www.ocasionplus.com\/noticias\/#website","url":"https:\/\/www.ocasionplus.com\/noticias\/","name":"OcasionPlus Blog","description":"Veh\u00edculos de ocasi\u00f3n","publisher":{"@id":"https:\/\/www.ocasionplus.com\/noticias\/#organization"},"potentialAction":[{"@type":"SearchAction","target":{"@type":"EntryPoint","urlTemplate":"https:\/\/www.ocasionplus.com\/noticias\/?s={search_term_string}"},"query-input":{"@type":"PropertyValueSpecification","valueRequired":true,"valueName":"search_term_string"}}],"inLanguage":"es"},{"@type":"Organization","@id":"https:\/\/www.ocasionplus.com\/noticias\/#organization","name":"OcasionPlus","url":"https:\/\/www.ocasionplus.com\/noticias\/","logo":{"@type":"ImageObject","inLanguage":"es","@id":"https:\/\/www.ocasionplus.com\/noticias\/#\/schema\/logo\/image\/","url":"https:\/\/www.ocasionplus.com\/wp-content\/uploads\/2024\/05\/cropped-cropped-oplus-logo-blog.png","contentUrl":"https:\/\/www.ocasionplus.com\/wp-content\/uploads\/2024\/05\/cropped-cropped-oplus-logo-blog.png","width":360,"height":71,"caption":"OcasionPlus"},"image":{"@id":"https:\/\/www.ocasionplus.com\/noticias\/#\/schema\/logo\/image\/"},"sameAs":["https:\/\/www.facebook.com\/ocasionplus","https:\/\/x.com\/ocasionplus","https:\/\/www.instagram.com\/ocasion_plus","https:\/\/www.youtube.com\/channel\/UCBiCAto61Lyu27CgI95wrYQ","https:\/\/www.tiktok.com\/@ocasionplus.com","https:\/\/es.linkedin.com\/company\/ocasionplus"]},{"@type":"Person","@id":"https:\/\/www.ocasionplus.com\/noticias\/#\/schema\/person\/7ab10ae859759ef2622b28e83ba868eb","name":"OcasionPlus","image":{"@type":"ImageObject","inLanguage":"es","@id":"https:\/\/www.ocasionplus.com\/noticias\/#\/schema\/person\/image\/","url":"https:\/\/www.ocasionplus.com\/wp-content\/uploads\/2024\/07\/ocasionplus_avatar-96x96.jpg","contentUrl":"https:\/\/www.ocasionplus.com\/wp-content\/uploads\/2024\/07\/ocasionplus_avatar-96x96.jpg","caption":"OcasionPlus"}}]}},"jetpack_featured_media_url":"https:\/\/www.ocasionplus.com\/wp-content\/uploads\/2018\/10\/t-cross-29-scaled.jpg","_links":{"self":[{"href":"https:\/\/www.ocasionplus.com\/noticias\/wp-json\/wp\/v2\/posts\/7553","targetHints":{"allow":["GET"]}}],"collection":[{"href":"https:\/\/www.ocasionplus.com\/noticias\/wp-json\/wp\/v2\/posts"}],"about":[{"href":"https:\/\/www.ocasionplus.com\/noticias\/wp-json\/wp\/v2\/types\/post"}],"author":[{"embeddable":true,"href":"https:\/\/www.ocasionplus.com\/noticias\/wp-json\/wp\/v2\/users\/2"}],"replies":[{"embeddable":true,"href":"https:\/\/www.ocasionplus.com\/noticias\/wp-json\/wp\/v2\/comments?post=7553"}],"version-history":[{"count":1,"href":"https:\/\/www.ocasionplus.com\/noticias\/wp-json\/wp\/v2\/posts\/7553\/revisions"}],"predecessor-version":[{"id":13192,"href":"https:\/\/www.ocasionplus.com\/noticias\/wp-json\/wp\/v2\/posts\/7553\/revisions\/13192"}],"wp:featuredmedia":[{"embeddable":true,"href":"https:\/\/www.ocasionplus.com\/noticias\/wp-json\/wp\/v2\/media\/7555"}],"wp:attachment":[{"href":"https:\/\/www.ocasionplus.com\/noticias\/wp-json\/wp\/v2\/media?parent=7553"}],"wp:term":[{"taxonomy":"category","embeddable":true,"href":"https:\/\/www.ocasionplus.com\/noticias\/wp-json\/wp\/v2\/categories?post=7553"},{"taxonomy":"post_tag","embeddable":true,"href":"https:\/\/www.ocasionplus.com\/noticias\/wp-json\/wp\/v2\/tags?post=7553"}],"curies":[{"name":"wp","href":"https:\/\/api.w.org\/{rel}","templated":true}]}}