{"id":7737,"date":"2018-11-08T11:30:05","date_gmt":"2018-11-08T10:30:05","guid":{"rendered":"https:\/\/blog.ocasionplus.com\/?p=7737"},"modified":"2025-03-27T15:46:54","modified_gmt":"2025-03-27T14:46:54","slug":"historia-seat-volante","status":"publish","type":"post","link":"https:\/\/www.ocasionplus.com\/noticias\/historia-seat-volante\/","title":{"rendered":"La historia de Seat a trav\u00e9s de su volante: de un simple aro a centro de mando"},"content":{"rendered":"<p><strong>Llegar\u00e1 un d\u00eda en el que el volante desaparezca de los veh\u00edculos que conducimos<\/strong>. Si es que los llegamos a conducir nosotros, dado que el piloto autom\u00e1tico y la llamada conducci\u00f3n aut\u00f3noma cada vez parecen estar m\u00e1s cerca a medio-largo plazo, teniendo en cuenta las ingentes cantidades de dinero inyectadas por las marcas para desarrollar este tipo de tecnolog\u00eda. Pero, <strong>hasta que eso ocurra, el volante sigue teniendo una importancia capital<\/strong>. <strong>No solo para llevar el veh\u00edculo por donde debe, sino que cada vez tiene m\u00e1s funcionalidades incluidas, pudiendo manejar casi pr\u00e1cticamente cualquier par\u00e1metro del coche sin quitar las manos del volante<\/strong>. Mucho de ello se debe a los avances de la F\u00f3rmula 1. No es la pieza m\u00e1s costosa de estos monoplazas, pero s\u00ed uno de los secretos mejores guardados de todas las escuder\u00edas y en el que se emplea mucho tiempo y dinero en su desarrollo. Sin llegar a tanto, los de los <a href=\"https:\/\/www.ocasionplus.com\/coches-ocasion\"><strong>coches de ocasi\u00f3n<\/strong><\/a> cada vez est\u00e1n m\u00e1s evolucionados. Por eso <strong>vamos a repasar 70 a\u00f1os de historia de <a href=\"https:\/\/www.ocasionplus.com\/coches-ocasion\/seat\">Seat <\/a>a trav\u00e9s de la evoluci\u00f3n de su volante<\/strong>:<\/p>\n<ul>\n<li><strong>A\u00f1os 50<\/strong>: el volante del Seat 1400 cl\u00e1sico era un aro delgado, grande y r\u00edgido fabricado en baquelita que hac\u00eda que el ejercicio de conducir fuera poco menos que eso, un ejercicio y de fuerza. Eso s\u00ed, no se escatima en detalles, seg\u00fan explica Isidre L\u00f3pez, responsable de coches hist\u00f3ricos de Seat, porque el volante del 1400 &#8220;incluye detalles como el logotipo en cobre o el pulsador para realizar r\u00e1fagas de luces en el mismo aro e incluso el cambio de marchas se situaba en la misma columna de direcci\u00f3n&#8221;.<\/li>\n<li><strong>A\u00f1os 60<\/strong>: en esta d\u00e9cada, con el <a href=\"https:\/\/blog.ocasionplus.com\/seat-600-usados-mas-deseados\/\"><strong>Seat 600<\/strong><\/a> como protagonista, el volante se reduce a lo m\u00ednimo y su funci\u00f3n es lo b\u00e1sico y fundamental: sirve para girar el coche. As\u00ed las cosas, en el volante del 600 por no haber no hay ni logotipo, algo impensable hoy d\u00eda. La \u00fanica funci\u00f3n alternativa es la del claxon, que a\u00fan permanece en nuestros d\u00edas.<\/li>\n<li><strong>A\u00f1os 70<\/strong>: de los grandes tama\u00f1os de las d\u00e9cadas anteriores, el primer gran cambio viene por las dimensiones, pero tambi\u00e9n por nuevos materiales sint\u00e9ticos y acolchados para ganar en comodidad y seguridad. Ejemplos los tenemos en los Seat 850 Spider, donde ya se usa metal en los radios y se incorporan los cl\u00e1sicos agujeros circulares. Una nota distintiva, adem\u00e1s, es que el claxon no se sit\u00faa en medio del volante, sino en el lateral de los dos radios horizontales, teni\u00e9ndose que activar con el pulgar.<\/li>\n<li><strong>A\u00f1os 80 y 90<\/strong>: la direcci\u00f3n asistida es algo que todo el que tuvo un coche anterior a la incorporaci\u00f3n de esta tecnolog\u00eda avalar\u00e1 para siempre. Y que hac\u00eda y hace que el volante sea mucho m\u00e1s c\u00f3modo de llevar. En esta \u00e9poca, los primeros <a href=\"https:\/\/www.ocasionplus.com\/coches-ocasion\/seat\/ibiza\"><strong>Seat Ibiza<\/strong><\/a> ten\u00edan volantes gruesos, hechos de caucho y con una forma m\u00e1s ergon\u00f3mica y modulable. La siguiente generaci\u00f3n ya tendr\u00e1 airbag y en una tercera, desde el volante se controlar\u00e1 la radio o las emisoras.<\/li>\n<li><strong>Actualidad<\/strong>: en el volante tenemos todo tipo de asistentes a la conducci\u00f3n y podemos controlar multitud de par\u00e1metros.\u00a0Desde la temperatura del habit\u00e1culo a la m\u00fasica que escuchamos, la ruta del GPS integrado, la velocidad o la autonom\u00eda son par\u00e1metros que se pueden controlar hoy d\u00eda en el <a href=\"https:\/\/www.ocasionplus.com\/coches-ocasion\/seat\/ateca\"><strong>Seat Ateca<\/strong><\/a>, el <a href=\"https:\/\/www.ocasionplus.com\/coches-ocasion\/seat\/leon\"><strong>Seat Le\u00f3n<\/strong><\/a> o el <a href=\"https:\/\/www.ocasionplus.com\/coches-ocasion\/seat\/ibiza\"><strong>Seat Ibiza<\/strong><\/a> que podr\u00e1s encontrar en nuestras tiendas. Un aut\u00e9ntico centro de mando.<\/li>\n<li><strong>\u00bfY en el futuro?<\/strong> Qui\u00e9n sabe si acabar\u00e1n desapareciendo de los veh\u00edculos porque el coche vaya solo y no necesite que lo dirijamos en ning\u00fan momento. Quiz\u00e1 a largo plazo, pero a medio y corto, el conductor tendr\u00e1 cada vez m\u00e1s control sobre el veh\u00edculo sin tener que quitar las manos del volante. Y eso tambi\u00e9n es seguridad.<\/li>\n<\/ul>\n<p>&nbsp;<\/p>\n","protected":false},"excerpt":{"rendered":"<p>Desde el 600 al Seat Ateca actual hay casi 70 a\u00f1os de diferencia. As\u00ed se ve la evoluci\u00f3n a trav\u00e9s del volante, nuestro gu\u00eda en la carretera que ha ganado en comodidad, seguridad y ergonom\u00eda sirviendo para controlar casi cualquier par\u00e1metro del veh\u00edculo.<\/p>\n","protected":false},"author":2,"featured_media":7742,"comment_status":"closed","ping_status":"closed","sticky":false,"template":"","format":"standard","meta":{"footnotes":""},"categories":[2],"tags":[],"class_list":["post-7737","post","type-post","status-publish","format-standard","has-post-thumbnail","hentry","category-ultimas-noticias"],"yoast_head":"<!-- This site is optimized with the Yoast SEO Premium plugin v24.8 (Yoast SEO v24.8.1) - https:\/\/yoast.com\/wordpress\/plugins\/seo\/ -->\n<title>La historia de Seat a trav\u00e9s de su volante: de aro a centro de mando<\/title>\n<meta name=\"description\" content=\"El volante ha reducido sus dimensiones, ha mejorado los materiales y cada vez tiene m\u00e1s funcionalidades en los Seat Ibiza o Seat Ateca de segunda mano.\" \/>\n<meta name=\"robots\" content=\"index, follow, max-snippet:-1, max-image-preview:large, max-video-preview:-1\" \/>\n<link rel=\"canonical\" href=\"https:\/\/www.ocasionplus.com\/noticias\/historia-seat-volante\/\" \/>\n<meta property=\"og:locale\" content=\"es_ES\" \/>\n<meta property=\"og:type\" content=\"article\" \/>\n<meta property=\"og:title\" content=\"La historia de Seat a trav\u00e9s de su volante: de un simple aro a centro de mando\" \/>\n<meta property=\"og:description\" content=\"El volante ha reducido sus dimensiones, ha mejorado los materiales y cada vez tiene m\u00e1s funcionalidades en los Seat Ibiza o Seat Ateca de segunda mano.\" \/>\n<meta property=\"og:url\" content=\"https:\/\/www.ocasionplus.com\/noticias\/historia-seat-volante\/\" \/>\n<meta property=\"og:site_name\" content=\"OcasionPlus Blog\" \/>\n<meta property=\"article:publisher\" content=\"https:\/\/www.facebook.com\/ocasionplus\" \/>\n<meta property=\"article:published_time\" content=\"2018-11-08T10:30:05+00:00\" \/>\n<meta property=\"article:modified_time\" content=\"2025-03-27T14:46:54+00:00\" \/>\n<meta property=\"og:image\" content=\"https:\/\/www.ocasionplus.com\/wp-content\/uploads\/2018\/11\/volanteseat.jpg\" \/>\n\t<meta property=\"og:image:width\" content=\"800\" \/>\n\t<meta property=\"og:image:height\" content=\"445\" \/>\n\t<meta property=\"og:image:type\" content=\"image\/jpeg\" \/>\n<meta name=\"author\" content=\"OcasionPlus\" \/>\n<meta name=\"twitter:card\" content=\"summary_large_image\" \/>\n<meta name=\"twitter:creator\" content=\"@ocasionplus\" \/>\n<meta name=\"twitter:site\" content=\"@ocasionplus\" \/>\n<meta name=\"twitter:label1\" content=\"Escrito por\" \/>\n\t<meta name=\"twitter:data1\" content=\"OcasionPlus\" \/>\n\t<meta name=\"twitter:label2\" content=\"Tiempo de lectura\" \/>\n\t<meta name=\"twitter:data2\" content=\"3 minutos\" \/>\n<script type=\"application\/ld+json\" class=\"yoast-schema-graph\">{\"@context\":\"https:\/\/schema.org\",\"@graph\":[{\"@type\":\"Article\",\"@id\":\"https:\/\/www.ocasionplus.com\/noticias\/historia-seat-volante\/#article\",\"isPartOf\":{\"@id\":\"https:\/\/www.ocasionplus.com\/noticias\/historia-seat-volante\/\"},\"author\":{\"name\":\"OcasionPlus\",\"@id\":\"https:\/\/www.ocasionplus.com\/noticias\/#\/schema\/person\/7ab10ae859759ef2622b28e83ba868eb\"},\"headline\":\"La historia de Seat a trav\u00e9s de su volante: de un simple aro a centro de mando\",\"datePublished\":\"2018-11-08T10:30:05+00:00\",\"dateModified\":\"2025-03-27T14:46:54+00:00\",\"mainEntityOfPage\":{\"@id\":\"https:\/\/www.ocasionplus.com\/noticias\/historia-seat-volante\/\"},\"wordCount\":710,\"publisher\":{\"@id\":\"https:\/\/www.ocasionplus.com\/noticias\/#organization\"},\"image\":{\"@id\":\"https:\/\/www.ocasionplus.com\/noticias\/historia-seat-volante\/#primaryimage\"},\"thumbnailUrl\":\"https:\/\/www.ocasionplus.com\/wp-content\/uploads\/2018\/11\/volanteseat.jpg\",\"articleSection\":[\"\u00daltimas Noticias\"],\"inLanguage\":\"es\",\"copyrightYear\":\"2018\",\"copyrightHolder\":{\"@id\":\"https:\/\/www.ocasionplus.com\/noticias\/#organization\"}},{\"@type\":\"WebPage\",\"@id\":\"https:\/\/www.ocasionplus.com\/noticias\/historia-seat-volante\/\",\"url\":\"https:\/\/www.ocasionplus.com\/noticias\/historia-seat-volante\/\",\"name\":\"La historia de Seat a trav\u00e9s de su volante: de aro a centro de mando\",\"isPartOf\":{\"@id\":\"https:\/\/www.ocasionplus.com\/noticias\/#website\"},\"primaryImageOfPage\":{\"@id\":\"https:\/\/www.ocasionplus.com\/noticias\/historia-seat-volante\/#primaryimage\"},\"image\":{\"@id\":\"https:\/\/www.ocasionplus.com\/noticias\/historia-seat-volante\/#primaryimage\"},\"thumbnailUrl\":\"https:\/\/www.ocasionplus.com\/wp-content\/uploads\/2018\/11\/volanteseat.jpg\",\"datePublished\":\"2018-11-08T10:30:05+00:00\",\"dateModified\":\"2025-03-27T14:46:54+00:00\",\"description\":\"El volante ha reducido sus dimensiones, ha mejorado los materiales y cada vez tiene m\u00e1s funcionalidades en los Seat Ibiza o Seat Ateca de segunda mano.\",\"breadcrumb\":{\"@id\":\"https:\/\/www.ocasionplus.com\/noticias\/historia-seat-volante\/#breadcrumb\"},\"inLanguage\":\"es\",\"potentialAction\":[{\"@type\":\"ReadAction\",\"target\":[\"https:\/\/www.ocasionplus.com\/noticias\/historia-seat-volante\/\"]}]},{\"@type\":\"ImageObject\",\"inLanguage\":\"es\",\"@id\":\"https:\/\/www.ocasionplus.com\/noticias\/historia-seat-volante\/#primaryimage\",\"url\":\"https:\/\/www.ocasionplus.com\/wp-content\/uploads\/2018\/11\/volanteseat.jpg\",\"contentUrl\":\"https:\/\/www.ocasionplus.com\/wp-content\/uploads\/2018\/11\/volanteseat.jpg\",\"width\":800,\"height\":445,\"caption\":\"As\u00ed ha evolucionado el volante de Seat en 70 a\u00f1os\"},{\"@type\":\"BreadcrumbList\",\"@id\":\"https:\/\/www.ocasionplus.com\/noticias\/historia-seat-volante\/#breadcrumb\",\"itemListElement\":[{\"@type\":\"ListItem\",\"position\":1,\"name\":\"Portada\",\"item\":\"https:\/\/www.ocasionplus.com\/noticias\/\"},{\"@type\":\"ListItem\",\"position\":2,\"name\":\"La historia de Seat a trav\u00e9s de su volante: de un simple aro a centro de mando\"}]},{\"@type\":\"WebSite\",\"@id\":\"https:\/\/www.ocasionplus.com\/noticias\/#website\",\"url\":\"https:\/\/www.ocasionplus.com\/noticias\/\",\"name\":\"OcasionPlus Blog\",\"description\":\"Veh\u00edculos de ocasi\u00f3n\",\"publisher\":{\"@id\":\"https:\/\/www.ocasionplus.com\/noticias\/#organization\"},\"potentialAction\":[{\"@type\":\"SearchAction\",\"target\":{\"@type\":\"EntryPoint\",\"urlTemplate\":\"https:\/\/www.ocasionplus.com\/noticias\/?s={search_term_string}\"},\"query-input\":{\"@type\":\"PropertyValueSpecification\",\"valueRequired\":true,\"valueName\":\"search_term_string\"}}],\"inLanguage\":\"es\"},{\"@type\":\"Organization\",\"@id\":\"https:\/\/www.ocasionplus.com\/noticias\/#organization\",\"name\":\"OcasionPlus\",\"url\":\"https:\/\/www.ocasionplus.com\/noticias\/\",\"logo\":{\"@type\":\"ImageObject\",\"inLanguage\":\"es\",\"@id\":\"https:\/\/www.ocasionplus.com\/noticias\/#\/schema\/logo\/image\/\",\"url\":\"https:\/\/www.ocasionplus.com\/wp-content\/uploads\/2024\/05\/cropped-cropped-oplus-logo-blog.png\",\"contentUrl\":\"https:\/\/www.ocasionplus.com\/wp-content\/uploads\/2024\/05\/cropped-cropped-oplus-logo-blog.png\",\"width\":360,\"height\":71,\"caption\":\"OcasionPlus\"},\"image\":{\"@id\":\"https:\/\/www.ocasionplus.com\/noticias\/#\/schema\/logo\/image\/\"},\"sameAs\":[\"https:\/\/www.facebook.com\/ocasionplus\",\"https:\/\/x.com\/ocasionplus\",\"https:\/\/www.instagram.com\/ocasion_plus\",\"https:\/\/www.youtube.com\/channel\/UCBiCAto61Lyu27CgI95wrYQ\",\"https:\/\/www.tiktok.com\/@ocasionplus.com\",\"https:\/\/es.linkedin.com\/company\/ocasionplus\"]},{\"@type\":\"Person\",\"@id\":\"https:\/\/www.ocasionplus.com\/noticias\/#\/schema\/person\/7ab10ae859759ef2622b28e83ba868eb\",\"name\":\"OcasionPlus\",\"image\":{\"@type\":\"ImageObject\",\"inLanguage\":\"es\",\"@id\":\"https:\/\/www.ocasionplus.com\/noticias\/#\/schema\/person\/image\/\",\"url\":\"https:\/\/www.ocasionplus.com\/wp-content\/uploads\/2024\/07\/ocasionplus_avatar-96x96.jpg\",\"contentUrl\":\"https:\/\/www.ocasionplus.com\/wp-content\/uploads\/2024\/07\/ocasionplus_avatar-96x96.jpg\",\"caption\":\"OcasionPlus\"}}]}<\/script>\n<!-- \/ Yoast SEO Premium plugin. -->","yoast_head_json":{"title":"La historia de Seat a trav\u00e9s de su volante: de aro a centro de mando","description":"El volante ha reducido sus dimensiones, ha mejorado los materiales y cada vez tiene m\u00e1s funcionalidades en los Seat Ibiza o Seat Ateca de segunda mano.","robots":{"index":"index","follow":"follow","max-snippet":"max-snippet:-1","max-image-preview":"max-image-preview:large","max-video-preview":"max-video-preview:-1"},"canonical":"https:\/\/www.ocasionplus.com\/noticias\/historia-seat-volante\/","og_locale":"es_ES","og_type":"article","og_title":"La historia de Seat a trav\u00e9s de su volante: de un simple aro a centro de mando","og_description":"El volante ha reducido sus dimensiones, ha mejorado los materiales y cada vez tiene m\u00e1s funcionalidades en los Seat Ibiza o Seat Ateca de segunda mano.","og_url":"https:\/\/www.ocasionplus.com\/noticias\/historia-seat-volante\/","og_site_name":"OcasionPlus Blog","article_publisher":"https:\/\/www.facebook.com\/ocasionplus","article_published_time":"2018-11-08T10:30:05+00:00","article_modified_time":"2025-03-27T14:46:54+00:00","og_image":[{"width":800,"height":445,"url":"https:\/\/www.ocasionplus.com\/wp-content\/uploads\/2018\/11\/volanteseat.jpg","type":"image\/jpeg"}],"author":"OcasionPlus","twitter_card":"summary_large_image","twitter_creator":"@ocasionplus","twitter_site":"@ocasionplus","twitter_misc":{"Escrito por":"OcasionPlus","Tiempo de lectura":"3 minutos"},"schema":{"@context":"https:\/\/schema.org","@graph":[{"@type":"Article","@id":"https:\/\/www.ocasionplus.com\/noticias\/historia-seat-volante\/#article","isPartOf":{"@id":"https:\/\/www.ocasionplus.com\/noticias\/historia-seat-volante\/"},"author":{"name":"OcasionPlus","@id":"https:\/\/www.ocasionplus.com\/noticias\/#\/schema\/person\/7ab10ae859759ef2622b28e83ba868eb"},"headline":"La historia de Seat a trav\u00e9s de su volante: de un simple aro a centro de mando","datePublished":"2018-11-08T10:30:05+00:00","dateModified":"2025-03-27T14:46:54+00:00","mainEntityOfPage":{"@id":"https:\/\/www.ocasionplus.com\/noticias\/historia-seat-volante\/"},"wordCount":710,"publisher":{"@id":"https:\/\/www.ocasionplus.com\/noticias\/#organization"},"image":{"@id":"https:\/\/www.ocasionplus.com\/noticias\/historia-seat-volante\/#primaryimage"},"thumbnailUrl":"https:\/\/www.ocasionplus.com\/wp-content\/uploads\/2018\/11\/volanteseat.jpg","articleSection":["\u00daltimas Noticias"],"inLanguage":"es","copyrightYear":"2018","copyrightHolder":{"@id":"https:\/\/www.ocasionplus.com\/noticias\/#organization"}},{"@type":"WebPage","@id":"https:\/\/www.ocasionplus.com\/noticias\/historia-seat-volante\/","url":"https:\/\/www.ocasionplus.com\/noticias\/historia-seat-volante\/","name":"La historia de Seat a trav\u00e9s de su volante: de aro a centro de mando","isPartOf":{"@id":"https:\/\/www.ocasionplus.com\/noticias\/#website"},"primaryImageOfPage":{"@id":"https:\/\/www.ocasionplus.com\/noticias\/historia-seat-volante\/#primaryimage"},"image":{"@id":"https:\/\/www.ocasionplus.com\/noticias\/historia-seat-volante\/#primaryimage"},"thumbnailUrl":"https:\/\/www.ocasionplus.com\/wp-content\/uploads\/2018\/11\/volanteseat.jpg","datePublished":"2018-11-08T10:30:05+00:00","dateModified":"2025-03-27T14:46:54+00:00","description":"El volante ha reducido sus dimensiones, ha mejorado los materiales y cada vez tiene m\u00e1s funcionalidades en los Seat Ibiza o Seat Ateca de segunda mano.","breadcrumb":{"@id":"https:\/\/www.ocasionplus.com\/noticias\/historia-seat-volante\/#breadcrumb"},"inLanguage":"es","potentialAction":[{"@type":"ReadAction","target":["https:\/\/www.ocasionplus.com\/noticias\/historia-seat-volante\/"]}]},{"@type":"ImageObject","inLanguage":"es","@id":"https:\/\/www.ocasionplus.com\/noticias\/historia-seat-volante\/#primaryimage","url":"https:\/\/www.ocasionplus.com\/wp-content\/uploads\/2018\/11\/volanteseat.jpg","contentUrl":"https:\/\/www.ocasionplus.com\/wp-content\/uploads\/2018\/11\/volanteseat.jpg","width":800,"height":445,"caption":"As\u00ed ha evolucionado el volante de Seat en 70 a\u00f1os"},{"@type":"BreadcrumbList","@id":"https:\/\/www.ocasionplus.com\/noticias\/historia-seat-volante\/#breadcrumb","itemListElement":[{"@type":"ListItem","position":1,"name":"Portada","item":"https:\/\/www.ocasionplus.com\/noticias\/"},{"@type":"ListItem","position":2,"name":"La historia de Seat a trav\u00e9s de su volante: de un simple aro a centro de mando"}]},{"@type":"WebSite","@id":"https:\/\/www.ocasionplus.com\/noticias\/#website","url":"https:\/\/www.ocasionplus.com\/noticias\/","name":"OcasionPlus Blog","description":"Veh\u00edculos de ocasi\u00f3n","publisher":{"@id":"https:\/\/www.ocasionplus.com\/noticias\/#organization"},"potentialAction":[{"@type":"SearchAction","target":{"@type":"EntryPoint","urlTemplate":"https:\/\/www.ocasionplus.com\/noticias\/?s={search_term_string}"},"query-input":{"@type":"PropertyValueSpecification","valueRequired":true,"valueName":"search_term_string"}}],"inLanguage":"es"},{"@type":"Organization","@id":"https:\/\/www.ocasionplus.com\/noticias\/#organization","name":"OcasionPlus","url":"https:\/\/www.ocasionplus.com\/noticias\/","logo":{"@type":"ImageObject","inLanguage":"es","@id":"https:\/\/www.ocasionplus.com\/noticias\/#\/schema\/logo\/image\/","url":"https:\/\/www.ocasionplus.com\/wp-content\/uploads\/2024\/05\/cropped-cropped-oplus-logo-blog.png","contentUrl":"https:\/\/www.ocasionplus.com\/wp-content\/uploads\/2024\/05\/cropped-cropped-oplus-logo-blog.png","width":360,"height":71,"caption":"OcasionPlus"},"image":{"@id":"https:\/\/www.ocasionplus.com\/noticias\/#\/schema\/logo\/image\/"},"sameAs":["https:\/\/www.facebook.com\/ocasionplus","https:\/\/x.com\/ocasionplus","https:\/\/www.instagram.com\/ocasion_plus","https:\/\/www.youtube.com\/channel\/UCBiCAto61Lyu27CgI95wrYQ","https:\/\/www.tiktok.com\/@ocasionplus.com","https:\/\/es.linkedin.com\/company\/ocasionplus"]},{"@type":"Person","@id":"https:\/\/www.ocasionplus.com\/noticias\/#\/schema\/person\/7ab10ae859759ef2622b28e83ba868eb","name":"OcasionPlus","image":{"@type":"ImageObject","inLanguage":"es","@id":"https:\/\/www.ocasionplus.com\/noticias\/#\/schema\/person\/image\/","url":"https:\/\/www.ocasionplus.com\/wp-content\/uploads\/2024\/07\/ocasionplus_avatar-96x96.jpg","contentUrl":"https:\/\/www.ocasionplus.com\/wp-content\/uploads\/2024\/07\/ocasionplus_avatar-96x96.jpg","caption":"OcasionPlus"}}]}},"jetpack_featured_media_url":"https:\/\/www.ocasionplus.com\/wp-content\/uploads\/2018\/11\/volanteseat.jpg","_links":{"self":[{"href":"https:\/\/www.ocasionplus.com\/noticias\/wp-json\/wp\/v2\/posts\/7737","targetHints":{"allow":["GET"]}}],"collection":[{"href":"https:\/\/www.ocasionplus.com\/noticias\/wp-json\/wp\/v2\/posts"}],"about":[{"href":"https:\/\/www.ocasionplus.com\/noticias\/wp-json\/wp\/v2\/types\/post"}],"author":[{"embeddable":true,"href":"https:\/\/www.ocasionplus.com\/noticias\/wp-json\/wp\/v2\/users\/2"}],"replies":[{"embeddable":true,"href":"https:\/\/www.ocasionplus.com\/noticias\/wp-json\/wp\/v2\/comments?post=7737"}],"version-history":[{"count":1,"href":"https:\/\/www.ocasionplus.com\/noticias\/wp-json\/wp\/v2\/posts\/7737\/revisions"}],"predecessor-version":[{"id":13187,"href":"https:\/\/www.ocasionplus.com\/noticias\/wp-json\/wp\/v2\/posts\/7737\/revisions\/13187"}],"wp:featuredmedia":[{"embeddable":true,"href":"https:\/\/www.ocasionplus.com\/noticias\/wp-json\/wp\/v2\/media\/7742"}],"wp:attachment":[{"href":"https:\/\/www.ocasionplus.com\/noticias\/wp-json\/wp\/v2\/media?parent=7737"}],"wp:term":[{"taxonomy":"category","embeddable":true,"href":"https:\/\/www.ocasionplus.com\/noticias\/wp-json\/wp\/v2\/categories?post=7737"},{"taxonomy":"post_tag","embeddable":true,"href":"https:\/\/www.ocasionplus.com\/noticias\/wp-json\/wp\/v2\/tags?post=7737"}],"curies":[{"name":"wp","href":"https:\/\/api.w.org\/{rel}","templated":true}]}}