{"id":7795,"date":"2018-11-19T10:56:43","date_gmt":"2018-11-19T09:56:43","guid":{"rendered":"https:\/\/blog.ocasionplus.com\/?p=7795"},"modified":"2025-03-27T15:46:51","modified_gmt":"2025-03-27T14:46:51","slug":"una-semana-mas-feria-ocasionplus","status":"publish","type":"post","link":"https:\/\/www.ocasionplus.com\/noticias\/una-semana-mas-feria-ocasionplus\/","title":{"rendered":"\u00a1Una semana m\u00e1s de Feria de Ocasi\u00f3n en OcasionPlus! \u00a1Se acaban los d\u00edas, pero no los coches!"},"content":{"rendered":"<p><strong>Por petici\u00f3n popular, hemos decidido ampliar una semana m\u00e1s la <a href=\"https:\/\/blog.ocasionplus.com\/mejores-precios-en-feria-de-ocasionplus\/\">Feria de OcasionPlus<\/a><\/strong>. <strong>Siete d\u00edas m\u00e1s de feria que acabar\u00e1 el pr\u00f3ximo domingo d\u00eda <a href=\"https:\/\/blog.ocasionplus.com\/ocasionplus-celebra-su-black-weekend\/\">25 de noviembre<\/a><\/strong>. As\u00ed que date prisa, porque se acaban los d\u00edas, pero no los coches. Seguimos contando con <strong>m\u00e1s de 2.000 veh\u00edculos de segunda mano y ocasi\u00f3n para todos los bolsillos&#8230;y todos con descuento<\/strong>. Porque en <a href=\"https:\/\/www.ocasionplus.com\"><strong>OcasionPlus<\/strong><\/a>, el l\u00edder en compraventa de coches de ocasi\u00f3n, <strong>somos los \u00fanicos que rebajamos todos nuestros precios<\/strong>, sin tener en cuenta el modelo, ni el kilometraje, ni la marca del autom\u00f3vil. No hacemos distinciones entre un utilitario\u00a0y un industrial, entre un SUV compacto o uno de siete plazas,\u00a0entre\u00a0un compacto o una berlina.<\/p>\n<p>\u00a1Que no se diga que no te lo ponemos f\u00e1cil! Porque <strong>no solo ampliamos una semana m\u00e1s la Feria de OcasionPlus, sino que adem\u00e1s extendemos nuestro horario de atenci\u00f3n comercial.<\/strong> Al igual que los dos anteriores domingos, el pr\u00f3ximo 25 de noviembre, \u00faltimo d\u00eda de la feria, ampliamos nuestro horario. En nuestros centros de la <strong>Comunidad de Madrid<\/strong> (<strong>Collado Villalba, Las Rozas, Getafe, Rivas Vaciamadrid 10 y Rivas Vaciamadrid 14)<\/strong> <strong>abriremos por la tarde de 17:00 a 20:30 horas<\/strong>, mientras que en los de la <strong>Comunidad Valenciana (Castell\u00f3n, Alzira y Paterna)<\/strong>, as\u00ed como en el de <strong>Pamplona<\/strong>, tendremos abierta la exposici\u00f3n de manera excepcional en <strong>horario de ma\u00f1ana, de 10:00 a 14:00 horas<\/strong>.<\/p>\n<p>Te daremos la mismas facilidades de financiaci\u00f3n en el acto que siempre, con la misma pol\u00edtica de sobrepagar el precio de tu veh\u00edculo si compras un coche de nuestra red y, lo que es mejor, con <strong>la misma relaci\u00f3n calidad-precio del mercado<\/strong>. Todos nuestros coches revisados en 234 puntos de control mec\u00e1nicos y de chapa y podr\u00e1s consultar cuando quieras su informe independiente de <strong>Carfax<\/strong> donde muestra la procedencia o n\u00famero de propietarios, para mayor seguridad en la compra. <strong>\u00a1Es la \u00faltima llamada!<\/strong> Ampliamos una semana m\u00e1s la Feria de OcasionPlus, la \u00fanica feria en la que todos los coches tienen descuento. Y, si no te lo crees, <strong>mira qu\u00e9 selecci\u00f3n te hemos preparado de lo \u00faltimo que nos ha llegado<\/strong>.<\/p>\n<figure id=\"attachment_7799\" aria-describedby=\"caption-attachment-7799\" style=\"width: 503px\" class=\"wp-caption alignnone\"><a href=\"https:\/\/www.ocasionplus.com\/coches-segunda-mano\/ford-focus-2.0-tdci-e6-110kw-st-line-randb-con-10651km-2017\"><img loading=\"lazy\" decoding=\"async\" class=\"wp-image-7799 \" src=\"http:\/\/127.0.0.1\/wp-content\/uploads\/2018\/11\/focus-300x225.jpg\" alt=\"Ford Focus deportivo de segunda mano una semana m\u00e1s con descuento\" width=\"503\" height=\"377\" srcset=\"https:\/\/www.ocasionplus.com\/wp-content\/uploads\/2018\/11\/focus-300x225.jpg 300w, https:\/\/www.ocasionplus.com\/wp-content\/uploads\/2018\/11\/focus-768x576.jpg 768w, https:\/\/www.ocasionplus.com\/wp-content\/uploads\/2018\/11\/focus.jpg 800w\" sizes=\"auto, (max-width: 503px) 100vw, 503px\" \/><\/a><figcaption id=\"caption-attachment-7799\" class=\"wp-caption-text\">Ford Focus<\/figcaption><\/figure>\n<figure id=\"attachment_7800\" aria-describedby=\"caption-attachment-7800\" style=\"width: 501px\" class=\"wp-caption alignnone\"><a href=\"https:\/\/www.ocasionplus.com\/coches-segunda-mano\/seat-ibiza-1.6-tdi-90cv-reference-itech-30-aniv-con-328888km-2015\"><img loading=\"lazy\" decoding=\"async\" class=\"wp-image-7800 \" src=\"http:\/\/127.0.0.1\/wp-content\/uploads\/2018\/11\/ibiza-300x225.jpg\" alt=\"Seat Ibiza seminuevo al mejor precio\" width=\"501\" height=\"376\" srcset=\"https:\/\/www.ocasionplus.com\/wp-content\/uploads\/2018\/11\/ibiza-300x225.jpg 300w, https:\/\/www.ocasionplus.com\/wp-content\/uploads\/2018\/11\/ibiza-768x576.jpg 768w, https:\/\/www.ocasionplus.com\/wp-content\/uploads\/2018\/11\/ibiza.jpg 800w\" sizes=\"auto, (max-width: 501px) 100vw, 501px\" \/><\/a><figcaption id=\"caption-attachment-7800\" class=\"wp-caption-text\">Seat Ibiza<\/figcaption><\/figure>\n<figure id=\"attachment_7801\" aria-describedby=\"caption-attachment-7801\" style=\"width: 499px\" class=\"wp-caption alignnone\"><a href=\"https:\/\/www.ocasionplus.com\/coches-segunda-mano\/audi-a5-sport-2.0-tdi-s-tronic-sportback-con-44071km-2017\"><img loading=\"lazy\" decoding=\"async\" class=\"wp-image-7801 \" src=\"http:\/\/127.0.0.1\/wp-content\/uploads\/2018\/11\/A5-300x225.jpg\" alt=\"Oportunidad \u00fanica de Audi A5\" width=\"499\" height=\"374\" srcset=\"https:\/\/www.ocasionplus.com\/wp-content\/uploads\/2018\/11\/A5-300x225.jpg 300w, https:\/\/www.ocasionplus.com\/wp-content\/uploads\/2018\/11\/A5-768x576.jpg 768w, https:\/\/www.ocasionplus.com\/wp-content\/uploads\/2018\/11\/A5.jpg 800w\" sizes=\"auto, (max-width: 499px) 100vw, 499px\" \/><\/a><figcaption id=\"caption-attachment-7801\" class=\"wp-caption-text\">Audi A5<\/figcaption><\/figure>\n<figure id=\"attachment_7802\" aria-describedby=\"caption-attachment-7802\" style=\"width: 499px\" class=\"wp-caption alignnone\"><a href=\"https:\/\/www.ocasionplus.com\/coches-segunda-mano\/chevrolet-captiva-2.2-vcdi-16v-ltz-7-plazas-awd-auto-con-103240km-2012\"><img loading=\"lazy\" decoding=\"async\" class=\"wp-image-7802 \" src=\"http:\/\/127.0.0.1\/wp-content\/uploads\/2018\/11\/Captiva-300x225.jpg\" alt=\"El Chevrolet Captiva de segunda mano disponible una semana m\u00e1s con descuento\" width=\"499\" height=\"374\" srcset=\"https:\/\/www.ocasionplus.com\/wp-content\/uploads\/2018\/11\/Captiva-300x225.jpg 300w, https:\/\/www.ocasionplus.com\/wp-content\/uploads\/2018\/11\/Captiva-768x576.jpg 768w, https:\/\/www.ocasionplus.com\/wp-content\/uploads\/2018\/11\/Captiva.jpg 800w\" sizes=\"auto, (max-width: 499px) 100vw, 499px\" \/><\/a><figcaption id=\"caption-attachment-7802\" class=\"wp-caption-text\">Chevrolet Captiva<\/figcaption><\/figure>\n<figure id=\"attachment_7803\" aria-describedby=\"caption-attachment-7803\" style=\"width: 499px\" class=\"wp-caption alignnone\"><a href=\"https:\/\/www.ocasionplus.com\/coches-segunda-mano\/citroen-c3-puretech-60kw-(82cv)-feel-con-7165km-2018\"><img loading=\"lazy\" decoding=\"async\" class=\"wp-image-7803 \" src=\"http:\/\/127.0.0.1\/wp-content\/uploads\/2018\/11\/C3-300x225.jpg\" alt=\"Un Citro\u00ebn C3 de Km 0 con descuento una semana m\u00e1s\" width=\"499\" height=\"374\" srcset=\"https:\/\/www.ocasionplus.com\/wp-content\/uploads\/2018\/11\/C3-300x225.jpg 300w, https:\/\/www.ocasionplus.com\/wp-content\/uploads\/2018\/11\/C3-768x576.jpg 768w, https:\/\/www.ocasionplus.com\/wp-content\/uploads\/2018\/11\/C3.jpg 800w\" sizes=\"auto, (max-width: 499px) 100vw, 499px\" \/><\/a><figcaption id=\"caption-attachment-7803\" class=\"wp-caption-text\">Citro\u00ebn C3<\/figcaption><\/figure>\n<figure id=\"attachment_7804\" aria-describedby=\"caption-attachment-7804\" style=\"width: 496px\" class=\"wp-caption alignnone\"><a href=\"https:\/\/www.ocasionplus.com\/coches-segunda-mano\/renault-captur-xmod-energy-tce-120-edc-con-23789km-2016\"><img loading=\"lazy\" decoding=\"async\" class=\"wp-image-7804 \" src=\"http:\/\/127.0.0.1\/wp-content\/uploads\/2018\/11\/captur-300x225.jpg\" alt=\"Renault Captur al mejor precio disponible una semana m\u00e1s en la Feria\" width=\"496\" height=\"372\" srcset=\"https:\/\/www.ocasionplus.com\/wp-content\/uploads\/2018\/11\/captur-300x225.jpg 300w, https:\/\/www.ocasionplus.com\/wp-content\/uploads\/2018\/11\/captur-768x576.jpg 768w, https:\/\/www.ocasionplus.com\/wp-content\/uploads\/2018\/11\/captur.jpg 800w\" sizes=\"auto, (max-width: 496px) 100vw, 496px\" \/><\/a><figcaption id=\"caption-attachment-7804\" class=\"wp-caption-text\">Renault Captur<\/figcaption><\/figure>\n<p><strong>\u00a1Se acaban los d\u00edas, pero no los coches! \u00a1Date prisa!<\/strong><\/p>\n<p>&nbsp;<\/p>\n<p>&nbsp;<\/p>\n","protected":false},"excerpt":{"rendered":"<p>Por petici\u00f3n popular, hemos decidido ampliar una semana m\u00e1s la Gran Feria de OcasionPlus. Tienes de plazo hasta el pr\u00f3ximo domingo d\u00eda 25 de noviembre para hacerte con uno de nuestro m\u00e1s de 2.000 coches con descuento. <\/p>\n","protected":false},"author":2,"featured_media":7796,"comment_status":"closed","ping_status":"closed","sticky":false,"template":"","format":"standard","meta":{"footnotes":""},"categories":[3],"tags":[],"class_list":["post-7795","post","type-post","status-publish","format-standard","has-post-thumbnail","hentry","category-ocasionplus"],"yoast_head":"<!-- This site is optimized with the Yoast SEO Premium plugin v24.8 (Yoast SEO v24.8.1) - https:\/\/yoast.com\/wordpress\/plugins\/seo\/ -->\n<title>\u00a1Una semana m\u00e1s de Feria de Ocasi\u00f3n en OcasionPlus!<\/title>\n<meta name=\"description\" content=\"Por petici\u00f3n popular, hemos decidido ampliar una semana m\u00e1s la Feria de OcasionPlus. Tienes de plazo hasta el pr\u00f3ximo domingo d\u00eda 25 de noviembre. \u00a1Corre!\" \/>\n<meta name=\"robots\" content=\"index, follow, max-snippet:-1, max-image-preview:large, max-video-preview:-1\" \/>\n<link rel=\"canonical\" href=\"https:\/\/www.ocasionplus.com\/noticias\/una-semana-mas-feria-ocasionplus\/\" \/>\n<meta property=\"og:locale\" content=\"es_ES\" \/>\n<meta property=\"og:type\" content=\"article\" \/>\n<meta property=\"og:title\" content=\"\u00a1Una semana m\u00e1s de Feria de Ocasi\u00f3n en OcasionPlus! \u00a1Se acaban los d\u00edas, pero no los coches!\" \/>\n<meta property=\"og:description\" content=\"Por petici\u00f3n popular, hemos decidido ampliar una semana m\u00e1s la Feria de OcasionPlus. Tienes de plazo hasta el pr\u00f3ximo domingo d\u00eda 25 de noviembre. \u00a1Corre!\" \/>\n<meta property=\"og:url\" content=\"https:\/\/www.ocasionplus.com\/noticias\/una-semana-mas-feria-ocasionplus\/\" \/>\n<meta property=\"og:site_name\" content=\"OcasionPlus Blog\" \/>\n<meta property=\"article:publisher\" content=\"https:\/\/www.facebook.com\/ocasionplus\" \/>\n<meta property=\"article:published_time\" content=\"2018-11-19T09:56:43+00:00\" \/>\n<meta property=\"article:modified_time\" content=\"2025-03-27T14:46:51+00:00\" \/>\n<meta property=\"og:image\" content=\"https:\/\/www.ocasionplus.com\/wp-content\/uploads\/2018\/11\/800x445-Banner-Ocasionplus-Feria-Nov-2018-ampliacion.jpg\" \/>\n\t<meta property=\"og:image:width\" content=\"800\" \/>\n\t<meta property=\"og:image:height\" content=\"445\" \/>\n\t<meta property=\"og:image:type\" content=\"image\/jpeg\" \/>\n<meta name=\"author\" content=\"OcasionPlus\" \/>\n<meta name=\"twitter:card\" content=\"summary_large_image\" \/>\n<meta name=\"twitter:creator\" content=\"@ocasionplus\" \/>\n<meta name=\"twitter:site\" content=\"@ocasionplus\" \/>\n<meta name=\"twitter:label1\" content=\"Escrito por\" \/>\n\t<meta name=\"twitter:data1\" content=\"OcasionPlus\" \/>\n\t<meta name=\"twitter:label2\" content=\"Tiempo de lectura\" \/>\n\t<meta name=\"twitter:data2\" content=\"2 minutos\" \/>\n<script type=\"application\/ld+json\" class=\"yoast-schema-graph\">{\"@context\":\"https:\/\/schema.org\",\"@graph\":[{\"@type\":\"Article\",\"@id\":\"https:\/\/www.ocasionplus.com\/noticias\/una-semana-mas-feria-ocasionplus\/#article\",\"isPartOf\":{\"@id\":\"https:\/\/www.ocasionplus.com\/noticias\/una-semana-mas-feria-ocasionplus\/\"},\"author\":{\"name\":\"OcasionPlus\",\"@id\":\"https:\/\/www.ocasionplus.com\/noticias\/#\/schema\/person\/7ab10ae859759ef2622b28e83ba868eb\"},\"headline\":\"\u00a1Una semana m\u00e1s de Feria de Ocasi\u00f3n en OcasionPlus! \u00a1Se acaban los d\u00edas, pero no los coches!\",\"datePublished\":\"2018-11-19T09:56:43+00:00\",\"dateModified\":\"2025-03-27T14:46:51+00:00\",\"mainEntityOfPage\":{\"@id\":\"https:\/\/www.ocasionplus.com\/noticias\/una-semana-mas-feria-ocasionplus\/\"},\"wordCount\":460,\"publisher\":{\"@id\":\"https:\/\/www.ocasionplus.com\/noticias\/#organization\"},\"image\":{\"@id\":\"https:\/\/www.ocasionplus.com\/noticias\/una-semana-mas-feria-ocasionplus\/#primaryimage\"},\"thumbnailUrl\":\"https:\/\/www.ocasionplus.com\/wp-content\/uploads\/2018\/11\/800x445-Banner-Ocasionplus-Feria-Nov-2018-ampliacion.jpg\",\"articleSection\":[\"Actualidad OcasionPlus\"],\"inLanguage\":\"es\",\"copyrightYear\":\"2018\",\"copyrightHolder\":{\"@id\":\"https:\/\/www.ocasionplus.com\/noticias\/#organization\"}},{\"@type\":\"WebPage\",\"@id\":\"https:\/\/www.ocasionplus.com\/noticias\/una-semana-mas-feria-ocasionplus\/\",\"url\":\"https:\/\/www.ocasionplus.com\/noticias\/una-semana-mas-feria-ocasionplus\/\",\"name\":\"\u00a1Una semana m\u00e1s de Feria de Ocasi\u00f3n en OcasionPlus!\",\"isPartOf\":{\"@id\":\"https:\/\/www.ocasionplus.com\/noticias\/#website\"},\"primaryImageOfPage\":{\"@id\":\"https:\/\/www.ocasionplus.com\/noticias\/una-semana-mas-feria-ocasionplus\/#primaryimage\"},\"image\":{\"@id\":\"https:\/\/www.ocasionplus.com\/noticias\/una-semana-mas-feria-ocasionplus\/#primaryimage\"},\"thumbnailUrl\":\"https:\/\/www.ocasionplus.com\/wp-content\/uploads\/2018\/11\/800x445-Banner-Ocasionplus-Feria-Nov-2018-ampliacion.jpg\",\"datePublished\":\"2018-11-19T09:56:43+00:00\",\"dateModified\":\"2025-03-27T14:46:51+00:00\",\"description\":\"Por petici\u00f3n popular, hemos decidido ampliar una semana m\u00e1s la Feria de OcasionPlus. Tienes de plazo hasta el pr\u00f3ximo domingo d\u00eda 25 de noviembre. \u00a1Corre!\",\"breadcrumb\":{\"@id\":\"https:\/\/www.ocasionplus.com\/noticias\/una-semana-mas-feria-ocasionplus\/#breadcrumb\"},\"inLanguage\":\"es\",\"potentialAction\":[{\"@type\":\"ReadAction\",\"target\":[\"https:\/\/www.ocasionplus.com\/noticias\/una-semana-mas-feria-ocasionplus\/\"]}]},{\"@type\":\"ImageObject\",\"inLanguage\":\"es\",\"@id\":\"https:\/\/www.ocasionplus.com\/noticias\/una-semana-mas-feria-ocasionplus\/#primaryimage\",\"url\":\"https:\/\/www.ocasionplus.com\/wp-content\/uploads\/2018\/11\/800x445-Banner-Ocasionplus-Feria-Nov-2018-ampliacion.jpg\",\"contentUrl\":\"https:\/\/www.ocasionplus.com\/wp-content\/uploads\/2018\/11\/800x445-Banner-Ocasionplus-Feria-Nov-2018-ampliacion.jpg\",\"width\":800,\"height\":445,\"caption\":\"Extendemos una semana m\u00e1s la Feria de OcasionPlus\"},{\"@type\":\"BreadcrumbList\",\"@id\":\"https:\/\/www.ocasionplus.com\/noticias\/una-semana-mas-feria-ocasionplus\/#breadcrumb\",\"itemListElement\":[{\"@type\":\"ListItem\",\"position\":1,\"name\":\"Portada\",\"item\":\"https:\/\/www.ocasionplus.com\/noticias\/\"},{\"@type\":\"ListItem\",\"position\":2,\"name\":\"\u00a1Una semana m\u00e1s de Feria de Ocasi\u00f3n en OcasionPlus! \u00a1Se acaban los d\u00edas, pero no los coches!\"}]},{\"@type\":\"WebSite\",\"@id\":\"https:\/\/www.ocasionplus.com\/noticias\/#website\",\"url\":\"https:\/\/www.ocasionplus.com\/noticias\/\",\"name\":\"OcasionPlus Blog\",\"description\":\"Veh\u00edculos de ocasi\u00f3n\",\"publisher\":{\"@id\":\"https:\/\/www.ocasionplus.com\/noticias\/#organization\"},\"potentialAction\":[{\"@type\":\"SearchAction\",\"target\":{\"@type\":\"EntryPoint\",\"urlTemplate\":\"https:\/\/www.ocasionplus.com\/noticias\/?s={search_term_string}\"},\"query-input\":{\"@type\":\"PropertyValueSpecification\",\"valueRequired\":true,\"valueName\":\"search_term_string\"}}],\"inLanguage\":\"es\"},{\"@type\":\"Organization\",\"@id\":\"https:\/\/www.ocasionplus.com\/noticias\/#organization\",\"name\":\"OcasionPlus\",\"url\":\"https:\/\/www.ocasionplus.com\/noticias\/\",\"logo\":{\"@type\":\"ImageObject\",\"inLanguage\":\"es\",\"@id\":\"https:\/\/www.ocasionplus.com\/noticias\/#\/schema\/logo\/image\/\",\"url\":\"https:\/\/www.ocasionplus.com\/wp-content\/uploads\/2024\/05\/cropped-cropped-oplus-logo-blog.png\",\"contentUrl\":\"https:\/\/www.ocasionplus.com\/wp-content\/uploads\/2024\/05\/cropped-cropped-oplus-logo-blog.png\",\"width\":360,\"height\":71,\"caption\":\"OcasionPlus\"},\"image\":{\"@id\":\"https:\/\/www.ocasionplus.com\/noticias\/#\/schema\/logo\/image\/\"},\"sameAs\":[\"https:\/\/www.facebook.com\/ocasionplus\",\"https:\/\/x.com\/ocasionplus\",\"https:\/\/www.instagram.com\/ocasion_plus\",\"https:\/\/www.youtube.com\/channel\/UCBiCAto61Lyu27CgI95wrYQ\",\"https:\/\/www.tiktok.com\/@ocasionplus.com\",\"https:\/\/es.linkedin.com\/company\/ocasionplus\"]},{\"@type\":\"Person\",\"@id\":\"https:\/\/www.ocasionplus.com\/noticias\/#\/schema\/person\/7ab10ae859759ef2622b28e83ba868eb\",\"name\":\"OcasionPlus\",\"image\":{\"@type\":\"ImageObject\",\"inLanguage\":\"es\",\"@id\":\"https:\/\/www.ocasionplus.com\/noticias\/#\/schema\/person\/image\/\",\"url\":\"https:\/\/www.ocasionplus.com\/wp-content\/uploads\/2024\/07\/ocasionplus_avatar-96x96.jpg\",\"contentUrl\":\"https:\/\/www.ocasionplus.com\/wp-content\/uploads\/2024\/07\/ocasionplus_avatar-96x96.jpg\",\"caption\":\"OcasionPlus\"}}]}<\/script>\n<!-- \/ Yoast SEO Premium plugin. -->","yoast_head_json":{"title":"\u00a1Una semana m\u00e1s de Feria de Ocasi\u00f3n en OcasionPlus!","description":"Por petici\u00f3n popular, hemos decidido ampliar una semana m\u00e1s la Feria de OcasionPlus. Tienes de plazo hasta el pr\u00f3ximo domingo d\u00eda 25 de noviembre. \u00a1Corre!","robots":{"index":"index","follow":"follow","max-snippet":"max-snippet:-1","max-image-preview":"max-image-preview:large","max-video-preview":"max-video-preview:-1"},"canonical":"https:\/\/www.ocasionplus.com\/noticias\/una-semana-mas-feria-ocasionplus\/","og_locale":"es_ES","og_type":"article","og_title":"\u00a1Una semana m\u00e1s de Feria de Ocasi\u00f3n en OcasionPlus! \u00a1Se acaban los d\u00edas, pero no los coches!","og_description":"Por petici\u00f3n popular, hemos decidido ampliar una semana m\u00e1s la Feria de OcasionPlus. Tienes de plazo hasta el pr\u00f3ximo domingo d\u00eda 25 de noviembre. \u00a1Corre!","og_url":"https:\/\/www.ocasionplus.com\/noticias\/una-semana-mas-feria-ocasionplus\/","og_site_name":"OcasionPlus Blog","article_publisher":"https:\/\/www.facebook.com\/ocasionplus","article_published_time":"2018-11-19T09:56:43+00:00","article_modified_time":"2025-03-27T14:46:51+00:00","og_image":[{"width":800,"height":445,"url":"https:\/\/www.ocasionplus.com\/wp-content\/uploads\/2018\/11\/800x445-Banner-Ocasionplus-Feria-Nov-2018-ampliacion.jpg","type":"image\/jpeg"}],"author":"OcasionPlus","twitter_card":"summary_large_image","twitter_creator":"@ocasionplus","twitter_site":"@ocasionplus","twitter_misc":{"Escrito por":"OcasionPlus","Tiempo de lectura":"2 minutos"},"schema":{"@context":"https:\/\/schema.org","@graph":[{"@type":"Article","@id":"https:\/\/www.ocasionplus.com\/noticias\/una-semana-mas-feria-ocasionplus\/#article","isPartOf":{"@id":"https:\/\/www.ocasionplus.com\/noticias\/una-semana-mas-feria-ocasionplus\/"},"author":{"name":"OcasionPlus","@id":"https:\/\/www.ocasionplus.com\/noticias\/#\/schema\/person\/7ab10ae859759ef2622b28e83ba868eb"},"headline":"\u00a1Una semana m\u00e1s de Feria de Ocasi\u00f3n en OcasionPlus! \u00a1Se acaban los d\u00edas, pero no los coches!","datePublished":"2018-11-19T09:56:43+00:00","dateModified":"2025-03-27T14:46:51+00:00","mainEntityOfPage":{"@id":"https:\/\/www.ocasionplus.com\/noticias\/una-semana-mas-feria-ocasionplus\/"},"wordCount":460,"publisher":{"@id":"https:\/\/www.ocasionplus.com\/noticias\/#organization"},"image":{"@id":"https:\/\/www.ocasionplus.com\/noticias\/una-semana-mas-feria-ocasionplus\/#primaryimage"},"thumbnailUrl":"https:\/\/www.ocasionplus.com\/wp-content\/uploads\/2018\/11\/800x445-Banner-Ocasionplus-Feria-Nov-2018-ampliacion.jpg","articleSection":["Actualidad OcasionPlus"],"inLanguage":"es","copyrightYear":"2018","copyrightHolder":{"@id":"https:\/\/www.ocasionplus.com\/noticias\/#organization"}},{"@type":"WebPage","@id":"https:\/\/www.ocasionplus.com\/noticias\/una-semana-mas-feria-ocasionplus\/","url":"https:\/\/www.ocasionplus.com\/noticias\/una-semana-mas-feria-ocasionplus\/","name":"\u00a1Una semana m\u00e1s de Feria de Ocasi\u00f3n en OcasionPlus!","isPartOf":{"@id":"https:\/\/www.ocasionplus.com\/noticias\/#website"},"primaryImageOfPage":{"@id":"https:\/\/www.ocasionplus.com\/noticias\/una-semana-mas-feria-ocasionplus\/#primaryimage"},"image":{"@id":"https:\/\/www.ocasionplus.com\/noticias\/una-semana-mas-feria-ocasionplus\/#primaryimage"},"thumbnailUrl":"https:\/\/www.ocasionplus.com\/wp-content\/uploads\/2018\/11\/800x445-Banner-Ocasionplus-Feria-Nov-2018-ampliacion.jpg","datePublished":"2018-11-19T09:56:43+00:00","dateModified":"2025-03-27T14:46:51+00:00","description":"Por petici\u00f3n popular, hemos decidido ampliar una semana m\u00e1s la Feria de OcasionPlus. Tienes de plazo hasta el pr\u00f3ximo domingo d\u00eda 25 de noviembre. \u00a1Corre!","breadcrumb":{"@id":"https:\/\/www.ocasionplus.com\/noticias\/una-semana-mas-feria-ocasionplus\/#breadcrumb"},"inLanguage":"es","potentialAction":[{"@type":"ReadAction","target":["https:\/\/www.ocasionplus.com\/noticias\/una-semana-mas-feria-ocasionplus\/"]}]},{"@type":"ImageObject","inLanguage":"es","@id":"https:\/\/www.ocasionplus.com\/noticias\/una-semana-mas-feria-ocasionplus\/#primaryimage","url":"https:\/\/www.ocasionplus.com\/wp-content\/uploads\/2018\/11\/800x445-Banner-Ocasionplus-Feria-Nov-2018-ampliacion.jpg","contentUrl":"https:\/\/www.ocasionplus.com\/wp-content\/uploads\/2018\/11\/800x445-Banner-Ocasionplus-Feria-Nov-2018-ampliacion.jpg","width":800,"height":445,"caption":"Extendemos una semana m\u00e1s la Feria de OcasionPlus"},{"@type":"BreadcrumbList","@id":"https:\/\/www.ocasionplus.com\/noticias\/una-semana-mas-feria-ocasionplus\/#breadcrumb","itemListElement":[{"@type":"ListItem","position":1,"name":"Portada","item":"https:\/\/www.ocasionplus.com\/noticias\/"},{"@type":"ListItem","position":2,"name":"\u00a1Una semana m\u00e1s de Feria de Ocasi\u00f3n en OcasionPlus! \u00a1Se acaban los d\u00edas, pero no los coches!"}]},{"@type":"WebSite","@id":"https:\/\/www.ocasionplus.com\/noticias\/#website","url":"https:\/\/www.ocasionplus.com\/noticias\/","name":"OcasionPlus Blog","description":"Veh\u00edculos de ocasi\u00f3n","publisher":{"@id":"https:\/\/www.ocasionplus.com\/noticias\/#organization"},"potentialAction":[{"@type":"SearchAction","target":{"@type":"EntryPoint","urlTemplate":"https:\/\/www.ocasionplus.com\/noticias\/?s={search_term_string}"},"query-input":{"@type":"PropertyValueSpecification","valueRequired":true,"valueName":"search_term_string"}}],"inLanguage":"es"},{"@type":"Organization","@id":"https:\/\/www.ocasionplus.com\/noticias\/#organization","name":"OcasionPlus","url":"https:\/\/www.ocasionplus.com\/noticias\/","logo":{"@type":"ImageObject","inLanguage":"es","@id":"https:\/\/www.ocasionplus.com\/noticias\/#\/schema\/logo\/image\/","url":"https:\/\/www.ocasionplus.com\/wp-content\/uploads\/2024\/05\/cropped-cropped-oplus-logo-blog.png","contentUrl":"https:\/\/www.ocasionplus.com\/wp-content\/uploads\/2024\/05\/cropped-cropped-oplus-logo-blog.png","width":360,"height":71,"caption":"OcasionPlus"},"image":{"@id":"https:\/\/www.ocasionplus.com\/noticias\/#\/schema\/logo\/image\/"},"sameAs":["https:\/\/www.facebook.com\/ocasionplus","https:\/\/x.com\/ocasionplus","https:\/\/www.instagram.com\/ocasion_plus","https:\/\/www.youtube.com\/channel\/UCBiCAto61Lyu27CgI95wrYQ","https:\/\/www.tiktok.com\/@ocasionplus.com","https:\/\/es.linkedin.com\/company\/ocasionplus"]},{"@type":"Person","@id":"https:\/\/www.ocasionplus.com\/noticias\/#\/schema\/person\/7ab10ae859759ef2622b28e83ba868eb","name":"OcasionPlus","image":{"@type":"ImageObject","inLanguage":"es","@id":"https:\/\/www.ocasionplus.com\/noticias\/#\/schema\/person\/image\/","url":"https:\/\/www.ocasionplus.com\/wp-content\/uploads\/2024\/07\/ocasionplus_avatar-96x96.jpg","contentUrl":"https:\/\/www.ocasionplus.com\/wp-content\/uploads\/2024\/07\/ocasionplus_avatar-96x96.jpg","caption":"OcasionPlus"}}]}},"jetpack_featured_media_url":"https:\/\/www.ocasionplus.com\/wp-content\/uploads\/2018\/11\/800x445-Banner-Ocasionplus-Feria-Nov-2018-ampliacion.jpg","_links":{"self":[{"href":"https:\/\/www.ocasionplus.com\/noticias\/wp-json\/wp\/v2\/posts\/7795","targetHints":{"allow":["GET"]}}],"collection":[{"href":"https:\/\/www.ocasionplus.com\/noticias\/wp-json\/wp\/v2\/posts"}],"about":[{"href":"https:\/\/www.ocasionplus.com\/noticias\/wp-json\/wp\/v2\/types\/post"}],"author":[{"embeddable":true,"href":"https:\/\/www.ocasionplus.com\/noticias\/wp-json\/wp\/v2\/users\/2"}],"replies":[{"embeddable":true,"href":"https:\/\/www.ocasionplus.com\/noticias\/wp-json\/wp\/v2\/comments?post=7795"}],"version-history":[{"count":1,"href":"https:\/\/www.ocasionplus.com\/noticias\/wp-json\/wp\/v2\/posts\/7795\/revisions"}],"predecessor-version":[{"id":15340,"href":"https:\/\/www.ocasionplus.com\/noticias\/wp-json\/wp\/v2\/posts\/7795\/revisions\/15340"}],"wp:featuredmedia":[{"embeddable":true,"href":"https:\/\/www.ocasionplus.com\/noticias\/wp-json\/wp\/v2\/media\/7796"}],"wp:attachment":[{"href":"https:\/\/www.ocasionplus.com\/noticias\/wp-json\/wp\/v2\/media?parent=7795"}],"wp:term":[{"taxonomy":"category","embeddable":true,"href":"https:\/\/www.ocasionplus.com\/noticias\/wp-json\/wp\/v2\/categories?post=7795"},{"taxonomy":"post_tag","embeddable":true,"href":"https:\/\/www.ocasionplus.com\/noticias\/wp-json\/wp\/v2\/tags?post=7795"}],"curies":[{"name":"wp","href":"https:\/\/api.w.org\/{rel}","templated":true}]}}