{"id":7830,"date":"2018-11-22T10:59:40","date_gmt":"2018-11-22T09:59:40","guid":{"rendered":"https:\/\/blog.ocasionplus.com\/?p=7830"},"modified":"2025-03-27T15:46:50","modified_gmt":"2025-03-27T14:46:50","slug":"ocasionplus-celebra-su-black-weekend","status":"publish","type":"post","link":"https:\/\/www.ocasionplus.com\/noticias\/ocasionplus-celebra-su-black-weekend\/","title":{"rendered":"\u00a1Otros solo tienen Black Friday! \u00a1OcasionPlus celebra su Black Weekend!"},"content":{"rendered":"<p>Para quien est\u00e9 pensando en comprar un <a href=\"https:\/\/www.ocasionplus.com\/coches-ocasion\"><strong>coche de ocasi\u00f3n<\/strong><\/a>, no habr\u00e1 una mejor oportunidad.<strong> Porque si otros tienen un Black Friday este viernes 23 de noviembre, en\u00a0<a href=\"https:\/\/www.ocasionplus.com\">OcasionPlus<\/a> celebramos todo un fin de semana black: el Black Weekend<\/strong>. <strong>96 horas de precios locos, del jueves 22 al domingo 25 de noviembre, con descuentos de hasta 6.000 euros, sin distinciones de modelos ni marcas, en la que todos los coches tienen descuento<\/strong>.<\/p>\n<p><strong>Bajan los precios, pero no las ventajas de comprar un coche en <a href=\"https:\/\/www.ocasionplus.com\">OcasionPlus<\/a><\/strong>, el n\u00famero uno en relaci\u00f3n calidad-precio. Son las mismas facilidades de <strong>financiaci\u00f3n 100% en el acto<\/strong>, pudiendo comprar el coche de segunda mano <strong>sin aportar entrada alguna<\/strong>. La <strong>misma transparencia<\/strong> para consultar la matr\u00edcula o el <strong>informe independiente de Carfax<\/strong> al instante, con <strong>garant\u00eda de 12 meses, ampliable a 24<\/strong> y&#8230;si eres de una regi\u00f3n en la que no haya tienda, <strong>servicio a domicilio sin coste adicional<\/strong> para la entrega del coche.<\/p>\n<p>Pero adem\u00e1s de comprar un coche, <strong>una oportunidad \u00fanica para <a href=\"https:\/\/blog.ocasionplus.com\/como-vender-mi-coche\/\">vender el antiguo coche<\/a><\/strong> di\u00e9sel por uno de gasolina para poder entrar a <a href=\"https:\/\/blog.ocasionplus.com\/madrid-central-todas-las-claves\/\"><strong>Madrid Central<\/strong><\/a> sin preocuparse por las limitaciones de acceso debido a las emisiones. O para comprar un <a href=\"https:\/\/blog.ocasionplus.com\/20-mejores-suv-segunda-mano\/\"><strong>SUV<\/strong><\/a> con m\u00e1s espacio para un nuevo integrante en la familia que est\u00e1 por llegar, dejando la berlina o el compacto en la tienda como parte del pago. O incluso para pasarse a un <strong>utilitario<\/strong> f\u00e1cil de aparcar en la ciudad, sin olvidarse de una <strong>moto<\/strong> con la que olvidarse de atascos.<\/p>\n<p><strong>Cualquier modelo y al mejor precio durante el Black Weekend<\/strong>. Porque cuando otros acaben su Black Friday, <a href=\"https:\/\/www.ocasionplus.com\"><strong>OcasionPlus<\/strong> <\/a><strong>mantendr\u00e1 dos d\u00edas m\u00e1s de precios sin competencia durante el fin de semana en todos los centros<\/strong>: cinco en la Comunidad de Madrid (Collado Villalba, Las Rozas, Getafe y dos en Rivas Vaciamadrid) con horario ampliado el domingo por la tarde, tres en la Comunidad Valenciana (Paterna, Alzira y Castell\u00f3n) y otro en Pamplona, tambi\u00e9n con horario ampliado el domingo por la ma\u00f1ana.<\/p>\n<p><strong>No tienes por qu\u00e9 escoger coches de color negro, pero mira qu\u00e9 tres modelos nos acaban de llegar<\/strong>:<\/p>\n<figure id=\"attachment_7836\" aria-describedby=\"caption-attachment-7836\" style=\"width: 437px\" class=\"wp-caption alignnone\"><a href=\"https:\/\/www.ocasionplus.com\/coches-segunda-mano\/toyota-c-hr-1.8-125h-advance-con-33190km-2017\"><img loading=\"lazy\" decoding=\"async\" class=\"wp-image-7836 \" src=\"http:\/\/127.0.0.1\/wp-content\/uploads\/2018\/11\/C-HR-300x225.jpg\" alt=\"Toyota C-HR de segunda mano al mejor precio en el Black Weekend\" width=\"437\" height=\"328\" srcset=\"https:\/\/www.ocasionplus.com\/wp-content\/uploads\/2018\/11\/C-HR-300x225.jpg 300w, https:\/\/www.ocasionplus.com\/wp-content\/uploads\/2018\/11\/C-HR-768x576.jpg 768w, https:\/\/www.ocasionplus.com\/wp-content\/uploads\/2018\/11\/C-HR.jpg 800w\" sizes=\"auto, (max-width: 437px) 100vw, 437px\" \/><\/a><figcaption id=\"caption-attachment-7836\" class=\"wp-caption-text\">Toyota C-HR<\/figcaption><\/figure>\n<figure id=\"attachment_7837\" aria-describedby=\"caption-attachment-7837\" style=\"width: 436px\" class=\"wp-caption alignnone\"><a href=\"https:\/\/www.ocasionplus.com\/coches-segunda-mano\/audi-tt-1.8-tfsi-s-tronic-coupe-con-31662km-2017\"><img loading=\"lazy\" decoding=\"async\" class=\"wp-image-7837 \" src=\"http:\/\/127.0.0.1\/wp-content\/uploads\/2018\/11\/tt-300x225.jpg\" alt=\"Audi TT Coup\u00e9 de ocasi\u00f3n barato en el Black Weekend\" width=\"436\" height=\"327\" srcset=\"https:\/\/www.ocasionplus.com\/wp-content\/uploads\/2018\/11\/tt-300x225.jpg 300w, https:\/\/www.ocasionplus.com\/wp-content\/uploads\/2018\/11\/tt-768x576.jpg 768w, https:\/\/www.ocasionplus.com\/wp-content\/uploads\/2018\/11\/tt.jpg 800w\" sizes=\"auto, (max-width: 436px) 100vw, 436px\" \/><\/a><figcaption id=\"caption-attachment-7837\" class=\"wp-caption-text\">Audi TT Coup\u00e9<\/figcaption><\/figure>\n<figure id=\"attachment_7838\" aria-describedby=\"caption-attachment-7838\" style=\"width: 435px\" class=\"wp-caption alignnone\"><a href=\"https:\/\/www.ocasionplus.com\/coches-segunda-mano\/ford-fiesta-1.0-ecoboost-100cv-titanium-start-stop5p-con-29905km-2015\"><img loading=\"lazy\" decoding=\"async\" class=\"wp-image-7838 \" src=\"http:\/\/127.0.0.1\/wp-content\/uploads\/2018\/11\/fiesta-300x225.jpg\" alt=\"Ford Fiesta de ocasi\u00f3n m\u00e1s barato en el Black Weekend de OcasionPlus\" width=\"435\" height=\"326\" srcset=\"https:\/\/www.ocasionplus.com\/wp-content\/uploads\/2018\/11\/fiesta-300x225.jpg 300w, https:\/\/www.ocasionplus.com\/wp-content\/uploads\/2018\/11\/fiesta-768x576.jpg 768w, https:\/\/www.ocasionplus.com\/wp-content\/uploads\/2018\/11\/fiesta.jpg 800w\" sizes=\"auto, (max-width: 435px) 100vw, 435px\" \/><\/a><figcaption id=\"caption-attachment-7838\" class=\"wp-caption-text\">Ford Fiesta<\/figcaption><\/figure>\n<p>&nbsp;<\/p>\n<p><strong>\u00a1No dejes pasar la oportunidad! \u00a1No dejes pasar el Black Weekend de OcasionPlus!<\/strong><\/p>\n","protected":false},"excerpt":{"rendered":"<p>Cuatro d\u00edas de precios locos en todos los coches. Del jueves 22 al domingo 25 de noviembre, d\u00eda que abrimos todos nuestros centros por la ma\u00f1ana y los de la Comunidad de Madrid tambi\u00e9n por la tarde. \u00a1No dejes pasar el Black Weekend de OcasionPlus!<\/p>\n","protected":false},"author":2,"featured_media":7835,"comment_status":"closed","ping_status":"closed","sticky":false,"template":"","format":"standard","meta":{"footnotes":""},"categories":[3],"tags":[],"class_list":["post-7830","post","type-post","status-publish","format-standard","has-post-thumbnail","hentry","category-ocasionplus"],"yoast_head":"<!-- This site is optimized with the Yoast SEO Premium plugin v24.8 (Yoast SEO v24.8.1) - https:\/\/yoast.com\/wordpress\/plugins\/seo\/ -->\n<title>\u00a1Otros solo tienen Black Friday! \u00a1OcasionPlus celebra su Black Weekend!<\/title>\n<meta name=\"description\" content=\"Cuatro d\u00edas de precios locos en todos los coches. Del jueves 22 al domingo 25 de noviembre. \u00a1No dejes pasar el Black Weekend de OcasionPlus!\" \/>\n<meta name=\"robots\" content=\"index, follow, max-snippet:-1, max-image-preview:large, max-video-preview:-1\" \/>\n<link rel=\"canonical\" href=\"https:\/\/www.ocasionplus.com\/noticias\/ocasionplus-celebra-su-black-weekend\/\" \/>\n<meta property=\"og:locale\" content=\"es_ES\" \/>\n<meta property=\"og:type\" content=\"article\" \/>\n<meta property=\"og:title\" content=\"\u00a1Otros solo tienen Black Friday! \u00a1OcasionPlus celebra su Black Weekend!\" \/>\n<meta property=\"og:description\" content=\"Cuatro d\u00edas de precios locos en todos los coches. Del jueves 22 al domingo 25 de noviembre. \u00a1No dejes pasar el Black Weekend de OcasionPlus!\" \/>\n<meta property=\"og:url\" content=\"https:\/\/www.ocasionplus.com\/noticias\/ocasionplus-celebra-su-black-weekend\/\" \/>\n<meta property=\"og:site_name\" content=\"OcasionPlus Blog\" \/>\n<meta property=\"article:publisher\" content=\"https:\/\/www.facebook.com\/ocasionplus\" \/>\n<meta property=\"article:published_time\" content=\"2018-11-22T09:59:40+00:00\" \/>\n<meta property=\"article:modified_time\" content=\"2025-03-27T14:46:50+00:00\" \/>\n<meta property=\"og:image\" content=\"https:\/\/www.ocasionplus.com\/wp-content\/uploads\/2018\/11\/800x445-Banner-Ocasionplus-Blackweekend-2018.jpg\" \/>\n\t<meta property=\"og:image:width\" content=\"800\" \/>\n\t<meta property=\"og:image:height\" content=\"445\" \/>\n\t<meta property=\"og:image:type\" content=\"image\/jpeg\" \/>\n<meta name=\"author\" content=\"OcasionPlus\" \/>\n<meta name=\"twitter:card\" content=\"summary_large_image\" \/>\n<meta name=\"twitter:creator\" content=\"@ocasionplus\" \/>\n<meta name=\"twitter:site\" content=\"@ocasionplus\" \/>\n<meta name=\"twitter:label1\" content=\"Escrito por\" \/>\n\t<meta name=\"twitter:data1\" content=\"OcasionPlus\" \/>\n\t<meta name=\"twitter:label2\" content=\"Tiempo de lectura\" \/>\n\t<meta name=\"twitter:data2\" content=\"2 minutos\" \/>\n<script type=\"application\/ld+json\" class=\"yoast-schema-graph\">{\"@context\":\"https:\/\/schema.org\",\"@graph\":[{\"@type\":\"Article\",\"@id\":\"https:\/\/www.ocasionplus.com\/noticias\/ocasionplus-celebra-su-black-weekend\/#article\",\"isPartOf\":{\"@id\":\"https:\/\/www.ocasionplus.com\/noticias\/ocasionplus-celebra-su-black-weekend\/\"},\"author\":{\"name\":\"OcasionPlus\",\"@id\":\"https:\/\/www.ocasionplus.com\/noticias\/#\/schema\/person\/7ab10ae859759ef2622b28e83ba868eb\"},\"headline\":\"\u00a1Otros solo tienen Black Friday! \u00a1OcasionPlus celebra su Black Weekend!\",\"datePublished\":\"2018-11-22T09:59:40+00:00\",\"dateModified\":\"2025-03-27T14:46:50+00:00\",\"mainEntityOfPage\":{\"@id\":\"https:\/\/www.ocasionplus.com\/noticias\/ocasionplus-celebra-su-black-weekend\/\"},\"wordCount\":409,\"publisher\":{\"@id\":\"https:\/\/www.ocasionplus.com\/noticias\/#organization\"},\"image\":{\"@id\":\"https:\/\/www.ocasionplus.com\/noticias\/ocasionplus-celebra-su-black-weekend\/#primaryimage\"},\"thumbnailUrl\":\"https:\/\/www.ocasionplus.com\/wp-content\/uploads\/2018\/11\/800x445-Banner-Ocasionplus-Blackweekend-2018.jpg\",\"articleSection\":[\"Actualidad OcasionPlus\"],\"inLanguage\":\"es\",\"copyrightYear\":\"2018\",\"copyrightHolder\":{\"@id\":\"https:\/\/www.ocasionplus.com\/noticias\/#organization\"}},{\"@type\":\"WebPage\",\"@id\":\"https:\/\/www.ocasionplus.com\/noticias\/ocasionplus-celebra-su-black-weekend\/\",\"url\":\"https:\/\/www.ocasionplus.com\/noticias\/ocasionplus-celebra-su-black-weekend\/\",\"name\":\"\u00a1Otros solo tienen Black Friday! \u00a1OcasionPlus celebra su Black Weekend!\",\"isPartOf\":{\"@id\":\"https:\/\/www.ocasionplus.com\/noticias\/#website\"},\"primaryImageOfPage\":{\"@id\":\"https:\/\/www.ocasionplus.com\/noticias\/ocasionplus-celebra-su-black-weekend\/#primaryimage\"},\"image\":{\"@id\":\"https:\/\/www.ocasionplus.com\/noticias\/ocasionplus-celebra-su-black-weekend\/#primaryimage\"},\"thumbnailUrl\":\"https:\/\/www.ocasionplus.com\/wp-content\/uploads\/2018\/11\/800x445-Banner-Ocasionplus-Blackweekend-2018.jpg\",\"datePublished\":\"2018-11-22T09:59:40+00:00\",\"dateModified\":\"2025-03-27T14:46:50+00:00\",\"description\":\"Cuatro d\u00edas de precios locos en todos los coches. Del jueves 22 al domingo 25 de noviembre. \u00a1No dejes pasar el Black Weekend de OcasionPlus!\",\"breadcrumb\":{\"@id\":\"https:\/\/www.ocasionplus.com\/noticias\/ocasionplus-celebra-su-black-weekend\/#breadcrumb\"},\"inLanguage\":\"es\",\"potentialAction\":[{\"@type\":\"ReadAction\",\"target\":[\"https:\/\/www.ocasionplus.com\/noticias\/ocasionplus-celebra-su-black-weekend\/\"]}]},{\"@type\":\"ImageObject\",\"inLanguage\":\"es\",\"@id\":\"https:\/\/www.ocasionplus.com\/noticias\/ocasionplus-celebra-su-black-weekend\/#primaryimage\",\"url\":\"https:\/\/www.ocasionplus.com\/wp-content\/uploads\/2018\/11\/800x445-Banner-Ocasionplus-Blackweekend-2018.jpg\",\"contentUrl\":\"https:\/\/www.ocasionplus.com\/wp-content\/uploads\/2018\/11\/800x445-Banner-Ocasionplus-Blackweekend-2018.jpg\",\"width\":800,\"height\":445,\"caption\":\"El Black Weekend de Ocasionplus, solo hasta el 25 de noviembre\"},{\"@type\":\"BreadcrumbList\",\"@id\":\"https:\/\/www.ocasionplus.com\/noticias\/ocasionplus-celebra-su-black-weekend\/#breadcrumb\",\"itemListElement\":[{\"@type\":\"ListItem\",\"position\":1,\"name\":\"Portada\",\"item\":\"https:\/\/www.ocasionplus.com\/noticias\/\"},{\"@type\":\"ListItem\",\"position\":2,\"name\":\"\u00a1Otros solo tienen Black Friday! \u00a1OcasionPlus celebra su Black Weekend!\"}]},{\"@type\":\"WebSite\",\"@id\":\"https:\/\/www.ocasionplus.com\/noticias\/#website\",\"url\":\"https:\/\/www.ocasionplus.com\/noticias\/\",\"name\":\"OcasionPlus Blog\",\"description\":\"Veh\u00edculos de ocasi\u00f3n\",\"publisher\":{\"@id\":\"https:\/\/www.ocasionplus.com\/noticias\/#organization\"},\"potentialAction\":[{\"@type\":\"SearchAction\",\"target\":{\"@type\":\"EntryPoint\",\"urlTemplate\":\"https:\/\/www.ocasionplus.com\/noticias\/?s={search_term_string}\"},\"query-input\":{\"@type\":\"PropertyValueSpecification\",\"valueRequired\":true,\"valueName\":\"search_term_string\"}}],\"inLanguage\":\"es\"},{\"@type\":\"Organization\",\"@id\":\"https:\/\/www.ocasionplus.com\/noticias\/#organization\",\"name\":\"OcasionPlus\",\"url\":\"https:\/\/www.ocasionplus.com\/noticias\/\",\"logo\":{\"@type\":\"ImageObject\",\"inLanguage\":\"es\",\"@id\":\"https:\/\/www.ocasionplus.com\/noticias\/#\/schema\/logo\/image\/\",\"url\":\"https:\/\/www.ocasionplus.com\/wp-content\/uploads\/2024\/05\/cropped-cropped-oplus-logo-blog.png\",\"contentUrl\":\"https:\/\/www.ocasionplus.com\/wp-content\/uploads\/2024\/05\/cropped-cropped-oplus-logo-blog.png\",\"width\":360,\"height\":71,\"caption\":\"OcasionPlus\"},\"image\":{\"@id\":\"https:\/\/www.ocasionplus.com\/noticias\/#\/schema\/logo\/image\/\"},\"sameAs\":[\"https:\/\/www.facebook.com\/ocasionplus\",\"https:\/\/x.com\/ocasionplus\",\"https:\/\/www.instagram.com\/ocasion_plus\",\"https:\/\/www.youtube.com\/channel\/UCBiCAto61Lyu27CgI95wrYQ\",\"https:\/\/www.tiktok.com\/@ocasionplus.com\",\"https:\/\/es.linkedin.com\/company\/ocasionplus\"]},{\"@type\":\"Person\",\"@id\":\"https:\/\/www.ocasionplus.com\/noticias\/#\/schema\/person\/7ab10ae859759ef2622b28e83ba868eb\",\"name\":\"OcasionPlus\",\"image\":{\"@type\":\"ImageObject\",\"inLanguage\":\"es\",\"@id\":\"https:\/\/www.ocasionplus.com\/noticias\/#\/schema\/person\/image\/\",\"url\":\"https:\/\/www.ocasionplus.com\/wp-content\/uploads\/2024\/07\/ocasionplus_avatar-96x96.jpg\",\"contentUrl\":\"https:\/\/www.ocasionplus.com\/wp-content\/uploads\/2024\/07\/ocasionplus_avatar-96x96.jpg\",\"caption\":\"OcasionPlus\"}}]}<\/script>\n<!-- \/ Yoast SEO Premium plugin. -->","yoast_head_json":{"title":"\u00a1Otros solo tienen Black Friday! \u00a1OcasionPlus celebra su Black Weekend!","description":"Cuatro d\u00edas de precios locos en todos los coches. Del jueves 22 al domingo 25 de noviembre. \u00a1No dejes pasar el Black Weekend de OcasionPlus!","robots":{"index":"index","follow":"follow","max-snippet":"max-snippet:-1","max-image-preview":"max-image-preview:large","max-video-preview":"max-video-preview:-1"},"canonical":"https:\/\/www.ocasionplus.com\/noticias\/ocasionplus-celebra-su-black-weekend\/","og_locale":"es_ES","og_type":"article","og_title":"\u00a1Otros solo tienen Black Friday! \u00a1OcasionPlus celebra su Black Weekend!","og_description":"Cuatro d\u00edas de precios locos en todos los coches. Del jueves 22 al domingo 25 de noviembre. \u00a1No dejes pasar el Black Weekend de OcasionPlus!","og_url":"https:\/\/www.ocasionplus.com\/noticias\/ocasionplus-celebra-su-black-weekend\/","og_site_name":"OcasionPlus Blog","article_publisher":"https:\/\/www.facebook.com\/ocasionplus","article_published_time":"2018-11-22T09:59:40+00:00","article_modified_time":"2025-03-27T14:46:50+00:00","og_image":[{"width":800,"height":445,"url":"https:\/\/www.ocasionplus.com\/wp-content\/uploads\/2018\/11\/800x445-Banner-Ocasionplus-Blackweekend-2018.jpg","type":"image\/jpeg"}],"author":"OcasionPlus","twitter_card":"summary_large_image","twitter_creator":"@ocasionplus","twitter_site":"@ocasionplus","twitter_misc":{"Escrito por":"OcasionPlus","Tiempo de lectura":"2 minutos"},"schema":{"@context":"https:\/\/schema.org","@graph":[{"@type":"Article","@id":"https:\/\/www.ocasionplus.com\/noticias\/ocasionplus-celebra-su-black-weekend\/#article","isPartOf":{"@id":"https:\/\/www.ocasionplus.com\/noticias\/ocasionplus-celebra-su-black-weekend\/"},"author":{"name":"OcasionPlus","@id":"https:\/\/www.ocasionplus.com\/noticias\/#\/schema\/person\/7ab10ae859759ef2622b28e83ba868eb"},"headline":"\u00a1Otros solo tienen Black Friday! \u00a1OcasionPlus celebra su Black Weekend!","datePublished":"2018-11-22T09:59:40+00:00","dateModified":"2025-03-27T14:46:50+00:00","mainEntityOfPage":{"@id":"https:\/\/www.ocasionplus.com\/noticias\/ocasionplus-celebra-su-black-weekend\/"},"wordCount":409,"publisher":{"@id":"https:\/\/www.ocasionplus.com\/noticias\/#organization"},"image":{"@id":"https:\/\/www.ocasionplus.com\/noticias\/ocasionplus-celebra-su-black-weekend\/#primaryimage"},"thumbnailUrl":"https:\/\/www.ocasionplus.com\/wp-content\/uploads\/2018\/11\/800x445-Banner-Ocasionplus-Blackweekend-2018.jpg","articleSection":["Actualidad OcasionPlus"],"inLanguage":"es","copyrightYear":"2018","copyrightHolder":{"@id":"https:\/\/www.ocasionplus.com\/noticias\/#organization"}},{"@type":"WebPage","@id":"https:\/\/www.ocasionplus.com\/noticias\/ocasionplus-celebra-su-black-weekend\/","url":"https:\/\/www.ocasionplus.com\/noticias\/ocasionplus-celebra-su-black-weekend\/","name":"\u00a1Otros solo tienen Black Friday! \u00a1OcasionPlus celebra su Black Weekend!","isPartOf":{"@id":"https:\/\/www.ocasionplus.com\/noticias\/#website"},"primaryImageOfPage":{"@id":"https:\/\/www.ocasionplus.com\/noticias\/ocasionplus-celebra-su-black-weekend\/#primaryimage"},"image":{"@id":"https:\/\/www.ocasionplus.com\/noticias\/ocasionplus-celebra-su-black-weekend\/#primaryimage"},"thumbnailUrl":"https:\/\/www.ocasionplus.com\/wp-content\/uploads\/2018\/11\/800x445-Banner-Ocasionplus-Blackweekend-2018.jpg","datePublished":"2018-11-22T09:59:40+00:00","dateModified":"2025-03-27T14:46:50+00:00","description":"Cuatro d\u00edas de precios locos en todos los coches. Del jueves 22 al domingo 25 de noviembre. \u00a1No dejes pasar el Black Weekend de OcasionPlus!","breadcrumb":{"@id":"https:\/\/www.ocasionplus.com\/noticias\/ocasionplus-celebra-su-black-weekend\/#breadcrumb"},"inLanguage":"es","potentialAction":[{"@type":"ReadAction","target":["https:\/\/www.ocasionplus.com\/noticias\/ocasionplus-celebra-su-black-weekend\/"]}]},{"@type":"ImageObject","inLanguage":"es","@id":"https:\/\/www.ocasionplus.com\/noticias\/ocasionplus-celebra-su-black-weekend\/#primaryimage","url":"https:\/\/www.ocasionplus.com\/wp-content\/uploads\/2018\/11\/800x445-Banner-Ocasionplus-Blackweekend-2018.jpg","contentUrl":"https:\/\/www.ocasionplus.com\/wp-content\/uploads\/2018\/11\/800x445-Banner-Ocasionplus-Blackweekend-2018.jpg","width":800,"height":445,"caption":"El Black Weekend de Ocasionplus, solo hasta el 25 de noviembre"},{"@type":"BreadcrumbList","@id":"https:\/\/www.ocasionplus.com\/noticias\/ocasionplus-celebra-su-black-weekend\/#breadcrumb","itemListElement":[{"@type":"ListItem","position":1,"name":"Portada","item":"https:\/\/www.ocasionplus.com\/noticias\/"},{"@type":"ListItem","position":2,"name":"\u00a1Otros solo tienen Black Friday! \u00a1OcasionPlus celebra su Black Weekend!"}]},{"@type":"WebSite","@id":"https:\/\/www.ocasionplus.com\/noticias\/#website","url":"https:\/\/www.ocasionplus.com\/noticias\/","name":"OcasionPlus Blog","description":"Veh\u00edculos de ocasi\u00f3n","publisher":{"@id":"https:\/\/www.ocasionplus.com\/noticias\/#organization"},"potentialAction":[{"@type":"SearchAction","target":{"@type":"EntryPoint","urlTemplate":"https:\/\/www.ocasionplus.com\/noticias\/?s={search_term_string}"},"query-input":{"@type":"PropertyValueSpecification","valueRequired":true,"valueName":"search_term_string"}}],"inLanguage":"es"},{"@type":"Organization","@id":"https:\/\/www.ocasionplus.com\/noticias\/#organization","name":"OcasionPlus","url":"https:\/\/www.ocasionplus.com\/noticias\/","logo":{"@type":"ImageObject","inLanguage":"es","@id":"https:\/\/www.ocasionplus.com\/noticias\/#\/schema\/logo\/image\/","url":"https:\/\/www.ocasionplus.com\/wp-content\/uploads\/2024\/05\/cropped-cropped-oplus-logo-blog.png","contentUrl":"https:\/\/www.ocasionplus.com\/wp-content\/uploads\/2024\/05\/cropped-cropped-oplus-logo-blog.png","width":360,"height":71,"caption":"OcasionPlus"},"image":{"@id":"https:\/\/www.ocasionplus.com\/noticias\/#\/schema\/logo\/image\/"},"sameAs":["https:\/\/www.facebook.com\/ocasionplus","https:\/\/x.com\/ocasionplus","https:\/\/www.instagram.com\/ocasion_plus","https:\/\/www.youtube.com\/channel\/UCBiCAto61Lyu27CgI95wrYQ","https:\/\/www.tiktok.com\/@ocasionplus.com","https:\/\/es.linkedin.com\/company\/ocasionplus"]},{"@type":"Person","@id":"https:\/\/www.ocasionplus.com\/noticias\/#\/schema\/person\/7ab10ae859759ef2622b28e83ba868eb","name":"OcasionPlus","image":{"@type":"ImageObject","inLanguage":"es","@id":"https:\/\/www.ocasionplus.com\/noticias\/#\/schema\/person\/image\/","url":"https:\/\/www.ocasionplus.com\/wp-content\/uploads\/2024\/07\/ocasionplus_avatar-96x96.jpg","contentUrl":"https:\/\/www.ocasionplus.com\/wp-content\/uploads\/2024\/07\/ocasionplus_avatar-96x96.jpg","caption":"OcasionPlus"}}]}},"jetpack_featured_media_url":"https:\/\/www.ocasionplus.com\/wp-content\/uploads\/2018\/11\/800x445-Banner-Ocasionplus-Blackweekend-2018.jpg","_links":{"self":[{"href":"https:\/\/www.ocasionplus.com\/noticias\/wp-json\/wp\/v2\/posts\/7830","targetHints":{"allow":["GET"]}}],"collection":[{"href":"https:\/\/www.ocasionplus.com\/noticias\/wp-json\/wp\/v2\/posts"}],"about":[{"href":"https:\/\/www.ocasionplus.com\/noticias\/wp-json\/wp\/v2\/types\/post"}],"author":[{"embeddable":true,"href":"https:\/\/www.ocasionplus.com\/noticias\/wp-json\/wp\/v2\/users\/2"}],"replies":[{"embeddable":true,"href":"https:\/\/www.ocasionplus.com\/noticias\/wp-json\/wp\/v2\/comments?post=7830"}],"version-history":[{"count":1,"href":"https:\/\/www.ocasionplus.com\/noticias\/wp-json\/wp\/v2\/posts\/7830\/revisions"}],"predecessor-version":[{"id":15338,"href":"https:\/\/www.ocasionplus.com\/noticias\/wp-json\/wp\/v2\/posts\/7830\/revisions\/15338"}],"wp:featuredmedia":[{"embeddable":true,"href":"https:\/\/www.ocasionplus.com\/noticias\/wp-json\/wp\/v2\/media\/7835"}],"wp:attachment":[{"href":"https:\/\/www.ocasionplus.com\/noticias\/wp-json\/wp\/v2\/media?parent=7830"}],"wp:term":[{"taxonomy":"category","embeddable":true,"href":"https:\/\/www.ocasionplus.com\/noticias\/wp-json\/wp\/v2\/categories?post=7830"},{"taxonomy":"post_tag","embeddable":true,"href":"https:\/\/www.ocasionplus.com\/noticias\/wp-json\/wp\/v2\/tags?post=7830"}],"curies":[{"name":"wp","href":"https:\/\/api.w.org\/{rel}","templated":true}]}}