{"id":7897,"date":"2018-11-29T11:58:54","date_gmt":"2018-11-29T10:58:54","guid":{"rendered":"https:\/\/blog.ocasionplus.com\/?p=7897"},"modified":"2025-03-27T15:46:50","modified_gmt":"2025-03-27T14:46:50","slug":"asi-ha-evolucionado-el-porsche-911","status":"publish","type":"post","link":"https:\/\/www.ocasionplus.com\/noticias\/asi-ha-evolucionado-el-porsche-911\/","title":{"rendered":"As\u00ed ha evolucionado el Porsche 911 en sus 55 a\u00f1os de historia"},"content":{"rendered":"<p>Ha causado aut\u00e9ntica sensaci\u00f3n en el Sal\u00f3n del Autom\u00f3vil de Los \u00c1ngeles que comenz\u00f3 el mi\u00e9rcoles. Hablamos de la <strong>octava generaci\u00f3n del Porsche 911, que mantiene intacto su indiscutible ADN<\/strong> en cuanto a dise\u00f1o <a href=\"https:\/\/www.ocasionplus.com\/coches-ocasion\/porsche\"><strong>Porsche<\/strong><\/a>, pero es\u00a0al mismo tiempo\u00a0<strong>moderno y atemporal, con un aspecto m\u00e1s musculoso y un interior que incorpora una pantalla t\u00e1ctil de 10,9 pulgadas<\/strong>. La marca hace referencia a unos controles inteligentes y sus innovadores sistemas de asistencia del chasis, que combinan de forma magistral con el <strong>dinamismo sin compromiso<\/strong> que ha dado fama durante m\u00e1s de medio siglo a este deportivo cl\u00e1sico de motor trasero <strong>con las exigencias del mundo digital<\/strong>. Y ahora, con <strong>motores b\u00f3xer turboalimentados de seis cilindros para hacer del Porsche 911 el m\u00e1s potente hasta la fecha, con cifras de 450 caballos (331 kW)<\/strong>.<\/p>\n<p>Pero&#8230;\u00bf<strong>c\u00f3mo ha evolucionado este deportivo hasta llegar a su imagen actual<\/strong> (la que encabeza esta informaci\u00f3n? De eso vamos a hablar hoy en el <a href=\"https:\/\/blog.ocasionplus.com\/\"><strong>blog<\/strong> <\/a>de <a href=\"https:\/\/www.ocasionplus.com\"><strong>OcasionPlus<\/strong><\/a>, haciendo un breve repaso de las s<strong>iete generaciones anteriores del Porsche 911<\/strong>.\u00a0<strong>Ya la primera generaci\u00f3n, nacida en 1964, se puede considerar una avanzada a su tiempo<\/strong>. Porque\u00a0el sistema de tracci\u00f3n integral que\u00a0el fabricante alem\u00e1n hab\u00eda dise\u00f1ado\u00a0en principio para el 959, se introdujo por primera vez en la gama en la versi\u00f3n Carrera 4. Contaba con una distribuci\u00f3n de potencia controlada electr\u00f3nicamente y regulada de forma hidr\u00e1ulica, algo que, al igual que los sensores del sistema de frenos antibloqueo (ABS)\u00a0y la direcci\u00f3n asistida, se montaba de serie en este coche, en lugar de ser una opci\u00f3n.<\/p>\n<p><img loading=\"lazy\" decoding=\"async\" class=\"wp-image-7901 size-large aligncenter\" src=\"http:\/\/127.0.0.1\/wp-content\/uploads\/2018\/11\/P13_0147_a4_rgb-1024x571.jpg\" alt=\"Porsche 911 Carrera 4 de 1988\" width=\"800\" height=\"446\" srcset=\"https:\/\/www.ocasionplus.com\/wp-content\/uploads\/2018\/11\/P13_0147_a4_rgb-1024x571.jpg 1024w, https:\/\/www.ocasionplus.com\/wp-content\/uploads\/2018\/11\/P13_0147_a4_rgb-300x167.jpg 300w, https:\/\/www.ocasionplus.com\/wp-content\/uploads\/2018\/11\/P13_0147_a4_rgb-768x428.jpg 768w, https:\/\/www.ocasionplus.com\/wp-content\/uploads\/2018\/11\/P13_0147_a4_rgb-1536x857.jpg 1536w, https:\/\/www.ocasionplus.com\/wp-content\/uploads\/2018\/11\/P13_0147_a4_rgb-2048x1142.jpg 2048w\" sizes=\"auto, (max-width: 800px) 100vw, 800px\" \/><\/p>\n<p><strong>El Porsche 911 Carrera 2 con tracci\u00f3n trasera lleg\u00f3 en 1989<\/strong> y, a pesar de su renovaci\u00f3n casi total, pues el 85% de las piezas estaban dise\u00f1adas de nuevo, es quiz\u00e1 el que menor fama ha tenido, porque <strong>al mismo tiempo se estrenaron las versiones Cabriolet y Targa<\/strong>. Todo lo contrario que <strong>la tercera generaci\u00f3n, conocida de puertas para adentro como serie 964, y que combinaba la tradicional silueta del modelo cl\u00e1sico con una tecnolog\u00eda vanguardista<\/strong>.<\/p>\n<p><strong>La segunda y cuarta generaci\u00f3n comparten un motor b\u00f3xer de 3,6 litros\u00a0y\u00a0seis cilindros refrigerado por aire, con nada menos que 250 caballos de potencia<\/strong>. Pero lo que m\u00e1s llama la atenci\u00f3n en el Porsche 911 Carrera 4 es el encendido de doble buj\u00eda, que Porsche desarroll\u00f3 en su d\u00eda para conseguir una mayor fiabilidad en el funcionamiento de los motores de aviaci\u00f3n, as\u00ed como la <strong>transmisi\u00f3n Tiptronic adaptativa<\/strong>, que permit\u00eda unos cambios de marcha suaves y sin interrupci\u00f3n de potencia.<\/p>\n<p><img loading=\"lazy\" decoding=\"async\" class=\"aligncenter wp-image-7903 size-large\" src=\"http:\/\/127.0.0.1\/wp-content\/uploads\/2018\/11\/P13_0205_a5_rgb-1024x704.jpg\" alt=\"Porsche 911 Carrera Coup\u00e9 de 1988\" width=\"800\" height=\"550\" srcset=\"https:\/\/www.ocasionplus.com\/wp-content\/uploads\/2018\/11\/P13_0205_a5_rgb-1024x704.jpg 1024w, https:\/\/www.ocasionplus.com\/wp-content\/uploads\/2018\/11\/P13_0205_a5_rgb-300x206.jpg 300w, https:\/\/www.ocasionplus.com\/wp-content\/uploads\/2018\/11\/P13_0205_a5_rgb-768x528.jpg 768w, https:\/\/www.ocasionplus.com\/wp-content\/uploads\/2018\/11\/P13_0205_a5_rgb-1536x1056.jpg 1536w, https:\/\/www.ocasionplus.com\/wp-content\/uploads\/2018\/11\/P13_0205_a5_rgb-2048x1408.jpg 2048w\" sizes=\"auto, (max-width: 800px) 100vw, 800px\" \/><\/p>\n<p>Llegamos a la <strong>versi\u00f3n Aniversario del Porsche 911, que lleg\u00f3 con motivo del 30 cumplea\u00f1os del modelo. S\u00f3lo se fabricaron 911 unidades<\/strong> de esta edici\u00f3n especial que lleg\u00f3 al mercado en 1993 y que se vendi\u00f3 r\u00e1pidamente. No es para menos. Unas aletas m\u00e1s anchas delante y detr\u00e1s,\u00a0un sistema de propulsi\u00f3n del Carrera 4 con la carrocer\u00eda del 911 Turbo, pero sin aler\u00f3n trasero y\u00a0un exclusivo color exterior Viola Metalizado con un interior tapizado completamente en cuero Gris Rubicon, son algunas de sus principales caracter\u00edsticas. Pero muy poco despu\u00e9s llegar\u00eda el <strong>Porsche 911 Speedster,\u00a0con una caracter\u00edstica estructura de techo modificada y la cubierta de doble c\u00fapula por detr\u00e1s de los asientos delanteros<\/strong>. Del modelo solo se hicieron 945 unidades en total que hoy son objeto de coleccionistas en su mayor\u00eda.\u00a0Por \u00faltimo, hay que hacer menci\u00f3n especial de <strong>las versiones Turbo<\/strong>, que siempre han sido calificadas como <strong>las m\u00e1s evolucionadas<\/strong> de la gama 911 en esta serie 964 y de las que se fabricaron un total de 63.762 unidades, entre 1988 y 1994.<\/p>\n<p><img loading=\"lazy\" decoding=\"async\" class=\"aligncenter wp-image-7902 size-large\" src=\"http:\/\/127.0.0.1\/wp-content\/uploads\/2018\/11\/S18_3634_fine-1024x690.jpg\" alt=\"Porsche 911 Turbo\" width=\"800\" height=\"539\" srcset=\"https:\/\/www.ocasionplus.com\/wp-content\/uploads\/2018\/11\/S18_3634_fine-1024x690.jpg 1024w, https:\/\/www.ocasionplus.com\/wp-content\/uploads\/2018\/11\/S18_3634_fine-300x202.jpg 300w, https:\/\/www.ocasionplus.com\/wp-content\/uploads\/2018\/11\/S18_3634_fine-768x517.jpg 768w, https:\/\/www.ocasionplus.com\/wp-content\/uploads\/2018\/11\/S18_3634_fine-1536x1035.jpg 1536w, https:\/\/www.ocasionplus.com\/wp-content\/uploads\/2018\/11\/S18_3634_fine-2048x1380.jpg 2048w\" sizes=\"auto, (max-width: 800px) 100vw, 800px\" \/><\/p>\n","protected":false},"excerpt":{"rendered":"<p>Se ha presentado la octava generaci\u00f3n del Porsche 911 en el Sal\u00f3n de Los \u00c1ngeles. Es el m\u00e1s potente hasta la fecha con 450 CV, combinando dinamismo con las exigencias del mundo digital. Repasamos las versiones anteriores de uno de los deportivos cl\u00e1sicos.<\/p>\n","protected":false},"author":2,"featured_media":7899,"comment_status":"closed","ping_status":"closed","sticky":false,"template":"","format":"standard","meta":{"footnotes":""},"categories":[2],"tags":[],"class_list":["post-7897","post","type-post","status-publish","format-standard","has-post-thumbnail","hentry","category-ultimas-noticias"],"yoast_head":"<!-- This site is optimized with the Yoast SEO Premium plugin v24.8 (Yoast SEO v24.8.1) - https:\/\/yoast.com\/wordpress\/plugins\/seo\/ -->\n<title>As\u00ed ha evolucionado el Porsche 911 en sus 55 a\u00f1os de historia<\/title>\n<meta name=\"description\" content=\"La reci\u00e9n estrenada octava generaci\u00f3n del Porsche 911 ha causado sensaci\u00f3n en el Sal\u00f3n de Los \u00c1ngeles. Repasamos su recorrido por las principales versiones.\" \/>\n<meta name=\"robots\" content=\"index, follow, max-snippet:-1, max-image-preview:large, max-video-preview:-1\" \/>\n<link rel=\"canonical\" href=\"https:\/\/www.ocasionplus.com\/noticias\/asi-ha-evolucionado-el-porsche-911\/\" \/>\n<meta property=\"og:locale\" content=\"es_ES\" \/>\n<meta property=\"og:type\" content=\"article\" \/>\n<meta property=\"og:title\" content=\"As\u00ed ha evolucionado el Porsche 911 en sus 55 a\u00f1os de historia\" \/>\n<meta property=\"og:description\" content=\"La reci\u00e9n estrenada octava generaci\u00f3n del Porsche 911 ha causado sensaci\u00f3n en el Sal\u00f3n de Los \u00c1ngeles. Repasamos su recorrido por las principales versiones.\" \/>\n<meta property=\"og:url\" content=\"https:\/\/www.ocasionplus.com\/noticias\/asi-ha-evolucionado-el-porsche-911\/\" \/>\n<meta property=\"og:site_name\" content=\"OcasionPlus Blog\" \/>\n<meta property=\"article:publisher\" content=\"https:\/\/www.facebook.com\/ocasionplus\" \/>\n<meta property=\"article:published_time\" content=\"2018-11-29T10:58:54+00:00\" \/>\n<meta property=\"article:modified_time\" content=\"2025-03-27T14:46:50+00:00\" \/>\n<meta property=\"og:image\" content=\"https:\/\/www.ocasionplus.com\/wp-content\/uploads\/2018\/11\/P18_0841_a3_rgb.jpg\" \/>\n\t<meta property=\"og:image:width\" content=\"2520\" \/>\n\t<meta property=\"og:image:height\" content=\"1680\" \/>\n\t<meta property=\"og:image:type\" content=\"image\/jpeg\" \/>\n<meta name=\"author\" content=\"OcasionPlus\" \/>\n<meta name=\"twitter:card\" content=\"summary_large_image\" \/>\n<meta name=\"twitter:creator\" content=\"@ocasionplus\" \/>\n<meta name=\"twitter:site\" content=\"@ocasionplus\" \/>\n<meta name=\"twitter:label1\" content=\"Escrito por\" \/>\n\t<meta name=\"twitter:data1\" content=\"OcasionPlus\" \/>\n\t<meta name=\"twitter:label2\" content=\"Tiempo de lectura\" \/>\n\t<meta name=\"twitter:data2\" content=\"3 minutos\" \/>\n<script type=\"application\/ld+json\" class=\"yoast-schema-graph\">{\"@context\":\"https:\/\/schema.org\",\"@graph\":[{\"@type\":\"Article\",\"@id\":\"https:\/\/www.ocasionplus.com\/noticias\/asi-ha-evolucionado-el-porsche-911\/#article\",\"isPartOf\":{\"@id\":\"https:\/\/www.ocasionplus.com\/noticias\/asi-ha-evolucionado-el-porsche-911\/\"},\"author\":{\"name\":\"OcasionPlus\",\"@id\":\"https:\/\/www.ocasionplus.com\/noticias\/#\/schema\/person\/7ab10ae859759ef2622b28e83ba868eb\"},\"headline\":\"As\u00ed ha evolucionado el Porsche 911 en sus 55 a\u00f1os de historia\",\"datePublished\":\"2018-11-29T10:58:54+00:00\",\"dateModified\":\"2025-03-27T14:46:50+00:00\",\"mainEntityOfPage\":{\"@id\":\"https:\/\/www.ocasionplus.com\/noticias\/asi-ha-evolucionado-el-porsche-911\/\"},\"wordCount\":637,\"publisher\":{\"@id\":\"https:\/\/www.ocasionplus.com\/noticias\/#organization\"},\"image\":{\"@id\":\"https:\/\/www.ocasionplus.com\/noticias\/asi-ha-evolucionado-el-porsche-911\/#primaryimage\"},\"thumbnailUrl\":\"https:\/\/www.ocasionplus.com\/wp-content\/uploads\/2018\/11\/P18_0841_a3_rgb.jpg\",\"articleSection\":[\"\u00daltimas Noticias\"],\"inLanguage\":\"es\",\"copyrightYear\":\"2018\",\"copyrightHolder\":{\"@id\":\"https:\/\/www.ocasionplus.com\/noticias\/#organization\"}},{\"@type\":\"WebPage\",\"@id\":\"https:\/\/www.ocasionplus.com\/noticias\/asi-ha-evolucionado-el-porsche-911\/\",\"url\":\"https:\/\/www.ocasionplus.com\/noticias\/asi-ha-evolucionado-el-porsche-911\/\",\"name\":\"As\u00ed ha evolucionado el Porsche 911 en sus 55 a\u00f1os de historia\",\"isPartOf\":{\"@id\":\"https:\/\/www.ocasionplus.com\/noticias\/#website\"},\"primaryImageOfPage\":{\"@id\":\"https:\/\/www.ocasionplus.com\/noticias\/asi-ha-evolucionado-el-porsche-911\/#primaryimage\"},\"image\":{\"@id\":\"https:\/\/www.ocasionplus.com\/noticias\/asi-ha-evolucionado-el-porsche-911\/#primaryimage\"},\"thumbnailUrl\":\"https:\/\/www.ocasionplus.com\/wp-content\/uploads\/2018\/11\/P18_0841_a3_rgb.jpg\",\"datePublished\":\"2018-11-29T10:58:54+00:00\",\"dateModified\":\"2025-03-27T14:46:50+00:00\",\"description\":\"La reci\u00e9n estrenada octava generaci\u00f3n del Porsche 911 ha causado sensaci\u00f3n en el Sal\u00f3n de Los \u00c1ngeles. Repasamos su recorrido por las principales versiones.\",\"breadcrumb\":{\"@id\":\"https:\/\/www.ocasionplus.com\/noticias\/asi-ha-evolucionado-el-porsche-911\/#breadcrumb\"},\"inLanguage\":\"es\",\"potentialAction\":[{\"@type\":\"ReadAction\",\"target\":[\"https:\/\/www.ocasionplus.com\/noticias\/asi-ha-evolucionado-el-porsche-911\/\"]}]},{\"@type\":\"ImageObject\",\"inLanguage\":\"es\",\"@id\":\"https:\/\/www.ocasionplus.com\/noticias\/asi-ha-evolucionado-el-porsche-911\/#primaryimage\",\"url\":\"https:\/\/www.ocasionplus.com\/wp-content\/uploads\/2018\/11\/P18_0841_a3_rgb.jpg\",\"contentUrl\":\"https:\/\/www.ocasionplus.com\/wp-content\/uploads\/2018\/11\/P18_0841_a3_rgb.jpg\",\"width\":2520,\"height\":1680,\"caption\":\"El nuevo Porsche 911 se acaba de presentar en Los \u00c1ngeles\"},{\"@type\":\"BreadcrumbList\",\"@id\":\"https:\/\/www.ocasionplus.com\/noticias\/asi-ha-evolucionado-el-porsche-911\/#breadcrumb\",\"itemListElement\":[{\"@type\":\"ListItem\",\"position\":1,\"name\":\"Portada\",\"item\":\"https:\/\/www.ocasionplus.com\/noticias\/\"},{\"@type\":\"ListItem\",\"position\":2,\"name\":\"As\u00ed ha evolucionado el Porsche 911 en sus 55 a\u00f1os de historia\"}]},{\"@type\":\"WebSite\",\"@id\":\"https:\/\/www.ocasionplus.com\/noticias\/#website\",\"url\":\"https:\/\/www.ocasionplus.com\/noticias\/\",\"name\":\"OcasionPlus Blog\",\"description\":\"Veh\u00edculos de ocasi\u00f3n\",\"publisher\":{\"@id\":\"https:\/\/www.ocasionplus.com\/noticias\/#organization\"},\"potentialAction\":[{\"@type\":\"SearchAction\",\"target\":{\"@type\":\"EntryPoint\",\"urlTemplate\":\"https:\/\/www.ocasionplus.com\/noticias\/?s={search_term_string}\"},\"query-input\":{\"@type\":\"PropertyValueSpecification\",\"valueRequired\":true,\"valueName\":\"search_term_string\"}}],\"inLanguage\":\"es\"},{\"@type\":\"Organization\",\"@id\":\"https:\/\/www.ocasionplus.com\/noticias\/#organization\",\"name\":\"OcasionPlus\",\"url\":\"https:\/\/www.ocasionplus.com\/noticias\/\",\"logo\":{\"@type\":\"ImageObject\",\"inLanguage\":\"es\",\"@id\":\"https:\/\/www.ocasionplus.com\/noticias\/#\/schema\/logo\/image\/\",\"url\":\"https:\/\/www.ocasionplus.com\/wp-content\/uploads\/2024\/05\/cropped-cropped-oplus-logo-blog.png\",\"contentUrl\":\"https:\/\/www.ocasionplus.com\/wp-content\/uploads\/2024\/05\/cropped-cropped-oplus-logo-blog.png\",\"width\":360,\"height\":71,\"caption\":\"OcasionPlus\"},\"image\":{\"@id\":\"https:\/\/www.ocasionplus.com\/noticias\/#\/schema\/logo\/image\/\"},\"sameAs\":[\"https:\/\/www.facebook.com\/ocasionplus\",\"https:\/\/x.com\/ocasionplus\",\"https:\/\/www.instagram.com\/ocasion_plus\",\"https:\/\/www.youtube.com\/channel\/UCBiCAto61Lyu27CgI95wrYQ\",\"https:\/\/www.tiktok.com\/@ocasionplus.com\",\"https:\/\/es.linkedin.com\/company\/ocasionplus\"]},{\"@type\":\"Person\",\"@id\":\"https:\/\/www.ocasionplus.com\/noticias\/#\/schema\/person\/7ab10ae859759ef2622b28e83ba868eb\",\"name\":\"OcasionPlus\",\"image\":{\"@type\":\"ImageObject\",\"inLanguage\":\"es\",\"@id\":\"https:\/\/www.ocasionplus.com\/noticias\/#\/schema\/person\/image\/\",\"url\":\"https:\/\/www.ocasionplus.com\/wp-content\/uploads\/2024\/07\/ocasionplus_avatar-96x96.jpg\",\"contentUrl\":\"https:\/\/www.ocasionplus.com\/wp-content\/uploads\/2024\/07\/ocasionplus_avatar-96x96.jpg\",\"caption\":\"OcasionPlus\"}}]}<\/script>\n<!-- \/ Yoast SEO Premium plugin. -->","yoast_head_json":{"title":"As\u00ed ha evolucionado el Porsche 911 en sus 55 a\u00f1os de historia","description":"La reci\u00e9n estrenada octava generaci\u00f3n del Porsche 911 ha causado sensaci\u00f3n en el Sal\u00f3n de Los \u00c1ngeles. Repasamos su recorrido por las principales versiones.","robots":{"index":"index","follow":"follow","max-snippet":"max-snippet:-1","max-image-preview":"max-image-preview:large","max-video-preview":"max-video-preview:-1"},"canonical":"https:\/\/www.ocasionplus.com\/noticias\/asi-ha-evolucionado-el-porsche-911\/","og_locale":"es_ES","og_type":"article","og_title":"As\u00ed ha evolucionado el Porsche 911 en sus 55 a\u00f1os de historia","og_description":"La reci\u00e9n estrenada octava generaci\u00f3n del Porsche 911 ha causado sensaci\u00f3n en el Sal\u00f3n de Los \u00c1ngeles. Repasamos su recorrido por las principales versiones.","og_url":"https:\/\/www.ocasionplus.com\/noticias\/asi-ha-evolucionado-el-porsche-911\/","og_site_name":"OcasionPlus Blog","article_publisher":"https:\/\/www.facebook.com\/ocasionplus","article_published_time":"2018-11-29T10:58:54+00:00","article_modified_time":"2025-03-27T14:46:50+00:00","og_image":[{"width":2520,"height":1680,"url":"https:\/\/www.ocasionplus.com\/wp-content\/uploads\/2018\/11\/P18_0841_a3_rgb.jpg","type":"image\/jpeg"}],"author":"OcasionPlus","twitter_card":"summary_large_image","twitter_creator":"@ocasionplus","twitter_site":"@ocasionplus","twitter_misc":{"Escrito por":"OcasionPlus","Tiempo de lectura":"3 minutos"},"schema":{"@context":"https:\/\/schema.org","@graph":[{"@type":"Article","@id":"https:\/\/www.ocasionplus.com\/noticias\/asi-ha-evolucionado-el-porsche-911\/#article","isPartOf":{"@id":"https:\/\/www.ocasionplus.com\/noticias\/asi-ha-evolucionado-el-porsche-911\/"},"author":{"name":"OcasionPlus","@id":"https:\/\/www.ocasionplus.com\/noticias\/#\/schema\/person\/7ab10ae859759ef2622b28e83ba868eb"},"headline":"As\u00ed ha evolucionado el Porsche 911 en sus 55 a\u00f1os de historia","datePublished":"2018-11-29T10:58:54+00:00","dateModified":"2025-03-27T14:46:50+00:00","mainEntityOfPage":{"@id":"https:\/\/www.ocasionplus.com\/noticias\/asi-ha-evolucionado-el-porsche-911\/"},"wordCount":637,"publisher":{"@id":"https:\/\/www.ocasionplus.com\/noticias\/#organization"},"image":{"@id":"https:\/\/www.ocasionplus.com\/noticias\/asi-ha-evolucionado-el-porsche-911\/#primaryimage"},"thumbnailUrl":"https:\/\/www.ocasionplus.com\/wp-content\/uploads\/2018\/11\/P18_0841_a3_rgb.jpg","articleSection":["\u00daltimas Noticias"],"inLanguage":"es","copyrightYear":"2018","copyrightHolder":{"@id":"https:\/\/www.ocasionplus.com\/noticias\/#organization"}},{"@type":"WebPage","@id":"https:\/\/www.ocasionplus.com\/noticias\/asi-ha-evolucionado-el-porsche-911\/","url":"https:\/\/www.ocasionplus.com\/noticias\/asi-ha-evolucionado-el-porsche-911\/","name":"As\u00ed ha evolucionado el Porsche 911 en sus 55 a\u00f1os de historia","isPartOf":{"@id":"https:\/\/www.ocasionplus.com\/noticias\/#website"},"primaryImageOfPage":{"@id":"https:\/\/www.ocasionplus.com\/noticias\/asi-ha-evolucionado-el-porsche-911\/#primaryimage"},"image":{"@id":"https:\/\/www.ocasionplus.com\/noticias\/asi-ha-evolucionado-el-porsche-911\/#primaryimage"},"thumbnailUrl":"https:\/\/www.ocasionplus.com\/wp-content\/uploads\/2018\/11\/P18_0841_a3_rgb.jpg","datePublished":"2018-11-29T10:58:54+00:00","dateModified":"2025-03-27T14:46:50+00:00","description":"La reci\u00e9n estrenada octava generaci\u00f3n del Porsche 911 ha causado sensaci\u00f3n en el Sal\u00f3n de Los \u00c1ngeles. Repasamos su recorrido por las principales versiones.","breadcrumb":{"@id":"https:\/\/www.ocasionplus.com\/noticias\/asi-ha-evolucionado-el-porsche-911\/#breadcrumb"},"inLanguage":"es","potentialAction":[{"@type":"ReadAction","target":["https:\/\/www.ocasionplus.com\/noticias\/asi-ha-evolucionado-el-porsche-911\/"]}]},{"@type":"ImageObject","inLanguage":"es","@id":"https:\/\/www.ocasionplus.com\/noticias\/asi-ha-evolucionado-el-porsche-911\/#primaryimage","url":"https:\/\/www.ocasionplus.com\/wp-content\/uploads\/2018\/11\/P18_0841_a3_rgb.jpg","contentUrl":"https:\/\/www.ocasionplus.com\/wp-content\/uploads\/2018\/11\/P18_0841_a3_rgb.jpg","width":2520,"height":1680,"caption":"El nuevo Porsche 911 se acaba de presentar en Los \u00c1ngeles"},{"@type":"BreadcrumbList","@id":"https:\/\/www.ocasionplus.com\/noticias\/asi-ha-evolucionado-el-porsche-911\/#breadcrumb","itemListElement":[{"@type":"ListItem","position":1,"name":"Portada","item":"https:\/\/www.ocasionplus.com\/noticias\/"},{"@type":"ListItem","position":2,"name":"As\u00ed ha evolucionado el Porsche 911 en sus 55 a\u00f1os de historia"}]},{"@type":"WebSite","@id":"https:\/\/www.ocasionplus.com\/noticias\/#website","url":"https:\/\/www.ocasionplus.com\/noticias\/","name":"OcasionPlus Blog","description":"Veh\u00edculos de ocasi\u00f3n","publisher":{"@id":"https:\/\/www.ocasionplus.com\/noticias\/#organization"},"potentialAction":[{"@type":"SearchAction","target":{"@type":"EntryPoint","urlTemplate":"https:\/\/www.ocasionplus.com\/noticias\/?s={search_term_string}"},"query-input":{"@type":"PropertyValueSpecification","valueRequired":true,"valueName":"search_term_string"}}],"inLanguage":"es"},{"@type":"Organization","@id":"https:\/\/www.ocasionplus.com\/noticias\/#organization","name":"OcasionPlus","url":"https:\/\/www.ocasionplus.com\/noticias\/","logo":{"@type":"ImageObject","inLanguage":"es","@id":"https:\/\/www.ocasionplus.com\/noticias\/#\/schema\/logo\/image\/","url":"https:\/\/www.ocasionplus.com\/wp-content\/uploads\/2024\/05\/cropped-cropped-oplus-logo-blog.png","contentUrl":"https:\/\/www.ocasionplus.com\/wp-content\/uploads\/2024\/05\/cropped-cropped-oplus-logo-blog.png","width":360,"height":71,"caption":"OcasionPlus"},"image":{"@id":"https:\/\/www.ocasionplus.com\/noticias\/#\/schema\/logo\/image\/"},"sameAs":["https:\/\/www.facebook.com\/ocasionplus","https:\/\/x.com\/ocasionplus","https:\/\/www.instagram.com\/ocasion_plus","https:\/\/www.youtube.com\/channel\/UCBiCAto61Lyu27CgI95wrYQ","https:\/\/www.tiktok.com\/@ocasionplus.com","https:\/\/es.linkedin.com\/company\/ocasionplus"]},{"@type":"Person","@id":"https:\/\/www.ocasionplus.com\/noticias\/#\/schema\/person\/7ab10ae859759ef2622b28e83ba868eb","name":"OcasionPlus","image":{"@type":"ImageObject","inLanguage":"es","@id":"https:\/\/www.ocasionplus.com\/noticias\/#\/schema\/person\/image\/","url":"https:\/\/www.ocasionplus.com\/wp-content\/uploads\/2024\/07\/ocasionplus_avatar-96x96.jpg","contentUrl":"https:\/\/www.ocasionplus.com\/wp-content\/uploads\/2024\/07\/ocasionplus_avatar-96x96.jpg","caption":"OcasionPlus"}}]}},"jetpack_featured_media_url":"https:\/\/www.ocasionplus.com\/wp-content\/uploads\/2018\/11\/P18_0841_a3_rgb.jpg","_links":{"self":[{"href":"https:\/\/www.ocasionplus.com\/noticias\/wp-json\/wp\/v2\/posts\/7897","targetHints":{"allow":["GET"]}}],"collection":[{"href":"https:\/\/www.ocasionplus.com\/noticias\/wp-json\/wp\/v2\/posts"}],"about":[{"href":"https:\/\/www.ocasionplus.com\/noticias\/wp-json\/wp\/v2\/types\/post"}],"author":[{"embeddable":true,"href":"https:\/\/www.ocasionplus.com\/noticias\/wp-json\/wp\/v2\/users\/2"}],"replies":[{"embeddable":true,"href":"https:\/\/www.ocasionplus.com\/noticias\/wp-json\/wp\/v2\/comments?post=7897"}],"version-history":[{"count":1,"href":"https:\/\/www.ocasionplus.com\/noticias\/wp-json\/wp\/v2\/posts\/7897\/revisions"}],"predecessor-version":[{"id":13180,"href":"https:\/\/www.ocasionplus.com\/noticias\/wp-json\/wp\/v2\/posts\/7897\/revisions\/13180"}],"wp:featuredmedia":[{"embeddable":true,"href":"https:\/\/www.ocasionplus.com\/noticias\/wp-json\/wp\/v2\/media\/7899"}],"wp:attachment":[{"href":"https:\/\/www.ocasionplus.com\/noticias\/wp-json\/wp\/v2\/media?parent=7897"}],"wp:term":[{"taxonomy":"category","embeddable":true,"href":"https:\/\/www.ocasionplus.com\/noticias\/wp-json\/wp\/v2\/categories?post=7897"},{"taxonomy":"post_tag","embeddable":true,"href":"https:\/\/www.ocasionplus.com\/noticias\/wp-json\/wp\/v2\/tags?post=7897"}],"curies":[{"name":"wp","href":"https:\/\/api.w.org\/{rel}","templated":true}]}}