{"id":8059,"date":"2018-12-27T15:40:02","date_gmt":"2018-12-27T14:40:02","guid":{"rendered":"https:\/\/blog.ocasionplus.com\/?p=8059"},"modified":"2025-03-27T15:46:49","modified_gmt":"2025-03-27T14:46:49","slug":"los-7-principales-cambios-de-la-dgt-para-2019","status":"publish","type":"post","link":"https:\/\/www.ocasionplus.com\/noticias\/los-7-principales-cambios-de-la-dgt-para-2019\/","title":{"rendered":"Los 7 principales cambios de la DGT para 2019"},"content":{"rendered":"<p><strong>Se avecina un a\u00f1o con muchas incertidumbres para el sector del autom\u00f3vil<\/strong>. Por muchas razones, por los cambios en la homologaci\u00f3n WLTP que han lastrado mucho las ventas en los \u00faltimos meses, por la incertidumbre en torno al <strong>di\u00e9sel<\/strong>, incluida subida del gasoil que har\u00e1 temblar los bolsillos de los usuarios de este tipo de coches, o por la entrada en vigor de normativas que limitan el acceso a las grandes ciudades como <a href=\"https:\/\/blog.ocasionplus.com\/madrid-central-todas-las-claves\/\"><strong>Madrid Central<\/strong><\/a> o el <a href=\"https:\/\/blog.ocasionplus.com\/puedo-circular-protocolo-anticontaminacion\/\"><strong>Protocolo Anticontaminaci\u00f3n<\/strong><\/a>. De todos esos cambios hemos informado puntualmente en el <a href=\"https:\/\/blog.ocasionplus.com\/\"><strong>blog<\/strong> <\/a>de <a href=\"https:\/\/www.ocasionplus.com\"><strong>OcasionPlus<\/strong><\/a>. <strong>Pero a ellos hay que sumar todos los cambios de la DGT para <a href=\"https:\/\/blog.ocasionplus.com\/10-claves-sector-del-automovil-en-2019\/\">2019<\/a><\/strong>. Y no son pocos. Se han ido desvelando con cuentagotas durante meses, pero aqu\u00ed va una recopilaci\u00f3n de todos ellos:<\/p>\n<ol>\n<li><strong>Mayores multas por usar el m\u00f3vil<\/strong>. Todav\u00eda est\u00e1 en fase de debate parlamentario y no est\u00e1 claro cu\u00e1nto va a subir, si pasar\u00e1 de 3 a 6 puntos o solo a 4 puntos en el carn\u00e9 por puntos. Da igual que sea para hablar o para escribir un mensaje, que a la p\u00e9rdida de puntos se le sumar\u00e1 una multa de 200 euros, equipar\u00e1ndose a la sanci\u00f3n actual por conducir bajo los efectos del alcohol o de drogas.<\/li>\n<li><strong>Multas por velocidad m\u00e1s duras<\/strong>. La mayor\u00eda de estos cambios quedar\u00e1n reflejados en el modificado Reglamento General de Circulaci\u00f3n. Pero esta en concreto entra ya en vigor el 2 de enero, de forma que circular a 80 km\/h en una v\u00eda limitada a 30 km\/h conllevar\u00e1 500 euros de multa y retirada de 6 puntos del carnet por puntos, pues se considerar\u00e1 una infracci\u00f3n de car\u00e1cter grave. A m\u00e1s de 80 km\/h ser\u00e1n 600 euros y misma p\u00e9rdida de puntos.<\/li>\n<li><strong>Reducci\u00f3n del l\u00edmite de velocidad a 90 km\/h en v\u00edas secundarias<\/strong>. La medida entrar\u00e1 en vigor el 2 de enero con car\u00e1cter general, aunque est\u00e1n previstas excepciones para\u00a0aquellas carreteras convencionales con separaci\u00f3n f\u00edsica en los dos sentidos de la circulaci\u00f3n, en los que s\u00ed podr\u00e1 fijarse un l\u00edmite de 100 km\/h para coches y motocicletas.<\/li>\n<li>4 puntos de sanci\u00f3n por no llevar el cintur\u00f3n de seguridad. Otro de los cambios de la DGT para 2019 es el endurecimiento\u00a0de la multa por n<strong>o llevar puesto el cintur\u00f3n de seguridad<\/strong>, que pasa de 3 a 4 ptos de sanci\u00f3n. Y lo mismo ocurre con el casco para los motoristas o no hacer uso del sistema de retenci\u00f3n de seguridad para ni\u00f1os.<\/li>\n<li><strong>Informaci\u00f3n telem\u00e1tica sobre el carnet por puntos<\/strong>. Aunque el aumento de multas y mayores restricciones son los cambios de la DGT para 2019 que m\u00e1s llaman la atenci\u00f3n, no todo iban a ser malas noticias para los conductores. Est\u00e1 previsto iniciar la comunicaci\u00f3n telem\u00e1tica del\u00a0<strong>saldo de puntos<\/strong>\u00a0y la habilitaci\u00f3n telem\u00e1tica para conducir de conductores profesionales.<\/li>\n<li><strong>8 puntos por hacer el curso de recuperaci\u00f3n del carnet.<\/strong> En lugar de los 6 actuales, los conductores que\u00a0pierdan todos los puntos y tengan acceso a realizar el curso de recuperaci\u00f3n, tendr\u00e1n 8 puntos si lo aprueban. Adem\u00e1s, podr\u00e1n conseguir otros 2 si superan con \u00e9xito el curso de conducci\u00f3n segura, algo que pueden hacer todos los conductores. Para esta medida habr\u00e1 que esperar a mediados de a\u00f1o, no obstante.<\/li>\n<li><strong>Limitaci\u00f3n de velocidad a 30 km\/h en ciudades<\/strong>. Salvo en Madrid capital, donde ya est\u00e1 en vigor tras la aprobaci\u00f3n de la ordenanza municipal, en el resto de ciudades tendr\u00e1n que esperar para implantarlo. De hecho, a\u00fan est\u00e1 en fase de estudio, pero todo apunta a que en el transcurso del a\u00f1o, se aplicar\u00e1 al resto de grandes n\u00facleos urbanos.<\/li>\n<\/ol>\n<p><strong>Y a ti, \u00bfqu\u00e9 te parecen los cambios de la DGT para 2019? \u00bfQuitar\u00edas alguno? \u00bfA\u00f1adir\u00edas otros?<\/strong><\/p>\n","protected":false},"excerpt":{"rendered":"<p>Endurecimiento de sanciones y multas por usar el m\u00f3vi o por no llevar el casco, limitaci\u00f3n a 90 km\/h en v\u00edas secundarias o pasar de 6 a 8 los puntos que se consiguen tras superar el curso de recuperaci\u00f3n del carnet son algunos de los cambios de la DGT para 2019.<\/p>\n","protected":false},"author":2,"featured_media":8060,"comment_status":"closed","ping_status":"closed","sticky":false,"template":"","format":"standard","meta":{"footnotes":""},"categories":[2],"tags":[],"class_list":["post-8059","post","type-post","status-publish","format-standard","has-post-thumbnail","hentry","category-ultimas-noticias"],"yoast_head":"<!-- This site is optimized with the Yoast SEO Premium plugin v24.8 (Yoast SEO v24.8.1) - https:\/\/yoast.com\/wordpress\/plugins\/seo\/ -->\n<title>Consulta aqu\u00ed los 7 principales cambios de la DGT para 2019<\/title>\n<meta name=\"description\" content=\"Endurecimiento de sanciones y multas por usar el m\u00f3vil o limitaci\u00f3n a 90 km\/h en v\u00edas secundarias son algunos de los cambios de la DGT para 2019.\" \/>\n<meta name=\"robots\" content=\"index, follow, max-snippet:-1, max-image-preview:large, max-video-preview:-1\" \/>\n<link rel=\"canonical\" href=\"https:\/\/www.ocasionplus.com\/noticias\/los-7-principales-cambios-de-la-dgt-para-2019\/\" \/>\n<meta property=\"og:locale\" content=\"es_ES\" \/>\n<meta property=\"og:type\" content=\"article\" \/>\n<meta property=\"og:title\" content=\"Los 7 principales cambios de la DGT para 2019\" \/>\n<meta property=\"og:description\" content=\"Endurecimiento de sanciones y multas por usar el m\u00f3vil o limitaci\u00f3n a 90 km\/h en v\u00edas secundarias son algunos de los cambios de la DGT para 2019.\" \/>\n<meta property=\"og:url\" content=\"https:\/\/www.ocasionplus.com\/noticias\/los-7-principales-cambios-de-la-dgt-para-2019\/\" \/>\n<meta property=\"og:site_name\" content=\"OcasionPlus Blog\" \/>\n<meta property=\"article:publisher\" content=\"https:\/\/www.facebook.com\/ocasionplus\" \/>\n<meta property=\"article:published_time\" content=\"2018-12-27T14:40:02+00:00\" \/>\n<meta property=\"article:modified_time\" content=\"2025-03-27T14:46:49+00:00\" \/>\n<meta property=\"og:image\" content=\"https:\/\/www.ocasionplus.com\/wp-content\/uploads\/2018\/12\/trafico.jpg\" \/>\n\t<meta property=\"og:image:width\" content=\"1623\" \/>\n\t<meta property=\"og:image:height\" content=\"1080\" \/>\n\t<meta property=\"og:image:type\" content=\"image\/jpeg\" \/>\n<meta name=\"author\" content=\"OcasionPlus\" \/>\n<meta name=\"twitter:card\" content=\"summary_large_image\" \/>\n<meta name=\"twitter:creator\" content=\"@ocasionplus\" \/>\n<meta name=\"twitter:site\" content=\"@ocasionplus\" \/>\n<meta name=\"twitter:label1\" content=\"Escrito por\" \/>\n\t<meta name=\"twitter:data1\" content=\"OcasionPlus\" \/>\n\t<meta name=\"twitter:label2\" content=\"Tiempo de lectura\" \/>\n\t<meta name=\"twitter:data2\" content=\"3 minutos\" \/>\n<script type=\"application\/ld+json\" class=\"yoast-schema-graph\">{\"@context\":\"https:\/\/schema.org\",\"@graph\":[{\"@type\":\"Article\",\"@id\":\"https:\/\/www.ocasionplus.com\/noticias\/los-7-principales-cambios-de-la-dgt-para-2019\/#article\",\"isPartOf\":{\"@id\":\"https:\/\/www.ocasionplus.com\/noticias\/los-7-principales-cambios-de-la-dgt-para-2019\/\"},\"author\":{\"name\":\"OcasionPlus\",\"@id\":\"https:\/\/www.ocasionplus.com\/noticias\/#\/schema\/person\/7ab10ae859759ef2622b28e83ba868eb\"},\"headline\":\"Los 7 principales cambios de la DGT para 2019\",\"datePublished\":\"2018-12-27T14:40:02+00:00\",\"dateModified\":\"2025-03-27T14:46:49+00:00\",\"mainEntityOfPage\":{\"@id\":\"https:\/\/www.ocasionplus.com\/noticias\/los-7-principales-cambios-de-la-dgt-para-2019\/\"},\"wordCount\":657,\"publisher\":{\"@id\":\"https:\/\/www.ocasionplus.com\/noticias\/#organization\"},\"image\":{\"@id\":\"https:\/\/www.ocasionplus.com\/noticias\/los-7-principales-cambios-de-la-dgt-para-2019\/#primaryimage\"},\"thumbnailUrl\":\"https:\/\/www.ocasionplus.com\/wp-content\/uploads\/2018\/12\/trafico.jpg\",\"articleSection\":[\"\u00daltimas Noticias\"],\"inLanguage\":\"es\",\"copyrightYear\":\"2018\",\"copyrightHolder\":{\"@id\":\"https:\/\/www.ocasionplus.com\/noticias\/#organization\"}},{\"@type\":\"WebPage\",\"@id\":\"https:\/\/www.ocasionplus.com\/noticias\/los-7-principales-cambios-de-la-dgt-para-2019\/\",\"url\":\"https:\/\/www.ocasionplus.com\/noticias\/los-7-principales-cambios-de-la-dgt-para-2019\/\",\"name\":\"Consulta aqu\u00ed los 7 principales cambios de la DGT para 2019\",\"isPartOf\":{\"@id\":\"https:\/\/www.ocasionplus.com\/noticias\/#website\"},\"primaryImageOfPage\":{\"@id\":\"https:\/\/www.ocasionplus.com\/noticias\/los-7-principales-cambios-de-la-dgt-para-2019\/#primaryimage\"},\"image\":{\"@id\":\"https:\/\/www.ocasionplus.com\/noticias\/los-7-principales-cambios-de-la-dgt-para-2019\/#primaryimage\"},\"thumbnailUrl\":\"https:\/\/www.ocasionplus.com\/wp-content\/uploads\/2018\/12\/trafico.jpg\",\"datePublished\":\"2018-12-27T14:40:02+00:00\",\"dateModified\":\"2025-03-27T14:46:49+00:00\",\"description\":\"Endurecimiento de sanciones y multas por usar el m\u00f3vil o limitaci\u00f3n a 90 km\/h en v\u00edas secundarias son algunos de los cambios de la DGT para 2019.\",\"breadcrumb\":{\"@id\":\"https:\/\/www.ocasionplus.com\/noticias\/los-7-principales-cambios-de-la-dgt-para-2019\/#breadcrumb\"},\"inLanguage\":\"es\",\"potentialAction\":[{\"@type\":\"ReadAction\",\"target\":[\"https:\/\/www.ocasionplus.com\/noticias\/los-7-principales-cambios-de-la-dgt-para-2019\/\"]}]},{\"@type\":\"ImageObject\",\"inLanguage\":\"es\",\"@id\":\"https:\/\/www.ocasionplus.com\/noticias\/los-7-principales-cambios-de-la-dgt-para-2019\/#primaryimage\",\"url\":\"https:\/\/www.ocasionplus.com\/wp-content\/uploads\/2018\/12\/trafico.jpg\",\"contentUrl\":\"https:\/\/www.ocasionplus.com\/wp-content\/uploads\/2018\/12\/trafico.jpg\",\"width\":1623,\"height\":1080,\"caption\":\"Claves de los cambios de la DGT para 2019\"},{\"@type\":\"BreadcrumbList\",\"@id\":\"https:\/\/www.ocasionplus.com\/noticias\/los-7-principales-cambios-de-la-dgt-para-2019\/#breadcrumb\",\"itemListElement\":[{\"@type\":\"ListItem\",\"position\":1,\"name\":\"Portada\",\"item\":\"https:\/\/www.ocasionplus.com\/noticias\/\"},{\"@type\":\"ListItem\",\"position\":2,\"name\":\"Los 7 principales cambios de la DGT para 2019\"}]},{\"@type\":\"WebSite\",\"@id\":\"https:\/\/www.ocasionplus.com\/noticias\/#website\",\"url\":\"https:\/\/www.ocasionplus.com\/noticias\/\",\"name\":\"OcasionPlus Blog\",\"description\":\"Veh\u00edculos de ocasi\u00f3n\",\"publisher\":{\"@id\":\"https:\/\/www.ocasionplus.com\/noticias\/#organization\"},\"potentialAction\":[{\"@type\":\"SearchAction\",\"target\":{\"@type\":\"EntryPoint\",\"urlTemplate\":\"https:\/\/www.ocasionplus.com\/noticias\/?s={search_term_string}\"},\"query-input\":{\"@type\":\"PropertyValueSpecification\",\"valueRequired\":true,\"valueName\":\"search_term_string\"}}],\"inLanguage\":\"es\"},{\"@type\":\"Organization\",\"@id\":\"https:\/\/www.ocasionplus.com\/noticias\/#organization\",\"name\":\"OcasionPlus\",\"url\":\"https:\/\/www.ocasionplus.com\/noticias\/\",\"logo\":{\"@type\":\"ImageObject\",\"inLanguage\":\"es\",\"@id\":\"https:\/\/www.ocasionplus.com\/noticias\/#\/schema\/logo\/image\/\",\"url\":\"https:\/\/www.ocasionplus.com\/wp-content\/uploads\/2024\/05\/cropped-cropped-oplus-logo-blog.png\",\"contentUrl\":\"https:\/\/www.ocasionplus.com\/wp-content\/uploads\/2024\/05\/cropped-cropped-oplus-logo-blog.png\",\"width\":360,\"height\":71,\"caption\":\"OcasionPlus\"},\"image\":{\"@id\":\"https:\/\/www.ocasionplus.com\/noticias\/#\/schema\/logo\/image\/\"},\"sameAs\":[\"https:\/\/www.facebook.com\/ocasionplus\",\"https:\/\/x.com\/ocasionplus\",\"https:\/\/www.instagram.com\/ocasion_plus\",\"https:\/\/www.youtube.com\/channel\/UCBiCAto61Lyu27CgI95wrYQ\",\"https:\/\/www.tiktok.com\/@ocasionplus.com\",\"https:\/\/es.linkedin.com\/company\/ocasionplus\"]},{\"@type\":\"Person\",\"@id\":\"https:\/\/www.ocasionplus.com\/noticias\/#\/schema\/person\/7ab10ae859759ef2622b28e83ba868eb\",\"name\":\"OcasionPlus\",\"image\":{\"@type\":\"ImageObject\",\"inLanguage\":\"es\",\"@id\":\"https:\/\/www.ocasionplus.com\/noticias\/#\/schema\/person\/image\/\",\"url\":\"https:\/\/www.ocasionplus.com\/wp-content\/uploads\/2024\/07\/ocasionplus_avatar-96x96.jpg\",\"contentUrl\":\"https:\/\/www.ocasionplus.com\/wp-content\/uploads\/2024\/07\/ocasionplus_avatar-96x96.jpg\",\"caption\":\"OcasionPlus\"}}]}<\/script>\n<!-- \/ Yoast SEO Premium plugin. -->","yoast_head_json":{"title":"Consulta aqu\u00ed los 7 principales cambios de la DGT para 2019","description":"Endurecimiento de sanciones y multas por usar el m\u00f3vil o limitaci\u00f3n a 90 km\/h en v\u00edas secundarias son algunos de los cambios de la DGT para 2019.","robots":{"index":"index","follow":"follow","max-snippet":"max-snippet:-1","max-image-preview":"max-image-preview:large","max-video-preview":"max-video-preview:-1"},"canonical":"https:\/\/www.ocasionplus.com\/noticias\/los-7-principales-cambios-de-la-dgt-para-2019\/","og_locale":"es_ES","og_type":"article","og_title":"Los 7 principales cambios de la DGT para 2019","og_description":"Endurecimiento de sanciones y multas por usar el m\u00f3vil o limitaci\u00f3n a 90 km\/h en v\u00edas secundarias son algunos de los cambios de la DGT para 2019.","og_url":"https:\/\/www.ocasionplus.com\/noticias\/los-7-principales-cambios-de-la-dgt-para-2019\/","og_site_name":"OcasionPlus Blog","article_publisher":"https:\/\/www.facebook.com\/ocasionplus","article_published_time":"2018-12-27T14:40:02+00:00","article_modified_time":"2025-03-27T14:46:49+00:00","og_image":[{"width":1623,"height":1080,"url":"https:\/\/www.ocasionplus.com\/wp-content\/uploads\/2018\/12\/trafico.jpg","type":"image\/jpeg"}],"author":"OcasionPlus","twitter_card":"summary_large_image","twitter_creator":"@ocasionplus","twitter_site":"@ocasionplus","twitter_misc":{"Escrito por":"OcasionPlus","Tiempo de lectura":"3 minutos"},"schema":{"@context":"https:\/\/schema.org","@graph":[{"@type":"Article","@id":"https:\/\/www.ocasionplus.com\/noticias\/los-7-principales-cambios-de-la-dgt-para-2019\/#article","isPartOf":{"@id":"https:\/\/www.ocasionplus.com\/noticias\/los-7-principales-cambios-de-la-dgt-para-2019\/"},"author":{"name":"OcasionPlus","@id":"https:\/\/www.ocasionplus.com\/noticias\/#\/schema\/person\/7ab10ae859759ef2622b28e83ba868eb"},"headline":"Los 7 principales cambios de la DGT para 2019","datePublished":"2018-12-27T14:40:02+00:00","dateModified":"2025-03-27T14:46:49+00:00","mainEntityOfPage":{"@id":"https:\/\/www.ocasionplus.com\/noticias\/los-7-principales-cambios-de-la-dgt-para-2019\/"},"wordCount":657,"publisher":{"@id":"https:\/\/www.ocasionplus.com\/noticias\/#organization"},"image":{"@id":"https:\/\/www.ocasionplus.com\/noticias\/los-7-principales-cambios-de-la-dgt-para-2019\/#primaryimage"},"thumbnailUrl":"https:\/\/www.ocasionplus.com\/wp-content\/uploads\/2018\/12\/trafico.jpg","articleSection":["\u00daltimas Noticias"],"inLanguage":"es","copyrightYear":"2018","copyrightHolder":{"@id":"https:\/\/www.ocasionplus.com\/noticias\/#organization"}},{"@type":"WebPage","@id":"https:\/\/www.ocasionplus.com\/noticias\/los-7-principales-cambios-de-la-dgt-para-2019\/","url":"https:\/\/www.ocasionplus.com\/noticias\/los-7-principales-cambios-de-la-dgt-para-2019\/","name":"Consulta aqu\u00ed los 7 principales cambios de la DGT para 2019","isPartOf":{"@id":"https:\/\/www.ocasionplus.com\/noticias\/#website"},"primaryImageOfPage":{"@id":"https:\/\/www.ocasionplus.com\/noticias\/los-7-principales-cambios-de-la-dgt-para-2019\/#primaryimage"},"image":{"@id":"https:\/\/www.ocasionplus.com\/noticias\/los-7-principales-cambios-de-la-dgt-para-2019\/#primaryimage"},"thumbnailUrl":"https:\/\/www.ocasionplus.com\/wp-content\/uploads\/2018\/12\/trafico.jpg","datePublished":"2018-12-27T14:40:02+00:00","dateModified":"2025-03-27T14:46:49+00:00","description":"Endurecimiento de sanciones y multas por usar el m\u00f3vil o limitaci\u00f3n a 90 km\/h en v\u00edas secundarias son algunos de los cambios de la DGT para 2019.","breadcrumb":{"@id":"https:\/\/www.ocasionplus.com\/noticias\/los-7-principales-cambios-de-la-dgt-para-2019\/#breadcrumb"},"inLanguage":"es","potentialAction":[{"@type":"ReadAction","target":["https:\/\/www.ocasionplus.com\/noticias\/los-7-principales-cambios-de-la-dgt-para-2019\/"]}]},{"@type":"ImageObject","inLanguage":"es","@id":"https:\/\/www.ocasionplus.com\/noticias\/los-7-principales-cambios-de-la-dgt-para-2019\/#primaryimage","url":"https:\/\/www.ocasionplus.com\/wp-content\/uploads\/2018\/12\/trafico.jpg","contentUrl":"https:\/\/www.ocasionplus.com\/wp-content\/uploads\/2018\/12\/trafico.jpg","width":1623,"height":1080,"caption":"Claves de los cambios de la DGT para 2019"},{"@type":"BreadcrumbList","@id":"https:\/\/www.ocasionplus.com\/noticias\/los-7-principales-cambios-de-la-dgt-para-2019\/#breadcrumb","itemListElement":[{"@type":"ListItem","position":1,"name":"Portada","item":"https:\/\/www.ocasionplus.com\/noticias\/"},{"@type":"ListItem","position":2,"name":"Los 7 principales cambios de la DGT para 2019"}]},{"@type":"WebSite","@id":"https:\/\/www.ocasionplus.com\/noticias\/#website","url":"https:\/\/www.ocasionplus.com\/noticias\/","name":"OcasionPlus Blog","description":"Veh\u00edculos de ocasi\u00f3n","publisher":{"@id":"https:\/\/www.ocasionplus.com\/noticias\/#organization"},"potentialAction":[{"@type":"SearchAction","target":{"@type":"EntryPoint","urlTemplate":"https:\/\/www.ocasionplus.com\/noticias\/?s={search_term_string}"},"query-input":{"@type":"PropertyValueSpecification","valueRequired":true,"valueName":"search_term_string"}}],"inLanguage":"es"},{"@type":"Organization","@id":"https:\/\/www.ocasionplus.com\/noticias\/#organization","name":"OcasionPlus","url":"https:\/\/www.ocasionplus.com\/noticias\/","logo":{"@type":"ImageObject","inLanguage":"es","@id":"https:\/\/www.ocasionplus.com\/noticias\/#\/schema\/logo\/image\/","url":"https:\/\/www.ocasionplus.com\/wp-content\/uploads\/2024\/05\/cropped-cropped-oplus-logo-blog.png","contentUrl":"https:\/\/www.ocasionplus.com\/wp-content\/uploads\/2024\/05\/cropped-cropped-oplus-logo-blog.png","width":360,"height":71,"caption":"OcasionPlus"},"image":{"@id":"https:\/\/www.ocasionplus.com\/noticias\/#\/schema\/logo\/image\/"},"sameAs":["https:\/\/www.facebook.com\/ocasionplus","https:\/\/x.com\/ocasionplus","https:\/\/www.instagram.com\/ocasion_plus","https:\/\/www.youtube.com\/channel\/UCBiCAto61Lyu27CgI95wrYQ","https:\/\/www.tiktok.com\/@ocasionplus.com","https:\/\/es.linkedin.com\/company\/ocasionplus"]},{"@type":"Person","@id":"https:\/\/www.ocasionplus.com\/noticias\/#\/schema\/person\/7ab10ae859759ef2622b28e83ba868eb","name":"OcasionPlus","image":{"@type":"ImageObject","inLanguage":"es","@id":"https:\/\/www.ocasionplus.com\/noticias\/#\/schema\/person\/image\/","url":"https:\/\/www.ocasionplus.com\/wp-content\/uploads\/2024\/07\/ocasionplus_avatar-96x96.jpg","contentUrl":"https:\/\/www.ocasionplus.com\/wp-content\/uploads\/2024\/07\/ocasionplus_avatar-96x96.jpg","caption":"OcasionPlus"}}]}},"jetpack_featured_media_url":"https:\/\/www.ocasionplus.com\/wp-content\/uploads\/2018\/12\/trafico.jpg","_links":{"self":[{"href":"https:\/\/www.ocasionplus.com\/noticias\/wp-json\/wp\/v2\/posts\/8059","targetHints":{"allow":["GET"]}}],"collection":[{"href":"https:\/\/www.ocasionplus.com\/noticias\/wp-json\/wp\/v2\/posts"}],"about":[{"href":"https:\/\/www.ocasionplus.com\/noticias\/wp-json\/wp\/v2\/types\/post"}],"author":[{"embeddable":true,"href":"https:\/\/www.ocasionplus.com\/noticias\/wp-json\/wp\/v2\/users\/2"}],"replies":[{"embeddable":true,"href":"https:\/\/www.ocasionplus.com\/noticias\/wp-json\/wp\/v2\/comments?post=8059"}],"version-history":[{"count":1,"href":"https:\/\/www.ocasionplus.com\/noticias\/wp-json\/wp\/v2\/posts\/8059\/revisions"}],"predecessor-version":[{"id":13176,"href":"https:\/\/www.ocasionplus.com\/noticias\/wp-json\/wp\/v2\/posts\/8059\/revisions\/13176"}],"wp:featuredmedia":[{"embeddable":true,"href":"https:\/\/www.ocasionplus.com\/noticias\/wp-json\/wp\/v2\/media\/8060"}],"wp:attachment":[{"href":"https:\/\/www.ocasionplus.com\/noticias\/wp-json\/wp\/v2\/media?parent=8059"}],"wp:term":[{"taxonomy":"category","embeddable":true,"href":"https:\/\/www.ocasionplus.com\/noticias\/wp-json\/wp\/v2\/categories?post=8059"},{"taxonomy":"post_tag","embeddable":true,"href":"https:\/\/www.ocasionplus.com\/noticias\/wp-json\/wp\/v2\/tags?post=8059"}],"curies":[{"name":"wp","href":"https:\/\/api.w.org\/{rel}","templated":true}]}}