{"id":8362,"date":"2019-10-11T09:37:04","date_gmt":"2019-10-11T07:37:04","guid":{"rendered":"https:\/\/blog.ocasionplus.com\/?p=8362"},"modified":"2025-03-27T15:44:54","modified_gmt":"2025-03-27T14:44:54","slug":"las-ventas-del-vehiculo-de-ocasion-subieron-un-17-en-septiembre","status":"publish","type":"post","link":"https:\/\/www.ocasionplus.com\/noticias\/las-ventas-del-vehiculo-de-ocasion-subieron-un-17-en-septiembre\/","title":{"rendered":"Las ventas del veh\u00edculo de ocasi\u00f3n subieron un 17% en septiembre"},"content":{"rendered":"\n<p>La vuelta del verano ha dejado muy buenas noticias en los concesionarios de ocasi\u00f3n, y es que <strong>en el mes de septiembre se han vendido 216.872 coches de segunda mano<\/strong>,<strong> lo que supone un incremento en las ventas del veh\u00edculo de ocasi\u00f3n del 17% respecto al pasado mes de agosto.<\/strong> Los coches m\u00e1s vendidos durante el mes pasado fueron el el <strong>Volkswagen Golf, el BMW Serie 3, el Seat Le\u00f3n, el Seat Ibiza y el Renault M\u00e9gane. <\/strong><\/p>\n\n\n\n<p>Si cambiamos el BMW Serie 3, por el Ford Focus, nos encontramos con <strong>los coches de ocasi\u00f3n m\u00e1s vendidos en lo que llevamos de a\u00f1o en Espa\u00f1a<\/strong>, lo que nos dice que la mayor\u00eda de clientes buscan comprar un utilitario de precio medio. \u00a1En <a href=\"http:\/\/www.ocasionplus.com\">OcasionPlus<\/a> podr\u00e1s encontrar una gran variedad de estos coches, entra y compru\u00e9balo!<\/p>\n\n\n\n<p>A\u00fan y as\u00ed, el <strong>precio medio<\/strong> del veh\u00edculo de ocasi\u00f3n se ha situado en el mes de septiembre en <strong>15.456 euros<\/strong>, lo que supone una subida respecto al mes de agosto del 0,5%, siendo Extremadura la comunidad aut\u00f3noma que m\u00e1s ha subido, seguida de Castilla-La Mancha y Murcia. Sin embargo, han sido 8 las comunidades aut\u00f3nomas que han visto disminuir el precio medio de adquisici\u00f3n de veh\u00edculos de adquisici\u00f3n en septiembre: Canarias, Asturias, Pa\u00eds Vasco, Navarra, Cantabria, la Comunidad Valenciana, la Rioja y las Islas Baleares. <\/p>\n\n\n\n<p>A pesar de que los coches di\u00e9sel siguen siendo el grueso de las ventas del veh\u00edculo de ocasi\u00f3n con un 61%, los coches gasolina siguen subiendo un mes m\u00e1s con el 37% de los coches vendidos. Otro dato de inter\u00e9s es que los coches el\u00e9ctricos e h\u00edbridos han subido ligeramente, representando el 2% de ventas de veh\u00edculos de ocasi\u00f3n vendidos en septiembre. <\/p>\n\n\n\n<p>Si analizamos los datos por antig\u00fcedad del veh\u00edculo, podemos destacar que la ventas del veh\u00edculo de ocasi\u00f3n de menos de 1 a\u00f1o ha significado el 11,8% del total y que los coches entre 1 y 3 a\u00f1os han representado un 11,3%.\u00a0 A pesar de ello, se observa que los de m\u00e1s de 5 a\u00f1os siguen representando la mayor\u00eda de las ventas, un 67,1%, siendo los autom\u00f3viles de m\u00e1s de 10 a\u00f1os los que copan el grueso de las ventas: 54,5%.<\/p>\n\n\n\n<p><strong>A\u00fan no sabes d\u00f3nde estamos? Tenemos 14 centros por todo Espa\u00f1a repartidos en Madrid, Valencia, Castell\u00f3n, Barcelona, Pamplona, Zaragoza y Bilbao. <a href=\"https:\/\/blog.ocasionplus.com\/inauguramos-ocasionplus-sevilla-y-lo-celebramos-con-un-descuento-y-ahorro-de-hasta-6-000e\/\">\u00a1Adem\u00e1s hemos abierto en Sevilla!<\/a> Encuentra el m\u00e1s cercano en <\/strong><a href=\"http:\/\/www.ocasionplus.com\/\"><strong>www.ocasionplus.com<\/strong><\/a><strong>.<\/strong><\/p>\n","protected":false},"excerpt":{"rendered":"<p>La vuelta del verano ha dejado muy buenas noticias en los concesionarios de ocasi\u00f3n, y es que en el mes de septiembre se han vendido 216.872 coches de segunda mano, lo que supone un incremento en las ventas del veh\u00edculo de ocasi\u00f3n del 17% respecto al pasado mes de agosto. Los coches m\u00e1s vendidos durante&#8230;<\/p>\n","protected":false},"author":2,"featured_media":8363,"comment_status":"closed","ping_status":"closed","sticky":false,"template":"","format":"standard","meta":{"footnotes":""},"categories":[2],"tags":[],"class_list":["post-8362","post","type-post","status-publish","format-standard","has-post-thumbnail","hentry","category-ultimas-noticias"],"yoast_head":"<!-- This site is optimized with the Yoast SEO Premium plugin v24.8 (Yoast SEO v24.8.1) - https:\/\/yoast.com\/wordpress\/plugins\/seo\/ -->\n<title>Las ventas del veh\u00edculo de ocasi\u00f3n subieron un 17% en septiembre - OcasionPlus Blog<\/title>\n<meta name=\"description\" content=\"El mes de septiembre ha subido un 17% en ventas del veh\u00edculo de ocasi\u00f3n respecto al mes de agosto con 216.872 coches vendidos.\" \/>\n<meta name=\"robots\" content=\"index, follow, max-snippet:-1, max-image-preview:large, max-video-preview:-1\" \/>\n<link rel=\"canonical\" href=\"https:\/\/www.ocasionplus.com\/noticias\/las-ventas-del-vehiculo-de-ocasion-subieron-un-17-en-septiembre\/\" \/>\n<meta property=\"og:locale\" content=\"es_ES\" \/>\n<meta property=\"og:type\" content=\"article\" \/>\n<meta property=\"og:title\" content=\"Las ventas del veh\u00edculo de ocasi\u00f3n subieron un 17% en septiembre\" \/>\n<meta property=\"og:description\" content=\"El mes de septiembre ha subido un 17% en ventas del veh\u00edculo de ocasi\u00f3n respecto al mes de agosto con 216.872 coches vendidos.\" \/>\n<meta property=\"og:url\" content=\"https:\/\/www.ocasionplus.com\/noticias\/las-ventas-del-vehiculo-de-ocasion-subieron-un-17-en-septiembre\/\" \/>\n<meta property=\"og:site_name\" content=\"OcasionPlus Blog\" \/>\n<meta property=\"article:publisher\" content=\"https:\/\/www.facebook.com\/ocasionplus\" \/>\n<meta property=\"article:published_time\" content=\"2019-10-11T07:37:04+00:00\" \/>\n<meta property=\"article:modified_time\" content=\"2025-03-27T14:44:54+00:00\" \/>\n<meta property=\"og:image\" content=\"https:\/\/www.ocasionplus.com\/wp-content\/uploads\/2019\/10\/venta-coches-ocasion-septiembre.jpg\" \/>\n\t<meta property=\"og:image:width\" content=\"1134\" \/>\n\t<meta property=\"og:image:height\" content=\"850\" \/>\n\t<meta property=\"og:image:type\" content=\"image\/jpeg\" \/>\n<meta name=\"author\" content=\"OcasionPlus\" \/>\n<meta name=\"twitter:card\" content=\"summary_large_image\" \/>\n<meta name=\"twitter:creator\" content=\"@ocasionplus\" \/>\n<meta name=\"twitter:site\" content=\"@ocasionplus\" \/>\n<meta name=\"twitter:label1\" content=\"Escrito por\" \/>\n\t<meta name=\"twitter:data1\" content=\"OcasionPlus\" \/>\n\t<meta name=\"twitter:label2\" content=\"Tiempo de lectura\" \/>\n\t<meta name=\"twitter:data2\" content=\"2 minutos\" \/>\n<script type=\"application\/ld+json\" class=\"yoast-schema-graph\">{\"@context\":\"https:\/\/schema.org\",\"@graph\":[{\"@type\":\"Article\",\"@id\":\"https:\/\/www.ocasionplus.com\/noticias\/las-ventas-del-vehiculo-de-ocasion-subieron-un-17-en-septiembre\/#article\",\"isPartOf\":{\"@id\":\"https:\/\/www.ocasionplus.com\/noticias\/las-ventas-del-vehiculo-de-ocasion-subieron-un-17-en-septiembre\/\"},\"author\":{\"name\":\"OcasionPlus\",\"@id\":\"https:\/\/www.ocasionplus.com\/noticias\/#\/schema\/person\/7ab10ae859759ef2622b28e83ba868eb\"},\"headline\":\"Las ventas del veh\u00edculo de ocasi\u00f3n subieron un 17% en septiembre\",\"datePublished\":\"2019-10-11T07:37:04+00:00\",\"dateModified\":\"2025-03-27T14:44:54+00:00\",\"mainEntityOfPage\":{\"@id\":\"https:\/\/www.ocasionplus.com\/noticias\/las-ventas-del-vehiculo-de-ocasion-subieron-un-17-en-septiembre\/\"},\"wordCount\":437,\"publisher\":{\"@id\":\"https:\/\/www.ocasionplus.com\/noticias\/#organization\"},\"image\":{\"@id\":\"https:\/\/www.ocasionplus.com\/noticias\/las-ventas-del-vehiculo-de-ocasion-subieron-un-17-en-septiembre\/#primaryimage\"},\"thumbnailUrl\":\"https:\/\/www.ocasionplus.com\/wp-content\/uploads\/2019\/10\/venta-coches-ocasion-septiembre.jpg\",\"articleSection\":[\"\u00daltimas Noticias\"],\"inLanguage\":\"es\",\"copyrightYear\":\"2019\",\"copyrightHolder\":{\"@id\":\"https:\/\/www.ocasionplus.com\/noticias\/#organization\"}},{\"@type\":\"WebPage\",\"@id\":\"https:\/\/www.ocasionplus.com\/noticias\/las-ventas-del-vehiculo-de-ocasion-subieron-un-17-en-septiembre\/\",\"url\":\"https:\/\/www.ocasionplus.com\/noticias\/las-ventas-del-vehiculo-de-ocasion-subieron-un-17-en-septiembre\/\",\"name\":\"Las ventas del veh\u00edculo de ocasi\u00f3n subieron un 17% en septiembre - OcasionPlus Blog\",\"isPartOf\":{\"@id\":\"https:\/\/www.ocasionplus.com\/noticias\/#website\"},\"primaryImageOfPage\":{\"@id\":\"https:\/\/www.ocasionplus.com\/noticias\/las-ventas-del-vehiculo-de-ocasion-subieron-un-17-en-septiembre\/#primaryimage\"},\"image\":{\"@id\":\"https:\/\/www.ocasionplus.com\/noticias\/las-ventas-del-vehiculo-de-ocasion-subieron-un-17-en-septiembre\/#primaryimage\"},\"thumbnailUrl\":\"https:\/\/www.ocasionplus.com\/wp-content\/uploads\/2019\/10\/venta-coches-ocasion-septiembre.jpg\",\"datePublished\":\"2019-10-11T07:37:04+00:00\",\"dateModified\":\"2025-03-27T14:44:54+00:00\",\"description\":\"El mes de septiembre ha subido un 17% en ventas del veh\u00edculo de ocasi\u00f3n respecto al mes de agosto con 216.872 coches vendidos.\",\"breadcrumb\":{\"@id\":\"https:\/\/www.ocasionplus.com\/noticias\/las-ventas-del-vehiculo-de-ocasion-subieron-un-17-en-septiembre\/#breadcrumb\"},\"inLanguage\":\"es\",\"potentialAction\":[{\"@type\":\"ReadAction\",\"target\":[\"https:\/\/www.ocasionplus.com\/noticias\/las-ventas-del-vehiculo-de-ocasion-subieron-un-17-en-septiembre\/\"]}]},{\"@type\":\"ImageObject\",\"inLanguage\":\"es\",\"@id\":\"https:\/\/www.ocasionplus.com\/noticias\/las-ventas-del-vehiculo-de-ocasion-subieron-un-17-en-septiembre\/#primaryimage\",\"url\":\"https:\/\/www.ocasionplus.com\/wp-content\/uploads\/2019\/10\/venta-coches-ocasion-septiembre.jpg\",\"contentUrl\":\"https:\/\/www.ocasionplus.com\/wp-content\/uploads\/2019\/10\/venta-coches-ocasion-septiembre.jpg\",\"width\":1134,\"height\":850},{\"@type\":\"BreadcrumbList\",\"@id\":\"https:\/\/www.ocasionplus.com\/noticias\/las-ventas-del-vehiculo-de-ocasion-subieron-un-17-en-septiembre\/#breadcrumb\",\"itemListElement\":[{\"@type\":\"ListItem\",\"position\":1,\"name\":\"Portada\",\"item\":\"https:\/\/www.ocasionplus.com\/noticias\/\"},{\"@type\":\"ListItem\",\"position\":2,\"name\":\"Las ventas del veh\u00edculo de ocasi\u00f3n subieron un 17% en septiembre\"}]},{\"@type\":\"WebSite\",\"@id\":\"https:\/\/www.ocasionplus.com\/noticias\/#website\",\"url\":\"https:\/\/www.ocasionplus.com\/noticias\/\",\"name\":\"OcasionPlus Blog\",\"description\":\"Veh\u00edculos de ocasi\u00f3n\",\"publisher\":{\"@id\":\"https:\/\/www.ocasionplus.com\/noticias\/#organization\"},\"potentialAction\":[{\"@type\":\"SearchAction\",\"target\":{\"@type\":\"EntryPoint\",\"urlTemplate\":\"https:\/\/www.ocasionplus.com\/noticias\/?s={search_term_string}\"},\"query-input\":{\"@type\":\"PropertyValueSpecification\",\"valueRequired\":true,\"valueName\":\"search_term_string\"}}],\"inLanguage\":\"es\"},{\"@type\":\"Organization\",\"@id\":\"https:\/\/www.ocasionplus.com\/noticias\/#organization\",\"name\":\"OcasionPlus\",\"url\":\"https:\/\/www.ocasionplus.com\/noticias\/\",\"logo\":{\"@type\":\"ImageObject\",\"inLanguage\":\"es\",\"@id\":\"https:\/\/www.ocasionplus.com\/noticias\/#\/schema\/logo\/image\/\",\"url\":\"https:\/\/www.ocasionplus.com\/wp-content\/uploads\/2024\/05\/cropped-cropped-oplus-logo-blog.png\",\"contentUrl\":\"https:\/\/www.ocasionplus.com\/wp-content\/uploads\/2024\/05\/cropped-cropped-oplus-logo-blog.png\",\"width\":360,\"height\":71,\"caption\":\"OcasionPlus\"},\"image\":{\"@id\":\"https:\/\/www.ocasionplus.com\/noticias\/#\/schema\/logo\/image\/\"},\"sameAs\":[\"https:\/\/www.facebook.com\/ocasionplus\",\"https:\/\/x.com\/ocasionplus\",\"https:\/\/www.instagram.com\/ocasion_plus\",\"https:\/\/www.youtube.com\/channel\/UCBiCAto61Lyu27CgI95wrYQ\",\"https:\/\/www.tiktok.com\/@ocasionplus.com\",\"https:\/\/es.linkedin.com\/company\/ocasionplus\"]},{\"@type\":\"Person\",\"@id\":\"https:\/\/www.ocasionplus.com\/noticias\/#\/schema\/person\/7ab10ae859759ef2622b28e83ba868eb\",\"name\":\"OcasionPlus\",\"image\":{\"@type\":\"ImageObject\",\"inLanguage\":\"es\",\"@id\":\"https:\/\/www.ocasionplus.com\/noticias\/#\/schema\/person\/image\/\",\"url\":\"https:\/\/www.ocasionplus.com\/wp-content\/uploads\/2024\/07\/ocasionplus_avatar-96x96.jpg\",\"contentUrl\":\"https:\/\/www.ocasionplus.com\/wp-content\/uploads\/2024\/07\/ocasionplus_avatar-96x96.jpg\",\"caption\":\"OcasionPlus\"}}]}<\/script>\n<!-- \/ Yoast SEO Premium plugin. -->","yoast_head_json":{"title":"Las ventas del veh\u00edculo de ocasi\u00f3n subieron un 17% en septiembre - OcasionPlus Blog","description":"El mes de septiembre ha subido un 17% en ventas del veh\u00edculo de ocasi\u00f3n respecto al mes de agosto con 216.872 coches vendidos.","robots":{"index":"index","follow":"follow","max-snippet":"max-snippet:-1","max-image-preview":"max-image-preview:large","max-video-preview":"max-video-preview:-1"},"canonical":"https:\/\/www.ocasionplus.com\/noticias\/las-ventas-del-vehiculo-de-ocasion-subieron-un-17-en-septiembre\/","og_locale":"es_ES","og_type":"article","og_title":"Las ventas del veh\u00edculo de ocasi\u00f3n subieron un 17% en septiembre","og_description":"El mes de septiembre ha subido un 17% en ventas del veh\u00edculo de ocasi\u00f3n respecto al mes de agosto con 216.872 coches vendidos.","og_url":"https:\/\/www.ocasionplus.com\/noticias\/las-ventas-del-vehiculo-de-ocasion-subieron-un-17-en-septiembre\/","og_site_name":"OcasionPlus Blog","article_publisher":"https:\/\/www.facebook.com\/ocasionplus","article_published_time":"2019-10-11T07:37:04+00:00","article_modified_time":"2025-03-27T14:44:54+00:00","og_image":[{"width":1134,"height":850,"url":"https:\/\/www.ocasionplus.com\/wp-content\/uploads\/2019\/10\/venta-coches-ocasion-septiembre.jpg","type":"image\/jpeg"}],"author":"OcasionPlus","twitter_card":"summary_large_image","twitter_creator":"@ocasionplus","twitter_site":"@ocasionplus","twitter_misc":{"Escrito por":"OcasionPlus","Tiempo de lectura":"2 minutos"},"schema":{"@context":"https:\/\/schema.org","@graph":[{"@type":"Article","@id":"https:\/\/www.ocasionplus.com\/noticias\/las-ventas-del-vehiculo-de-ocasion-subieron-un-17-en-septiembre\/#article","isPartOf":{"@id":"https:\/\/www.ocasionplus.com\/noticias\/las-ventas-del-vehiculo-de-ocasion-subieron-un-17-en-septiembre\/"},"author":{"name":"OcasionPlus","@id":"https:\/\/www.ocasionplus.com\/noticias\/#\/schema\/person\/7ab10ae859759ef2622b28e83ba868eb"},"headline":"Las ventas del veh\u00edculo de ocasi\u00f3n subieron un 17% en septiembre","datePublished":"2019-10-11T07:37:04+00:00","dateModified":"2025-03-27T14:44:54+00:00","mainEntityOfPage":{"@id":"https:\/\/www.ocasionplus.com\/noticias\/las-ventas-del-vehiculo-de-ocasion-subieron-un-17-en-septiembre\/"},"wordCount":437,"publisher":{"@id":"https:\/\/www.ocasionplus.com\/noticias\/#organization"},"image":{"@id":"https:\/\/www.ocasionplus.com\/noticias\/las-ventas-del-vehiculo-de-ocasion-subieron-un-17-en-septiembre\/#primaryimage"},"thumbnailUrl":"https:\/\/www.ocasionplus.com\/wp-content\/uploads\/2019\/10\/venta-coches-ocasion-septiembre.jpg","articleSection":["\u00daltimas Noticias"],"inLanguage":"es","copyrightYear":"2019","copyrightHolder":{"@id":"https:\/\/www.ocasionplus.com\/noticias\/#organization"}},{"@type":"WebPage","@id":"https:\/\/www.ocasionplus.com\/noticias\/las-ventas-del-vehiculo-de-ocasion-subieron-un-17-en-septiembre\/","url":"https:\/\/www.ocasionplus.com\/noticias\/las-ventas-del-vehiculo-de-ocasion-subieron-un-17-en-septiembre\/","name":"Las ventas del veh\u00edculo de ocasi\u00f3n subieron un 17% en septiembre - OcasionPlus Blog","isPartOf":{"@id":"https:\/\/www.ocasionplus.com\/noticias\/#website"},"primaryImageOfPage":{"@id":"https:\/\/www.ocasionplus.com\/noticias\/las-ventas-del-vehiculo-de-ocasion-subieron-un-17-en-septiembre\/#primaryimage"},"image":{"@id":"https:\/\/www.ocasionplus.com\/noticias\/las-ventas-del-vehiculo-de-ocasion-subieron-un-17-en-septiembre\/#primaryimage"},"thumbnailUrl":"https:\/\/www.ocasionplus.com\/wp-content\/uploads\/2019\/10\/venta-coches-ocasion-septiembre.jpg","datePublished":"2019-10-11T07:37:04+00:00","dateModified":"2025-03-27T14:44:54+00:00","description":"El mes de septiembre ha subido un 17% en ventas del veh\u00edculo de ocasi\u00f3n respecto al mes de agosto con 216.872 coches vendidos.","breadcrumb":{"@id":"https:\/\/www.ocasionplus.com\/noticias\/las-ventas-del-vehiculo-de-ocasion-subieron-un-17-en-septiembre\/#breadcrumb"},"inLanguage":"es","potentialAction":[{"@type":"ReadAction","target":["https:\/\/www.ocasionplus.com\/noticias\/las-ventas-del-vehiculo-de-ocasion-subieron-un-17-en-septiembre\/"]}]},{"@type":"ImageObject","inLanguage":"es","@id":"https:\/\/www.ocasionplus.com\/noticias\/las-ventas-del-vehiculo-de-ocasion-subieron-un-17-en-septiembre\/#primaryimage","url":"https:\/\/www.ocasionplus.com\/wp-content\/uploads\/2019\/10\/venta-coches-ocasion-septiembre.jpg","contentUrl":"https:\/\/www.ocasionplus.com\/wp-content\/uploads\/2019\/10\/venta-coches-ocasion-septiembre.jpg","width":1134,"height":850},{"@type":"BreadcrumbList","@id":"https:\/\/www.ocasionplus.com\/noticias\/las-ventas-del-vehiculo-de-ocasion-subieron-un-17-en-septiembre\/#breadcrumb","itemListElement":[{"@type":"ListItem","position":1,"name":"Portada","item":"https:\/\/www.ocasionplus.com\/noticias\/"},{"@type":"ListItem","position":2,"name":"Las ventas del veh\u00edculo de ocasi\u00f3n subieron un 17% en septiembre"}]},{"@type":"WebSite","@id":"https:\/\/www.ocasionplus.com\/noticias\/#website","url":"https:\/\/www.ocasionplus.com\/noticias\/","name":"OcasionPlus Blog","description":"Veh\u00edculos de ocasi\u00f3n","publisher":{"@id":"https:\/\/www.ocasionplus.com\/noticias\/#organization"},"potentialAction":[{"@type":"SearchAction","target":{"@type":"EntryPoint","urlTemplate":"https:\/\/www.ocasionplus.com\/noticias\/?s={search_term_string}"},"query-input":{"@type":"PropertyValueSpecification","valueRequired":true,"valueName":"search_term_string"}}],"inLanguage":"es"},{"@type":"Organization","@id":"https:\/\/www.ocasionplus.com\/noticias\/#organization","name":"OcasionPlus","url":"https:\/\/www.ocasionplus.com\/noticias\/","logo":{"@type":"ImageObject","inLanguage":"es","@id":"https:\/\/www.ocasionplus.com\/noticias\/#\/schema\/logo\/image\/","url":"https:\/\/www.ocasionplus.com\/wp-content\/uploads\/2024\/05\/cropped-cropped-oplus-logo-blog.png","contentUrl":"https:\/\/www.ocasionplus.com\/wp-content\/uploads\/2024\/05\/cropped-cropped-oplus-logo-blog.png","width":360,"height":71,"caption":"OcasionPlus"},"image":{"@id":"https:\/\/www.ocasionplus.com\/noticias\/#\/schema\/logo\/image\/"},"sameAs":["https:\/\/www.facebook.com\/ocasionplus","https:\/\/x.com\/ocasionplus","https:\/\/www.instagram.com\/ocasion_plus","https:\/\/www.youtube.com\/channel\/UCBiCAto61Lyu27CgI95wrYQ","https:\/\/www.tiktok.com\/@ocasionplus.com","https:\/\/es.linkedin.com\/company\/ocasionplus"]},{"@type":"Person","@id":"https:\/\/www.ocasionplus.com\/noticias\/#\/schema\/person\/7ab10ae859759ef2622b28e83ba868eb","name":"OcasionPlus","image":{"@type":"ImageObject","inLanguage":"es","@id":"https:\/\/www.ocasionplus.com\/noticias\/#\/schema\/person\/image\/","url":"https:\/\/www.ocasionplus.com\/wp-content\/uploads\/2024\/07\/ocasionplus_avatar-96x96.jpg","contentUrl":"https:\/\/www.ocasionplus.com\/wp-content\/uploads\/2024\/07\/ocasionplus_avatar-96x96.jpg","caption":"OcasionPlus"}}]}},"jetpack_featured_media_url":"https:\/\/www.ocasionplus.com\/wp-content\/uploads\/2019\/10\/venta-coches-ocasion-septiembre.jpg","_links":{"self":[{"href":"https:\/\/www.ocasionplus.com\/noticias\/wp-json\/wp\/v2\/posts\/8362","targetHints":{"allow":["GET"]}}],"collection":[{"href":"https:\/\/www.ocasionplus.com\/noticias\/wp-json\/wp\/v2\/posts"}],"about":[{"href":"https:\/\/www.ocasionplus.com\/noticias\/wp-json\/wp\/v2\/types\/post"}],"author":[{"embeddable":true,"href":"https:\/\/www.ocasionplus.com\/noticias\/wp-json\/wp\/v2\/users\/2"}],"replies":[{"embeddable":true,"href":"https:\/\/www.ocasionplus.com\/noticias\/wp-json\/wp\/v2\/comments?post=8362"}],"version-history":[{"count":1,"href":"https:\/\/www.ocasionplus.com\/noticias\/wp-json\/wp\/v2\/posts\/8362\/revisions"}],"predecessor-version":[{"id":13166,"href":"https:\/\/www.ocasionplus.com\/noticias\/wp-json\/wp\/v2\/posts\/8362\/revisions\/13166"}],"wp:featuredmedia":[{"embeddable":true,"href":"https:\/\/www.ocasionplus.com\/noticias\/wp-json\/wp\/v2\/media\/8363"}],"wp:attachment":[{"href":"https:\/\/www.ocasionplus.com\/noticias\/wp-json\/wp\/v2\/media?parent=8362"}],"wp:term":[{"taxonomy":"category","embeddable":true,"href":"https:\/\/www.ocasionplus.com\/noticias\/wp-json\/wp\/v2\/categories?post=8362"},{"taxonomy":"post_tag","embeddable":true,"href":"https:\/\/www.ocasionplus.com\/noticias\/wp-json\/wp\/v2\/tags?post=8362"}],"curies":[{"name":"wp","href":"https:\/\/api.w.org\/{rel}","templated":true}]}}