{"id":8875,"date":"2022-10-28T10:30:16","date_gmt":"2022-10-28T08:30:16","guid":{"rendered":"https:\/\/blog.ocasionplus.com\/?p=8875"},"modified":"2025-03-27T15:43:21","modified_gmt":"2025-03-27T14:43:21","slug":"nuevo-concesionario-santiago","status":"publish","type":"post","link":"https:\/\/www.ocasionplus.com\/noticias\/nuevo-concesionario-santiago\/","title":{"rendered":"OcasionPlus inaugura un nuevo concesionario en Santiago de Compostela, el tercero en Galicia"},"content":{"rendered":"\n<p><li><strong>El nuevo centro permite la compra y venta de ocasi\u00f3n as\u00ed como el alquiler de veh\u00edculos a trav\u00e9s de <a rel=\"noreferrer noopener\" href=\"https:\/\/www.rentalplus.es\/es-ES\/\" target=\"_blank\">Rentalplus<\/a> (la empresa de la compa\u00f1\u00eda dedicada al renting). El concesionario es el primero en la provincia de A Coru\u00f1a, el tercero en Galicia, con el que <a rel=\"noreferrer noopener\" href=\"https:\/\/www.ocasionplus.com\/\" target=\"_blank\">OcasionPlus<\/a> suma un total de 55\u00a0tiendas f\u00edsicas a nivel nacional.<\/strong><\/li><\/p>\n\n\n\n<p>La empresa\u00a0l\u00edder en el mercado de segunda mano inaugura un <a rel=\"noreferrer noopener\" href=\"https:\/\/concesionarios.ocasionplus.com\/concesionarios\/santiago-compostela\" target=\"_blank\"><strong>nuevo concesionario de OcasionPlus en Santiago de Compostela<\/strong><\/a>.\u00a0El centro es el primero en la provincia coru\u00f1esa y el tercero en la comunidad gallega.<br><br><em>\u201cEstar cerca de nuestros clientes para nosotros es lo m\u00e1s importante. Por eso, hemos abierto este nuevo concesionario en la capital gallega, en Santiago de Compostela, que es el primero situado en La Coru\u00f1a y el tercero en Galicia, tras inaugurar dos centros nuevos en este 2022 en la provincia de Pontevedra: <strong><a rel=\"noreferrer noopener\" href=\"https:\/\/concesionarios.ocasionplus.com\/concesionarios\/vigo\" target=\"_blank\">un concesionario OcasionPlus en Vigo<\/a> <\/strong>y un <strong><a rel=\"noreferrer noopener\" href=\"https:\/\/concesionarios.ocasionplus.com\/concesionarios\/vigo-caramuxo\" target=\"_blank\">centro OcasionPlus en el pol\u00edgono Caramuxo de Vigo<\/a><\/strong><\/em>\u201d, ha resaltado Fernando Rodr\u00edguez, CEO de la compa\u00f1\u00eda.\u00a0<\/p>\n\n\n\n<h2 class=\"wp-block-heading\" style=\"font-size:26px\">Con servicios de compra, venta y alquiler de veh\u00edculos, el centro ofrece 10\u00a0nuevos puestos de trabajo<\/h2>\n\n\n\n<p>La nueva tienda est\u00e1 situada en<strong>\u00a0R\u00faa de Eslovaquia, 1. 15707 Santiago de Compostela. La Coru\u00f1a<\/strong>. El centro, que tiene una capacidad de 2.000 m2, posibilita no solo la compra y venta de veh\u00edculos con un total de 60 coches de exposici\u00f3n y taller de mec\u00e1nica propio, sino tambi\u00e9n la opci\u00f3n de alquilar un autom\u00f3vil a trav\u00e9s de RentalPlus. En cuanto al equipo humano, el concesionario contar\u00e1 con 10 profesionales de diferentes \u00e1mbitos.<br><br><em>\u201cCon este nuevo concesionario en Santiago de Compostela continuamos con nuestro crecimiento en Galicia y a nivel nacional. Abrir un centro OcasionPlus en una nueva provincia como es La Coru\u00f1a nos da la oportunidad de dar servicio a nuevos clientes y ofrecerles nuestra gran variedad de coches de ocasi\u00f3n.\u201d <\/em>As\u00ed ha adelantado Fernando Rodr\u00edguez la importancia de esta nueva apertura.<\/p>\n\n\n\n<h2 class=\"wp-block-heading\" style=\"font-size:26px\">OcasionPlus, la compa\u00f1\u00eda\u00a0espa\u00f1ola que ha crecido un 5000% desde 2011<\/h2>\n\n\n\n<p>Desde que inici\u00f3 su andadura en 2011, la empresa espa\u00f1ola ha vendido desde 2011 <strong>m\u00e1s de 48.000 coches en Espa\u00f1a<\/strong> a trav\u00e9s de un modelo que combina la venta f\u00edsica y la online. La clave del \u00e9xito radica en la transparencia con el cliente: <strong>todos los veh\u00edculos son previamente revisados y certificados<\/strong> y cuentan con el <strong>infome Carfax<\/strong>.<\/p>\n\n\n\n<p>\u00bfQuieres visitar el nuevo concesionario de OcasionPlus en Santiago de Compostela para comprar o vender un veh\u00edculo de segunda mano o alquilar un coche? Puedes hacerlo en la<strong> R\u00faa de Eslovaquia, 1. 15707 Santiago de Compostela. A Coru\u00f1a<\/strong>. Tel\u00e9fono: <strong>881 150 152.<\/strong><\/p>\n\n\n\n<p>Para acceder a m\u00e1s informaci\u00f3n e im\u00e1genes sobre esta informaci\u00f3n cont\u00e1ctanos por email a <a href=\"mailto:comunicacion@ocasionplus.com\" target=\"_blank\" rel=\"noreferrer noopener\">comunicacion@ocasionplus.com<\/a><\/p>\n","protected":false},"excerpt":{"rendered":"<p>El nuevo centro permite la compra y venta de ocasi\u00f3n as\u00ed como el alquiler de veh\u00edculos a trav\u00e9s de Rentalplus (la empresa de la compa\u00f1\u00eda dedicada al renting). El concesionario es el primero en la provincia de A Coru\u00f1a, el tercero en Galicia, con el que OcasionPlus suma un total de 55\u00a0tiendas f\u00edsicas a nivel&#8230;<\/p>\n","protected":false},"author":2,"featured_media":8876,"comment_status":"closed","ping_status":"closed","sticky":false,"template":"","format":"standard","meta":{"footnotes":""},"categories":[3,368],"tags":[],"class_list":["post-8875","post","type-post","status-publish","format-standard","has-post-thumbnail","hentry","category-ocasionplus","category-nuevos-centros"],"yoast_head":"<!-- This site is optimized with the Yoast SEO Premium plugin v24.8 (Yoast SEO v24.8.1) - https:\/\/yoast.com\/wordpress\/plugins\/seo\/ -->\n<title>OcasionPlus inaugura un nuevo concesionario en Santiago de Compostela, el tercero en Galicia - OcasionPlus Blog<\/title>\n<meta name=\"description\" content=\"OcasionPlus abre un nuevo concesionario en Santiago de compraventa de veh\u00edculos de segunda mano y alquiler de coches, el tercero en Galicia.\" \/>\n<meta name=\"robots\" content=\"index, follow, max-snippet:-1, max-image-preview:large, max-video-preview:-1\" \/>\n<link rel=\"canonical\" href=\"https:\/\/www.ocasionplus.com\/noticias\/nuevo-concesionario-santiago\/\" \/>\n<meta property=\"og:locale\" content=\"es_ES\" \/>\n<meta property=\"og:type\" content=\"article\" \/>\n<meta property=\"og:title\" content=\"OcasionPlus inaugura un nuevo concesionario en Santiago de Compostela, el tercero en Galicia\" \/>\n<meta property=\"og:description\" content=\"OcasionPlus abre un nuevo concesionario en Santiago de compraventa de veh\u00edculos de segunda mano y alquiler de coches, el tercero en Galicia.\" \/>\n<meta property=\"og:url\" content=\"https:\/\/www.ocasionplus.com\/noticias\/nuevo-concesionario-santiago\/\" \/>\n<meta property=\"og:site_name\" content=\"OcasionPlus Blog\" \/>\n<meta property=\"article:publisher\" content=\"https:\/\/www.facebook.com\/ocasionplus\" \/>\n<meta property=\"article:published_time\" content=\"2022-10-28T08:30:16+00:00\" \/>\n<meta property=\"article:modified_time\" content=\"2025-03-27T14:43:21+00:00\" \/>\n<meta property=\"og:image\" content=\"https:\/\/www.ocasionplus.com\/wp-content\/uploads\/2022\/10\/Concesionario-Santiago-OcasionPlus.jpg\" \/>\n\t<meta property=\"og:image:width\" content=\"1200\" \/>\n\t<meta property=\"og:image:height\" content=\"675\" \/>\n\t<meta property=\"og:image:type\" content=\"image\/jpeg\" \/>\n<meta name=\"author\" content=\"OcasionPlus\" \/>\n<meta name=\"twitter:card\" content=\"summary_large_image\" \/>\n<meta name=\"twitter:creator\" content=\"@ocasionplus\" \/>\n<meta name=\"twitter:site\" content=\"@ocasionplus\" \/>\n<meta name=\"twitter:label1\" content=\"Escrito por\" \/>\n\t<meta name=\"twitter:data1\" content=\"OcasionPlus\" \/>\n\t<meta name=\"twitter:label2\" content=\"Tiempo de lectura\" \/>\n\t<meta name=\"twitter:data2\" content=\"2 minutos\" \/>\n<script type=\"application\/ld+json\" class=\"yoast-schema-graph\">{\"@context\":\"https:\/\/schema.org\",\"@graph\":[{\"@type\":\"Article\",\"@id\":\"https:\/\/www.ocasionplus.com\/noticias\/nuevo-concesionario-santiago\/#article\",\"isPartOf\":{\"@id\":\"https:\/\/www.ocasionplus.com\/noticias\/nuevo-concesionario-santiago\/\"},\"author\":{\"name\":\"OcasionPlus\",\"@id\":\"https:\/\/www.ocasionplus.com\/noticias\/#\/schema\/person\/7ab10ae859759ef2622b28e83ba868eb\"},\"headline\":\"OcasionPlus inaugura un nuevo concesionario en Santiago de Compostela, el tercero en Galicia\",\"datePublished\":\"2022-10-28T08:30:16+00:00\",\"dateModified\":\"2025-03-27T14:43:21+00:00\",\"mainEntityOfPage\":{\"@id\":\"https:\/\/www.ocasionplus.com\/noticias\/nuevo-concesionario-santiago\/\"},\"wordCount\":483,\"publisher\":{\"@id\":\"https:\/\/www.ocasionplus.com\/noticias\/#organization\"},\"image\":{\"@id\":\"https:\/\/www.ocasionplus.com\/noticias\/nuevo-concesionario-santiago\/#primaryimage\"},\"thumbnailUrl\":\"https:\/\/www.ocasionplus.com\/wp-content\/uploads\/2022\/10\/Concesionario-Santiago-OcasionPlus.jpg\",\"articleSection\":[\"Actualidad OcasionPlus\",\"Nuevos Centros\"],\"inLanguage\":\"es\",\"copyrightYear\":\"2022\",\"copyrightHolder\":{\"@id\":\"https:\/\/www.ocasionplus.com\/noticias\/#organization\"}},{\"@type\":\"WebPage\",\"@id\":\"https:\/\/www.ocasionplus.com\/noticias\/nuevo-concesionario-santiago\/\",\"url\":\"https:\/\/www.ocasionplus.com\/noticias\/nuevo-concesionario-santiago\/\",\"name\":\"OcasionPlus inaugura un nuevo concesionario en Santiago de Compostela, el tercero en Galicia - OcasionPlus Blog\",\"isPartOf\":{\"@id\":\"https:\/\/www.ocasionplus.com\/noticias\/#website\"},\"primaryImageOfPage\":{\"@id\":\"https:\/\/www.ocasionplus.com\/noticias\/nuevo-concesionario-santiago\/#primaryimage\"},\"image\":{\"@id\":\"https:\/\/www.ocasionplus.com\/noticias\/nuevo-concesionario-santiago\/#primaryimage\"},\"thumbnailUrl\":\"https:\/\/www.ocasionplus.com\/wp-content\/uploads\/2022\/10\/Concesionario-Santiago-OcasionPlus.jpg\",\"datePublished\":\"2022-10-28T08:30:16+00:00\",\"dateModified\":\"2025-03-27T14:43:21+00:00\",\"description\":\"OcasionPlus abre un nuevo concesionario en Santiago de compraventa de veh\u00edculos de segunda mano y alquiler de coches, el tercero en Galicia.\",\"breadcrumb\":{\"@id\":\"https:\/\/www.ocasionplus.com\/noticias\/nuevo-concesionario-santiago\/#breadcrumb\"},\"inLanguage\":\"es\",\"potentialAction\":[{\"@type\":\"ReadAction\",\"target\":[\"https:\/\/www.ocasionplus.com\/noticias\/nuevo-concesionario-santiago\/\"]}]},{\"@type\":\"ImageObject\",\"inLanguage\":\"es\",\"@id\":\"https:\/\/www.ocasionplus.com\/noticias\/nuevo-concesionario-santiago\/#primaryimage\",\"url\":\"https:\/\/www.ocasionplus.com\/wp-content\/uploads\/2022\/10\/Concesionario-Santiago-OcasionPlus.jpg\",\"contentUrl\":\"https:\/\/www.ocasionplus.com\/wp-content\/uploads\/2022\/10\/Concesionario-Santiago-OcasionPlus.jpg\",\"width\":1200,\"height\":675},{\"@type\":\"BreadcrumbList\",\"@id\":\"https:\/\/www.ocasionplus.com\/noticias\/nuevo-concesionario-santiago\/#breadcrumb\",\"itemListElement\":[{\"@type\":\"ListItem\",\"position\":1,\"name\":\"Portada\",\"item\":\"https:\/\/www.ocasionplus.com\/noticias\/\"},{\"@type\":\"ListItem\",\"position\":2,\"name\":\"OcasionPlus inaugura un nuevo concesionario en Santiago de Compostela, el tercero en Galicia\"}]},{\"@type\":\"WebSite\",\"@id\":\"https:\/\/www.ocasionplus.com\/noticias\/#website\",\"url\":\"https:\/\/www.ocasionplus.com\/noticias\/\",\"name\":\"OcasionPlus Blog\",\"description\":\"Veh\u00edculos de ocasi\u00f3n\",\"publisher\":{\"@id\":\"https:\/\/www.ocasionplus.com\/noticias\/#organization\"},\"potentialAction\":[{\"@type\":\"SearchAction\",\"target\":{\"@type\":\"EntryPoint\",\"urlTemplate\":\"https:\/\/www.ocasionplus.com\/noticias\/?s={search_term_string}\"},\"query-input\":{\"@type\":\"PropertyValueSpecification\",\"valueRequired\":true,\"valueName\":\"search_term_string\"}}],\"inLanguage\":\"es\"},{\"@type\":\"Organization\",\"@id\":\"https:\/\/www.ocasionplus.com\/noticias\/#organization\",\"name\":\"OcasionPlus\",\"url\":\"https:\/\/www.ocasionplus.com\/noticias\/\",\"logo\":{\"@type\":\"ImageObject\",\"inLanguage\":\"es\",\"@id\":\"https:\/\/www.ocasionplus.com\/noticias\/#\/schema\/logo\/image\/\",\"url\":\"https:\/\/www.ocasionplus.com\/wp-content\/uploads\/2024\/05\/cropped-cropped-oplus-logo-blog.png\",\"contentUrl\":\"https:\/\/www.ocasionplus.com\/wp-content\/uploads\/2024\/05\/cropped-cropped-oplus-logo-blog.png\",\"width\":360,\"height\":71,\"caption\":\"OcasionPlus\"},\"image\":{\"@id\":\"https:\/\/www.ocasionplus.com\/noticias\/#\/schema\/logo\/image\/\"},\"sameAs\":[\"https:\/\/www.facebook.com\/ocasionplus\",\"https:\/\/x.com\/ocasionplus\",\"https:\/\/www.instagram.com\/ocasion_plus\",\"https:\/\/www.youtube.com\/channel\/UCBiCAto61Lyu27CgI95wrYQ\",\"https:\/\/www.tiktok.com\/@ocasionplus.com\",\"https:\/\/es.linkedin.com\/company\/ocasionplus\"]},{\"@type\":\"Person\",\"@id\":\"https:\/\/www.ocasionplus.com\/noticias\/#\/schema\/person\/7ab10ae859759ef2622b28e83ba868eb\",\"name\":\"OcasionPlus\",\"image\":{\"@type\":\"ImageObject\",\"inLanguage\":\"es\",\"@id\":\"https:\/\/www.ocasionplus.com\/noticias\/#\/schema\/person\/image\/\",\"url\":\"https:\/\/www.ocasionplus.com\/wp-content\/uploads\/2024\/07\/ocasionplus_avatar-96x96.jpg\",\"contentUrl\":\"https:\/\/www.ocasionplus.com\/wp-content\/uploads\/2024\/07\/ocasionplus_avatar-96x96.jpg\",\"caption\":\"OcasionPlus\"}}]}<\/script>\n<!-- \/ Yoast SEO Premium plugin. -->","yoast_head_json":{"title":"OcasionPlus inaugura un nuevo concesionario en Santiago de Compostela, el tercero en Galicia - OcasionPlus Blog","description":"OcasionPlus abre un nuevo concesionario en Santiago de compraventa de veh\u00edculos de segunda mano y alquiler de coches, el tercero en Galicia.","robots":{"index":"index","follow":"follow","max-snippet":"max-snippet:-1","max-image-preview":"max-image-preview:large","max-video-preview":"max-video-preview:-1"},"canonical":"https:\/\/www.ocasionplus.com\/noticias\/nuevo-concesionario-santiago\/","og_locale":"es_ES","og_type":"article","og_title":"OcasionPlus inaugura un nuevo concesionario en Santiago de Compostela, el tercero en Galicia","og_description":"OcasionPlus abre un nuevo concesionario en Santiago de compraventa de veh\u00edculos de segunda mano y alquiler de coches, el tercero en Galicia.","og_url":"https:\/\/www.ocasionplus.com\/noticias\/nuevo-concesionario-santiago\/","og_site_name":"OcasionPlus Blog","article_publisher":"https:\/\/www.facebook.com\/ocasionplus","article_published_time":"2022-10-28T08:30:16+00:00","article_modified_time":"2025-03-27T14:43:21+00:00","og_image":[{"width":1200,"height":675,"url":"https:\/\/www.ocasionplus.com\/wp-content\/uploads\/2022\/10\/Concesionario-Santiago-OcasionPlus.jpg","type":"image\/jpeg"}],"author":"OcasionPlus","twitter_card":"summary_large_image","twitter_creator":"@ocasionplus","twitter_site":"@ocasionplus","twitter_misc":{"Escrito por":"OcasionPlus","Tiempo de lectura":"2 minutos"},"schema":{"@context":"https:\/\/schema.org","@graph":[{"@type":"Article","@id":"https:\/\/www.ocasionplus.com\/noticias\/nuevo-concesionario-santiago\/#article","isPartOf":{"@id":"https:\/\/www.ocasionplus.com\/noticias\/nuevo-concesionario-santiago\/"},"author":{"name":"OcasionPlus","@id":"https:\/\/www.ocasionplus.com\/noticias\/#\/schema\/person\/7ab10ae859759ef2622b28e83ba868eb"},"headline":"OcasionPlus inaugura un nuevo concesionario en Santiago de Compostela, el tercero en Galicia","datePublished":"2022-10-28T08:30:16+00:00","dateModified":"2025-03-27T14:43:21+00:00","mainEntityOfPage":{"@id":"https:\/\/www.ocasionplus.com\/noticias\/nuevo-concesionario-santiago\/"},"wordCount":483,"publisher":{"@id":"https:\/\/www.ocasionplus.com\/noticias\/#organization"},"image":{"@id":"https:\/\/www.ocasionplus.com\/noticias\/nuevo-concesionario-santiago\/#primaryimage"},"thumbnailUrl":"https:\/\/www.ocasionplus.com\/wp-content\/uploads\/2022\/10\/Concesionario-Santiago-OcasionPlus.jpg","articleSection":["Actualidad OcasionPlus","Nuevos Centros"],"inLanguage":"es","copyrightYear":"2022","copyrightHolder":{"@id":"https:\/\/www.ocasionplus.com\/noticias\/#organization"}},{"@type":"WebPage","@id":"https:\/\/www.ocasionplus.com\/noticias\/nuevo-concesionario-santiago\/","url":"https:\/\/www.ocasionplus.com\/noticias\/nuevo-concesionario-santiago\/","name":"OcasionPlus inaugura un nuevo concesionario en Santiago de Compostela, el tercero en Galicia - OcasionPlus Blog","isPartOf":{"@id":"https:\/\/www.ocasionplus.com\/noticias\/#website"},"primaryImageOfPage":{"@id":"https:\/\/www.ocasionplus.com\/noticias\/nuevo-concesionario-santiago\/#primaryimage"},"image":{"@id":"https:\/\/www.ocasionplus.com\/noticias\/nuevo-concesionario-santiago\/#primaryimage"},"thumbnailUrl":"https:\/\/www.ocasionplus.com\/wp-content\/uploads\/2022\/10\/Concesionario-Santiago-OcasionPlus.jpg","datePublished":"2022-10-28T08:30:16+00:00","dateModified":"2025-03-27T14:43:21+00:00","description":"OcasionPlus abre un nuevo concesionario en Santiago de compraventa de veh\u00edculos de segunda mano y alquiler de coches, el tercero en Galicia.","breadcrumb":{"@id":"https:\/\/www.ocasionplus.com\/noticias\/nuevo-concesionario-santiago\/#breadcrumb"},"inLanguage":"es","potentialAction":[{"@type":"ReadAction","target":["https:\/\/www.ocasionplus.com\/noticias\/nuevo-concesionario-santiago\/"]}]},{"@type":"ImageObject","inLanguage":"es","@id":"https:\/\/www.ocasionplus.com\/noticias\/nuevo-concesionario-santiago\/#primaryimage","url":"https:\/\/www.ocasionplus.com\/wp-content\/uploads\/2022\/10\/Concesionario-Santiago-OcasionPlus.jpg","contentUrl":"https:\/\/www.ocasionplus.com\/wp-content\/uploads\/2022\/10\/Concesionario-Santiago-OcasionPlus.jpg","width":1200,"height":675},{"@type":"BreadcrumbList","@id":"https:\/\/www.ocasionplus.com\/noticias\/nuevo-concesionario-santiago\/#breadcrumb","itemListElement":[{"@type":"ListItem","position":1,"name":"Portada","item":"https:\/\/www.ocasionplus.com\/noticias\/"},{"@type":"ListItem","position":2,"name":"OcasionPlus inaugura un nuevo concesionario en Santiago de Compostela, el tercero en Galicia"}]},{"@type":"WebSite","@id":"https:\/\/www.ocasionplus.com\/noticias\/#website","url":"https:\/\/www.ocasionplus.com\/noticias\/","name":"OcasionPlus Blog","description":"Veh\u00edculos de ocasi\u00f3n","publisher":{"@id":"https:\/\/www.ocasionplus.com\/noticias\/#organization"},"potentialAction":[{"@type":"SearchAction","target":{"@type":"EntryPoint","urlTemplate":"https:\/\/www.ocasionplus.com\/noticias\/?s={search_term_string}"},"query-input":{"@type":"PropertyValueSpecification","valueRequired":true,"valueName":"search_term_string"}}],"inLanguage":"es"},{"@type":"Organization","@id":"https:\/\/www.ocasionplus.com\/noticias\/#organization","name":"OcasionPlus","url":"https:\/\/www.ocasionplus.com\/noticias\/","logo":{"@type":"ImageObject","inLanguage":"es","@id":"https:\/\/www.ocasionplus.com\/noticias\/#\/schema\/logo\/image\/","url":"https:\/\/www.ocasionplus.com\/wp-content\/uploads\/2024\/05\/cropped-cropped-oplus-logo-blog.png","contentUrl":"https:\/\/www.ocasionplus.com\/wp-content\/uploads\/2024\/05\/cropped-cropped-oplus-logo-blog.png","width":360,"height":71,"caption":"OcasionPlus"},"image":{"@id":"https:\/\/www.ocasionplus.com\/noticias\/#\/schema\/logo\/image\/"},"sameAs":["https:\/\/www.facebook.com\/ocasionplus","https:\/\/x.com\/ocasionplus","https:\/\/www.instagram.com\/ocasion_plus","https:\/\/www.youtube.com\/channel\/UCBiCAto61Lyu27CgI95wrYQ","https:\/\/www.tiktok.com\/@ocasionplus.com","https:\/\/es.linkedin.com\/company\/ocasionplus"]},{"@type":"Person","@id":"https:\/\/www.ocasionplus.com\/noticias\/#\/schema\/person\/7ab10ae859759ef2622b28e83ba868eb","name":"OcasionPlus","image":{"@type":"ImageObject","inLanguage":"es","@id":"https:\/\/www.ocasionplus.com\/noticias\/#\/schema\/person\/image\/","url":"https:\/\/www.ocasionplus.com\/wp-content\/uploads\/2024\/07\/ocasionplus_avatar-96x96.jpg","contentUrl":"https:\/\/www.ocasionplus.com\/wp-content\/uploads\/2024\/07\/ocasionplus_avatar-96x96.jpg","caption":"OcasionPlus"}}]}},"jetpack_featured_media_url":"https:\/\/www.ocasionplus.com\/wp-content\/uploads\/2022\/10\/Concesionario-Santiago-OcasionPlus.jpg","_links":{"self":[{"href":"https:\/\/www.ocasionplus.com\/noticias\/wp-json\/wp\/v2\/posts\/8875","targetHints":{"allow":["GET"]}}],"collection":[{"href":"https:\/\/www.ocasionplus.com\/noticias\/wp-json\/wp\/v2\/posts"}],"about":[{"href":"https:\/\/www.ocasionplus.com\/noticias\/wp-json\/wp\/v2\/types\/post"}],"author":[{"embeddable":true,"href":"https:\/\/www.ocasionplus.com\/noticias\/wp-json\/wp\/v2\/users\/2"}],"replies":[{"embeddable":true,"href":"https:\/\/www.ocasionplus.com\/noticias\/wp-json\/wp\/v2\/comments?post=8875"}],"version-history":[{"count":1,"href":"https:\/\/www.ocasionplus.com\/noticias\/wp-json\/wp\/v2\/posts\/8875\/revisions"}],"predecessor-version":[{"id":13023,"href":"https:\/\/www.ocasionplus.com\/noticias\/wp-json\/wp\/v2\/posts\/8875\/revisions\/13023"}],"wp:featuredmedia":[{"embeddable":true,"href":"https:\/\/www.ocasionplus.com\/noticias\/wp-json\/wp\/v2\/media\/8876"}],"wp:attachment":[{"href":"https:\/\/www.ocasionplus.com\/noticias\/wp-json\/wp\/v2\/media?parent=8875"}],"wp:term":[{"taxonomy":"category","embeddable":true,"href":"https:\/\/www.ocasionplus.com\/noticias\/wp-json\/wp\/v2\/categories?post=8875"},{"taxonomy":"post_tag","embeddable":true,"href":"https:\/\/www.ocasionplus.com\/noticias\/wp-json\/wp\/v2\/tags?post=8875"}],"curies":[{"name":"wp","href":"https:\/\/api.w.org\/{rel}","templated":true}]}}