{"id":8962,"date":"2022-07-14T13:56:00","date_gmt":"2022-07-14T11:56:00","guid":{"rendered":"https:\/\/blog.ocasionplus.com\/?p=8962"},"modified":"2025-03-27T15:44:44","modified_gmt":"2025-03-27T14:44:44","slug":"historia-mini-cooper","status":"publish","type":"post","link":"https:\/\/www.ocasionplus.com\/noticias\/historia-mini-cooper\/","title":{"rendered":"La historia del Mini Cooper, un coche emblem\u00e1tico"},"content":{"rendered":"\n<p>El Mini Cooper es un coche que ha tenido una larga y exitosa historia. Se trata de un autom\u00f3vil compacto y deportivo que se ha convertido en un <strong>icono de la industria automotriz<\/strong> y ha sido admirado por su dise\u00f1o \u00fanico, su agilidad y su rendimiento en carretera.<\/p>\n\n\n\n<p>El Mini Cooper fue <strong>creado en el Reino Unido en el a\u00f1o 1959<\/strong>, como una respuesta a la necesidad de un veh\u00edculo econ\u00f3mico y ahorrador de combustible en una \u00e9poca en que el pa\u00eds sufr\u00eda una grave escasez de petr\u00f3leo. El coche fue dise\u00f1ado por el famoso ingeniero Alec Issigonis, quien utiliz\u00f3 una innovadora t\u00e9cnica de construcci\u00f3n llamada &#8220;tracci\u00f3n delantera transversal&#8221; para crear un coche compacto y maniobrable que pudiera acomodar cuatro personas en un espacio reducido.<\/p>\n\n\n\n<p>El Mini Cooper se convirti\u00f3 r\u00e1pidamente en un \u00e9xito comercial, gracias a su dise\u00f1o innovador y su rendimiento en carretera. En 1961, el Mini Cooper gan\u00f3 su primera carrera importante en el circuito de Montecarlo, lo que le dio una gran popularidad y le convirti\u00f3 en un s\u00edmbolo de velocidad y deportividad. A partir de entonces, el Mini Cooper particip\u00f3 en numerosas carreras y competiciones, logrando un gran \u00e9xito en pista y consolid\u00e1ndose como <strong>uno de los coches m\u00e1s populares y deseados del Reino Unido<\/strong>.<\/p>\n\n\n\n<p>A lo largo de los a\u00f1os, el Mini Cooper ha experimentado numerosas evoluciones y mejoras, manteniendo siempre su car\u00e1cter deportivo y su estilo \u00fanico. En 1969, se lanz\u00f3 la versi\u00f3n del <strong><a href=\"https:\/\/www.ocasionplus.com\/coches-ocasion\/mini\/cooper-s\" target=\"_blank\" rel=\"noreferrer noopener\">Mini Cooper S<\/a><\/strong>, que inclu\u00eda un motor m\u00e1s potente y una mayor carga de combustible para mejorar su rendimiento en carretera. En 1976, se present\u00f3 la versi\u00f3n del <strong><a href=\"https:\/\/www.ocasionplus.com\/coches-ocasion\/mini\/clubman\" target=\"_blank\" rel=\"noreferrer noopener\">Mini Cooper Clubman<\/a><\/strong>, con un dise\u00f1o m\u00e1s grande y espacioso que el modelo original. Y en 1990, se lanz\u00f3 la versi\u00f3n del <strong>Mini Cooper RSP<\/strong>, que inclu\u00eda un motor de alta potencia y un chasis reforzado para mejorar su rendimiento en pista.<\/p>\n\n\n\n<p>En el a\u00f1o 2000, el Mini Cooper fue <strong>adquirido por BMW<\/strong>, la famosa marca alemana de autom\u00f3viles de lujo. Desde entonces, BMW ha desarrollado nuevas versiones del Mini Cooper, manteniendo siempre su esp\u00edritu deportivo y su estilo ic\u00f3nico, pero a\u00f1adiendo nuevas tecnolog\u00edas y mejoras para hacerlo a\u00fan m\u00e1s atractivo y competitivo en el mercado. Actualmente, el Mini Cooper sigue siendo uno de los coches m\u00e1s populares y admirados del mundo, y sigue siendo un s\u00edmbolo de velocidad, agilidad y estilo en el mundo de la automoci\u00f3n. A lo largo de su historia, el Mini Cooper ha sido <strong>admirado por su dise\u00f1o innovador, su rendimiento en carretera y su personalidad \u00fanica<\/strong>. Es un coche que ha sabido adaptarse a los tiempos y seguir siendo relevante y competitivo en un mercado cada vez m\u00e1s exigente.<\/p>\n\n\n\n<p>En resumen, <strong>la historia del Mini Cooper es una historia de \u00e9xito y de perseverancia<\/strong>. Es el relato de un coche que ha sabido mantener su esp\u00edritu deportivo y su estilo \u00fanico a lo largo de los a\u00f1os, y que sigue siendo admirado y deseado por conductores de todo el mundo. El Mini Cooper es un verdadero icono de la industria automotriz, y su legado seguir\u00e1 siendo admirado por mucho tiempo m\u00e1s. En OcasionPlus tenemos <a href=\"https:\/\/www.ocasionplus.com\/coches-ocasion\/mini\" target=\"_blank\" rel=\"noreferrer noopener\">las mejores ofertas de Mini de segunda mano<\/a>, \u00a1desc\u00fabrelas!<\/p>\n","protected":false},"excerpt":{"rendered":"<p>El Mini Cooper es un coche que ha tenido una larga y exitosa historia. Se trata de un autom\u00f3vil compacto y deportivo que se ha convertido en un icono de la industria automotriz y ha sido admirado por su dise\u00f1o \u00fanico, su agilidad y su rendimiento en carretera. El Mini Cooper fue creado en el&#8230;<\/p>\n","protected":false},"author":2,"featured_media":1253,"comment_status":"closed","ping_status":"closed","sticky":false,"template":"","format":"standard","meta":{"footnotes":""},"categories":[13],"tags":[374],"class_list":["post-8962","post","type-post","status-publish","format-standard","has-post-thumbnail","hentry","category-interesa-saber","tag-mini"],"yoast_head":"<!-- This site is optimized with the Yoast SEO Premium plugin v24.8 (Yoast SEO v24.8.1) - https:\/\/yoast.com\/wordpress\/plugins\/seo\/ -->\n<title>La historia del Mini Cooper, un coche emblem\u00e1tico - OcasionPlus Blog<\/title>\n<meta name=\"description\" content=\"Descubre la historia del famoso Mini Cooper, icono de la industria automotriz admirado por su dise\u00f1o \u00fanico, su agilidad y su rendimiento en carretera.\" \/>\n<meta name=\"robots\" content=\"index, follow, max-snippet:-1, max-image-preview:large, max-video-preview:-1\" \/>\n<link rel=\"canonical\" href=\"https:\/\/www.ocasionplus.com\/noticias\/historia-mini-cooper\/\" \/>\n<meta property=\"og:locale\" content=\"es_ES\" \/>\n<meta property=\"og:type\" content=\"article\" \/>\n<meta property=\"og:title\" content=\"La historia del Mini Cooper, un coche emblem\u00e1tico\" \/>\n<meta property=\"og:description\" content=\"Descubre la historia del famoso Mini Cooper, icono de la industria automotriz admirado por su dise\u00f1o \u00fanico, su agilidad y su rendimiento en carretera.\" \/>\n<meta property=\"og:url\" content=\"https:\/\/www.ocasionplus.com\/noticias\/historia-mini-cooper\/\" \/>\n<meta property=\"og:site_name\" content=\"OcasionPlus Blog\" \/>\n<meta property=\"article:publisher\" content=\"https:\/\/www.facebook.com\/ocasionplus\" \/>\n<meta property=\"article:published_time\" content=\"2022-07-14T11:56:00+00:00\" \/>\n<meta property=\"article:modified_time\" content=\"2025-03-27T14:44:44+00:00\" \/>\n<meta property=\"og:image\" content=\"https:\/\/www.ocasionplus.com\/wp-content\/uploads\/2014\/02\/Evolucion-MINI.jpg\" \/>\n\t<meta property=\"og:image:width\" content=\"1280\" \/>\n\t<meta property=\"og:image:height\" content=\"905\" \/>\n\t<meta property=\"og:image:type\" content=\"image\/jpeg\" \/>\n<meta name=\"author\" content=\"OcasionPlus\" \/>\n<meta name=\"twitter:card\" content=\"summary_large_image\" \/>\n<meta name=\"twitter:creator\" content=\"@ocasionplus\" \/>\n<meta name=\"twitter:site\" content=\"@ocasionplus\" \/>\n<meta name=\"twitter:label1\" content=\"Escrito por\" \/>\n\t<meta name=\"twitter:data1\" content=\"OcasionPlus\" \/>\n\t<meta name=\"twitter:label2\" content=\"Tiempo de lectura\" \/>\n\t<meta name=\"twitter:data2\" content=\"3 minutos\" \/>\n<script type=\"application\/ld+json\" class=\"yoast-schema-graph\">{\"@context\":\"https:\/\/schema.org\",\"@graph\":[{\"@type\":\"Article\",\"@id\":\"https:\/\/www.ocasionplus.com\/noticias\/historia-mini-cooper\/#article\",\"isPartOf\":{\"@id\":\"https:\/\/www.ocasionplus.com\/noticias\/historia-mini-cooper\/\"},\"author\":{\"name\":\"OcasionPlus\",\"@id\":\"https:\/\/www.ocasionplus.com\/noticias\/#\/schema\/person\/7ab10ae859759ef2622b28e83ba868eb\"},\"headline\":\"La historia del Mini Cooper, un coche emblem\u00e1tico\",\"datePublished\":\"2022-07-14T11:56:00+00:00\",\"dateModified\":\"2025-03-27T14:44:44+00:00\",\"mainEntityOfPage\":{\"@id\":\"https:\/\/www.ocasionplus.com\/noticias\/historia-mini-cooper\/\"},\"wordCount\":575,\"publisher\":{\"@id\":\"https:\/\/www.ocasionplus.com\/noticias\/#organization\"},\"image\":{\"@id\":\"https:\/\/www.ocasionplus.com\/noticias\/historia-mini-cooper\/#primaryimage\"},\"thumbnailUrl\":\"https:\/\/www.ocasionplus.com\/wp-content\/uploads\/2014\/02\/Evolucion-MINI.jpg\",\"keywords\":[\"mini\"],\"articleSection\":[\"Te interesa saber...\"],\"inLanguage\":\"es\",\"copyrightYear\":\"2022\",\"copyrightHolder\":{\"@id\":\"https:\/\/www.ocasionplus.com\/noticias\/#organization\"}},{\"@type\":\"WebPage\",\"@id\":\"https:\/\/www.ocasionplus.com\/noticias\/historia-mini-cooper\/\",\"url\":\"https:\/\/www.ocasionplus.com\/noticias\/historia-mini-cooper\/\",\"name\":\"La historia del Mini Cooper, un coche emblem\u00e1tico - OcasionPlus Blog\",\"isPartOf\":{\"@id\":\"https:\/\/www.ocasionplus.com\/noticias\/#website\"},\"primaryImageOfPage\":{\"@id\":\"https:\/\/www.ocasionplus.com\/noticias\/historia-mini-cooper\/#primaryimage\"},\"image\":{\"@id\":\"https:\/\/www.ocasionplus.com\/noticias\/historia-mini-cooper\/#primaryimage\"},\"thumbnailUrl\":\"https:\/\/www.ocasionplus.com\/wp-content\/uploads\/2014\/02\/Evolucion-MINI.jpg\",\"datePublished\":\"2022-07-14T11:56:00+00:00\",\"dateModified\":\"2025-03-27T14:44:44+00:00\",\"description\":\"Descubre la historia del famoso Mini Cooper, icono de la industria automotriz admirado por su dise\u00f1o \u00fanico, su agilidad y su rendimiento en carretera.\",\"breadcrumb\":{\"@id\":\"https:\/\/www.ocasionplus.com\/noticias\/historia-mini-cooper\/#breadcrumb\"},\"inLanguage\":\"es\",\"potentialAction\":[{\"@type\":\"ReadAction\",\"target\":[\"https:\/\/www.ocasionplus.com\/noticias\/historia-mini-cooper\/\"]}]},{\"@type\":\"ImageObject\",\"inLanguage\":\"es\",\"@id\":\"https:\/\/www.ocasionplus.com\/noticias\/historia-mini-cooper\/#primaryimage\",\"url\":\"https:\/\/www.ocasionplus.com\/wp-content\/uploads\/2014\/02\/Evolucion-MINI.jpg\",\"contentUrl\":\"https:\/\/www.ocasionplus.com\/wp-content\/uploads\/2014\/02\/Evolucion-MINI.jpg\",\"width\":1280,\"height\":905,\"caption\":\"MINI de segunda mano se presenta en Madrid internacionalmente\"},{\"@type\":\"BreadcrumbList\",\"@id\":\"https:\/\/www.ocasionplus.com\/noticias\/historia-mini-cooper\/#breadcrumb\",\"itemListElement\":[{\"@type\":\"ListItem\",\"position\":1,\"name\":\"Portada\",\"item\":\"https:\/\/www.ocasionplus.com\/noticias\/\"},{\"@type\":\"ListItem\",\"position\":2,\"name\":\"La historia del Mini Cooper, un coche emblem\u00e1tico\"}]},{\"@type\":\"WebSite\",\"@id\":\"https:\/\/www.ocasionplus.com\/noticias\/#website\",\"url\":\"https:\/\/www.ocasionplus.com\/noticias\/\",\"name\":\"OcasionPlus Blog\",\"description\":\"Veh\u00edculos de ocasi\u00f3n\",\"publisher\":{\"@id\":\"https:\/\/www.ocasionplus.com\/noticias\/#organization\"},\"potentialAction\":[{\"@type\":\"SearchAction\",\"target\":{\"@type\":\"EntryPoint\",\"urlTemplate\":\"https:\/\/www.ocasionplus.com\/noticias\/?s={search_term_string}\"},\"query-input\":{\"@type\":\"PropertyValueSpecification\",\"valueRequired\":true,\"valueName\":\"search_term_string\"}}],\"inLanguage\":\"es\"},{\"@type\":\"Organization\",\"@id\":\"https:\/\/www.ocasionplus.com\/noticias\/#organization\",\"name\":\"OcasionPlus\",\"url\":\"https:\/\/www.ocasionplus.com\/noticias\/\",\"logo\":{\"@type\":\"ImageObject\",\"inLanguage\":\"es\",\"@id\":\"https:\/\/www.ocasionplus.com\/noticias\/#\/schema\/logo\/image\/\",\"url\":\"https:\/\/www.ocasionplus.com\/wp-content\/uploads\/2024\/05\/cropped-cropped-oplus-logo-blog.png\",\"contentUrl\":\"https:\/\/www.ocasionplus.com\/wp-content\/uploads\/2024\/05\/cropped-cropped-oplus-logo-blog.png\",\"width\":360,\"height\":71,\"caption\":\"OcasionPlus\"},\"image\":{\"@id\":\"https:\/\/www.ocasionplus.com\/noticias\/#\/schema\/logo\/image\/\"},\"sameAs\":[\"https:\/\/www.facebook.com\/ocasionplus\",\"https:\/\/x.com\/ocasionplus\",\"https:\/\/www.instagram.com\/ocasion_plus\",\"https:\/\/www.youtube.com\/channel\/UCBiCAto61Lyu27CgI95wrYQ\",\"https:\/\/www.tiktok.com\/@ocasionplus.com\",\"https:\/\/es.linkedin.com\/company\/ocasionplus\"]},{\"@type\":\"Person\",\"@id\":\"https:\/\/www.ocasionplus.com\/noticias\/#\/schema\/person\/7ab10ae859759ef2622b28e83ba868eb\",\"name\":\"OcasionPlus\",\"image\":{\"@type\":\"ImageObject\",\"inLanguage\":\"es\",\"@id\":\"https:\/\/www.ocasionplus.com\/noticias\/#\/schema\/person\/image\/\",\"url\":\"https:\/\/www.ocasionplus.com\/wp-content\/uploads\/2024\/07\/ocasionplus_avatar-96x96.jpg\",\"contentUrl\":\"https:\/\/www.ocasionplus.com\/wp-content\/uploads\/2024\/07\/ocasionplus_avatar-96x96.jpg\",\"caption\":\"OcasionPlus\"}}]}<\/script>\n<!-- \/ Yoast SEO Premium plugin. -->","yoast_head_json":{"title":"La historia del Mini Cooper, un coche emblem\u00e1tico - OcasionPlus Blog","description":"Descubre la historia del famoso Mini Cooper, icono de la industria automotriz admirado por su dise\u00f1o \u00fanico, su agilidad y su rendimiento en carretera.","robots":{"index":"index","follow":"follow","max-snippet":"max-snippet:-1","max-image-preview":"max-image-preview:large","max-video-preview":"max-video-preview:-1"},"canonical":"https:\/\/www.ocasionplus.com\/noticias\/historia-mini-cooper\/","og_locale":"es_ES","og_type":"article","og_title":"La historia del Mini Cooper, un coche emblem\u00e1tico","og_description":"Descubre la historia del famoso Mini Cooper, icono de la industria automotriz admirado por su dise\u00f1o \u00fanico, su agilidad y su rendimiento en carretera.","og_url":"https:\/\/www.ocasionplus.com\/noticias\/historia-mini-cooper\/","og_site_name":"OcasionPlus Blog","article_publisher":"https:\/\/www.facebook.com\/ocasionplus","article_published_time":"2022-07-14T11:56:00+00:00","article_modified_time":"2025-03-27T14:44:44+00:00","og_image":[{"width":1280,"height":905,"url":"https:\/\/www.ocasionplus.com\/wp-content\/uploads\/2014\/02\/Evolucion-MINI.jpg","type":"image\/jpeg"}],"author":"OcasionPlus","twitter_card":"summary_large_image","twitter_creator":"@ocasionplus","twitter_site":"@ocasionplus","twitter_misc":{"Escrito por":"OcasionPlus","Tiempo de lectura":"3 minutos"},"schema":{"@context":"https:\/\/schema.org","@graph":[{"@type":"Article","@id":"https:\/\/www.ocasionplus.com\/noticias\/historia-mini-cooper\/#article","isPartOf":{"@id":"https:\/\/www.ocasionplus.com\/noticias\/historia-mini-cooper\/"},"author":{"name":"OcasionPlus","@id":"https:\/\/www.ocasionplus.com\/noticias\/#\/schema\/person\/7ab10ae859759ef2622b28e83ba868eb"},"headline":"La historia del Mini Cooper, un coche emblem\u00e1tico","datePublished":"2022-07-14T11:56:00+00:00","dateModified":"2025-03-27T14:44:44+00:00","mainEntityOfPage":{"@id":"https:\/\/www.ocasionplus.com\/noticias\/historia-mini-cooper\/"},"wordCount":575,"publisher":{"@id":"https:\/\/www.ocasionplus.com\/noticias\/#organization"},"image":{"@id":"https:\/\/www.ocasionplus.com\/noticias\/historia-mini-cooper\/#primaryimage"},"thumbnailUrl":"https:\/\/www.ocasionplus.com\/wp-content\/uploads\/2014\/02\/Evolucion-MINI.jpg","keywords":["mini"],"articleSection":["Te interesa saber..."],"inLanguage":"es","copyrightYear":"2022","copyrightHolder":{"@id":"https:\/\/www.ocasionplus.com\/noticias\/#organization"}},{"@type":"WebPage","@id":"https:\/\/www.ocasionplus.com\/noticias\/historia-mini-cooper\/","url":"https:\/\/www.ocasionplus.com\/noticias\/historia-mini-cooper\/","name":"La historia del Mini Cooper, un coche emblem\u00e1tico - OcasionPlus Blog","isPartOf":{"@id":"https:\/\/www.ocasionplus.com\/noticias\/#website"},"primaryImageOfPage":{"@id":"https:\/\/www.ocasionplus.com\/noticias\/historia-mini-cooper\/#primaryimage"},"image":{"@id":"https:\/\/www.ocasionplus.com\/noticias\/historia-mini-cooper\/#primaryimage"},"thumbnailUrl":"https:\/\/www.ocasionplus.com\/wp-content\/uploads\/2014\/02\/Evolucion-MINI.jpg","datePublished":"2022-07-14T11:56:00+00:00","dateModified":"2025-03-27T14:44:44+00:00","description":"Descubre la historia del famoso Mini Cooper, icono de la industria automotriz admirado por su dise\u00f1o \u00fanico, su agilidad y su rendimiento en carretera.","breadcrumb":{"@id":"https:\/\/www.ocasionplus.com\/noticias\/historia-mini-cooper\/#breadcrumb"},"inLanguage":"es","potentialAction":[{"@type":"ReadAction","target":["https:\/\/www.ocasionplus.com\/noticias\/historia-mini-cooper\/"]}]},{"@type":"ImageObject","inLanguage":"es","@id":"https:\/\/www.ocasionplus.com\/noticias\/historia-mini-cooper\/#primaryimage","url":"https:\/\/www.ocasionplus.com\/wp-content\/uploads\/2014\/02\/Evolucion-MINI.jpg","contentUrl":"https:\/\/www.ocasionplus.com\/wp-content\/uploads\/2014\/02\/Evolucion-MINI.jpg","width":1280,"height":905,"caption":"MINI de segunda mano se presenta en Madrid internacionalmente"},{"@type":"BreadcrumbList","@id":"https:\/\/www.ocasionplus.com\/noticias\/historia-mini-cooper\/#breadcrumb","itemListElement":[{"@type":"ListItem","position":1,"name":"Portada","item":"https:\/\/www.ocasionplus.com\/noticias\/"},{"@type":"ListItem","position":2,"name":"La historia del Mini Cooper, un coche emblem\u00e1tico"}]},{"@type":"WebSite","@id":"https:\/\/www.ocasionplus.com\/noticias\/#website","url":"https:\/\/www.ocasionplus.com\/noticias\/","name":"OcasionPlus Blog","description":"Veh\u00edculos de ocasi\u00f3n","publisher":{"@id":"https:\/\/www.ocasionplus.com\/noticias\/#organization"},"potentialAction":[{"@type":"SearchAction","target":{"@type":"EntryPoint","urlTemplate":"https:\/\/www.ocasionplus.com\/noticias\/?s={search_term_string}"},"query-input":{"@type":"PropertyValueSpecification","valueRequired":true,"valueName":"search_term_string"}}],"inLanguage":"es"},{"@type":"Organization","@id":"https:\/\/www.ocasionplus.com\/noticias\/#organization","name":"OcasionPlus","url":"https:\/\/www.ocasionplus.com\/noticias\/","logo":{"@type":"ImageObject","inLanguage":"es","@id":"https:\/\/www.ocasionplus.com\/noticias\/#\/schema\/logo\/image\/","url":"https:\/\/www.ocasionplus.com\/wp-content\/uploads\/2024\/05\/cropped-cropped-oplus-logo-blog.png","contentUrl":"https:\/\/www.ocasionplus.com\/wp-content\/uploads\/2024\/05\/cropped-cropped-oplus-logo-blog.png","width":360,"height":71,"caption":"OcasionPlus"},"image":{"@id":"https:\/\/www.ocasionplus.com\/noticias\/#\/schema\/logo\/image\/"},"sameAs":["https:\/\/www.facebook.com\/ocasionplus","https:\/\/x.com\/ocasionplus","https:\/\/www.instagram.com\/ocasion_plus","https:\/\/www.youtube.com\/channel\/UCBiCAto61Lyu27CgI95wrYQ","https:\/\/www.tiktok.com\/@ocasionplus.com","https:\/\/es.linkedin.com\/company\/ocasionplus"]},{"@type":"Person","@id":"https:\/\/www.ocasionplus.com\/noticias\/#\/schema\/person\/7ab10ae859759ef2622b28e83ba868eb","name":"OcasionPlus","image":{"@type":"ImageObject","inLanguage":"es","@id":"https:\/\/www.ocasionplus.com\/noticias\/#\/schema\/person\/image\/","url":"https:\/\/www.ocasionplus.com\/wp-content\/uploads\/2024\/07\/ocasionplus_avatar-96x96.jpg","contentUrl":"https:\/\/www.ocasionplus.com\/wp-content\/uploads\/2024\/07\/ocasionplus_avatar-96x96.jpg","caption":"OcasionPlus"}}]}},"jetpack_featured_media_url":"https:\/\/www.ocasionplus.com\/wp-content\/uploads\/2014\/02\/Evolucion-MINI.jpg","_links":{"self":[{"href":"https:\/\/www.ocasionplus.com\/noticias\/wp-json\/wp\/v2\/posts\/8962","targetHints":{"allow":["GET"]}}],"collection":[{"href":"https:\/\/www.ocasionplus.com\/noticias\/wp-json\/wp\/v2\/posts"}],"about":[{"href":"https:\/\/www.ocasionplus.com\/noticias\/wp-json\/wp\/v2\/types\/post"}],"author":[{"embeddable":true,"href":"https:\/\/www.ocasionplus.com\/noticias\/wp-json\/wp\/v2\/users\/2"}],"replies":[{"embeddable":true,"href":"https:\/\/www.ocasionplus.com\/noticias\/wp-json\/wp\/v2\/comments?post=8962"}],"version-history":[{"count":1,"href":"https:\/\/www.ocasionplus.com\/noticias\/wp-json\/wp\/v2\/posts\/8962\/revisions"}],"predecessor-version":[{"id":11475,"href":"https:\/\/www.ocasionplus.com\/noticias\/wp-json\/wp\/v2\/posts\/8962\/revisions\/11475"}],"wp:featuredmedia":[{"embeddable":true,"href":"https:\/\/www.ocasionplus.com\/noticias\/wp-json\/wp\/v2\/media\/1253"}],"wp:attachment":[{"href":"https:\/\/www.ocasionplus.com\/noticias\/wp-json\/wp\/v2\/media?parent=8962"}],"wp:term":[{"taxonomy":"category","embeddable":true,"href":"https:\/\/www.ocasionplus.com\/noticias\/wp-json\/wp\/v2\/categories?post=8962"},{"taxonomy":"post_tag","embeddable":true,"href":"https:\/\/www.ocasionplus.com\/noticias\/wp-json\/wp\/v2\/tags?post=8962"}],"curies":[{"name":"wp","href":"https:\/\/api.w.org\/{rel}","templated":true}]}}