{"id":9334,"date":"2023-03-30T13:23:39","date_gmt":"2023-03-30T11:23:39","guid":{"rendered":"https:\/\/blog.ocasionplus.com\/?p=9334"},"modified":"2025-03-27T15:43:14","modified_gmt":"2025-03-27T14:43:14","slug":"coches-electricos-pequenos-segunda-mano","status":"publish","type":"post","link":"https:\/\/www.ocasionplus.com\/noticias\/coches-electricos-pequenos-segunda-mano\/","title":{"rendered":"10 coches el\u00e9ctricos peque\u00f1os de segunda mano del mercado"},"content":{"rendered":"\n<h1 class=\"wp-block-heading\">Top 10 de los coches el\u00e9ctricos m\u00e1s peque\u00f1os del 2023<\/h1>\n\n\n\n<p>El coche el\u00e9ctrico peque\u00f1o y de segunda mano cada vez es una opci\u00f3n m\u00e1s popular para aquellos conductores que buscan una forma econ\u00f3mica y ecol\u00f3gica para desplazarse por la ciudad.&nbsp;<\/p>\n\n\n\n<p>En este art\u00edculo te vamos a decir los 10 coches el\u00e9ctricos m\u00e1s peque\u00f1os que puedes encontrar en el mercado; aunque, antes te explicaremos sobre los coches el\u00e9ctricos y qu\u00e9 beneficios tiene.&nbsp;<\/p>\n\n\n\n<p>Recuerda que si quieres <a href=\"https:\/\/ocasionplus.com\/coches-ocasion\"><span style=\"text-decoration: underline;\"><mark style=\"background-color:rgba(0, 0, 0, 0);color:#189bd7\" class=\"has-inline-color\">cambiar tu coche<\/mark><\/span><\/a>, OcasionPlus te puede ayudar, no solo con una asesor\u00eda personalizada, sino tambi\u00e9n ofreci\u00e9ndote una amplia gama de veh\u00edculos que se acomoden a tus necesidades. No dudes en contactarnos.\u00a0<\/p>\n\n\n\n<p><strong><mark style=\"background-color:rgba(0, 0, 0, 0);color:#189bd7\" class=\"has-inline-color\">\u00cdndice de contenido<\/mark><\/strong><\/p>\n\n\n\n<ol class=\"wp-block-list\">\n<li><a href=\"#que-es\"><strong><span style=\"text-decoration: underline;\"><mark style=\"background-color:rgba(0, 0, 0, 0);color:#189bd7\" class=\"has-inline-color\">\u00bfQu\u00e9 es un coche el\u00e9ctrico?<\/mark><\/span><\/strong><\/a><\/li>\n\n\n\n<li><a href=\"#escoger\"><strong><span style=\"text-decoration: underline;\"><mark style=\"background-color:rgba(0, 0, 0, 0);color:#189bd7\" class=\"has-inline-color\">\u00bfPor qu\u00e9 escoger un coche el\u00e9ctrico?<\/mark><\/span><\/strong><\/a><\/li>\n\n\n\n<li><a href=\"#top-10\"><span style=\"text-decoration: underline;\"><mark style=\"background-color:rgba(0, 0, 0, 0);color:#189bd7\" class=\"has-inline-color\"><strong>Top 10 de coches el\u00e9ctricos peque\u00f1os de segunda mano<\/strong><\/mark><\/span><\/a>\n<ul class=\"wp-block-list\">\n<li><a href=\"#citroen-ami\"><strong><span style=\"text-decoration: underline;\"><mark style=\"background-color:rgba(0, 0, 0, 0);color:#189bd7\" class=\"has-inline-color\">Citro\u00ebn AMI<\/mark><\/span><\/strong><\/a><\/li>\n\n\n\n<li><a href=\"#fiat-500e\"><strong><span style=\"text-decoration: underline;\"><mark style=\"background-color:rgba(0, 0, 0, 0);color:#189bd7\" class=\"has-inline-color\">Fiat 500e<\/mark><\/span><\/strong><\/a><\/li>\n\n\n\n<li><a href=\"#opel-corsa-e\"><strong><span style=\"text-decoration: underline;\"><mark style=\"background-color:rgba(0, 0, 0, 0);color:#189bd7\" class=\"has-inline-color\">Opel Corsa-e<\/mark><\/span><\/strong><\/a><\/li>\n\n\n\n<li><a href=\"#peugeot-e-208\"><strong><span style=\"text-decoration: underline;\"><mark style=\"background-color:rgba(0, 0, 0, 0);color:#189bd7\" class=\"has-inline-color\">Peugeot e-208<\/mark><\/span><\/strong><\/a><\/li>\n\n\n\n<li><a href=\"#renault-twingo-ze\"><strong><span style=\"text-decoration: underline;\"><mark style=\"background-color:rgba(0, 0, 0, 0);color:#189bd7\" class=\"has-inline-color\">Renault Twingo ZE<\/mark><\/span><\/strong><\/a><\/li>\n\n\n\n<li><a href=\"#seat-mii-e\"><strong><span style=\"text-decoration: underline;\"><mark style=\"background-color:rgba(0, 0, 0, 0);color:#189bd7\" class=\"has-inline-color\">SEAT Mii e<\/mark><\/span><\/strong><\/a><\/li>\n\n\n\n<li><a href=\"#smart-eq-fortwo\"><strong><span style=\"text-decoration: underline;\"><mark style=\"background-color:rgba(0, 0, 0, 0);color:#189bd7\" class=\"has-inline-color\">Smart EQ Fortwo<\/mark><\/span><\/strong><\/a><\/li>\n\n\n\n<li><a href=\"#renault-zoe\"><strong><span style=\"text-decoration: underline;\"><mark style=\"background-color:rgba(0, 0, 0, 0);color:#189bd7\" class=\"has-inline-color\">Renault ZOE<\/mark><\/span><\/strong><\/a><\/li>\n\n\n\n<li><a href=\"#honda-e\"><strong><span style=\"text-decoration: underline;\"><mark style=\"background-color:rgba(0, 0, 0, 0);color:#189bd7\" class=\"has-inline-color\">Honda e<\/mark><\/span><\/strong><\/a><\/li>\n\n\n\n<li><a href=\"#mini-cooper-se\"><strong><span style=\"text-decoration: underline;\"><mark style=\"background-color:rgba(0, 0, 0, 0);color:#189bd7\" class=\"has-inline-color\">Mini Cooper SE<\/mark><\/span><\/strong><\/a><\/li>\n<\/ul>\n<\/li>\n<\/ol>\n\n\n\n<h2 class=\"wp-block-heading\" id=\"que-es\">\u00bfQu\u00e9 es un coche el\u00e9ctrico?<\/h2>\n\n\n\n<p>Un coche el\u00e9ctrico es un veh\u00edculo que utiliza uno o m\u00e1s motores el\u00e9ctricos para propulsarse, en lugar de un motor de combusti\u00f3n interna. Los coches el\u00e9ctricos utilizan bater\u00edas recargables para almacenar energ\u00eda y convertirla en energ\u00eda mec\u00e1nica para mover las ruedas.<\/p>\n\n\n\n<p>La caracter\u00edstica m\u00e1s importante de estos coches es la bater\u00eda, ya que puede recargar en estaciones de carga p\u00fablicas o en casa, mediante un enchufe normal o un cargador de pared. Adem\u00e1s, estos veh\u00edculos son una alternativa m\u00e1s limpia que los coches con combusti\u00f3n interna; tambi\u00e9n, son menos contaminantes ac\u00fasticamente y su motor proporciona una aceleraci\u00f3n m\u00e1s r\u00e1pida.&nbsp;<\/p>\n\n\n\n<h2 class=\"wp-block-heading\" id=\"escoger\">\u00bfPor qu\u00e9 escoger un coche el\u00e9ctrico?<\/h2>\n\n\n\n<p>Existen varias razones y beneficios por lo que se deber\u00eda de escoger un coche el\u00e9ctrico. Te vamos a explicar las seis razones, por las que deber\u00edas escoger un coche el\u00e9ctrico:<\/p>\n\n\n\n<ol class=\"wp-block-list\">\n<li><strong>Ahorro: <\/strong>El coche el\u00e9ctrico te permitir\u00e1 tener un ahorro enorme, principalmente en combustible y mantenimiento. A largo plazo, su inversi\u00f3n inicial ser\u00e1 mucho menor que la de un coche convencional.<\/li>\n\n\n\n<li><strong>Mayor eficiencia:<\/strong> Estos coches con m\u00e1s eficientes en t\u00e9rminos de energ\u00eda, es decir, pierden menos energ\u00eda durante la conducci\u00f3n.<\/li>\n\n\n\n<li><strong>Reducci\u00f3n de emisiones: <\/strong>Estos coches no emiten gases de escape, lo que significa que son m\u00e1s limpios y no contribuyen a la contaminaci\u00f3n del aire.<\/li>\n\n\n\n<li><strong>Conducci\u00f3n silenciosa:<\/strong> Adem\u00e1s, estos coches no aportan contaminaci\u00f3n auditiva, ya que su motor es mucho m\u00e1s silencioso que los coches de combusti\u00f3n interna, teniendo una experiencia de conducci\u00f3n m\u00e1s agradable.<\/li>\n\n\n\n<li><strong>Mantenimiento:<\/strong> Como mencionamos anteriormente, tendr\u00e1s un ahorro en el costo del mantenimiento, puesto que estos veh\u00edculos necesitan menos piezas de mantenimiento, por ejemplo, no hay necesidad de cambiar el aceite o el filtro de aire.<\/li>\n\n\n\n<li><strong>Incentivos:<\/strong> Seg\u00fan el pa\u00eds o estado, hay incentivos fiscales disponibles, como cr\u00e9ditos fiscales y exenciones de impuestos, por ejemplo en Espa\u00f1a existe el Plan Moves.<\/li>\n<\/ol>\n\n\n\n<h2 class=\"wp-block-heading\" id=\"top-10\">Top 10 coches el\u00e9ctricos peque\u00f1os segunda mano<\/h2>\n\n\n\n<p>Ahora si, tras la introducci\u00f3n, vamos a dar la lista de los 10 coches el\u00e9ctricos peque\u00f1os segunda mano, estos coches no se encuentran ordenados por precio o por <a href=\"https:\/\/blog.ocasionplus.com\/mejor-coche-electrico-calidad-precio\/\" data-type=\"URL\" data-id=\"https:\/\/blog.ocasionplus.com\/mejor-coche-electrico-calidad-precio\/\"><span style=\"text-decoration: underline;\"><mark style=\"background-color:rgba(0, 0, 0, 0);color:#189bd7\" class=\"has-inline-color\">relaci\u00f3n calidad-precio<\/mark><\/span><\/a>, sino por tama\u00f1o.<\/p>\n\n\n\n<h2 class=\"wp-block-heading\" id=\"citroen-ami\">Citro\u00ebn AMI<\/h2>\n\n\n\n<figure class=\"wp-block-image size-large\"><img loading=\"lazy\" decoding=\"async\" width=\"1024\" height=\"576\" src=\"http:\/\/127.0.0.1\/wp-content\/uploads\/2023\/03\/Citroen-AMI-1024x576.jpg\" alt=\"Citro\u00ebn AMI\" class=\"wp-image-9335\" srcset=\"https:\/\/www.ocasionplus.com\/wp-content\/uploads\/2023\/03\/Citroen-AMI-1024x576.jpg 1024w, https:\/\/www.ocasionplus.com\/wp-content\/uploads\/2023\/03\/Citroen-AMI-300x169.jpg 300w, https:\/\/www.ocasionplus.com\/wp-content\/uploads\/2023\/03\/Citroen-AMI-768x432.jpg 768w, https:\/\/www.ocasionplus.com\/wp-content\/uploads\/2023\/03\/Citroen-AMI.jpg 1200w\" sizes=\"auto, (max-width: 1024px) 100vw, 1024px\" \/><figcaption class=\"wp-element-caption\">El Citro\u00ebn AMI es un coche el\u00e9ctrico ultra compacto<\/figcaption><\/figure>\n\n\n\n<p>El Citro\u00ebn AMI es un autom\u00f3vil el\u00e9ctrico ultra compacto, dise\u00f1ado para la movilidad urbana. Su dise\u00f1o moderno y futurista lo hace ideal para aquellos conductores que buscan una alternativa sostenible y asequible.&nbsp;<\/p>\n\n\n\n<p>Este coche cuenta con una autonom\u00eda de 70 kil\u00f3metros y una velocidad m\u00e1xima de 45 km\/h, lo que lo hace perfecto para una conducci\u00f3n en ciudad. Adem\u00e1s, el AMI tiene el tama\u00f1o ideal para aparcar en lugares estrechos y maniobrar en calles concurridas.<\/p>\n\n\n\n<p><a href=\"https:\/\/www.ocasionplus.com\/coches-ocasion?type%3DCAR%26marca%3Dcitroen%26combustible%3DEl%C3%A9ctrico%26sort%3DFECHAOP_DESC\"><span style=\"text-decoration: underline;\"><mark style=\"background-color:rgba(0, 0, 0, 0);color:#189bd7\" class=\"has-inline-color\">Encuentra tu Citro\u00ebn el\u00e9ctrico de segunda mano en OcasionPlus<\/mark><\/span><\/a><\/p>\n\n\n\n<h2 class=\"wp-block-heading\" id=\"fiat-500e\">Fiat 500e<\/h2>\n\n\n\n<figure class=\"wp-block-image size-full\"><img loading=\"lazy\" decoding=\"async\" width=\"1024\" height=\"683\" src=\"http:\/\/127.0.0.1\/wp-content\/uploads\/2023\/03\/Fiat-500-e.jpg\" alt=\"Fiat 500-e\" class=\"wp-image-9076\" srcset=\"https:\/\/www.ocasionplus.com\/wp-content\/uploads\/2023\/03\/Fiat-500-e.jpg 1024w, https:\/\/www.ocasionplus.com\/wp-content\/uploads\/2023\/03\/Fiat-500-e-300x200.jpg 300w, https:\/\/www.ocasionplus.com\/wp-content\/uploads\/2023\/03\/Fiat-500-e-768x512.jpg 768w\" sizes=\"auto, (max-width: 1024px) 100vw, 1024px\" \/><figcaption class=\"wp-element-caption\">El Fiat 500-e es un coche compacto, pr\u00e1ctico y atractivo<\/figcaption><\/figure>\n\n\n\n<p>El Fiat 500e es un veh\u00edculo el\u00e9ctrico compacto y divertido de conducir. Es un coche perfecto para la conducci\u00f3n urbana, gracias a su tama\u00f1o, y es ideal para viajes cortos, por su motor y autonom\u00eda.<\/p>\n\n\n\n<p>El 500e cuenta con una autonom\u00eda de 140 km y una velocidad m\u00e1xima de 150 km\/h. Adem\u00e1s, de tener caracter\u00edsticas avanzadas, como una pantalla t\u00e1ctil de 7 pulgadas y un sistema de sonido de alta calidad.&nbsp;<\/p>\n\n\n\n<p><a href=\"https:\/\/www.ocasionplus.com\/coches-ocasion?type%3DCAR%26marca%3Dfiat%26modelo%3D500%26combustible%3DEl%C3%A9ctrico%26sort%3DFECHAOP_DESC\"><span style=\"text-decoration: underline;\"><mark style=\"background-color:rgba(0, 0, 0, 0);color:#189bd7\" class=\"has-inline-color\">Busca tu pr\u00f3ximo Fiat 500e de segunda mano en OcasionPlus<\/mark><\/span><\/a><\/p>\n\n\n\n<h2 class=\"wp-block-heading\" id=\"opel-corsa-e\">Opel Corsa-e<\/h2>\n\n\n\n<figure class=\"wp-block-image size-full\"><img loading=\"lazy\" decoding=\"async\" width=\"1024\" height=\"683\" src=\"http:\/\/127.0.0.1\/wp-content\/uploads\/2023\/03\/Opel-Corsa.jpg\" alt=\"Opel Corsa\" class=\"wp-image-9074\" srcset=\"https:\/\/www.ocasionplus.com\/wp-content\/uploads\/2023\/03\/Opel-Corsa.jpg 1024w, https:\/\/www.ocasionplus.com\/wp-content\/uploads\/2023\/03\/Opel-Corsa-300x200.jpg 300w, https:\/\/www.ocasionplus.com\/wp-content\/uploads\/2023\/03\/Opel-Corsa-768x512.jpg 768w\" sizes=\"auto, (max-width: 1024px) 100vw, 1024px\" \/><figcaption class=\"wp-element-caption\">El Opel Corsa-e tiene una combinaci\u00f3n de estilo, eficiencia y rendimiento<\/figcaption><\/figure>\n\n\n\n<p>El Opel Corsa-e es un coche el\u00e9ctrico, compacto y deportivo. Es un coche ideal para los conductores que buscan un coche el\u00e9ctrico y que adem\u00e1s les otorgue esa deportividad de un coche de combusti\u00f3n interna.<\/p>\n\n\n\n<p>El Corsa-e tiene una autonom\u00eda de 337 km y una velocidad m\u00e1xima de 150 km\/h, lo que lo hace ideal para una conducci\u00f3n urbana y viajes m\u00e1s largos. Adem\u00e1s, cuenta con caracter\u00edsticas de seguridad avanzadas como el sistema de alerta de cambio de carril y un sistema de frenado de emergencia autom\u00e1tico.&nbsp;<\/p>\n\n\n\n<p><a href=\"https:\/\/www.ocasionplus.com\/coches-ocasion?type%3DCAR%26marca%3Dopel%26modelo%3Dcorsa-e%26combustible%3DEl%C3%A9ctrico%26sort%3DFECHAOP_DESC\"><span style=\"text-decoration: underline;\"><mark style=\"background-color:rgba(0, 0, 0, 0);color:#189bd7\" class=\"has-inline-color\">Descubre tu pr\u00f3ximo Opel Corsa-e de segunda mano en OcasionPlus<\/mark><\/span><\/a><\/p>\n\n\n\n<h2 class=\"wp-block-heading\" id=\"peugeot-e-208\">Peugeot e-208<\/h2>\n\n\n\n<figure class=\"wp-block-image size-full\"><img loading=\"lazy\" decoding=\"async\" width=\"1024\" height=\"683\" src=\"http:\/\/127.0.0.1\/wp-content\/uploads\/2023\/03\/Peugeot-e-208.jpg\" alt=\"Peugeot e-208\" class=\"wp-image-9070\" srcset=\"https:\/\/www.ocasionplus.com\/wp-content\/uploads\/2023\/03\/Peugeot-e-208.jpg 1024w, https:\/\/www.ocasionplus.com\/wp-content\/uploads\/2023\/03\/Peugeot-e-208-300x200.jpg 300w, https:\/\/www.ocasionplus.com\/wp-content\/uploads\/2023\/03\/Peugeot-e-208-768x512.jpg 768w, https:\/\/www.ocasionplus.com\/wp-content\/uploads\/2023\/03\/Peugeot-e-208-266x177.jpg 266w, https:\/\/www.ocasionplus.com\/wp-content\/uploads\/2023\/03\/Peugeot-e-208-865x577.jpg 865w, https:\/\/www.ocasionplus.com\/wp-content\/uploads\/2023\/03\/Peugeot-e-208-255x170.jpg 255w, https:\/\/www.ocasionplus.com\/wp-content\/uploads\/2023\/03\/Peugeot-e-208-398x265.jpg 398w, https:\/\/www.ocasionplus.com\/wp-content\/uploads\/2023\/03\/Peugeot-e-208-600x400.jpg 600w\" sizes=\"auto, (max-width: 1024px) 100vw, 1024px\" \/><figcaption class=\"wp-element-caption\">El Peugeot 208 es un coche peque\u00f1o, elegante y bien dise\u00f1ado<\/figcaption><\/figure>\n\n\n\n<p>El Peugeot e208 es un coche el\u00e9ctrico compacto y elegante, que adem\u00e1s combina caracter\u00edsticas avanzadas de alta tecnolog\u00eda. Es ideal para aquellos conductores que buscan un autom\u00f3vil el\u00e9ctrico elegante, pr\u00e1ctico y con tecnolog\u00eda avanzada.&nbsp;<\/p>\n\n\n\n<p>El e208 cuenta con una autonom\u00eda de 340 km y una velocidad m\u00e1xima de 150 km\/h, es ideal para viajes largos y una conducci\u00f3n en ciudad, por su tama\u00f1o. Adem\u00e1s, cuenta con sistemas de seguridad como el sistema de frenado autom\u00e1tico de emergencia y sistema de alerta de cambio de carril.<\/p>\n\n\n\n<p><a href=\"https:\/\/www.ocasionplus.com\/coches-ocasion?type%3DCAR%26marca%3Dpeugeot%26modelo%3De-208%26combustible%3DEl%C3%A9ctrico%26sort%3DFECHAOP_DESC\"><span style=\"text-decoration: underline;\"><mark style=\"background-color:rgba(0, 0, 0, 0);color:#189bd7\" class=\"has-inline-color\">Encuentra tu pr\u00f3ximo Peugeot e-208 de segunda mano en OcasionPlus<\/mark><\/span><\/a><\/p>\n\n\n\n<h2 class=\"wp-block-heading\" id=\"renault-twingo-ze\">Renault Twingo ZE<\/h2>\n\n\n\n<figure class=\"wp-block-image size-large\"><img loading=\"lazy\" decoding=\"async\" width=\"1024\" height=\"576\" src=\"http:\/\/127.0.0.1\/wp-content\/uploads\/2023\/03\/Renault-Twingo-ZE-1024x576.jpg\" alt=\"Renault Twingo ZE\" class=\"wp-image-9336\" srcset=\"https:\/\/www.ocasionplus.com\/wp-content\/uploads\/2023\/03\/Renault-Twingo-ZE-1024x576.jpg 1024w, https:\/\/www.ocasionplus.com\/wp-content\/uploads\/2023\/03\/Renault-Twingo-ZE-300x169.jpg 300w, https:\/\/www.ocasionplus.com\/wp-content\/uploads\/2023\/03\/Renault-Twingo-ZE-768x432.jpg 768w, https:\/\/www.ocasionplus.com\/wp-content\/uploads\/2023\/03\/Renault-Twingo-ZE-266x150.jpg 266w, https:\/\/www.ocasionplus.com\/wp-content\/uploads\/2023\/03\/Renault-Twingo-ZE-255x143.jpg 255w, https:\/\/www.ocasionplus.com\/wp-content\/uploads\/2023\/03\/Renault-Twingo-ZE-398x224.jpg 398w, https:\/\/www.ocasionplus.com\/wp-content\/uploads\/2023\/03\/Renault-Twingo-ZE-600x338.jpg 600w, https:\/\/www.ocasionplus.com\/wp-content\/uploads\/2023\/03\/Renault-Twingo-ZE.jpg 1280w\" sizes=\"auto, (max-width: 1024px) 100vw, 1024px\" \/><figcaption class=\"wp-element-caption\">El Renault Twingo ZE es un coche el\u00e9ctrico ultra compacto y \u00e1gil, ideal para la ciudad<\/figcaption><\/figure>\n\n\n\n<p>El Renault Twingo ZE es un veh\u00edculo el\u00e9ctrico ultra compacto. Su tama\u00f1o le permite una gran maniobrabilidad por la ciudad. Es ideal para aquellos conductores que buscan un coche asequible y con una gran autonom\u00eda para conducir por la ciudad.<\/p>\n\n\n\n<p>El Twingo ZE cuenta con una autonom\u00eda de hasta 190 km y una velocidad m\u00e1xima de 135 km\/h. Adem\u00e1s, cuenta con un dise\u00f1o moderno y fresco, que con sus avanzadas caracter\u00edsticas de tecnolog\u00eda, le dan un gran valor y lo hace ser una excelente opci\u00f3n.<\/p>\n\n\n\n<p><a href=\"https:\/\/www.ocasionplus.com\/coches-ocasion?type%3DCAR%26marca%3Drenault%26combustible%3DEl%C3%A9ctrico%26sort%3DFECHAOP_DESC\"><span style=\"text-decoration: underline;\"><mark style=\"background-color:rgba(0, 0, 0, 0);color:#189bd7\" class=\"has-inline-color\">Descubre tu pr\u00f3ximo Renault el\u00e9ctrico de segunda mano en OcasionPlus<\/mark><\/span><\/a><\/p>\n\n\n\n<h2 class=\"wp-block-heading\" id=\"seat-mii-e\">SEAT Mii e<\/h2>\n\n\n\n<figure class=\"wp-block-image size-full\"><img loading=\"lazy\" decoding=\"async\" width=\"1024\" height=\"680\" src=\"http:\/\/127.0.0.1\/wp-content\/uploads\/2023\/03\/Seat-Mii-e-1.jpg\" alt=\"Seat Mii e\" class=\"wp-image-9082\" srcset=\"https:\/\/www.ocasionplus.com\/wp-content\/uploads\/2023\/03\/Seat-Mii-e-1.jpg 1024w, https:\/\/www.ocasionplus.com\/wp-content\/uploads\/2023\/03\/Seat-Mii-e-1-300x199.jpg 300w, https:\/\/www.ocasionplus.com\/wp-content\/uploads\/2023\/03\/Seat-Mii-e-1-768x510.jpg 768w\" sizes=\"auto, (max-width: 1024px) 100vw, 1024px\" \/><figcaption class=\"wp-element-caption\">El Seat MII el\u00e9ctrico es un coche compacto y \u00e1gil<\/figcaption><\/figure>\n\n\n\n<p>El SEAT Mii el\u00e9ctric es un veh\u00edculo ultra compacto y asequible para la conducci\u00f3n en ciudad. Es una excelente opci\u00f3n para aquellos que buscan un veh\u00edculo el\u00e9ctrico con caracter\u00edsticas avanzadas y una gran autonom\u00eda para la conducci\u00f3n por ciudad.&nbsp;<\/p>\n\n\n\n<p>El Mii electric cuenta con una autonom\u00eda de hasta 260 km y una velocidad m\u00e1xima de 130 km\/h. Adem\u00e1s, de tener un dise\u00f1o moderno y elegante, con una amplia gama de caracter\u00edsticas, como su sistema de infoentretenimiento avanzado.&nbsp;<\/p>\n\n\n\n<p><span style=\"text-decoration: underline;\"><mark style=\"background-color:rgba(0, 0, 0, 0);color:#189bd7\" class=\"has-inline-color\"><a href=\"https:\/\/www.ocasionplus.com\/coches-ocasion?type%3DCAR%26marca%3Dseat%26sort%3DFECHAOP_DESC\">Busca tu pr\u00f3ximo SEAT de segunda mano en OcasionPlus<\/a>\u00a0<\/mark><\/span><\/p>\n\n\n\n<h2 class=\"wp-block-heading\" id=\"smart-eq-fortwo\">Smart EQ Fortwo<\/h2>\n\n\n\n<figure class=\"wp-block-image size-large\"><img loading=\"lazy\" decoding=\"async\" width=\"1024\" height=\"768\" src=\"http:\/\/127.0.0.1\/wp-content\/uploads\/2023\/03\/Smart-EQ-Fortwo-1024x768.jpg\" alt=\"Smart EQ Fortwo\" class=\"wp-image-9337\" srcset=\"https:\/\/www.ocasionplus.com\/wp-content\/uploads\/2023\/03\/Smart-EQ-Fortwo-1024x768.jpg 1024w, https:\/\/www.ocasionplus.com\/wp-content\/uploads\/2023\/03\/Smart-EQ-Fortwo-300x225.jpg 300w, https:\/\/www.ocasionplus.com\/wp-content\/uploads\/2023\/03\/Smart-EQ-Fortwo-768x576.jpg 768w, https:\/\/www.ocasionplus.com\/wp-content\/uploads\/2023\/03\/Smart-EQ-Fortwo-398x299.jpg 398w, https:\/\/www.ocasionplus.com\/wp-content\/uploads\/2023\/03\/Smart-EQ-Fortwo-600x450.jpg 600w, https:\/\/www.ocasionplus.com\/wp-content\/uploads\/2023\/03\/Smart-EQ-Fortwo.jpg 1280w\" sizes=\"auto, (max-width: 1024px) 100vw, 1024px\" \/><figcaption class=\"wp-element-caption\">El Smart EQ Fortwo es un veh\u00edculo el\u00e9ctrico ultra compacto<\/figcaption><\/figure>\n\n\n\n<p>El Smart EQ Fortwo es un coche el\u00e9ctrico ultra compacto dise\u00f1ado para conducirlo por la ciudad. Es una gran alternativa para aquellos conductores que buscan un veh\u00edculo el\u00e9ctrico ultra compacto y \u00e1gil.<\/p>\n\n\n\n<p>El EQ Fortwo cuenta con una autonom\u00eda de hasta 150 km y una velocidad m\u00e1xima de 130 km\/h, siendo una alternativa a considerar para aquellos que buscan un veh\u00edculo sostenible en entornos urbanos.&nbsp;<\/p>\n\n\n\n<p><a href=\"https:\/\/www.ocasionplus.com\/coches-ocasion?type%3DCAR%26marca%3Dsmart%26modelo%3Dfortwo%26sort%3DFECHAOP_DESC\"><span style=\"text-decoration: underline;\"><mark style=\"background-color:rgba(0, 0, 0, 0);color:#189bd7\" class=\"has-inline-color\">Encuentra tu pr\u00f3ximo Smart EQ Fortwo de segunda mano en OcasionPlus<\/mark><\/span><\/a><\/p>\n\n\n\n<h2 class=\"wp-block-heading\" id=\"renault-zoe\">Renault ZOE<\/h2>\n\n\n\n<figure class=\"wp-block-image size-full\"><img loading=\"lazy\" decoding=\"async\" width=\"1024\" height=\"682\" src=\"http:\/\/127.0.0.1\/wp-content\/uploads\/2023\/03\/Renault-Zoe.jpg\" alt=\"Renault Zoe\" class=\"wp-image-9072\" srcset=\"https:\/\/www.ocasionplus.com\/wp-content\/uploads\/2023\/03\/Renault-Zoe.jpg 1024w, https:\/\/www.ocasionplus.com\/wp-content\/uploads\/2023\/03\/Renault-Zoe-300x200.jpg 300w, https:\/\/www.ocasionplus.com\/wp-content\/uploads\/2023\/03\/Renault-Zoe-768x512.jpg 768w\" sizes=\"auto, (max-width: 1024px) 100vw, 1024px\" \/><figcaption class=\"wp-element-caption\">El Renault Zoe es un coche confiable y econ\u00f3mico<\/figcaption><\/figure>\n\n\n\n<p>El Renault Zoe es un coche compacto y eficiente, dise\u00f1ado para conducir en ciudad y en carreteras de larga distancia. Es una excelente opci\u00f3n para aquellos conductores que est\u00e1n buscando un coche el\u00e9ctrico compacto y eficiente.<\/p>\n\n\n\n<p>El Zoe cuenta con una autonom\u00eda de hasta 395 km y una velocidad m\u00e1xima de 140 km\/h. Adem\u00e1s, de ofrecer una amplia gama de caracter\u00edsticas, como un sistema de infoentretenimiento avanzado y asientos c\u00f3modos con un sistema de climatizaci\u00f3n eficiente.<\/p>\n\n\n\n<p><a href=\"https:\/\/www.ocasionplus.com\/coches-ocasion?type%3DCAR%26marca%3Drenault%26modelo%3Dzoe%26combustible%3DEl%C3%A9ctrico%26sort%3DFECHAOP_DESC\"><span style=\"text-decoration: underline;\"><mark style=\"background-color:rgba(0, 0, 0, 0);color:#189bd7\" class=\"has-inline-color\">Busca tu pr\u00f3ximo Renault Zoe de segunda mano en OcasionPlus<\/mark><\/span><\/a><\/p>\n\n\n\n<h2 class=\"wp-block-heading\" id=\"honda-e\">Honda e<\/h2>\n\n\n\n<figure class=\"wp-block-image size-full\"><img loading=\"lazy\" decoding=\"async\" width=\"1024\" height=\"683\" src=\"http:\/\/127.0.0.1\/wp-content\/uploads\/2023\/03\/Honda-e.jpg\" alt=\"Honda e\" class=\"wp-image-9077\" srcset=\"https:\/\/www.ocasionplus.com\/wp-content\/uploads\/2023\/03\/Honda-e.jpg 1024w, https:\/\/www.ocasionplus.com\/wp-content\/uploads\/2023\/03\/Honda-e-300x200.jpg 300w, https:\/\/www.ocasionplus.com\/wp-content\/uploads\/2023\/03\/Honda-e-768x512.jpg 768w\" sizes=\"auto, (max-width: 1024px) 100vw, 1024px\" \/><figcaption class=\"wp-element-caption\">El Honda-e es un coche el\u00e9ctrico urbano y minimalista<\/figcaption><\/figure>\n\n\n\n<p>El Honda e es un autom\u00f3vil el\u00e9ctrico ultra compacto y elegante, ideal para una conducci\u00f3n por ciudad. Este coche es una excelente opci\u00f3n, gracias a su gran autonom\u00eda para la conducci\u00f3n; adem\u00e1s de tener un dise\u00f1o elegante, que le da personalidad en las calles.<\/p>\n\n\n\n<p>El Honda e cuenta con una autonom\u00eda de hasta 222 km y una velocidad m\u00e1xima de 145 km\/h. Adem\u00e1s, una amplia gama de caracter\u00edsticas de alta tecnolog\u00eda, como c\u00e1maras retrovisoras digitales, en lugar de espacios laterales, y un sistema de infoentretenimiento avanzado.<\/p>\n\n\n\n<p><a href=\"https:\/\/www.ocasionplus.com\/coches-ocasion?type%3DCAR%26marca%3Dhonda%26sort%3DFECHAOP_DESC\"><span style=\"text-decoration: underline;\"><mark style=\"background-color:rgba(0, 0, 0, 0);color:#189bd7\" class=\"has-inline-color\">Descubre tu pr\u00f3ximo Honda de segunda mano en OcasionPlus<\/mark><\/span><\/a><\/p>\n\n\n\n<h2 class=\"wp-block-heading\" id=\"mini-cooper-se\">Mini Cooper SE<\/h2>\n\n\n\n<figure class=\"wp-block-image size-full\"><img loading=\"lazy\" decoding=\"async\" width=\"1024\" height=\"576\" src=\"http:\/\/127.0.0.1\/wp-content\/uploads\/2023\/03\/Mini-Cooper-SE-Electrico.jpg\" alt=\"Mini Cooper SE Electrico\" class=\"wp-image-9060\" srcset=\"https:\/\/www.ocasionplus.com\/wp-content\/uploads\/2023\/03\/Mini-Cooper-SE-Electrico.jpg 1024w, https:\/\/www.ocasionplus.com\/wp-content\/uploads\/2023\/03\/Mini-Cooper-SE-Electrico-300x169.jpg 300w, https:\/\/www.ocasionplus.com\/wp-content\/uploads\/2023\/03\/Mini-Cooper-SE-Electrico-768x432.jpg 768w\" sizes=\"auto, (max-width: 1024px) 100vw, 1024px\" \/><figcaption class=\"wp-element-caption\">El Mini Cooper es un coche peque\u00f1o, ic\u00f3nico y divertido de conducir<\/figcaption><\/figure>\n\n\n\n<p>El Mini Cooper SE es la electrificaci\u00f3n del modelo de combusti\u00f3n interna. Es un coche el\u00e9ctrico compacto y \u00e1gil. Una excelente opci\u00f3n para aquellos conductores que buscan un veh\u00edculo con una gran autonom\u00eda.<\/p>\n\n\n\n<p>El Mini cuenta con una autonom\u00eda de hasta 234 km y una velocidad m\u00e1xima de 150 km\/h. Adem\u00e1s, su dise\u00f1o ic\u00f3nico y moderno, es caracter\u00edstico de los Minis. Su interior es mucho m\u00e1s deportivo, ya que cuenta con asientos deportivos y un sistema de climatizaci\u00f3n eficiente.<\/p>\n\n\n\n<p><a href=\"https:\/\/www.ocasionplus.com\/coches-ocasion?type%3DCAR%26marca%3Dmini%26combustible%3DEl%C3%A9ctrico%26sort%3DFECHAOP_DESC\"><span style=\"text-decoration: underline;\"><mark style=\"background-color:rgba(0, 0, 0, 0);color:#189bd7\" class=\"has-inline-color\">Encuentra tu Mini el\u00e9ctrico de segunda mano en OcasionPlus<\/mark><\/span><\/a><\/p>\n\n\n\n<p>En resumen, los coches el\u00e9ctricos peque\u00f1os segunda mano son una buena alternativa o una buena opci\u00f3n si est\u00e1s pensando en adquirir un coche el\u00e9ctrico. Adem\u00e1s, recuerda que tienes ciertos beneficios al comprar un veh\u00edculo como estos.<\/p>\n\n\n\n<p>Si est\u00e1s interesado y quieres comprar un coche el\u00e9ctrico de segunda mano, no dudes en visitar alguno de nuestros 70 centros de la pen\u00ednsula. Donde te ayudaremos a encontrar tu coche ideal.<\/p>\n","protected":false},"excerpt":{"rendered":"<p>Top 10 de los coches el\u00e9ctricos m\u00e1s peque\u00f1os del 2023 El coche el\u00e9ctrico peque\u00f1o y de segunda mano cada vez es una opci\u00f3n m\u00e1s popular para aquellos conductores que buscan una forma econ\u00f3mica y ecol\u00f3gica para desplazarse por la ciudad.&nbsp; En este art\u00edculo te vamos a decir los 10 coches el\u00e9ctricos m\u00e1s peque\u00f1os que puedes&#8230;<\/p>\n","protected":false},"author":3,"featured_media":9337,"comment_status":"closed","ping_status":"closed","sticky":false,"template":"","format":"standard","meta":{"footnotes":""},"categories":[11],"tags":[],"class_list":["post-9334","post","type-post","status-publish","format-standard","has-post-thumbnail","hentry","category-rankings"],"yoast_head":"<!-- This site is optimized with the Yoast SEO Premium plugin v24.8 (Yoast SEO v24.8.1) - https:\/\/yoast.com\/wordpress\/plugins\/seo\/ -->\n<title>Top 10 de los coches el\u00e9ctricos m\u00e1s peque\u00f1os del 2023 - OcasionPlus Blog<\/title>\n<meta name=\"description\" content=\"El coche el\u00e9ctrico peque\u00f1o y de segunda mano cada vez es una opci\u00f3n m\u00e1s popular para aquellos conductores que buscan una forma de movilidad econ\u00f3mica.\" \/>\n<meta name=\"robots\" content=\"index, follow, max-snippet:-1, max-image-preview:large, max-video-preview:-1\" \/>\n<link rel=\"canonical\" href=\"https:\/\/www.ocasionplus.com\/noticias\/coches-electricos-pequenos-segunda-mano\/\" \/>\n<meta property=\"og:locale\" content=\"es_ES\" \/>\n<meta property=\"og:type\" content=\"article\" \/>\n<meta property=\"og:title\" content=\"10 coches el\u00e9ctricos peque\u00f1os de segunda mano del mercado\" \/>\n<meta property=\"og:description\" content=\"El coche el\u00e9ctrico peque\u00f1o y de segunda mano cada vez es una opci\u00f3n m\u00e1s popular para aquellos conductores que buscan una forma de movilidad econ\u00f3mica.\" \/>\n<meta property=\"og:url\" content=\"https:\/\/www.ocasionplus.com\/noticias\/coches-electricos-pequenos-segunda-mano\/\" \/>\n<meta property=\"og:site_name\" content=\"OcasionPlus Blog\" \/>\n<meta property=\"article:publisher\" content=\"https:\/\/www.facebook.com\/ocasionplus\" \/>\n<meta property=\"article:published_time\" content=\"2023-03-30T11:23:39+00:00\" \/>\n<meta property=\"article:modified_time\" content=\"2025-03-27T14:43:14+00:00\" \/>\n<meta property=\"og:image\" content=\"https:\/\/www.ocasionplus.com\/wp-content\/uploads\/2023\/03\/Smart-EQ-Fortwo.jpg\" \/>\n\t<meta property=\"og:image:width\" content=\"1280\" \/>\n\t<meta property=\"og:image:height\" content=\"960\" \/>\n\t<meta property=\"og:image:type\" content=\"image\/jpeg\" \/>\n<meta name=\"author\" content=\"Cristhian Gonz\u00e1lez\" \/>\n<meta name=\"twitter:card\" content=\"summary_large_image\" \/>\n<meta name=\"twitter:creator\" content=\"@ocasionplus\" \/>\n<meta name=\"twitter:site\" content=\"@ocasionplus\" \/>\n<meta name=\"twitter:label1\" content=\"Escrito por\" \/>\n\t<meta name=\"twitter:data1\" content=\"Cristhian Gonz\u00e1lez\" \/>\n\t<meta name=\"twitter:label2\" content=\"Tiempo de lectura\" \/>\n\t<meta name=\"twitter:data2\" content=\"9 minutos\" \/>\n<script type=\"application\/ld+json\" class=\"yoast-schema-graph\">{\"@context\":\"https:\/\/schema.org\",\"@graph\":[{\"@type\":\"Article\",\"@id\":\"https:\/\/www.ocasionplus.com\/noticias\/coches-electricos-pequenos-segunda-mano\/#article\",\"isPartOf\":{\"@id\":\"https:\/\/www.ocasionplus.com\/noticias\/coches-electricos-pequenos-segunda-mano\/\"},\"author\":{\"name\":\"Cristhian Gonz\u00e1lez\",\"@id\":\"https:\/\/www.ocasionplus.com\/noticias\/#\/schema\/person\/db1203be564cc3ded97ad1dbd8aadc5b\"},\"headline\":\"10 coches el\u00e9ctricos peque\u00f1os de segunda mano del mercado\",\"datePublished\":\"2023-03-30T11:23:39+00:00\",\"dateModified\":\"2025-03-27T14:43:14+00:00\",\"mainEntityOfPage\":{\"@id\":\"https:\/\/www.ocasionplus.com\/noticias\/coches-electricos-pequenos-segunda-mano\/\"},\"wordCount\":1815,\"publisher\":{\"@id\":\"https:\/\/www.ocasionplus.com\/noticias\/#organization\"},\"image\":{\"@id\":\"https:\/\/www.ocasionplus.com\/noticias\/coches-electricos-pequenos-segunda-mano\/#primaryimage\"},\"thumbnailUrl\":\"https:\/\/www.ocasionplus.com\/wp-content\/uploads\/2023\/03\/Smart-EQ-Fortwo.jpg\",\"articleSection\":[\"Rankings\"],\"inLanguage\":\"es\",\"copyrightYear\":\"2023\",\"copyrightHolder\":{\"@id\":\"https:\/\/www.ocasionplus.com\/noticias\/#organization\"}},{\"@type\":\"WebPage\",\"@id\":\"https:\/\/www.ocasionplus.com\/noticias\/coches-electricos-pequenos-segunda-mano\/\",\"url\":\"https:\/\/www.ocasionplus.com\/noticias\/coches-electricos-pequenos-segunda-mano\/\",\"name\":\"Top 10 de los coches el\u00e9ctricos m\u00e1s peque\u00f1os del 2023 - OcasionPlus Blog\",\"isPartOf\":{\"@id\":\"https:\/\/www.ocasionplus.com\/noticias\/#website\"},\"primaryImageOfPage\":{\"@id\":\"https:\/\/www.ocasionplus.com\/noticias\/coches-electricos-pequenos-segunda-mano\/#primaryimage\"},\"image\":{\"@id\":\"https:\/\/www.ocasionplus.com\/noticias\/coches-electricos-pequenos-segunda-mano\/#primaryimage\"},\"thumbnailUrl\":\"https:\/\/www.ocasionplus.com\/wp-content\/uploads\/2023\/03\/Smart-EQ-Fortwo.jpg\",\"datePublished\":\"2023-03-30T11:23:39+00:00\",\"dateModified\":\"2025-03-27T14:43:14+00:00\",\"description\":\"El coche el\u00e9ctrico peque\u00f1o y de segunda mano cada vez es una opci\u00f3n m\u00e1s popular para aquellos conductores que buscan una forma de movilidad econ\u00f3mica.\",\"breadcrumb\":{\"@id\":\"https:\/\/www.ocasionplus.com\/noticias\/coches-electricos-pequenos-segunda-mano\/#breadcrumb\"},\"inLanguage\":\"es\",\"potentialAction\":[{\"@type\":\"ReadAction\",\"target\":[\"https:\/\/www.ocasionplus.com\/noticias\/coches-electricos-pequenos-segunda-mano\/\"]}]},{\"@type\":\"ImageObject\",\"inLanguage\":\"es\",\"@id\":\"https:\/\/www.ocasionplus.com\/noticias\/coches-electricos-pequenos-segunda-mano\/#primaryimage\",\"url\":\"https:\/\/www.ocasionplus.com\/wp-content\/uploads\/2023\/03\/Smart-EQ-Fortwo.jpg\",\"contentUrl\":\"https:\/\/www.ocasionplus.com\/wp-content\/uploads\/2023\/03\/Smart-EQ-Fortwo.jpg\",\"width\":1280,\"height\":960,\"caption\":\"El Smart EQ Fortwo es un veh\u00edculo el\u00e9ctrico ultra compacto\"},{\"@type\":\"BreadcrumbList\",\"@id\":\"https:\/\/www.ocasionplus.com\/noticias\/coches-electricos-pequenos-segunda-mano\/#breadcrumb\",\"itemListElement\":[{\"@type\":\"ListItem\",\"position\":1,\"name\":\"Portada\",\"item\":\"https:\/\/www.ocasionplus.com\/noticias\/\"},{\"@type\":\"ListItem\",\"position\":2,\"name\":\"10 coches el\u00e9ctricos peque\u00f1os de segunda mano del mercado\"}]},{\"@type\":\"WebSite\",\"@id\":\"https:\/\/www.ocasionplus.com\/noticias\/#website\",\"url\":\"https:\/\/www.ocasionplus.com\/noticias\/\",\"name\":\"OcasionPlus Blog\",\"description\":\"Veh\u00edculos de ocasi\u00f3n\",\"publisher\":{\"@id\":\"https:\/\/www.ocasionplus.com\/noticias\/#organization\"},\"potentialAction\":[{\"@type\":\"SearchAction\",\"target\":{\"@type\":\"EntryPoint\",\"urlTemplate\":\"https:\/\/www.ocasionplus.com\/noticias\/?s={search_term_string}\"},\"query-input\":{\"@type\":\"PropertyValueSpecification\",\"valueRequired\":true,\"valueName\":\"search_term_string\"}}],\"inLanguage\":\"es\"},{\"@type\":\"Organization\",\"@id\":\"https:\/\/www.ocasionplus.com\/noticias\/#organization\",\"name\":\"OcasionPlus\",\"url\":\"https:\/\/www.ocasionplus.com\/noticias\/\",\"logo\":{\"@type\":\"ImageObject\",\"inLanguage\":\"es\",\"@id\":\"https:\/\/www.ocasionplus.com\/noticias\/#\/schema\/logo\/image\/\",\"url\":\"https:\/\/www.ocasionplus.com\/wp-content\/uploads\/2024\/05\/cropped-cropped-oplus-logo-blog.png\",\"contentUrl\":\"https:\/\/www.ocasionplus.com\/wp-content\/uploads\/2024\/05\/cropped-cropped-oplus-logo-blog.png\",\"width\":360,\"height\":71,\"caption\":\"OcasionPlus\"},\"image\":{\"@id\":\"https:\/\/www.ocasionplus.com\/noticias\/#\/schema\/logo\/image\/\"},\"sameAs\":[\"https:\/\/www.facebook.com\/ocasionplus\",\"https:\/\/x.com\/ocasionplus\",\"https:\/\/www.instagram.com\/ocasion_plus\",\"https:\/\/www.youtube.com\/channel\/UCBiCAto61Lyu27CgI95wrYQ\",\"https:\/\/www.tiktok.com\/@ocasionplus.com\",\"https:\/\/es.linkedin.com\/company\/ocasionplus\"]},{\"@type\":\"Person\",\"@id\":\"https:\/\/www.ocasionplus.com\/noticias\/#\/schema\/person\/db1203be564cc3ded97ad1dbd8aadc5b\",\"name\":\"Cristhian Gonz\u00e1lez\",\"image\":{\"@type\":\"ImageObject\",\"inLanguage\":\"es\",\"@id\":\"https:\/\/www.ocasionplus.com\/noticias\/#\/schema\/person\/image\/\",\"url\":\"https:\/\/secure.gravatar.com\/avatar\/30c0388f0815fd0ab8fb4cfad29866ac?s=96&d=mm&r=g\",\"contentUrl\":\"https:\/\/secure.gravatar.com\/avatar\/30c0388f0815fd0ab8fb4cfad29866ac?s=96&d=mm&r=g\",\"caption\":\"Cristhian Gonz\u00e1lez\"},\"description\":\"Periodista formado en Colombia. Siempre vinculado al deporte y con pasi\u00f3n por los coches. He asistido y cubierto diferentes eventos deportivos para diferentes medios de comunicaci\u00f3n.\"}]}<\/script>\n<!-- \/ Yoast SEO Premium plugin. -->","yoast_head_json":{"title":"Top 10 de los coches el\u00e9ctricos m\u00e1s peque\u00f1os del 2023 - OcasionPlus Blog","description":"El coche el\u00e9ctrico peque\u00f1o y de segunda mano cada vez es una opci\u00f3n m\u00e1s popular para aquellos conductores que buscan una forma de movilidad econ\u00f3mica.","robots":{"index":"index","follow":"follow","max-snippet":"max-snippet:-1","max-image-preview":"max-image-preview:large","max-video-preview":"max-video-preview:-1"},"canonical":"https:\/\/www.ocasionplus.com\/noticias\/coches-electricos-pequenos-segunda-mano\/","og_locale":"es_ES","og_type":"article","og_title":"10 coches el\u00e9ctricos peque\u00f1os de segunda mano del mercado","og_description":"El coche el\u00e9ctrico peque\u00f1o y de segunda mano cada vez es una opci\u00f3n m\u00e1s popular para aquellos conductores que buscan una forma de movilidad econ\u00f3mica.","og_url":"https:\/\/www.ocasionplus.com\/noticias\/coches-electricos-pequenos-segunda-mano\/","og_site_name":"OcasionPlus Blog","article_publisher":"https:\/\/www.facebook.com\/ocasionplus","article_published_time":"2023-03-30T11:23:39+00:00","article_modified_time":"2025-03-27T14:43:14+00:00","og_image":[{"width":1280,"height":960,"url":"https:\/\/www.ocasionplus.com\/wp-content\/uploads\/2023\/03\/Smart-EQ-Fortwo.jpg","type":"image\/jpeg"}],"author":"Cristhian Gonz\u00e1lez","twitter_card":"summary_large_image","twitter_creator":"@ocasionplus","twitter_site":"@ocasionplus","twitter_misc":{"Escrito por":"Cristhian Gonz\u00e1lez","Tiempo de lectura":"9 minutos"},"schema":{"@context":"https:\/\/schema.org","@graph":[{"@type":"Article","@id":"https:\/\/www.ocasionplus.com\/noticias\/coches-electricos-pequenos-segunda-mano\/#article","isPartOf":{"@id":"https:\/\/www.ocasionplus.com\/noticias\/coches-electricos-pequenos-segunda-mano\/"},"author":{"name":"Cristhian Gonz\u00e1lez","@id":"https:\/\/www.ocasionplus.com\/noticias\/#\/schema\/person\/db1203be564cc3ded97ad1dbd8aadc5b"},"headline":"10 coches el\u00e9ctricos peque\u00f1os de segunda mano del mercado","datePublished":"2023-03-30T11:23:39+00:00","dateModified":"2025-03-27T14:43:14+00:00","mainEntityOfPage":{"@id":"https:\/\/www.ocasionplus.com\/noticias\/coches-electricos-pequenos-segunda-mano\/"},"wordCount":1815,"publisher":{"@id":"https:\/\/www.ocasionplus.com\/noticias\/#organization"},"image":{"@id":"https:\/\/www.ocasionplus.com\/noticias\/coches-electricos-pequenos-segunda-mano\/#primaryimage"},"thumbnailUrl":"https:\/\/www.ocasionplus.com\/wp-content\/uploads\/2023\/03\/Smart-EQ-Fortwo.jpg","articleSection":["Rankings"],"inLanguage":"es","copyrightYear":"2023","copyrightHolder":{"@id":"https:\/\/www.ocasionplus.com\/noticias\/#organization"}},{"@type":"WebPage","@id":"https:\/\/www.ocasionplus.com\/noticias\/coches-electricos-pequenos-segunda-mano\/","url":"https:\/\/www.ocasionplus.com\/noticias\/coches-electricos-pequenos-segunda-mano\/","name":"Top 10 de los coches el\u00e9ctricos m\u00e1s peque\u00f1os del 2023 - OcasionPlus Blog","isPartOf":{"@id":"https:\/\/www.ocasionplus.com\/noticias\/#website"},"primaryImageOfPage":{"@id":"https:\/\/www.ocasionplus.com\/noticias\/coches-electricos-pequenos-segunda-mano\/#primaryimage"},"image":{"@id":"https:\/\/www.ocasionplus.com\/noticias\/coches-electricos-pequenos-segunda-mano\/#primaryimage"},"thumbnailUrl":"https:\/\/www.ocasionplus.com\/wp-content\/uploads\/2023\/03\/Smart-EQ-Fortwo.jpg","datePublished":"2023-03-30T11:23:39+00:00","dateModified":"2025-03-27T14:43:14+00:00","description":"El coche el\u00e9ctrico peque\u00f1o y de segunda mano cada vez es una opci\u00f3n m\u00e1s popular para aquellos conductores que buscan una forma de movilidad econ\u00f3mica.","breadcrumb":{"@id":"https:\/\/www.ocasionplus.com\/noticias\/coches-electricos-pequenos-segunda-mano\/#breadcrumb"},"inLanguage":"es","potentialAction":[{"@type":"ReadAction","target":["https:\/\/www.ocasionplus.com\/noticias\/coches-electricos-pequenos-segunda-mano\/"]}]},{"@type":"ImageObject","inLanguage":"es","@id":"https:\/\/www.ocasionplus.com\/noticias\/coches-electricos-pequenos-segunda-mano\/#primaryimage","url":"https:\/\/www.ocasionplus.com\/wp-content\/uploads\/2023\/03\/Smart-EQ-Fortwo.jpg","contentUrl":"https:\/\/www.ocasionplus.com\/wp-content\/uploads\/2023\/03\/Smart-EQ-Fortwo.jpg","width":1280,"height":960,"caption":"El Smart EQ Fortwo es un veh\u00edculo el\u00e9ctrico ultra compacto"},{"@type":"BreadcrumbList","@id":"https:\/\/www.ocasionplus.com\/noticias\/coches-electricos-pequenos-segunda-mano\/#breadcrumb","itemListElement":[{"@type":"ListItem","position":1,"name":"Portada","item":"https:\/\/www.ocasionplus.com\/noticias\/"},{"@type":"ListItem","position":2,"name":"10 coches el\u00e9ctricos peque\u00f1os de segunda mano del mercado"}]},{"@type":"WebSite","@id":"https:\/\/www.ocasionplus.com\/noticias\/#website","url":"https:\/\/www.ocasionplus.com\/noticias\/","name":"OcasionPlus Blog","description":"Veh\u00edculos de ocasi\u00f3n","publisher":{"@id":"https:\/\/www.ocasionplus.com\/noticias\/#organization"},"potentialAction":[{"@type":"SearchAction","target":{"@type":"EntryPoint","urlTemplate":"https:\/\/www.ocasionplus.com\/noticias\/?s={search_term_string}"},"query-input":{"@type":"PropertyValueSpecification","valueRequired":true,"valueName":"search_term_string"}}],"inLanguage":"es"},{"@type":"Organization","@id":"https:\/\/www.ocasionplus.com\/noticias\/#organization","name":"OcasionPlus","url":"https:\/\/www.ocasionplus.com\/noticias\/","logo":{"@type":"ImageObject","inLanguage":"es","@id":"https:\/\/www.ocasionplus.com\/noticias\/#\/schema\/logo\/image\/","url":"https:\/\/www.ocasionplus.com\/wp-content\/uploads\/2024\/05\/cropped-cropped-oplus-logo-blog.png","contentUrl":"https:\/\/www.ocasionplus.com\/wp-content\/uploads\/2024\/05\/cropped-cropped-oplus-logo-blog.png","width":360,"height":71,"caption":"OcasionPlus"},"image":{"@id":"https:\/\/www.ocasionplus.com\/noticias\/#\/schema\/logo\/image\/"},"sameAs":["https:\/\/www.facebook.com\/ocasionplus","https:\/\/x.com\/ocasionplus","https:\/\/www.instagram.com\/ocasion_plus","https:\/\/www.youtube.com\/channel\/UCBiCAto61Lyu27CgI95wrYQ","https:\/\/www.tiktok.com\/@ocasionplus.com","https:\/\/es.linkedin.com\/company\/ocasionplus"]},{"@type":"Person","@id":"https:\/\/www.ocasionplus.com\/noticias\/#\/schema\/person\/db1203be564cc3ded97ad1dbd8aadc5b","name":"Cristhian Gonz\u00e1lez","image":{"@type":"ImageObject","inLanguage":"es","@id":"https:\/\/www.ocasionplus.com\/noticias\/#\/schema\/person\/image\/","url":"https:\/\/secure.gravatar.com\/avatar\/30c0388f0815fd0ab8fb4cfad29866ac?s=96&d=mm&r=g","contentUrl":"https:\/\/secure.gravatar.com\/avatar\/30c0388f0815fd0ab8fb4cfad29866ac?s=96&d=mm&r=g","caption":"Cristhian Gonz\u00e1lez"},"description":"Periodista formado en Colombia. Siempre vinculado al deporte y con pasi\u00f3n por los coches. He asistido y cubierto diferentes eventos deportivos para diferentes medios de comunicaci\u00f3n."}]}},"jetpack_featured_media_url":"https:\/\/www.ocasionplus.com\/wp-content\/uploads\/2023\/03\/Smart-EQ-Fortwo.jpg","_links":{"self":[{"href":"https:\/\/www.ocasionplus.com\/noticias\/wp-json\/wp\/v2\/posts\/9334","targetHints":{"allow":["GET"]}}],"collection":[{"href":"https:\/\/www.ocasionplus.com\/noticias\/wp-json\/wp\/v2\/posts"}],"about":[{"href":"https:\/\/www.ocasionplus.com\/noticias\/wp-json\/wp\/v2\/types\/post"}],"author":[{"embeddable":true,"href":"https:\/\/www.ocasionplus.com\/noticias\/wp-json\/wp\/v2\/users\/3"}],"replies":[{"embeddable":true,"href":"https:\/\/www.ocasionplus.com\/noticias\/wp-json\/wp\/v2\/comments?post=9334"}],"version-history":[{"count":1,"href":"https:\/\/www.ocasionplus.com\/noticias\/wp-json\/wp\/v2\/posts\/9334\/revisions"}],"predecessor-version":[{"id":15288,"href":"https:\/\/www.ocasionplus.com\/noticias\/wp-json\/wp\/v2\/posts\/9334\/revisions\/15288"}],"wp:featuredmedia":[{"embeddable":true,"href":"https:\/\/www.ocasionplus.com\/noticias\/wp-json\/wp\/v2\/media\/9337"}],"wp:attachment":[{"href":"https:\/\/www.ocasionplus.com\/noticias\/wp-json\/wp\/v2\/media?parent=9334"}],"wp:term":[{"taxonomy":"category","embeddable":true,"href":"https:\/\/www.ocasionplus.com\/noticias\/wp-json\/wp\/v2\/categories?post=9334"},{"taxonomy":"post_tag","embeddable":true,"href":"https:\/\/www.ocasionplus.com\/noticias\/wp-json\/wp\/v2\/tags?post=9334"}],"curies":[{"name":"wp","href":"https:\/\/api.w.org\/{rel}","templated":true}]}}