{"id":9419,"date":"2023-04-12T14:27:34","date_gmt":"2023-04-12T12:27:34","guid":{"rendered":"https:\/\/blog.ocasionplus.com\/?p=9419"},"modified":"2025-03-27T15:43:13","modified_gmt":"2025-03-27T14:43:13","slug":"opel-astra","status":"publish","type":"post","link":"https:\/\/www.ocasionplus.com\/noticias\/opel-astra\/","title":{"rendered":"El Opel Astra: m\u00e1s de 30 a\u00f1os de rendimiento e innovaci\u00f3n"},"content":{"rendered":"\n<figure class=\"wp-block-embed is-type-video is-provider-youtube wp-block-embed-youtube wp-embed-aspect-16-9 wp-has-aspect-ratio\"><div class=\"wp-block-embed__wrapper\">\n<iframe loading=\"lazy\" title=\"Opel Astra: m\u00e1s de 30 a\u00f1os de historia\" width=\"500\" height=\"281\" src=\"https:\/\/www.youtube.com\/embed\/9OxSXMmVveg?feature=oembed\" frameborder=\"0\" allow=\"accelerometer; autoplay; clipboard-write; encrypted-media; gyroscope; picture-in-picture; web-share\" referrerpolicy=\"strict-origin-when-cross-origin\" allowfullscreen><\/iframe>\n<\/div><\/figure>\n\n\n\n<p>El Opel Astra es uno de los modelos m\u00e1s emblem\u00e1ticos en la historia de Opel. M\u00e1s de 30 a\u00f1os, desde su lanzamiento en 1991, le han permitido vender m\u00e1s de 10 millones de unidades en todo el mundo. Siendo el preferido de muchas familias.<\/p>\n\n\n\n<p>En este art\u00edculo te vamos a explicar la historia del Opel Astra y sus seis generaciones. Donde encontrar\u00e1s sus cambios y evoluciones, tanto exteriores, como interiores.&nbsp;<\/p>\n\n\n\n<p><strong><mark style=\"background-color:rgba(0, 0, 0, 0);color:#189bd7\" class=\"has-inline-color\">\u00cdndice de contenido<\/mark><\/strong><\/p>\n\n\n\n<ol class=\"wp-block-list\">\n<li><a href=\"#historia-opel-astra\" data-type=\"internal\" data-id=\"#historia-opel-astra\"><strong><span style=\"text-decoration: underline;\"><mark style=\"background-color:rgba(0, 0, 0, 0);color:#189bd7\" class=\"has-inline-color\">Historia del Opel Astra<\/mark><\/span><\/strong><\/a><\/li>\n\n\n\n<li><a href=\"#generaciones-opel-astra\"><strong><span style=\"text-decoration: underline;\"><mark style=\"background-color:rgba(0, 0, 0, 0);color:#189bd7\" class=\"has-inline-color\">Seis generaciones del Opel Astra<\/mark><\/span><\/strong><\/a>\n<ul class=\"wp-block-list\">\n<li><a href=\"#opel-astra-f\"><strong><span style=\"text-decoration: underline;\"><mark style=\"background-color:rgba(0, 0, 0, 0);color:#189bd7\" class=\"has-inline-color\">Opel Astra F<\/mark><\/span><\/strong><\/a><\/li>\n\n\n\n<li><a href=\"#opel-astra-g\"><strong><span style=\"text-decoration: underline;\"><mark style=\"background-color:rgba(0, 0, 0, 0);color:#189bd7\" class=\"has-inline-color\">Opel Astra G<\/mark><\/span><\/strong><\/a><\/li>\n\n\n\n<li><a href=\"#opel-astra-h\"><strong><span style=\"text-decoration: underline;\"><mark style=\"background-color:rgba(0, 0, 0, 0);color:#189bd7\" class=\"has-inline-color\">Opel Astra H<\/mark><\/span><\/strong><\/a><\/li>\n\n\n\n<li><a href=\"#opel-astra-j\"><strong><span style=\"text-decoration: underline;\"><mark style=\"background-color:rgba(0, 0, 0, 0);color:#189bd7\" class=\"has-inline-color\">Opel Astra J<\/mark><\/span><\/strong><\/a><\/li>\n\n\n\n<li><a href=\"#opel-astra-k\"><strong><span style=\"text-decoration: underline;\"><mark style=\"background-color:rgba(0, 0, 0, 0);color:#189bd7\" class=\"has-inline-color\">Opel Astra K<\/mark><\/span><\/strong><\/a><\/li>\n\n\n\n<li><a href=\"#opel-astra-l\"><strong><span style=\"text-decoration: underline;\"><mark style=\"background-color:rgba(0, 0, 0, 0);color:#189bd7\" class=\"has-inline-color\">Opel Astra L<\/mark><\/span><\/strong><\/a><\/li>\n<\/ul>\n<\/li>\n\n\n\n<li><a href=\"#opel-astra-segunda-mano\"><strong><span style=\"text-decoration: underline;\"><mark style=\"background-color:rgba(0, 0, 0, 0);color:#189bd7\" class=\"has-inline-color\">Opel Astra segunda mano<\/mark><\/span><\/strong><\/a><\/li>\n<\/ol>\n\n\n\n<h2 class=\"wp-block-heading\" id=\"historia-opel-astra\">Historia del Opel Astra<\/h2>\n\n\n\n<p>El Opel Astra es un coche del segmento C, presentado por Opel en 1991. En ese entonces, el fabricante alem\u00e1n hac\u00eda parte de la empresa General Motors. Desde su lanzamiento, el Astra ha presentado seis generaciones en 1991, 1998, 2004, 2010, 2015 y 2022.<\/p>\n\n\n\n<p>Estas generaciones se denominaban por las letras del abecedario; sin embargo, no empez\u00f3 por la letra A, ya que el Astra es el descendiente del Opel Kadett, veh\u00edculo fabricado hasta 1990.&nbsp;<\/p>\n\n\n\n<p>Desde sus inicios, hace 32 a\u00f1os, el Astra existi\u00f3 o existe con carrocer\u00edas hatchback de tres y cinco puertas, en sed\u00e1n de cuatro puertas, familiar de cinco puertas (Astra Caravan) y en descapotable (Astra Cabrio). Esta variedad le ha permitido ser uno de los cuatro modelos m\u00e1s vendidos por Opel, junto con el Corsa, el Vectra y el Kadett.<\/p>\n\n\n\n<h2 class=\"wp-block-heading\" id=\"generaciones-opel-astra\">Las seis generaciones del Opel Astra<\/h2>\n\n\n\n<p>Son seis generaciones las que ha presentado Opel del Astra. En este caso, te vamos a explicar una por una, indicando qu\u00e9 cambios ha tenido y cu\u00e1les son sus motorizaciones.<\/p>\n\n\n\n<h2 class=\"wp-block-heading\" id=\"opel-astra-f\">Opel Astra F<\/h2>\n\n\n\n<figure class=\"wp-block-image size-large\"><img loading=\"lazy\" decoding=\"async\" width=\"1024\" height=\"683\" src=\"http:\/\/127.0.0.1\/wp-content\/uploads\/2023\/04\/Opel-Astra-F-1024x683.jpg\" alt=\"Opel Astra F\" class=\"wp-image-9425\" srcset=\"https:\/\/www.ocasionplus.com\/wp-content\/uploads\/2023\/04\/Opel-Astra-F-1024x683.jpg 1024w, https:\/\/www.ocasionplus.com\/wp-content\/uploads\/2023\/04\/Opel-Astra-F-300x200.jpg 300w, https:\/\/www.ocasionplus.com\/wp-content\/uploads\/2023\/04\/Opel-Astra-F-768x512.jpg 768w, https:\/\/www.ocasionplus.com\/wp-content\/uploads\/2023\/04\/Opel-Astra-F.jpg 1200w\" sizes=\"auto, (max-width: 1024px) 100vw, 1024px\" \/><\/figure>\n\n\n\n<p>La primera generaci\u00f3n del Opel Astra se conoci\u00f3 como Astra F. Porque su predecesor fue el Kadett E. Este coche se fabric\u00f3 entre 1991 y 1998. En este entonces el fabricante alem\u00e1n, formaba parte de General Motors, ellos buscaron homogeneizar las filiales europeas Opel y Vauxhall.<\/p>\n\n\n\n<p>Se fabricaron m\u00e1s de cuatro millones de Astra, convirti\u00e9ndose en el Opel m\u00e1s vendido de la historia. Siendo un coche innovador para su \u00e9poca, presentando caracter\u00edsticas como sistema de control de estabilidad y mayor seguridad con airbags frontales y laterales y asientos delanteros con cinturones activos.&nbsp;<\/p>\n\n\n\n<p>El Astra F estaba disponible con motores de gasolina de 1.4 litros a 2.0 litros y motores di\u00e9sel de 1.7 a 2.0 litros. Adem\u00e1s, se encontraba disponible en cuatro carrocer\u00edas: hatchback de 3 y 5 puertas, sed\u00e1n de 4 puertas, familiar de 5 puertas y descapotable de 2 puertas.&nbsp;<\/p>\n\n\n\n<h2 class=\"wp-block-heading\" id=\"opel-astra-g\">Opel Astra G<\/h2>\n\n\n\n<figure class=\"wp-block-image size-large\"><img loading=\"lazy\" decoding=\"async\" width=\"1024\" height=\"576\" src=\"http:\/\/127.0.0.1\/wp-content\/uploads\/2023\/04\/Opel-Astra-G-1024x576.jpg\" alt=\"Opel Astra G\" class=\"wp-image-9424\" srcset=\"https:\/\/www.ocasionplus.com\/wp-content\/uploads\/2023\/04\/Opel-Astra-G-1024x576.jpg 1024w, https:\/\/www.ocasionplus.com\/wp-content\/uploads\/2023\/04\/Opel-Astra-G-300x169.jpg 300w, https:\/\/www.ocasionplus.com\/wp-content\/uploads\/2023\/04\/Opel-Astra-G-768x432.jpg 768w, https:\/\/www.ocasionplus.com\/wp-content\/uploads\/2023\/04\/Opel-Astra-G-266x150.jpg 266w, https:\/\/www.ocasionplus.com\/wp-content\/uploads\/2023\/04\/Opel-Astra-G-255x143.jpg 255w, https:\/\/www.ocasionplus.com\/wp-content\/uploads\/2023\/04\/Opel-Astra-G-600x338.jpg 600w, https:\/\/www.ocasionplus.com\/wp-content\/uploads\/2023\/04\/Opel-Astra-G-398x224.jpg 398w, https:\/\/www.ocasionplus.com\/wp-content\/uploads\/2023\/04\/Opel-Astra-G.jpg 1200w\" sizes=\"auto, (max-width: 1024px) 100vw, 1024px\" \/><\/figure>\n\n\n\n<p>En la primavera de 1998 se lanz\u00f3 la segunda generaci\u00f3n del Opel Astra, el \u2018G\u2019. Un coche que se fabric\u00f3 hasta el 2004. Esta generaci\u00f3n incluy\u00f3 mejoras en su dise\u00f1o, con un estilo mucho m\u00e1s aerodin\u00e1mico y un rendimiento mayor que su antecesor. Eso lo convirti\u00f3 un \u00e9xito en ventas en Europa y Am\u00e9rica Latina.&nbsp;<\/p>\n\n\n\n<p>En sus inicios se ofreci\u00f3 en estilo cup\u00e9 con carrocer\u00edas de tres puertas o cinco y familiar. Sin embargo, unos a\u00f1os despu\u00e9s, se sumaron tres carrocer\u00edas m\u00e1s: sed\u00e1n de tres vol\u00famenes, descapotable de dos puertas y cup\u00e9 de cinco puertas.&nbsp;<\/p>\n\n\n\n<p>Una de sus caracter\u00edsticas innovadoras fue los faros hal\u00f3genos H7 transparentes, que le permit\u00edan iluminar un 30 por ciento m\u00e1s; adem\u00e1s, de un redise\u00f1o del chasis con Seguridad Din\u00e1mica.&nbsp;<\/p>\n\n\n\n<p>Esta generaci\u00f3n del Astra se encontraba con motores de gasolina de 1.2 hasta 2.0 litros turbo o con motores di\u00e9sel de 1.7 hasta 2.2 litros. Ambos con tracci\u00f3n delantera y transmisi\u00f3n manual de cinco velocidades.&nbsp;<\/p>\n\n\n\n<p><a href=\"https:\/\/www.ocasionplus.com\/coches-ocasion?type%3DCAR%26marca%3Dopel%26modelo%3Dastra%26sort%3DFECHAOP_DESC%26year_max%3D2004\" data-type=\"URL\" data-id=\"https:\/\/www.ocasionplus.com\/coches-ocasion?type%3DCAR%26marca%3Dopel%26modelo%3Dastra%26sort%3DFECHAOP_DESC%26year_max%3D2004\"><span style=\"text-decoration: underline;\"><mark style=\"background-color:rgba(0, 0, 0, 0);color:#189bd7\" class=\"has-inline-color\">Encuentra tu Opel Astra G de segunda mano en OcasionPlus<\/mark><\/span><\/a><\/p>\n\n\n\n<h2 class=\"wp-block-heading\" id=\"opel-astra-h\">Opel Astra H<\/h2>\n\n\n\n<figure class=\"wp-block-image size-large\"><img loading=\"lazy\" decoding=\"async\" width=\"1024\" height=\"576\" src=\"http:\/\/127.0.0.1\/wp-content\/uploads\/2023\/04\/Opel-Astra-H-1024x576.jpg\" alt=\"Opel Astra H\" class=\"wp-image-9423\" srcset=\"https:\/\/www.ocasionplus.com\/wp-content\/uploads\/2023\/04\/Opel-Astra-H-1024x576.jpg 1024w, https:\/\/www.ocasionplus.com\/wp-content\/uploads\/2023\/04\/Opel-Astra-H-300x169.jpg 300w, https:\/\/www.ocasionplus.com\/wp-content\/uploads\/2023\/04\/Opel-Astra-H-768x432.jpg 768w, https:\/\/www.ocasionplus.com\/wp-content\/uploads\/2023\/04\/Opel-Astra-H.jpg 1200w\" sizes=\"auto, (max-width: 1024px) 100vw, 1024px\" \/><\/figure>\n\n\n\n<p>El Opel Astra H es la tercera generaci\u00f3n. Se fabric\u00f3 desde el 2004 hasta el 2010, llegando a venderse m\u00e1s de 2 millones de unidades, siendo la segunda generaci\u00f3n m\u00e1s vendida. El \u2018H\u2019 present\u00f3 con un dise\u00f1o avanzado, mayor aerodin\u00e1mica y dinamismo en la conducci\u00f3n.&nbsp;<\/p>\n\n\n\n<p>Este coche fue considerado uno de los modelos m\u00e1s seguros del momento, presentando como novedad el sistema de chasis adaptativo IDSPlus con control electr\u00f3nico, faros delanteros adaptativos y una puntaci\u00f3n m\u00e1xima en el Euro NCAP.<\/p>\n\n\n\n<p>Adem\u00e1s, el Astra H se encontraba con cuatro carrocer\u00edas: familiar de cinco puertas, sed\u00e1n de cuatro puertas, descapotable de dos puertas y hatchback de tres y cinco puertas. Su motorizaci\u00f3n era de gasolina de 1.4 hasta 2.0 litros turbo o di\u00e9sel de 1.3 hasta 1.9 litros. Incluy\u00e9ndose, en algunos modelos, una transmisi\u00f3n manual de seis velocidades.&nbsp;<\/p>\n\n\n\n<p><a href=\"https:\/\/www.ocasionplus.com\/coches-ocasion?type%3DCAR%26marca%3Dopel%26modelo%3Dastra%26sort%3DFECHAOP_DESC%26year_min%3D2005%26year_max%3D2010\" data-type=\"URL\" data-id=\"https:\/\/www.ocasionplus.com\/coches-ocasion?type%3DCAR%26marca%3Dopel%26modelo%3Dastra%26sort%3DFECHAOP_DESC%26year_min%3D2005%26year_max%3D2010\"><span style=\"text-decoration: underline;\"><mark style=\"background-color:rgba(0, 0, 0, 0);color:#189bd7\" class=\"has-inline-color\">Descubre tu pr\u00f3ximo Opel Astra H de segunda mano en OcasionPlus<\/mark><\/span><\/a><\/p>\n\n\n\n<h2 class=\"wp-block-heading\" id=\"opel-astra-j\">Opel Astra J<\/h2>\n\n\n\n<figure class=\"wp-block-image size-large\"><img loading=\"lazy\" decoding=\"async\" width=\"1024\" height=\"682\" src=\"http:\/\/127.0.0.1\/wp-content\/uploads\/2023\/04\/Opel-Astra-J-1024x682.jpg\" alt=\"Opel Astra J\" class=\"wp-image-9422\" srcset=\"https:\/\/www.ocasionplus.com\/wp-content\/uploads\/2023\/04\/Opel-Astra-J-1024x682.jpg 1024w, https:\/\/www.ocasionplus.com\/wp-content\/uploads\/2023\/04\/Opel-Astra-J-300x200.jpg 300w, https:\/\/www.ocasionplus.com\/wp-content\/uploads\/2023\/04\/Opel-Astra-J-768x511.jpg 768w, https:\/\/www.ocasionplus.com\/wp-content\/uploads\/2023\/04\/Opel-Astra-J.jpg 1200w\" sizes=\"auto, (max-width: 1024px) 100vw, 1024px\" \/><\/figure>\n\n\n\n<p>El Opel Astra J, la cuarta generaci\u00f3n, fue el modelo m\u00e1s popular en Espa\u00f1a, Reino Unido y Alemania. Este coche se produjo entre el 2010 y el 2015. Siendo un veh\u00edculo con grandes avances tecnol\u00f3gicos y sistemas de ayuda en la conducci\u00f3n.&nbsp;<\/p>\n\n\n\n<p>El Astra J present\u00f3 el sistema Opel Eye, una c\u00e1mara delantera que reconoce las se\u00f1ales de tr\u00e1fico, informando al conductor los l\u00edmites de velocidad o las prohibiciones. Adem\u00e1s, de advertir al conductor si abandona involuntariamente el carril y un sistema de faros autom\u00e1ticos, que cambia entre luz larga y de cruce.<\/p>\n\n\n\n<p>En su interior se pod\u00eda encontrar un motor de gasolina entre 1.4 litros o 2.0 SIDI, o un motor di\u00e9sel de 1.3 o 2.0 litros biturbo, todos con tracci\u00f3n delantera. Pero, se incluy\u00f3 en la transmisi\u00f3n, la posibilidad de una caja de cambios autom\u00e1tica de seis velocidades.&nbsp;<\/p>\n\n\n\n<p><a href=\"https:\/\/www.ocasionplus.com\/coches-ocasion?type%3DCAR%26marca%3Dopel%26modelo%3Dastra%26sort%3DFECHAOP_DESC%26year_min%3D2011%26year_max%3D2015\" data-type=\"URL\" data-id=\"https:\/\/www.ocasionplus.com\/coches-ocasion?type%3DCAR%26marca%3Dopel%26modelo%3Dastra%26sort%3DFECHAOP_DESC%26year_min%3D2011%26year_max%3D2015\"><span style=\"text-decoration: underline;\"><mark style=\"background-color:rgba(0, 0, 0, 0);color:#189bd7\" class=\"has-inline-color\">Busca tu pr\u00f3ximo Opel Astra J de segunda mano en OcasionPlus<\/mark><\/span><\/a><\/p>\n\n\n\n<h2 class=\"wp-block-heading\" id=\"opel-astra-k\">Opel Astra K<\/h2>\n\n\n\n<figure class=\"wp-block-image size-large\"><img loading=\"lazy\" decoding=\"async\" width=\"1024\" height=\"683\" src=\"http:\/\/127.0.0.1\/wp-content\/uploads\/2023\/04\/Opel-Astra-K-1024x683.jpg\" alt=\"Opel Astra K\" class=\"wp-image-9421\" srcset=\"https:\/\/www.ocasionplus.com\/wp-content\/uploads\/2023\/04\/Opel-Astra-K-1024x683.jpg 1024w, https:\/\/www.ocasionplus.com\/wp-content\/uploads\/2023\/04\/Opel-Astra-K-300x200.jpg 300w, https:\/\/www.ocasionplus.com\/wp-content\/uploads\/2023\/04\/Opel-Astra-K-768x512.jpg 768w, https:\/\/www.ocasionplus.com\/wp-content\/uploads\/2023\/04\/Opel-Astra-K.jpg 1200w\" sizes=\"auto, (max-width: 1024px) 100vw, 1024px\" \/><\/figure>\n\n\n\n<p>La quinta generaci\u00f3n del Astra, se denomin\u00f3 como Opel Astra K. Un coche que se fabric\u00f3 desde el 2015 hasta el 2022. Este coche present\u00f3 una gran revoluci\u00f3n en el segmento, siendo uno de los veh\u00edculos con mejor rendimiento y consumo de combustible.&nbsp;<\/p>\n\n\n\n<p>El Astra K present\u00f3 un dise\u00f1o m\u00e1s deportivo y aerodin\u00e1mico que sus antecesores, permitiendo que el consumo de combustible fuese menor, siendo un coche m\u00e1s limpio. Tambi\u00e9n, se ofreci\u00f3 con motores de gasolina y di\u00e9sel o h\u00edbridos y el\u00e9ctricos.&nbsp;<\/p>\n\n\n\n<p>Adem\u00e1s, de ofrecer mayor tecnolog\u00eda con nueva iluminaci\u00f3n, el sistema adaptativo matricial IntelliLux LED, un sistema de asistencia de conducci\u00f3n como el lector de se\u00f1ales de tr\u00e1fico, mantenimiento de carril y frenado autom\u00e1tico.&nbsp;<\/p>\n\n\n\n<p>En el 2016, recibi\u00f3 el premio al \u201cCoche del A\u00f1o en Europa\u201d, gracias a su confort en el interior y su excelente rendimiento en las carreteras.<\/p>\n\n\n\n<p><a href=\"https:\/\/www.ocasionplus.com\/coches-ocasion?type%3DCAR%26marca%3Dopel%26modelo%3Dastra%26sort%3DFECHAOP_DESC%26year_min%3D2016%26year_max%3D2022\" data-type=\"URL\" data-id=\"https:\/\/www.ocasionplus.com\/coches-ocasion?type%3DCAR%26marca%3Dopel%26modelo%3Dastra%26sort%3DFECHAOP_DESC%26year_min%3D2016%26year_max%3D2022\"><span style=\"text-decoration: underline;\"><mark style=\"background-color:rgba(0, 0, 0, 0);color:#189bd7\" class=\"has-inline-color\">Encuentra tu Opel Astra K de segunda mano en OcasionPlus<\/mark><\/span><\/a><\/p>\n\n\n\n<h2 class=\"wp-block-heading\" id=\"opel-astra-l\">Opel Astra L<\/h2>\n\n\n\n<figure class=\"wp-block-image size-large\"><img loading=\"lazy\" decoding=\"async\" width=\"1024\" height=\"576\" src=\"http:\/\/127.0.0.1\/wp-content\/uploads\/2023\/04\/Opel-Astra-L-1024x576.jpg\" alt=\"Opel Astra L\" class=\"wp-image-9420\" srcset=\"https:\/\/www.ocasionplus.com\/wp-content\/uploads\/2023\/04\/Opel-Astra-L-1024x576.jpg 1024w, https:\/\/www.ocasionplus.com\/wp-content\/uploads\/2023\/04\/Opel-Astra-L-300x169.jpg 300w, https:\/\/www.ocasionplus.com\/wp-content\/uploads\/2023\/04\/Opel-Astra-L-768x432.jpg 768w, https:\/\/www.ocasionplus.com\/wp-content\/uploads\/2023\/04\/Opel-Astra-L-398x224.jpg 398w, https:\/\/www.ocasionplus.com\/wp-content\/uploads\/2023\/04\/Opel-Astra-L-600x338.jpg 600w, https:\/\/www.ocasionplus.com\/wp-content\/uploads\/2023\/04\/Opel-Astra-L.jpg 1200w\" sizes=\"auto, (max-width: 1024px) 100vw, 1024px\" \/><\/figure>\n\n\n\n<p>La \u00faltima generaci\u00f3n del Opel Astra se present\u00f3 en el 2022. El Opel Astra L o nuevo Opel Astra. Este coche se present\u00f3 con dos tipos de carrocer\u00eda: un compacto de cinco puertas y un familiar de cinco puertas.&nbsp;<\/p>\n\n\n\n<p>Adem\u00e1s, se encuentra con motores de gasolina\/h\u00edbrido, di\u00e9sel o el\u00e9ctrico. Una transmisi\u00f3n manual de seis velocidades o una autom\u00e1tica de 8. Es un coche que present\u00f3 una actualizaci\u00f3n visual, al tener unas l\u00edneas m\u00e1s marcas y un dise\u00f1o mucho m\u00e1s moderno y aerodin\u00e1mico.&nbsp;<\/p>\n\n\n\n<p>Esto le permiti\u00f3 al Astra ser uno de los veh\u00edculos m\u00e1s limpios y eficientes del mercado actual. Su principal competencia es el Peugeot 508 y el DS4.<\/p>\n\n\n\n<h2 class=\"wp-block-heading\" id=\"opel-astra-segunda-mano\">Opel Astra segunda mano<\/h2>\n\n\n\n<p>El Opel Astra es uno de los coches m\u00e1s populares en Espa\u00f1a y Europa. Su gran variedad de versiones y motores, le permit\u00edan ser un veh\u00edculo que se adaptar\u00e1 a las necesidades del conductor. Adem\u00e1s, es uno de los coches que menos combustible consumen de la actualidad, teniendo una <a href=\"https:\/\/blog.ocasionplus.com\/mejores-coches-calidad-precio\/\" data-type=\"URL\" data-id=\"https:\/\/blog.ocasionplus.com\/mejores-coches-calidad-precio\/\"><span style=\"text-decoration: underline;\"><mark style=\"background-color:rgba(0, 0, 0, 0);color:#189bd7\" class=\"has-inline-color\">gran relaci\u00f3n calidad-precio<\/mark><\/span><\/a>.&nbsp;<\/p>\n\n\n\n<p>Si est\u00e1s buscando un Opel Astra lo mejor es que verifiques el historial del coche, con un informe de accidentes, el kil\u00f3metro real y el estado general del coche. Pero, si lo que quieres es saltarte todo ese proceso, ac\u00e9rcate a uno de nuestros 70 concesionarios de la provincia o visita nuestra p\u00e1gina web y <a href=\"https:\/\/www.ocasionplus.com\/coches-ocasion\/opel\/astra\"><span style=\"text-decoration: underline;\"><mark style=\"background-color:rgba(0, 0, 0, 0);color:#189bd7\" class=\"has-inline-color\">encuentra tu Opel Astra<\/mark><\/span><\/a>.<\/p>\n","protected":false},"excerpt":{"rendered":"<p>El Opel Astra es uno de los modelos m\u00e1s emblem\u00e1ticos en la historia de Opel. M\u00e1s de 30 a\u00f1os, desde su lanzamiento en 1991, le han permitido vender m\u00e1s de 10 millones de unidades en todo el mundo. Siendo el preferido de muchas familias. En este art\u00edculo te vamos a explicar la historia del Opel&#8230;<\/p>\n","protected":false},"author":3,"featured_media":9420,"comment_status":"closed","ping_status":"closed","sticky":false,"template":"","format":"standard","meta":{"footnotes":""},"categories":[13],"tags":[],"class_list":["post-9419","post","type-post","status-publish","format-standard","has-post-thumbnail","hentry","category-interesa-saber"],"yoast_head":"<!-- This site is optimized with the Yoast SEO Premium plugin v24.8 (Yoast SEO v24.8.1) - https:\/\/yoast.com\/wordpress\/plugins\/seo\/ -->\n<title>El Opel Astra: m\u00e1s de 30 a\u00f1os de rendimiento e innovaci\u00f3n - OcasionPlus Blog<\/title>\n<meta name=\"description\" content=\"El Opel Astra es uno de los modelos m\u00e1s emblem\u00e1ticos de la historia de Opel. Un modelo que lleva m\u00e1s de 30 a\u00f1os en el mercado y tiene seis generaciones.\" \/>\n<meta name=\"robots\" content=\"index, follow, max-snippet:-1, max-image-preview:large, max-video-preview:-1\" \/>\n<link rel=\"canonical\" href=\"https:\/\/www.ocasionplus.com\/noticias\/opel-astra\/\" \/>\n<meta property=\"og:locale\" content=\"es_ES\" \/>\n<meta property=\"og:type\" content=\"article\" \/>\n<meta property=\"og:title\" content=\"El Opel Astra: m\u00e1s de 30 a\u00f1os de rendimiento e innovaci\u00f3n\" \/>\n<meta property=\"og:description\" content=\"El Opel Astra es uno de los modelos m\u00e1s emblem\u00e1ticos de la historia de Opel. Un modelo que lleva m\u00e1s de 30 a\u00f1os en el mercado y tiene seis generaciones.\" \/>\n<meta property=\"og:url\" content=\"https:\/\/www.ocasionplus.com\/noticias\/opel-astra\/\" \/>\n<meta property=\"og:site_name\" content=\"OcasionPlus Blog\" \/>\n<meta property=\"article:publisher\" content=\"https:\/\/www.facebook.com\/ocasionplus\" \/>\n<meta property=\"article:published_time\" content=\"2023-04-12T12:27:34+00:00\" \/>\n<meta property=\"article:modified_time\" content=\"2025-03-27T14:43:13+00:00\" \/>\n<meta property=\"og:image\" content=\"https:\/\/www.ocasionplus.com\/wp-content\/uploads\/2023\/04\/Opel-Astra-L.jpg\" \/>\n\t<meta property=\"og:image:width\" content=\"1200\" \/>\n\t<meta property=\"og:image:height\" content=\"675\" \/>\n\t<meta property=\"og:image:type\" content=\"image\/jpeg\" \/>\n<meta name=\"author\" content=\"Cristhian Gonz\u00e1lez\" \/>\n<meta name=\"twitter:card\" content=\"summary_large_image\" \/>\n<meta name=\"twitter:creator\" content=\"@ocasionplus\" \/>\n<meta name=\"twitter:site\" content=\"@ocasionplus\" \/>\n<meta name=\"twitter:label1\" content=\"Escrito por\" \/>\n\t<meta name=\"twitter:data1\" content=\"Cristhian Gonz\u00e1lez\" \/>\n\t<meta name=\"twitter:label2\" content=\"Tiempo de lectura\" \/>\n\t<meta name=\"twitter:data2\" content=\"7 minutos\" \/>\n<script type=\"application\/ld+json\" class=\"yoast-schema-graph\">{\"@context\":\"https:\/\/schema.org\",\"@graph\":[{\"@type\":\"Article\",\"@id\":\"https:\/\/www.ocasionplus.com\/noticias\/opel-astra\/#article\",\"isPartOf\":{\"@id\":\"https:\/\/www.ocasionplus.com\/noticias\/opel-astra\/\"},\"author\":{\"name\":\"Cristhian Gonz\u00e1lez\",\"@id\":\"https:\/\/www.ocasionplus.com\/noticias\/#\/schema\/person\/db1203be564cc3ded97ad1dbd8aadc5b\"},\"headline\":\"El Opel Astra: m\u00e1s de 30 a\u00f1os de rendimiento e innovaci\u00f3n\",\"datePublished\":\"2023-04-12T12:27:34+00:00\",\"dateModified\":\"2025-03-27T14:43:13+00:00\",\"mainEntityOfPage\":{\"@id\":\"https:\/\/www.ocasionplus.com\/noticias\/opel-astra\/\"},\"wordCount\":1403,\"publisher\":{\"@id\":\"https:\/\/www.ocasionplus.com\/noticias\/#organization\"},\"image\":{\"@id\":\"https:\/\/www.ocasionplus.com\/noticias\/opel-astra\/#primaryimage\"},\"thumbnailUrl\":\"https:\/\/www.ocasionplus.com\/wp-content\/uploads\/2023\/04\/Opel-Astra-L.jpg\",\"articleSection\":[\"Te interesa saber...\"],\"inLanguage\":\"es\",\"copyrightYear\":\"2023\",\"copyrightHolder\":{\"@id\":\"https:\/\/www.ocasionplus.com\/noticias\/#organization\"}},{\"@type\":\"WebPage\",\"@id\":\"https:\/\/www.ocasionplus.com\/noticias\/opel-astra\/\",\"url\":\"https:\/\/www.ocasionplus.com\/noticias\/opel-astra\/\",\"name\":\"El Opel Astra: m\u00e1s de 30 a\u00f1os de rendimiento e innovaci\u00f3n - OcasionPlus Blog\",\"isPartOf\":{\"@id\":\"https:\/\/www.ocasionplus.com\/noticias\/#website\"},\"primaryImageOfPage\":{\"@id\":\"https:\/\/www.ocasionplus.com\/noticias\/opel-astra\/#primaryimage\"},\"image\":{\"@id\":\"https:\/\/www.ocasionplus.com\/noticias\/opel-astra\/#primaryimage\"},\"thumbnailUrl\":\"https:\/\/www.ocasionplus.com\/wp-content\/uploads\/2023\/04\/Opel-Astra-L.jpg\",\"datePublished\":\"2023-04-12T12:27:34+00:00\",\"dateModified\":\"2025-03-27T14:43:13+00:00\",\"description\":\"El Opel Astra es uno de los modelos m\u00e1s emblem\u00e1ticos de la historia de Opel. Un modelo que lleva m\u00e1s de 30 a\u00f1os en el mercado y tiene seis generaciones.\",\"breadcrumb\":{\"@id\":\"https:\/\/www.ocasionplus.com\/noticias\/opel-astra\/#breadcrumb\"},\"inLanguage\":\"es\",\"potentialAction\":[{\"@type\":\"ReadAction\",\"target\":[\"https:\/\/www.ocasionplus.com\/noticias\/opel-astra\/\"]}]},{\"@type\":\"ImageObject\",\"inLanguage\":\"es\",\"@id\":\"https:\/\/www.ocasionplus.com\/noticias\/opel-astra\/#primaryimage\",\"url\":\"https:\/\/www.ocasionplus.com\/wp-content\/uploads\/2023\/04\/Opel-Astra-L.jpg\",\"contentUrl\":\"https:\/\/www.ocasionplus.com\/wp-content\/uploads\/2023\/04\/Opel-Astra-L.jpg\",\"width\":1200,\"height\":675,\"caption\":\"Opel Astra L\"},{\"@type\":\"BreadcrumbList\",\"@id\":\"https:\/\/www.ocasionplus.com\/noticias\/opel-astra\/#breadcrumb\",\"itemListElement\":[{\"@type\":\"ListItem\",\"position\":1,\"name\":\"Portada\",\"item\":\"https:\/\/www.ocasionplus.com\/noticias\/\"},{\"@type\":\"ListItem\",\"position\":2,\"name\":\"El Opel Astra: m\u00e1s de 30 a\u00f1os de rendimiento e innovaci\u00f3n\"}]},{\"@type\":\"WebSite\",\"@id\":\"https:\/\/www.ocasionplus.com\/noticias\/#website\",\"url\":\"https:\/\/www.ocasionplus.com\/noticias\/\",\"name\":\"OcasionPlus Blog\",\"description\":\"Veh\u00edculos de ocasi\u00f3n\",\"publisher\":{\"@id\":\"https:\/\/www.ocasionplus.com\/noticias\/#organization\"},\"potentialAction\":[{\"@type\":\"SearchAction\",\"target\":{\"@type\":\"EntryPoint\",\"urlTemplate\":\"https:\/\/www.ocasionplus.com\/noticias\/?s={search_term_string}\"},\"query-input\":{\"@type\":\"PropertyValueSpecification\",\"valueRequired\":true,\"valueName\":\"search_term_string\"}}],\"inLanguage\":\"es\"},{\"@type\":\"Organization\",\"@id\":\"https:\/\/www.ocasionplus.com\/noticias\/#organization\",\"name\":\"OcasionPlus\",\"url\":\"https:\/\/www.ocasionplus.com\/noticias\/\",\"logo\":{\"@type\":\"ImageObject\",\"inLanguage\":\"es\",\"@id\":\"https:\/\/www.ocasionplus.com\/noticias\/#\/schema\/logo\/image\/\",\"url\":\"https:\/\/www.ocasionplus.com\/wp-content\/uploads\/2024\/05\/cropped-cropped-oplus-logo-blog.png\",\"contentUrl\":\"https:\/\/www.ocasionplus.com\/wp-content\/uploads\/2024\/05\/cropped-cropped-oplus-logo-blog.png\",\"width\":360,\"height\":71,\"caption\":\"OcasionPlus\"},\"image\":{\"@id\":\"https:\/\/www.ocasionplus.com\/noticias\/#\/schema\/logo\/image\/\"},\"sameAs\":[\"https:\/\/www.facebook.com\/ocasionplus\",\"https:\/\/x.com\/ocasionplus\",\"https:\/\/www.instagram.com\/ocasion_plus\",\"https:\/\/www.youtube.com\/channel\/UCBiCAto61Lyu27CgI95wrYQ\",\"https:\/\/www.tiktok.com\/@ocasionplus.com\",\"https:\/\/es.linkedin.com\/company\/ocasionplus\"]},{\"@type\":\"Person\",\"@id\":\"https:\/\/www.ocasionplus.com\/noticias\/#\/schema\/person\/db1203be564cc3ded97ad1dbd8aadc5b\",\"name\":\"Cristhian Gonz\u00e1lez\",\"image\":{\"@type\":\"ImageObject\",\"inLanguage\":\"es\",\"@id\":\"https:\/\/www.ocasionplus.com\/noticias\/#\/schema\/person\/image\/\",\"url\":\"https:\/\/secure.gravatar.com\/avatar\/30c0388f0815fd0ab8fb4cfad29866ac?s=96&d=mm&r=g\",\"contentUrl\":\"https:\/\/secure.gravatar.com\/avatar\/30c0388f0815fd0ab8fb4cfad29866ac?s=96&d=mm&r=g\",\"caption\":\"Cristhian Gonz\u00e1lez\"},\"description\":\"Periodista formado en Colombia. Siempre vinculado al deporte y con pasi\u00f3n por los coches. He asistido y cubierto diferentes eventos deportivos para diferentes medios de comunicaci\u00f3n.\"}]}<\/script>\n<!-- \/ Yoast SEO Premium plugin. -->","yoast_head_json":{"title":"El Opel Astra: m\u00e1s de 30 a\u00f1os de rendimiento e innovaci\u00f3n - OcasionPlus Blog","description":"El Opel Astra es uno de los modelos m\u00e1s emblem\u00e1ticos de la historia de Opel. Un modelo que lleva m\u00e1s de 30 a\u00f1os en el mercado y tiene seis generaciones.","robots":{"index":"index","follow":"follow","max-snippet":"max-snippet:-1","max-image-preview":"max-image-preview:large","max-video-preview":"max-video-preview:-1"},"canonical":"https:\/\/www.ocasionplus.com\/noticias\/opel-astra\/","og_locale":"es_ES","og_type":"article","og_title":"El Opel Astra: m\u00e1s de 30 a\u00f1os de rendimiento e innovaci\u00f3n","og_description":"El Opel Astra es uno de los modelos m\u00e1s emblem\u00e1ticos de la historia de Opel. Un modelo que lleva m\u00e1s de 30 a\u00f1os en el mercado y tiene seis generaciones.","og_url":"https:\/\/www.ocasionplus.com\/noticias\/opel-astra\/","og_site_name":"OcasionPlus Blog","article_publisher":"https:\/\/www.facebook.com\/ocasionplus","article_published_time":"2023-04-12T12:27:34+00:00","article_modified_time":"2025-03-27T14:43:13+00:00","og_image":[{"width":1200,"height":675,"url":"https:\/\/www.ocasionplus.com\/wp-content\/uploads\/2023\/04\/Opel-Astra-L.jpg","type":"image\/jpeg"}],"author":"Cristhian Gonz\u00e1lez","twitter_card":"summary_large_image","twitter_creator":"@ocasionplus","twitter_site":"@ocasionplus","twitter_misc":{"Escrito por":"Cristhian Gonz\u00e1lez","Tiempo de lectura":"7 minutos"},"schema":{"@context":"https:\/\/schema.org","@graph":[{"@type":"Article","@id":"https:\/\/www.ocasionplus.com\/noticias\/opel-astra\/#article","isPartOf":{"@id":"https:\/\/www.ocasionplus.com\/noticias\/opel-astra\/"},"author":{"name":"Cristhian Gonz\u00e1lez","@id":"https:\/\/www.ocasionplus.com\/noticias\/#\/schema\/person\/db1203be564cc3ded97ad1dbd8aadc5b"},"headline":"El Opel Astra: m\u00e1s de 30 a\u00f1os de rendimiento e innovaci\u00f3n","datePublished":"2023-04-12T12:27:34+00:00","dateModified":"2025-03-27T14:43:13+00:00","mainEntityOfPage":{"@id":"https:\/\/www.ocasionplus.com\/noticias\/opel-astra\/"},"wordCount":1403,"publisher":{"@id":"https:\/\/www.ocasionplus.com\/noticias\/#organization"},"image":{"@id":"https:\/\/www.ocasionplus.com\/noticias\/opel-astra\/#primaryimage"},"thumbnailUrl":"https:\/\/www.ocasionplus.com\/wp-content\/uploads\/2023\/04\/Opel-Astra-L.jpg","articleSection":["Te interesa saber..."],"inLanguage":"es","copyrightYear":"2023","copyrightHolder":{"@id":"https:\/\/www.ocasionplus.com\/noticias\/#organization"}},{"@type":"WebPage","@id":"https:\/\/www.ocasionplus.com\/noticias\/opel-astra\/","url":"https:\/\/www.ocasionplus.com\/noticias\/opel-astra\/","name":"El Opel Astra: m\u00e1s de 30 a\u00f1os de rendimiento e innovaci\u00f3n - OcasionPlus Blog","isPartOf":{"@id":"https:\/\/www.ocasionplus.com\/noticias\/#website"},"primaryImageOfPage":{"@id":"https:\/\/www.ocasionplus.com\/noticias\/opel-astra\/#primaryimage"},"image":{"@id":"https:\/\/www.ocasionplus.com\/noticias\/opel-astra\/#primaryimage"},"thumbnailUrl":"https:\/\/www.ocasionplus.com\/wp-content\/uploads\/2023\/04\/Opel-Astra-L.jpg","datePublished":"2023-04-12T12:27:34+00:00","dateModified":"2025-03-27T14:43:13+00:00","description":"El Opel Astra es uno de los modelos m\u00e1s emblem\u00e1ticos de la historia de Opel. Un modelo que lleva m\u00e1s de 30 a\u00f1os en el mercado y tiene seis generaciones.","breadcrumb":{"@id":"https:\/\/www.ocasionplus.com\/noticias\/opel-astra\/#breadcrumb"},"inLanguage":"es","potentialAction":[{"@type":"ReadAction","target":["https:\/\/www.ocasionplus.com\/noticias\/opel-astra\/"]}]},{"@type":"ImageObject","inLanguage":"es","@id":"https:\/\/www.ocasionplus.com\/noticias\/opel-astra\/#primaryimage","url":"https:\/\/www.ocasionplus.com\/wp-content\/uploads\/2023\/04\/Opel-Astra-L.jpg","contentUrl":"https:\/\/www.ocasionplus.com\/wp-content\/uploads\/2023\/04\/Opel-Astra-L.jpg","width":1200,"height":675,"caption":"Opel Astra L"},{"@type":"BreadcrumbList","@id":"https:\/\/www.ocasionplus.com\/noticias\/opel-astra\/#breadcrumb","itemListElement":[{"@type":"ListItem","position":1,"name":"Portada","item":"https:\/\/www.ocasionplus.com\/noticias\/"},{"@type":"ListItem","position":2,"name":"El Opel Astra: m\u00e1s de 30 a\u00f1os de rendimiento e innovaci\u00f3n"}]},{"@type":"WebSite","@id":"https:\/\/www.ocasionplus.com\/noticias\/#website","url":"https:\/\/www.ocasionplus.com\/noticias\/","name":"OcasionPlus Blog","description":"Veh\u00edculos de ocasi\u00f3n","publisher":{"@id":"https:\/\/www.ocasionplus.com\/noticias\/#organization"},"potentialAction":[{"@type":"SearchAction","target":{"@type":"EntryPoint","urlTemplate":"https:\/\/www.ocasionplus.com\/noticias\/?s={search_term_string}"},"query-input":{"@type":"PropertyValueSpecification","valueRequired":true,"valueName":"search_term_string"}}],"inLanguage":"es"},{"@type":"Organization","@id":"https:\/\/www.ocasionplus.com\/noticias\/#organization","name":"OcasionPlus","url":"https:\/\/www.ocasionplus.com\/noticias\/","logo":{"@type":"ImageObject","inLanguage":"es","@id":"https:\/\/www.ocasionplus.com\/noticias\/#\/schema\/logo\/image\/","url":"https:\/\/www.ocasionplus.com\/wp-content\/uploads\/2024\/05\/cropped-cropped-oplus-logo-blog.png","contentUrl":"https:\/\/www.ocasionplus.com\/wp-content\/uploads\/2024\/05\/cropped-cropped-oplus-logo-blog.png","width":360,"height":71,"caption":"OcasionPlus"},"image":{"@id":"https:\/\/www.ocasionplus.com\/noticias\/#\/schema\/logo\/image\/"},"sameAs":["https:\/\/www.facebook.com\/ocasionplus","https:\/\/x.com\/ocasionplus","https:\/\/www.instagram.com\/ocasion_plus","https:\/\/www.youtube.com\/channel\/UCBiCAto61Lyu27CgI95wrYQ","https:\/\/www.tiktok.com\/@ocasionplus.com","https:\/\/es.linkedin.com\/company\/ocasionplus"]},{"@type":"Person","@id":"https:\/\/www.ocasionplus.com\/noticias\/#\/schema\/person\/db1203be564cc3ded97ad1dbd8aadc5b","name":"Cristhian Gonz\u00e1lez","image":{"@type":"ImageObject","inLanguage":"es","@id":"https:\/\/www.ocasionplus.com\/noticias\/#\/schema\/person\/image\/","url":"https:\/\/secure.gravatar.com\/avatar\/30c0388f0815fd0ab8fb4cfad29866ac?s=96&d=mm&r=g","contentUrl":"https:\/\/secure.gravatar.com\/avatar\/30c0388f0815fd0ab8fb4cfad29866ac?s=96&d=mm&r=g","caption":"Cristhian Gonz\u00e1lez"},"description":"Periodista formado en Colombia. Siempre vinculado al deporte y con pasi\u00f3n por los coches. He asistido y cubierto diferentes eventos deportivos para diferentes medios de comunicaci\u00f3n."}]}},"jetpack_featured_media_url":"https:\/\/www.ocasionplus.com\/wp-content\/uploads\/2023\/04\/Opel-Astra-L.jpg","_links":{"self":[{"href":"https:\/\/www.ocasionplus.com\/noticias\/wp-json\/wp\/v2\/posts\/9419","targetHints":{"allow":["GET"]}}],"collection":[{"href":"https:\/\/www.ocasionplus.com\/noticias\/wp-json\/wp\/v2\/posts"}],"about":[{"href":"https:\/\/www.ocasionplus.com\/noticias\/wp-json\/wp\/v2\/types\/post"}],"author":[{"embeddable":true,"href":"https:\/\/www.ocasionplus.com\/noticias\/wp-json\/wp\/v2\/users\/3"}],"replies":[{"embeddable":true,"href":"https:\/\/www.ocasionplus.com\/noticias\/wp-json\/wp\/v2\/comments?post=9419"}],"version-history":[{"count":1,"href":"https:\/\/www.ocasionplus.com\/noticias\/wp-json\/wp\/v2\/posts\/9419\/revisions"}],"predecessor-version":[{"id":15282,"href":"https:\/\/www.ocasionplus.com\/noticias\/wp-json\/wp\/v2\/posts\/9419\/revisions\/15282"}],"wp:featuredmedia":[{"embeddable":true,"href":"https:\/\/www.ocasionplus.com\/noticias\/wp-json\/wp\/v2\/media\/9420"}],"wp:attachment":[{"href":"https:\/\/www.ocasionplus.com\/noticias\/wp-json\/wp\/v2\/media?parent=9419"}],"wp:term":[{"taxonomy":"category","embeddable":true,"href":"https:\/\/www.ocasionplus.com\/noticias\/wp-json\/wp\/v2\/categories?post=9419"},{"taxonomy":"post_tag","embeddable":true,"href":"https:\/\/www.ocasionplus.com\/noticias\/wp-json\/wp\/v2\/tags?post=9419"}],"curies":[{"name":"wp","href":"https:\/\/api.w.org\/{rel}","templated":true}]}}