{"id":9932,"date":"2024-08-05T16:10:46","date_gmt":"2024-08-05T14:10:46","guid":{"rendered":"https:\/\/blog.ocasionplus.com\/?p=9932"},"modified":"2025-03-27T10:41:58","modified_gmt":"2025-03-27T09:41:58","slug":"coches-segunda-mano-baratos-madrid","status":"publish","type":"post","link":"https:\/\/www.ocasionplus.com\/noticias\/coches-segunda-mano-baratos-madrid\/","title":{"rendered":"Top 10 coches de segunda mano m\u00e1s baratos en Madrid este 2024"},"content":{"rendered":"<div class=\"wpb-content-wrapper\"><p>[vc_row][vc_column][vc_column_text]Si est\u00e1s buscando coches de segunda mano m\u00e1s baratos en Madrid, en OcasionPlus lo podr\u00e1s encontrar. Gracias a que acceder\u00e1s a una amplia oferta de veh\u00edculos asequibles. En este art\u00edculo te vamos a detallar nuestro top 10 de coches de segunda mano m\u00e1s baratos en Madrid del 2024. Principalmente, encontrar\u00e1s coches compactos, ya que su tama\u00f1o les permite ser m\u00e1s econ\u00f3micos.<\/p>\r\n\r\n<p>Recuerda que un coche de segunda mano no necesariamente es comprar un veh\u00edculo desgastado y de poca calidad, todo lo contrario, en OcasionPlus podr\u00e1s encontrar de m\u00e1s de 8.000 coches con la m\u00e1s alta calidad y el mejor precio del mercado.<\/p>\r\n\r\n<p>&nbsp;<\/p>\r\n\r\n<h2 class=\"wp-block-heading\">Top 10 de coches de segunda mano m\u00e1s baratos en Madrid<\/h2>\r\n\r\n<p>Como te dec\u00edamos al principio, este top 10 de coches de segunda mano baratos en Madrid, su gran mayor\u00eda son <a href=\"https:\/\/www.ocasionplus.com\/coches-ocasion\/compacto\">veh\u00edculos compactos<\/a> o utilitarios, gracias a que su tama\u00f1o le permite ser m\u00e1s econ\u00f3micos que los otros. Sin embargo, tambi\u00e9n se ofrecen otros que tienen mayor tama\u00f1o, pero de una marca con mejor relaci\u00f3n calidad-precio.<\/p>\r\n\r\n<p>El listado que te ofrecemos se encuentra ordenado por precio, desde el m\u00e1s barato hasta el m\u00e1s \u201ccostoso\u201d dentro del top 10. Recuerda que todos estos modelos los puedes encontrar de segunda mano en OcasionPlus:<\/p>\r\n\r\n<p>&nbsp;<\/p>\r\n\r\n<h2 class=\"wp-block-heading\">Dacia Sandero<\/h2>\r\n\r\n<p>&nbsp;<\/p>\r\n\r\n<figure class=\"wp-block-image size-full\"><img loading=\"lazy\" decoding=\"async\" width=\"1024\" height=\"682\" class=\"wp-image-9013\" src=\"http:\/\/127.0.0.1\/wp-content\/uploads\/2023\/02\/Dacia-Sandero.jpg\" alt=\"Dacia Sandero\" srcset=\"https:\/\/www.ocasionplus.com\/wp-content\/uploads\/2023\/02\/Dacia-Sandero.jpg 1024w, https:\/\/www.ocasionplus.com\/wp-content\/uploads\/2023\/02\/Dacia-Sandero-300x200.jpg 300w, https:\/\/www.ocasionplus.com\/wp-content\/uploads\/2023\/02\/Dacia-Sandero-768x512.jpg 768w\" sizes=\"auto, (max-width: 1024px) 100vw, 1024px\" \/>\r\n<figcaption class=\"wp-element-caption\">El Dacia Sandero es un coche compacto, econ\u00f3mico, funcional y confiable<\/figcaption>\r\n<\/figure>\r\n\r\n<p>El primer veh\u00edculo es el Dacia Sandero, un veh\u00edculo utilitario que es asequible y pr\u00e1ctico. Casi siempre es uno de los l\u00edderes entre los <a href=\"https:\/\/blog.ocasionplus.com\/mejores-coches-calidad-precio\/\" data-type=\"URL\" data-id=\"https:\/\/blog.ocasionplus.com\/mejores-coches-calidad-precio\/\"><span style=\"text-decoration: underline;\"><mark class=\"has-inline-color\" style=\"background-color: rgba(0, 0, 0, 0); color: #189bd7;\">mejores coches seg\u00fan relaci\u00f3n calidad-precio<\/mark><\/span><\/a>. Este modelo es conocido por su dise\u00f1o simple, pero funcional. Presenta unas l\u00edneas limpias y una apariencia aerodin\u00e1mica. Con una parrilla frontal que da paso a los grupos \u00f3pticos, brind\u00e1ndole un aspecto moderno.<\/p>\r\n\r\n<p>En su interior, el Sandero, ofrece un espacio c\u00f3modo con asientos ergon\u00f3micos y acolchados. Adem\u00e1s, su tablero es simple y minimalista, con controles f\u00e1ciles de usar, como su pantalla t\u00e1ctil que permite controlar el sistema de infoentretenimiento. Al igual que, diferentes espacios de carga.<\/p>\r\n\r\n<p>La \u00faltima generaci\u00f3n del Dacia Sandero se encuentra disponible en dos motores de gasolina que van desde los 65 CV hasta los 90 CV. Tambi\u00e9n se ofrece en motor GLP, con etiqueta ECO, que ofrece una potencia de 100 CV. Ideal para una conducci\u00f3n urbana.<\/p>\r\n\r\n<p>En t\u00e9rminos de seguridad, el Dacia Sandero incluye caracter\u00edsticas como el sistema de frenada de emergencia autom\u00e1tica, asistente de arranque en pendiente, avisador de \u00e1ngulo muerto, sensores de aparcamiento delanteros y traseros, control de velocidad de crucero, c\u00e1mara de aparcamiento trasera y conexi\u00f3n autom\u00e1tica de faros.<\/p>\r\n<p>&nbsp;<\/p>\r\n<p>[\/vc_column_text][\/vc_column][\/vc_row][vc_row el_class=&#8221;comprar-coche-CTA&#8221;][vc_column][vc_custom_heading text=&#8221;Encuentra tu Dacia Sandero de ocasi\u00f3n al mejor precio&#8221; use_theme_fonts=&#8221;yes&#8221; css=&#8221;&#8221;][vc_row_inner][vc_column_inner width=&#8221;8\/12&#8243;][vc_column_text css=&#8221;&#8221;]<\/p>\r\n<p>Ofrecemos la mejor relaci\u00f3n calidad-precio en todos nuestros m\u00e1s de 8.000 coches de segunda mano.<\/p>\r\n<p>[\/vc_column_text][\/vc_column_inner][vc_column_inner width=&#8221;4\/12&#8243;][vc_btn title=&#8221;Busca Ahora&#8221; style=&#8221;custom&#8221; custom_background=&#8221;#009fe3&#8243; custom_text=&#8221;#ffffff&#8221; align=&#8221;center&#8221; css=&#8221;&#8221; link=&#8221;url:https%3A%2F%2Fwww.ocasionplus.com%2Fcoches-ocasion%2Fdacia%2Fsandero|title:Busca%20tu%20Coche%20Ahora&#8221;][\/vc_column_inner][\/vc_row_inner][vc_row_inner el_id=&#8221;logo-placement&#8221; css=&#8221;.vc_custom_1719615816721{margin-top: 2px !important;margin-bottom: 12px !important;}&#8221;][vc_column_inner][vc_single_image image=&#8221;11299&#8243; img_size=&#8221;277&#215;43&#8243; alignment=&#8221;center&#8221; style=&#8221;vc_box_rounded&#8221; css=&#8221;&#8221; el_class=&#8221;logo-component-comprar&#8221;][\/vc_column_inner][\/vc_row_inner][\/vc_column][\/vc_row][vc_row][vc_column][vc_column_text]<\/p>\r\n\r\n<h2 class=\"wp-block-heading\">Opel Corsa<\/h2>\r\n\r\n<p>&nbsp;<\/p>\r\n\r\n<figure class=\"wp-block-image size-full\"><img loading=\"lazy\" decoding=\"async\" width=\"1024\" height=\"683\" class=\"wp-image-9074\" src=\"http:\/\/127.0.0.1\/wp-content\/uploads\/2023\/03\/Opel-Corsa.jpg\" alt=\"Opel Corsa\" srcset=\"https:\/\/www.ocasionplus.com\/wp-content\/uploads\/2023\/03\/Opel-Corsa.jpg 1024w, https:\/\/www.ocasionplus.com\/wp-content\/uploads\/2023\/03\/Opel-Corsa-300x200.jpg 300w, https:\/\/www.ocasionplus.com\/wp-content\/uploads\/2023\/03\/Opel-Corsa-768x512.jpg 768w\" sizes=\"auto, (max-width: 1024px) 100vw, 1024px\" \/>\r\n<figcaption class=\"wp-element-caption\">El Opel Corsa-e tiene una combinaci\u00f3n de estilo, eficiencia y rendimiento<\/figcaption>\r\n<\/figure>\r\n\r\n<p>El Opel Corsa es un coche utilitario que se fabrica desde 1982. Este veh\u00edculo ofrece un comportamiento din\u00e1mico, que lo combina con buen equipamiento y diferentes versiones. Actualmente, se comercializa la sexta generaci\u00f3n. Su dise\u00f1o exterior es atractivo y moderno. Con una parrilla discreta con detalles en cromado y unos amplios faros que ocupan gran parte del frontal. Adem\u00e1s, su carrocer\u00eda es bitono, con el techo en negro que le dan ese aspecto moderno y juvenil.<\/p>\r\n\r\n<p>En el interior, el Opel Corsa ofrece un espacio bien equipado y de alta calidad. Con un cuadro de instrumentos completamente digital de siete pulgadas, una pantalla central que permite controlar el sistema de infoentretenimiento y es compatible con Android Auto y Apple CarPlay.<\/p>\r\n\r\n<p>El Corsa se encuentra disponible en una amplia gama de motores de gasolina y di\u00e9sel y una variante el\u00e9ctrica. Los motores de gasolina ofrecen una potencia que va desde los 75 hasta los 131 CV. Su opci\u00f3n di\u00e9sel entrega una fuerza de 102 CV. La variante el\u00e9ctrica ofrece una potencia de 136 CV.<\/p>\r\n\r\n<p>En t\u00e9rminos de seguridad, el Opel Corsa est\u00e1 equipado con sistemas de seguridad est\u00e1ndar, que incluye frenos antibloqueo (ABS), control de estabilidad, frenado autom\u00e1tico de emergencia, advertencia de colisi\u00f3n frontal y asistencia de mantenimiento de carril.<\/p>\r\n<p>&nbsp;<\/p>\r\n<p>[\/vc_column_text][\/vc_column][\/vc_row][vc_row el_class=&#8221;comprar-coche-CTA&#8221;][vc_column][vc_custom_heading text=&#8221;Encuentra tu Opel Corsa de ocasi\u00f3n al mejor precio&#8221; use_theme_fonts=&#8221;yes&#8221; css=&#8221;&#8221;][vc_row_inner][vc_column_inner width=&#8221;8\/12&#8243;][vc_column_text css=&#8221;&#8221;]<\/p>\r\n<p>Ofrecemos la mejor relaci\u00f3n calidad-precio en todos nuestros m\u00e1s de 8.000 coches de segunda mano.<\/p>\r\n<p>[\/vc_column_text][\/vc_column_inner][vc_column_inner width=&#8221;4\/12&#8243;][vc_btn title=&#8221;Busca Ahora&#8221; style=&#8221;custom&#8221; custom_background=&#8221;#009fe3&#8243; custom_text=&#8221;#ffffff&#8221; align=&#8221;center&#8221; css=&#8221;&#8221; link=&#8221;url:https%3A%2F%2Fwww.ocasionplus.com%2Fcoches-ocasion%2Fopel%2Fcorsa|title:Busca%20tu%20Coche%20Ahora&#8221;][\/vc_column_inner][\/vc_row_inner][vc_row_inner el_id=&#8221;logo-placement&#8221; css=&#8221;.vc_custom_1719615816721{margin-top: 2px !important;margin-bottom: 12px !important;}&#8221;][vc_column_inner][vc_single_image image=&#8221;11299&#8243; img_size=&#8221;277&#215;43&#8243; alignment=&#8221;center&#8221; style=&#8221;vc_box_rounded&#8221; css=&#8221;&#8221; el_class=&#8221;logo-component-comprar&#8221;][\/vc_column_inner][\/vc_row_inner][\/vc_column][\/vc_row][vc_row][vc_column][vc_column_text]<\/p>\r\n\r\n<h2 class=\"wp-block-heading\">Fiat 500<\/h2>\r\n\r\n<p>&nbsp;<\/p>\r\n\r\n<figure class=\"wp-block-image size-full\"><img loading=\"lazy\" decoding=\"async\" width=\"1024\" height=\"683\" class=\"wp-image-9076\" src=\"http:\/\/127.0.0.1\/wp-content\/uploads\/2023\/03\/Fiat-500-e.jpg\" alt=\"Fiat 500-e\" srcset=\"https:\/\/www.ocasionplus.com\/wp-content\/uploads\/2023\/03\/Fiat-500-e.jpg 1024w, https:\/\/www.ocasionplus.com\/wp-content\/uploads\/2023\/03\/Fiat-500-e-300x200.jpg 300w, https:\/\/www.ocasionplus.com\/wp-content\/uploads\/2023\/03\/Fiat-500-e-768x512.jpg 768w\" sizes=\"auto, (max-width: 1024px) 100vw, 1024px\" \/>\r\n<figcaption class=\"wp-element-caption\">El Fiat 500-e es un coche compacto, pr\u00e1ctico y atractivo<\/figcaption>\r\n<\/figure>\r\n\r\n<p>El Fiat 500 es un coche peque\u00f1o urbano. Este emblem\u00e1tico veh\u00edculo combina dise\u00f1o retro y estilo. Se lleva fabricando desde 1957 y ha presentado diferentes generaciones y versiones, siempre manteniendo la esencia de su estilo. Su dise\u00f1o exterior presenta l\u00edneas m\u00e1s suaves y curvas, sin perder su estilo cl\u00e1sico. El frontal no presenta una parrilla frontal amplia, sino una toma de aire y unos faros que son caracter\u00edsticos del utilitario.<\/p>\r\n\r\n<p>El dise\u00f1o interior del Fiat 500, es elegante y minimalista. Ofrece un volante multifunci\u00f3n que te permite controlar el sistema de infoentretenimiento y ayudas a la conducci\u00f3n, su pantalla central de cinco pulgadas est\u00e1 conectado con Uconnect Radio Live.<\/p>\r\n\r\n<p>El m\u00edtico Fiat 500 se presenta con motores de gasolina y di\u00e9sel que van desde los 69 hasta los 105 CV, su versi\u00f3n el\u00e9ctrica, presenta en la \u00faltima generaci\u00f3n del 500, ofrece una potencia de 120 CV y una autonom\u00eda de 320 kil\u00f3metros.<\/p>\r\n\r\n<p>En t\u00e9rminos de seguridad, incluye caracter\u00edsticas como frenos ABS y m\u00faltiples airbags, su versi\u00f3n el\u00e9ctrica puede incluir, asistente de aparcamiento, mantenimiento de carril y freno de emergencia autom\u00e1tico.<\/p>\r\n\r\n<p>&nbsp;<\/p>\r\n<p><!-- \/wp:paragraph -->[\/vc_column_text][\/vc_column][\/vc_row][vc_row el_class=&#8221;comprar-coche-CTA&#8221;][vc_column][vc_custom_heading text=&#8221;Encuentra tu Fiat 500 de ocasi\u00f3n al mejor precio&#8221; use_theme_fonts=&#8221;yes&#8221; css=&#8221;&#8221;][vc_row_inner][vc_column_inner width=&#8221;8\/12&#8243;][vc_column_text css=&#8221;&#8221;]<\/p>\r\n<p>Ofrecemos la mejor relaci\u00f3n calidad-precio en todos nuestros m\u00e1s de 8.000 coches de segunda mano.<\/p>\r\n<p>[\/vc_column_text][\/vc_column_inner][vc_column_inner width=&#8221;4\/12&#8243;][vc_btn title=&#8221;Busca Ahora&#8221; style=&#8221;custom&#8221; custom_background=&#8221;#009fe3&#8243; custom_text=&#8221;#ffffff&#8221; align=&#8221;center&#8221; css=&#8221;&#8221; link=&#8221;url:https%3A%2F%2Fwww.ocasionplus.com%2Fcoches-ocasion%2Ffiat%2F500|title:Busca%20tu%20Coche%20Ahora&#8221;][\/vc_column_inner][\/vc_row_inner][vc_row_inner el_id=&#8221;logo-placement&#8221; css=&#8221;.vc_custom_1719615816721{margin-top: 2px !important;margin-bottom: 12px !important;}&#8221;][vc_column_inner][vc_single_image image=&#8221;11299&#8243; img_size=&#8221;277&#215;43&#8243; alignment=&#8221;center&#8221; style=&#8221;vc_box_rounded&#8221; css=&#8221;&#8221; el_class=&#8221;logo-component-comprar&#8221;][\/vc_column_inner][\/vc_row_inner][\/vc_column][\/vc_row][vc_row][vc_column][vc_column_text]<\/p>\r\n<!-- wp:heading -->\r\n<h2 class=\"wp-block-heading\">Citro\u00ebn C3<\/h2>\r\n<!-- \/wp:heading -->\r\n<p>&nbsp;<\/p>\r\n<!-- wp:image {\"id\":9012,\"sizeSlug\":\"full\",\"linkDestination\":\"none\"} -->\r\n<figure class=\"wp-block-image size-full\"><img loading=\"lazy\" decoding=\"async\" width=\"1024\" height=\"683\" class=\"wp-image-9012\" src=\"http:\/\/127.0.0.1\/wp-content\/uploads\/2023\/02\/Citroen-C3.jpg\" alt=\"Citroen C3\" srcset=\"https:\/\/www.ocasionplus.com\/wp-content\/uploads\/2023\/02\/Citroen-C3.jpg 1024w, https:\/\/www.ocasionplus.com\/wp-content\/uploads\/2023\/02\/Citroen-C3-300x200.jpg 300w, https:\/\/www.ocasionplus.com\/wp-content\/uploads\/2023\/02\/Citroen-C3-768x512.jpg 768w, https:\/\/www.ocasionplus.com\/wp-content\/uploads\/2023\/02\/Citroen-C3-266x177.jpg 266w, https:\/\/www.ocasionplus.com\/wp-content\/uploads\/2023\/02\/Citroen-C3-865x577.jpg 865w, https:\/\/www.ocasionplus.com\/wp-content\/uploads\/2023\/02\/Citroen-C3-255x170.jpg 255w, https:\/\/www.ocasionplus.com\/wp-content\/uploads\/2023\/02\/Citroen-C3-398x265.jpg 398w, https:\/\/www.ocasionplus.com\/wp-content\/uploads\/2023\/02\/Citroen-C3-600x400.jpg 600w\" sizes=\"auto, (max-width: 1024px) 100vw, 1024px\" \/>\r\n<figcaption class=\"wp-element-caption\">El Citro\u00ebn C3 es un coche peque\u00f1o y vers\u00e1til que se distingue por ofrecer una conducci\u00f3n suave y c\u00f3moda<\/figcaption>\r\n<\/figure>\r\n<!-- \/wp:image -->\r\n<p><!-- wp:paragraph -->El Citro\u00ebn C3 es un coche utilitario que se lanz\u00f3 en el 2002 y actualmente se comercializa la tercera generaci\u00f3n. Este veh\u00edculo se distingue por su dise\u00f1o exterior fresco y contempor\u00e1neo, con sus caracter\u00edsticos airbumps, protecciones pl\u00e1sticas laterales que le dan un aspecto m\u00e1s colorido y moderno. Se encuentra disponible en una amplia gama de colores.<\/p>\r\n<!-- \/wp:paragraph -->\r\n<p><!-- wp:paragraph -->En el interior, el C3 es amplio y luminosos, con materiales fuertes de pl\u00e1stico duros. En el puesto del conductor se encuentra el cuadro de instrumentos que es anal\u00f3gico, la pantalla central del veh\u00edculo te permite controlar los ajustes de climatizaci\u00f3n. Adem\u00e1s, sus asientos son c\u00f3modos y amplios, capaces de transportar a cinco pasajeros.<\/p>\r\n<!-- \/wp:paragraph -->\r\n<p><!-- wp:paragraph -->La gama de motores del C3 es amplia. Sus motores de gasolina ofrecen una potencia de 83 a 110 CV, mientras que su motor di\u00e9sel ofrece una potencia de 100 CV. Siendo un veh\u00edculo con motores solventes, pero no potentes, es decir, que es ideal para el d\u00eda a d\u00eda por su consumo, pero no es la mejor opci\u00f3n para hacer viajes largos.<\/p>\r\n<!-- \/wp:paragraph -->\r\n<p><!-- wp:paragraph -->En t\u00e9rminos de seguridad, est\u00e1 equipado con c\u00e1mara de visi\u00f3n trasera, c\u00e1mara frontal para sacar fotos o v\u00eddeos, alerta por cambio involuntario de carril, c\u00e1mara de vigilancia de \u00e1ngulo muerto y dem\u00e1s sistemas de seguridad est\u00e1ndar.<\/p>\r\n<!-- \/wp:paragraph -->\r\n<p>&nbsp;<\/p>\r\n<p><!-- \/wp:paragraph -->[\/vc_column_text][\/vc_column][\/vc_row][vc_row el_class=&#8221;comprar-coche-CTA&#8221;][vc_column][vc_custom_heading text=&#8221;Encuentra tu Citro\u00ebn C3 de ocasi\u00f3n al mejor precio&#8221; use_theme_fonts=&#8221;yes&#8221; css=&#8221;&#8221;][vc_row_inner][vc_column_inner width=&#8221;8\/12&#8243;][vc_column_text css=&#8221;&#8221;]<\/p>\r\n<p>Ofrecemos la mejor relaci\u00f3n calidad-precio en todos nuestros m\u00e1s de 8.000 coches de segunda mano.<\/p>\r\n<p>[\/vc_column_text][\/vc_column_inner][vc_column_inner width=&#8221;4\/12&#8243;][vc_btn title=&#8221;Busca Ahora&#8221; style=&#8221;custom&#8221; custom_background=&#8221;#009fe3&#8243; custom_text=&#8221;#ffffff&#8221; align=&#8221;center&#8221; css=&#8221;&#8221; link=&#8221;url:https%3A%2F%2Fwww.ocasionplus.com%2Fcoches-ocasion%2Fcitroen%2Fc3|title:Busca%20tu%20Coche%20Ahora&#8221;][\/vc_column_inner][\/vc_row_inner][vc_row_inner el_id=&#8221;logo-placement&#8221; css=&#8221;.vc_custom_1719615816721{margin-top: 2px !important;margin-bottom: 12px !important;}&#8221;][vc_column_inner][vc_single_image image=&#8221;11299&#8243; img_size=&#8221;277&#215;43&#8243; alignment=&#8221;center&#8221; style=&#8221;vc_box_rounded&#8221; css=&#8221;&#8221; el_class=&#8221;logo-component-comprar&#8221;][\/vc_column_inner][\/vc_row_inner][\/vc_column][\/vc_row][vc_row][vc_column][vc_column_text]<\/p>\r\n<!-- wp:heading -->\r\n<h2 class=\"wp-block-heading\">MG ZS<\/h2>\r\n<!-- \/wp:heading -->\r\n<p>&nbsp;<\/p>\r\n<!-- wp:image {\"id\":9115,\"sizeSlug\":\"large\",\"linkDestination\":\"none\"} -->\r\n<figure class=\"wp-block-image size-large\">\r\n<figcaption class=\"wp-element-caption\"><img loading=\"lazy\" decoding=\"async\" class=\"alignnone wp-image-13741 size-large\" src=\"https:\/\/www.ocasionplus.com\/wp-content\/uploads\/2023\/10\/MG-ZS-RED-1024x625.png\" alt=\"\" width=\"1024\" height=\"625\" srcset=\"https:\/\/www.ocasionplus.com\/wp-content\/uploads\/2023\/10\/MG-ZS-RED-1024x625.png 1024w, https:\/\/www.ocasionplus.com\/wp-content\/uploads\/2023\/10\/MG-ZS-RED-300x183.png 300w, https:\/\/www.ocasionplus.com\/wp-content\/uploads\/2023\/10\/MG-ZS-RED-255x156.png 255w, https:\/\/www.ocasionplus.com\/wp-content\/uploads\/2023\/10\/MG-ZS-RED-510x311.png 510w, https:\/\/www.ocasionplus.com\/wp-content\/uploads\/2023\/10\/MG-ZS-RED-280x171.png 280w, https:\/\/www.ocasionplus.com\/wp-content\/uploads\/2023\/10\/MG-ZS-RED-560x342.png 560w, https:\/\/www.ocasionplus.com\/wp-content\/uploads\/2023\/10\/MG-ZS-RED-350x214.png 350w, https:\/\/www.ocasionplus.com\/wp-content\/uploads\/2023\/10\/MG-ZS-RED-700x427.png 700w, https:\/\/www.ocasionplus.com\/wp-content\/uploads\/2023\/10\/MG-ZS-RED-398x243.png 398w, https:\/\/www.ocasionplus.com\/wp-content\/uploads\/2023\/10\/MG-ZS-RED-796x486.png 796w, https:\/\/www.ocasionplus.com\/wp-content\/uploads\/2023\/10\/MG-ZS-RED.png 1265w\" sizes=\"auto, (max-width: 1024px) 100vw, 1024px\" \/><br \/>Un SUV Compacto y Vers\u00e1til para Cualquier Aventura<\/figcaption>\r\n<\/figure>\r\n<p>El MG ZS es un SUV compacto que combina estilo, versatilidad y tecnolog\u00eda avanzada. Introducido por primera vez en 2017, este modelo se ha ganado r\u00e1pidamente una reputaci\u00f3n por su relaci\u00f3n calidad-precio y su atractivo dise\u00f1o. Con una carrocer\u00eda robusta y moderna, el MG ZS ofrece un aspecto elegante y din\u00e1mico, perfecto para conductores j\u00f3venes y familias activas.<\/p>\r\n<p>Destaca por su dise\u00f1o exterior contempor\u00e1neo, con l\u00edneas suaves y aerodin\u00e1micas que le otorgan un aire sofisticado. Su parrilla frontal distintiva y los faros LED estilizados le dan un toque de modernidad y elegancia. Este SUV cuenta con una altura elevada que proporciona una mejor visibilidad en carretera y una postura imponente que transmite seguridad y estabilidad.<\/p>\r\n<p>Dentro del MG ZS, encontrar\u00e1s un interior espacioso y bien equipado. El sistema de infoentretenimiento incluye una pantalla t\u00e1ctil de 8 pulgadas compatible con Apple CarPlay y Android Auto, asegurando que todos los viajes sean entretenidos y conectados. Adem\u00e1s, ofrece una calidad de sonido superior y una conectividad impecable para tel\u00e9fonos m\u00f3viles y aplicaciones.<\/p>\r\n<p>Est\u00e1 disponible con motores de gasolina eficientes, que var\u00edan desde los 106 hasta los 111 CV, ofreciendo un equilibrio perfecto entre rendimiento y econom\u00eda de combustible. La transmisi\u00f3n manual y autom\u00e1tica est\u00e1n disponibles para adaptarse a diferentes estilos de conducci\u00f3n. Su chasis bien equilibrado y la suspensi\u00f3n ajustada aseguran una experiencia de conducci\u00f3n c\u00f3moda y \u00e1gil, tanto en ciudad como en carretera.<\/p>\r\n<p>En cuanto a seguridad, el MG ZS est\u00e1 equipado con una serie de caracter\u00edsticas avanzadas. Incluye control de crucero, asistente de frenada de emergencia, sistema de monitoreo de presi\u00f3n de neum\u00e1ticos, sensores de aparcamiento traseros y una c\u00e1mara de visi\u00f3n trasera. Estas funciones trabajan conjuntamente para proporcionar una experiencia de conducci\u00f3n m\u00e1s segura y confiable.<\/p>\r\n<p>&nbsp;<\/p>\r\n<p><!-- \/wp:paragraph -->[\/vc_column_text][\/vc_column][\/vc_row][vc_row el_class=&#8221;comprar-coche-CTA&#8221;][vc_column][vc_custom_heading text=&#8221;Encuentra tu MG ZS de ocasi\u00f3n al mejor precio&#8221; use_theme_fonts=&#8221;yes&#8221; css=&#8221;&#8221;][vc_row_inner][vc_column_inner width=&#8221;8\/12&#8243;][vc_column_text css=&#8221;&#8221;]<\/p>\r\n<p>Ofrecemos la mejor relaci\u00f3n calidad-precio en todos nuestros m\u00e1s de 8.000 coches de segunda mano.<\/p>\r\n<p>[\/vc_column_text][\/vc_column_inner][vc_column_inner width=&#8221;4\/12&#8243;][vc_btn title=&#8221;Busca Ahora&#8221; style=&#8221;custom&#8221; custom_background=&#8221;#009fe3&#8243; custom_text=&#8221;#ffffff&#8221; align=&#8221;center&#8221; css=&#8221;&#8221; link=&#8221;url:https%3A%2F%2Fwww.ocasionplus.com%2Fcoches-ocasion%2Fmg%2Fzs|title:Busca%20tu%20Coche%20Ahora&#8221;][\/vc_column_inner][\/vc_row_inner][vc_row_inner el_id=&#8221;logo-placement&#8221; css=&#8221;.vc_custom_1719615816721{margin-top: 2px !important;margin-bottom: 12px !important;}&#8221;][vc_column_inner][vc_single_image image=&#8221;11299&#8243; img_size=&#8221;277&#215;43&#8243; alignment=&#8221;center&#8221; style=&#8221;vc_box_rounded&#8221; css=&#8221;&#8221; el_class=&#8221;logo-component-comprar&#8221;][\/vc_column_inner][\/vc_row_inner][\/vc_column][\/vc_row][vc_row][vc_column][vc_column_text]<\/p>\r\n<!-- wp:heading -->\r\n<h2 class=\"wp-block-heading\">Renault Clio<\/h2>\r\n<!-- \/wp:heading -->\r\n<p>&nbsp;<\/p>\r\n<!-- wp:image {\"id\":9019,\"sizeSlug\":\"full\",\"linkDestination\":\"none\"} -->\r\n<figure class=\"wp-block-image size-full\"><img loading=\"lazy\" decoding=\"async\" width=\"1023\" height=\"682\" class=\"wp-image-9019\" src=\"http:\/\/127.0.0.1\/wp-content\/uploads\/2023\/02\/Renault-Clio.jpg\" alt=\"Renault Clio\" srcset=\"https:\/\/www.ocasionplus.com\/wp-content\/uploads\/2023\/02\/Renault-Clio.jpg 1023w, https:\/\/www.ocasionplus.com\/wp-content\/uploads\/2023\/02\/Renault-Clio-300x200.jpg 300w, https:\/\/www.ocasionplus.com\/wp-content\/uploads\/2023\/02\/Renault-Clio-768x512.jpg 768w\" sizes=\"auto, (max-width: 1023px) 100vw, 1023px\" \/>\r\n<figcaption class=\"wp-element-caption\">El Renault Clio es conocido por su estilo moderno y deportivo, su tecnolog\u00eda avanzada y su excelente rendimiento<\/figcaption>\r\n<\/figure>\r\n<!-- \/wp:image -->\r\n<p><!-- wp:paragraph -->El Renault Clio es un utilitario que se empez\u00f3 a fabricar en 1990. Actualmente, se comercializa la quinta generaci\u00f3n. Esta \u00faltima generaci\u00f3n presenta una est\u00e9tica m\u00e1s moderna que las generaciones anteriores. En el frontal se encuentra un paragolpes m\u00e1s moderno y aerodin\u00e1mico, \u00f3pticas LED m\u00e1s afiladas y una calandra que se parece al Renault Austral.<\/p>\r\n<!-- \/wp:paragraph -->\r\n<p><!-- wp:paragraph -->El interior del Clio presenta un sistema de infoentretenimiento con una pantalla t\u00e1cil de hasta nueve pulgadas es posici\u00f3n vertical. Adem\u00e1s, de ofrecer un habit\u00e1culo m\u00e1s juvenil con su cuadro de instrumentos totalmente digital y asientos c\u00f3modos y con un buen soporte para transportar a cinco pasajeros.<\/p>\r\n<!-- \/wp:paragraph -->\r\n<p><!-- wp:paragraph -->El Renault Clio se encuentra en una amplia gama de motorizaci\u00f3n, desde motores gasolina hasta di\u00e9sel, y una opci\u00f3n h\u00edbrida gasolina. Su motor di\u00e9sel ofrece una potencia de 100 CV; mientras que los de gasolina ofrecen una potencia desde 65 hasta 100 CV. Su versi\u00f3n h\u00edbrida se encuentra en potencia combinada de 145 CV.<\/p>\r\n<!-- \/wp:paragraph -->\r\n<p><!-- wp:paragraph -->En t\u00e9rminos de seguridad, ofrece m\u00e1s de 20 asistentes a la conducci\u00f3n, como el control de crucero adaptativo con funci\u00f3n Stop&amp;Go y centrado de carril, sistema de reconocimiento de se\u00f1ales, alerta de tr\u00e1fico en el punto muerto, c\u00e1maras con visi\u00f3n de 360 y sistemas de seguridad est\u00e1ndar.<\/p>\r\n<!-- \/wp:paragraph -->\r\n<p>&nbsp;<\/p>\r\n<p><!-- \/wp:paragraph -->[\/vc_column_text][\/vc_column][\/vc_row][vc_row el_class=&#8221;comprar-coche-CTA&#8221;][vc_column][vc_custom_heading text=&#8221;Encuentra tu Renault Clio de ocasi\u00f3n al mejor precio&#8221; use_theme_fonts=&#8221;yes&#8221; css=&#8221;&#8221;][vc_row_inner][vc_column_inner width=&#8221;8\/12&#8243;][vc_column_text css=&#8221;&#8221;]<\/p>\r\n<p>Ofrecemos la mejor relaci\u00f3n calidad-precio en todos nuestros m\u00e1s de 8.000 coches de segunda mano.<\/p>\r\n<p>[\/vc_column_text][\/vc_column_inner][vc_column_inner width=&#8221;4\/12&#8243;][vc_btn title=&#8221;Busca Ahora&#8221; style=&#8221;custom&#8221; custom_background=&#8221;#009fe3&#8243; custom_text=&#8221;#ffffff&#8221; align=&#8221;center&#8221; css=&#8221;&#8221; link=&#8221;url:https%3A%2F%2Fwww.ocasionplus.com%2Fcoches-ocasion%2Frenault%2Fclio|title:Busca%20tu%20Coche%20Ahora&#8221;][\/vc_column_inner][\/vc_row_inner][vc_row_inner el_id=&#8221;logo-placement&#8221; css=&#8221;.vc_custom_1719615816721{margin-top: 2px !important;margin-bottom: 12px !important;}&#8221;][vc_column_inner][vc_single_image image=&#8221;11299&#8243; img_size=&#8221;277&#215;43&#8243; alignment=&#8221;center&#8221; style=&#8221;vc_box_rounded&#8221; css=&#8221;&#8221; el_class=&#8221;logo-component-comprar&#8221;][\/vc_column_inner][\/vc_row_inner][\/vc_column][\/vc_row][vc_row][vc_column][vc_column_text]<\/p>\r\n<!-- wp:heading -->\r\n<h2 class=\"wp-block-heading\">Peugeot 208<\/h2>\r\n<!-- \/wp:heading -->\r\n<p>&nbsp;<\/p>\r\n<!-- wp:image {\"id\":9070,\"sizeSlug\":\"full\",\"linkDestination\":\"none\"} -->\r\n<figure class=\"wp-block-image size-full\"><img loading=\"lazy\" decoding=\"async\" width=\"1024\" height=\"683\" class=\"wp-image-9070\" src=\"http:\/\/127.0.0.1\/wp-content\/uploads\/2023\/03\/Peugeot-e-208.jpg\" alt=\"Peugeot e-208\" srcset=\"https:\/\/www.ocasionplus.com\/wp-content\/uploads\/2023\/03\/Peugeot-e-208.jpg 1024w, https:\/\/www.ocasionplus.com\/wp-content\/uploads\/2023\/03\/Peugeot-e-208-300x200.jpg 300w, https:\/\/www.ocasionplus.com\/wp-content\/uploads\/2023\/03\/Peugeot-e-208-768x512.jpg 768w, https:\/\/www.ocasionplus.com\/wp-content\/uploads\/2023\/03\/Peugeot-e-208-266x177.jpg 266w, https:\/\/www.ocasionplus.com\/wp-content\/uploads\/2023\/03\/Peugeot-e-208-865x577.jpg 865w, https:\/\/www.ocasionplus.com\/wp-content\/uploads\/2023\/03\/Peugeot-e-208-255x170.jpg 255w, https:\/\/www.ocasionplus.com\/wp-content\/uploads\/2023\/03\/Peugeot-e-208-398x265.jpg 398w, https:\/\/www.ocasionplus.com\/wp-content\/uploads\/2023\/03\/Peugeot-e-208-600x400.jpg 600w\" sizes=\"auto, (max-width: 1024px) 100vw, 1024px\" \/>\r\n<figcaption class=\"wp-element-caption\">El Peugeot 208 es un coche peque\u00f1o, elegante y bien dise\u00f1ado<\/figcaption>\r\n<\/figure>\r\n<!-- \/wp:image -->\r\n<p><!-- wp:paragraph -->El Peugeot 208 es un coche utilitario de alta calidad. Se lanz\u00f3 en el 2012 y tiene dos generaciones. Este veh\u00edculo se caracteriza por ofrecer un dise\u00f1o fresco, tecnolog\u00eda de vanguardia y un buen comportamiento. Su dise\u00f1o exterior presenta un estilo vanguardista, con l\u00edneas tensas y puras, y un frontal con una firma lum\u00ednica de LED en forma de colmillos.<\/p>\r\n<!-- \/wp:paragraph -->\r\n<p><!-- wp:paragraph -->El interior del 208 ofrece el i-cockpit, es decir, un volante m\u00e1s peque\u00f1o de lo habitual, que est\u00e1 recortado por abajo y por arriba, y una instrumentaci\u00f3n digital. El sistema de infoentretenimiento se encuentra disponible de 5, 7 o 10 pulgadas, con una interfaz de botones de tipo piano con acceso directo a las funciones habituales.<\/p>\r\n<!-- \/wp:paragraph -->\r\n<p><!-- wp:paragraph -->Se encuentra disponible en motores de gasolina, di\u00e9sel y el\u00e9ctrica. Los motores gasolina tienen tres niveles de potencia, de 75, 100 y 130 CV. El motor di\u00e9sel ofrece 100 CV de potencia. Su motor el\u00e9ctrico ofrece 156 CV y una autonom\u00eda de 362 kil\u00f3metros.<\/p>\r\n<!-- \/wp:paragraph -->\r\n<p><!-- wp:paragraph --><a href=\"https:\/\/www.ocasionplus.com\/coches-ocasion\/peugeot\/208\"><strong><span style=\"text-decoration: underline;\"><mark class=\"has-inline-color\" style=\"background-color: rgba(0, 0, 0, 0); color: #189bd7;\">Descubre tu pr\u00f3ximo Peugeot 208 de segunda mano en OcasionPlus<\/mark><\/span><\/strong><\/a><\/p>\r\n<!-- \/wp:paragraph -->\r\n<p><!-- wp:paragraph --><a href=\"https:\/\/www.ocasionplus.com\/coches-ocasion\/peugeot\"><strong><span style=\"text-decoration: underline;\"><mark class=\"has-inline-color\" style=\"background-color: rgba(0, 0, 0, 0); color: #189bd7;\">Busca m\u00e1s coches Peugeot de ocasi\u00f3n en OcasionPlus<\/mark><\/span><\/strong><\/a><\/p>\r\n<p><!-- \/wp:paragraph -->[\/vc_column_text][\/vc_column][\/vc_row][vc_row el_class=&#8221;comprar-coche-CTA&#8221;][vc_column][vc_custom_heading text=&#8221;Encuentra tu Peugeot 208 de ocasi\u00f3n al mejor precio&#8221; use_theme_fonts=&#8221;yes&#8221; css=&#8221;&#8221;][vc_row_inner][vc_column_inner width=&#8221;8\/12&#8243;][vc_column_text css=&#8221;&#8221;]<\/p>\r\n<p>Ofrecemos la mejor relaci\u00f3n calidad-precio en todos nuestros m\u00e1s de 8.000 coches de segunda mano.<\/p>\r\n<p>[\/vc_column_text][\/vc_column_inner][vc_column_inner width=&#8221;4\/12&#8243;][vc_btn title=&#8221;Busca Ahora&#8221; style=&#8221;custom&#8221; custom_background=&#8221;#009fe3&#8243; custom_text=&#8221;#ffffff&#8221; align=&#8221;center&#8221; css=&#8221;&#8221; link=&#8221;url:https%3A%2F%2Fwww.ocasionplus.com%2Fcoches-ocasion%2Fpeugeot%2F208|title:Busca%20tu%20Coche%20Ahora&#8221;][\/vc_column_inner][\/vc_row_inner][vc_row_inner el_id=&#8221;logo-placement&#8221; css=&#8221;.vc_custom_1719615816721{margin-top: 2px !important;margin-bottom: 12px !important;}&#8221;][vc_column_inner][vc_single_image image=&#8221;11299&#8243; img_size=&#8221;277&#215;43&#8243; alignment=&#8221;center&#8221; style=&#8221;vc_box_rounded&#8221; css=&#8221;&#8221; el_class=&#8221;logo-component-comprar&#8221;][\/vc_column_inner][\/vc_row_inner][\/vc_column][\/vc_row][vc_row][vc_column][vc_column_text]<\/p>\r\n<!-- wp:heading -->\r\n<h2 class=\"wp-block-heading\">Kia Rio<\/h2>\r\n<!-- \/wp:heading -->\r\n<p>&nbsp;<\/p>\r\n<!-- wp:image {\"id\":9323,\"sizeSlug\":\"large\",\"linkDestination\":\"none\"} -->\r\n<figure class=\"wp-block-image size-large\"><img loading=\"lazy\" decoding=\"async\" width=\"1024\" height=\"685\" class=\"wp-image-9323\" src=\"http:\/\/127.0.0.1\/wp-content\/uploads\/2022\/11\/Kia-Rio-1024x685.jpg\" alt=\"Kia Rio\" srcset=\"https:\/\/www.ocasionplus.com\/wp-content\/uploads\/2022\/11\/Kia-Rio-1024x685.jpg 1024w, https:\/\/www.ocasionplus.com\/wp-content\/uploads\/2022\/11\/Kia-Rio-300x201.jpg 300w, https:\/\/www.ocasionplus.com\/wp-content\/uploads\/2022\/11\/Kia-Rio-768x514.jpg 768w, https:\/\/www.ocasionplus.com\/wp-content\/uploads\/2022\/11\/Kia-Rio-266x178.jpg 266w, https:\/\/www.ocasionplus.com\/wp-content\/uploads\/2022\/11\/Kia-Rio-255x171.jpg 255w, https:\/\/www.ocasionplus.com\/wp-content\/uploads\/2022\/11\/Kia-Rio-398x266.jpg 398w, https:\/\/www.ocasionplus.com\/wp-content\/uploads\/2022\/11\/Kia-Rio-600x402.jpg 600w, https:\/\/www.ocasionplus.com\/wp-content\/uploads\/2022\/11\/Kia-Rio.jpg 1240w\" sizes=\"auto, (max-width: 1024px) 100vw, 1024px\" \/><\/figure>\r\n<!-- \/wp:image -->\r\n<p><!-- wp:paragraph -->El Kia Rio es un coche urbano vers\u00e1til y atractivo. Se lanz\u00f3 en 1997 y cuenta con cuatro generaciones. Su dise\u00f1o exterior es juvenil y actual, en la que destaca la parrilla delantera, con forma de nariz de tigre, as\u00ed como luces antiniebla con tecnolog\u00eda LED ubicadas en las tomas de aire laterales.<\/p>\r\n<!-- \/wp:paragraph -->\r\n<p><!-- wp:paragraph -->En el interior se destaca su sencillez y funcionalidad. En la zona central se encuentra su sistema de infoentretenimiento con una pantalla t\u00e1ctil de ocho pulgadas y mandos f\u00edsicos para el climatizador y el volumen de la radio. Adem\u00e1s, de una instrumentaci\u00f3n anal\u00f3gica y un volante multifunci\u00f3n.<\/p>\r\n<!-- \/wp:paragraph -->\r\n<p><!-- wp:paragraph -->El Kia Rio se encuentra disponible en motores de gasolina, que van desde los 84 hasta los 120 CV. Adem\u00e1s, de una versi\u00f3n h\u00edbrida que ofrece 48 CV en su motor el\u00e9ctrico. Esto lo convierte en una de las mejores opciones para el uso diario, gracias a su bajo consumo de combustible.<\/p>\r\n<!-- \/wp:paragraph -->\r\n<p>&nbsp;<\/p>\r\n<p><!-- \/wp:paragraph -->[\/vc_column_text][\/vc_column][\/vc_row][vc_row el_class=&#8221;comprar-coche-CTA&#8221;][vc_column][vc_custom_heading text=&#8221;Encuentra tu Kia Rio de ocasi\u00f3n al mejor precio&#8221; use_theme_fonts=&#8221;yes&#8221; css=&#8221;&#8221;][vc_row_inner][vc_column_inner width=&#8221;8\/12&#8243;][vc_column_text css=&#8221;&#8221;]<\/p>\r\n<p>Ofrecemos la mejor relaci\u00f3n calidad-precio en todos nuestros m\u00e1s de 8.000 coches de segunda mano.<\/p>\r\n<p>[\/vc_column_text][\/vc_column_inner][vc_column_inner width=&#8221;4\/12&#8243;][vc_btn title=&#8221;Busca Ahora&#8221; style=&#8221;custom&#8221; custom_background=&#8221;#009fe3&#8243; custom_text=&#8221;#ffffff&#8221; align=&#8221;center&#8221; css=&#8221;&#8221; link=&#8221;url:https%3A%2F%2Fwww.ocasionplus.com%2Fcoches-ocasion%2Fkia%2Frio|title:Busca%20tu%20Coche%20Ahora&#8221;][\/vc_column_inner][\/vc_row_inner][vc_row_inner el_id=&#8221;logo-placement&#8221; css=&#8221;.vc_custom_1719615816721{margin-top: 2px !important;margin-bottom: 12px !important;}&#8221;][vc_column_inner][vc_single_image image=&#8221;11299&#8243; img_size=&#8221;277&#215;43&#8243; alignment=&#8221;center&#8221; style=&#8221;vc_box_rounded&#8221; css=&#8221;&#8221; el_class=&#8221;logo-component-comprar&#8221;][\/vc_column_inner][\/vc_row_inner][\/vc_column][\/vc_row][vc_row][vc_column][vc_column_text]<\/p>\r\n<!-- wp:heading -->\r\n<h2 class=\"wp-block-heading\">SEAT Ibiza<\/h2>\r\n<!-- \/wp:heading -->\r\n<p>&nbsp;<\/p>\r\n<!-- wp:image {\"id\":9020,\"sizeSlug\":\"full\",\"linkDestination\":\"none\"} -->\r\n<figure class=\"wp-block-image size-full\"><img loading=\"lazy\" decoding=\"async\" width=\"1024\" height=\"694\" class=\"wp-image-9020\" src=\"http:\/\/127.0.0.1\/wp-content\/uploads\/2023\/02\/Seat-Ibiza.jpg\" alt=\"Seat Ibiza\" srcset=\"https:\/\/www.ocasionplus.com\/wp-content\/uploads\/2023\/02\/Seat-Ibiza.jpg 1024w, https:\/\/www.ocasionplus.com\/wp-content\/uploads\/2023\/02\/Seat-Ibiza-300x203.jpg 300w, https:\/\/www.ocasionplus.com\/wp-content\/uploads\/2023\/02\/Seat-Ibiza-768x521.jpg 768w\" sizes=\"auto, (max-width: 1024px) 100vw, 1024px\" \/>\r\n<figcaption class=\"wp-element-caption\">El SEAT Ibiza es un coche peque\u00f1o, deportivo y elegante, popular en las carreteras espa\u00f1olas<\/figcaption>\r\n<\/figure>\r\n<!-- \/wp:image -->\r\n<p><!-- wp:paragraph -->El SEAT Ibiza es un utilitario de cinco puertas que se lanz\u00f3 en 1984. Actualmente, se comercializa la quinta generaci\u00f3n. Su dise\u00f1o exterior presenta unas l\u00edneas marcadas que le dan un aspecto m\u00e1s deportivo y atractivo. Adem\u00e1s, de sus \u00f3pticas full-LED, con unas llantas de hasta 18 pulgadas, siendo similar a la tercera generaci\u00f3n del SEAT Le\u00f3n.<\/p>\r\n<!-- \/wp:paragraph -->\r\n<p><!-- wp:paragraph -->En el interior, el Ibiza ofrece un sistema de infoentretenimiento con una pantalla de nueve pulgadas, compatible con Apple CarPlay y Android Auto. Adem\u00e1s, de un volante multifunci\u00f3n y un cuadro de instrumentos anal\u00f3gico, pero en el centro detalla las caracter\u00edsticas del coche.<\/p>\r\n<!-- \/wp:paragraph -->\r\n<p><!-- wp:paragraph -->El SEAT Ibiza se encuentra equipado con dos motores de gasolina y una versi\u00f3n GNC. Los motores de gasolina se encuentran con una potencia desde 80 hasta 110 CV. El de Gas Natural Comprimido se encuentra con una potencia de 90 CV.<\/p>\r\n<!-- \/wp:paragraph -->\r\n<p><!-- wp:paragraph -->Adem\u00e1s, est\u00e1 equipado con diferentes asistentes a la conducci\u00f3n, como c\u00e1mara de visi\u00f3n trasera, arranque con llave inteligente, frenos ABS, control de estabilidad, frenado autom\u00e1tico de emergencia, advertencia de colisi\u00f3n frontal y sistemas de seguridad est\u00e1ndar.<\/p>\r\n<!-- \/wp:paragraph -->\r\n<p>&nbsp;<\/p>\r\n<p><!-- \/wp:paragraph -->[\/vc_column_text][\/vc_column][\/vc_row][vc_row el_class=&#8221;comprar-coche-CTA&#8221;][vc_column][vc_custom_heading text=&#8221;Encuentra tu Seat Ibiza de ocasi\u00f3n al mejor precio&#8221; use_theme_fonts=&#8221;yes&#8221; css=&#8221;&#8221;][vc_row_inner][vc_column_inner width=&#8221;8\/12&#8243;][vc_column_text css=&#8221;&#8221;]<\/p>\r\n<p>Ofrecemos la mejor relaci\u00f3n calidad-precio en todos nuestros m\u00e1s de 8.000 coches de segunda mano.<\/p>\r\n<p>[\/vc_column_text][\/vc_column_inner][vc_column_inner width=&#8221;4\/12&#8243;][vc_btn title=&#8221;Busca Ahora&#8221; style=&#8221;custom&#8221; custom_background=&#8221;#009fe3&#8243; custom_text=&#8221;#ffffff&#8221; align=&#8221;center&#8221; css=&#8221;&#8221; link=&#8221;url:https%3A%2F%2Fwww.ocasionplus.com%2Fcoches-ocasion%2Fseat%2Fibiza|title:Busca%20tu%20Coche%20Ahora&#8221;][\/vc_column_inner][\/vc_row_inner][vc_row_inner el_id=&#8221;logo-placement&#8221; css=&#8221;.vc_custom_1719615816721{margin-top: 2px !important;margin-bottom: 12px !important;}&#8221;][vc_column_inner][vc_single_image image=&#8221;11299&#8243; img_size=&#8221;277&#215;43&#8243; alignment=&#8221;center&#8221; style=&#8221;vc_box_rounded&#8221; css=&#8221;&#8221; el_class=&#8221;logo-component-comprar&#8221;][\/vc_column_inner][\/vc_row_inner][\/vc_column][\/vc_row][vc_row][vc_column][vc_column_text]<\/p>\r\n<!-- wp:heading -->\r\n<h2 class=\"wp-block-heading\">Volkswagen Polo<\/h2>\r\n<!-- \/wp:heading -->\r\n<p>&nbsp;<\/p>\r\n<!-- wp:image {\"id\":9933,\"sizeSlug\":\"large\",\"linkDestination\":\"none\"} -->\r\n<figure class=\"wp-block-image size-large\"><img loading=\"lazy\" decoding=\"async\" width=\"1024\" height=\"656\" class=\"wp-image-9933\" src=\"http:\/\/127.0.0.1\/wp-content\/uploads\/2023\/10\/Volkswagen-Polo-1024x656.jpg\" alt=\"Volkswagen Polo blanco en la carretera\" srcset=\"https:\/\/www.ocasionplus.com\/wp-content\/uploads\/2023\/10\/Volkswagen-Polo-1024x656.jpg 1024w, https:\/\/www.ocasionplus.com\/wp-content\/uploads\/2023\/10\/Volkswagen-Polo-300x192.jpg 300w, https:\/\/www.ocasionplus.com\/wp-content\/uploads\/2023\/10\/Volkswagen-Polo-768x492.jpg 768w, https:\/\/www.ocasionplus.com\/wp-content\/uploads\/2023\/10\/Volkswagen-Polo-398x255.jpg 398w, https:\/\/www.ocasionplus.com\/wp-content\/uploads\/2023\/10\/Volkswagen-Polo-266x170.jpg 266w, https:\/\/www.ocasionplus.com\/wp-content\/uploads\/2023\/10\/Volkswagen-Polo-255x163.jpg 255w, https:\/\/www.ocasionplus.com\/wp-content\/uploads\/2023\/10\/Volkswagen-Polo-600x384.jpg 600w, https:\/\/www.ocasionplus.com\/wp-content\/uploads\/2023\/10\/Volkswagen-Polo.jpg 1280w\" sizes=\"auto, (max-width: 1024px) 100vw, 1024px\" \/>\r\n<figcaption class=\"wp-element-caption\">El Volkswagen Polo es un coche peque\u00f1o de alta calidad y buen rendimiento en la carretera<\/figcaption>\r\n<\/figure>\r\n<!-- \/wp:image -->\r\n<p><!-- wp:paragraph -->El Volkswagen Polo es un veh\u00edculo utilitario fabricado por Volkswagen desde 1975. Cuenta con seis generaciones, siendo la \u00faltima presentada en el 2017. Su dise\u00f1o exterior es elegante y atemporal, con unos grupos \u00f3pticos con doble LED diurno, una barra de luz LED que recorre el ancho de la parrilla y pilotos traseros m\u00e1s grandes.<\/p>\r\n<!-- \/wp:paragraph -->\r\n<p><!-- wp:paragraph -->En su interior mantiene el dise\u00f1o ergon\u00f3mico y pr\u00e1ctico, con un cuadro de instrumentos digital y un sistema de infoentretenimiento que permite conexi\u00f3n a internet, as\u00ed como Apple CarPlay y Android auto.<\/p>\r\n<!-- \/wp:paragraph -->\r\n<p><!-- wp:paragraph -->El Volkswagen Polo se encuentra disponible en motores de gasolina y de GNC. Los motores de gasolina ofrecen una potencia desde 80 hasta 110 CV. Su versi\u00f3n de Gas Natural Comprimido ofrece una potencia de 90 CV. Siendo una gran opci\u00f3n para la conducci\u00f3n urbana.<\/p>\r\n<!-- \/wp:paragraph -->\r\n<p><!-- wp:paragraph -->Este coche se encuentra equipado con carga inal\u00e1mbrica del m\u00f3vil, asientos calefactados, pantalla de visi\u00f3n trasera, navegador integrado, aparcamiento aut\u00f3nomo, ayudas a la conducci\u00f3n b\u00e1sica y sistemas de seguridad est\u00e1ndar.<\/p>\r\n<!-- \/wp:paragraph -->\r\n<p>&nbsp;<\/p>\r\n<!-- \/wp:paragraph -->\r\n<p><!-- \/wp:paragraph -->[\/vc_column_text][\/vc_column][\/vc_row][vc_row el_class=&#8221;comprar-coche-CTA&#8221;][vc_column][vc_custom_heading text=&#8221;Encuentra tu Volkswagen Polo de ocasi\u00f3n al mejor precio&#8221; use_theme_fonts=&#8221;yes&#8221; css=&#8221;&#8221;][vc_row_inner][vc_column_inner width=&#8221;8\/12&#8243;][vc_column_text css=&#8221;&#8221;]<\/p>\r\n<p>Ofrecemos la mejor relaci\u00f3n calidad-precio en todos nuestros m\u00e1s de 8.000 coches de segunda mano.<\/p>\r\n<p>[\/vc_column_text][\/vc_column_inner][vc_column_inner width=&#8221;4\/12&#8243;][vc_btn title=&#8221;Busca Ahora&#8221; style=&#8221;custom&#8221; custom_background=&#8221;#009fe3&#8243; custom_text=&#8221;#ffffff&#8221; align=&#8221;center&#8221; css=&#8221;&#8221; link=&#8221;url:https%3A%2F%2Fwww.ocasionplus.com%2Fcoches-ocasion%2Fvolkswagen%2Fpolo|title:Busca%20tu%20Coche%20Ahora&#8221;][\/vc_column_inner][\/vc_row_inner][vc_row_inner el_id=&#8221;logo-placement&#8221; css=&#8221;.vc_custom_1719615816721{margin-top: 2px !important;margin-bottom: 12px !important;}&#8221;][vc_column_inner][vc_single_image image=&#8221;11299&#8243; img_size=&#8221;277&#215;43&#8243; alignment=&#8221;center&#8221; style=&#8221;vc_box_rounded&#8221; css=&#8221;&#8221; el_class=&#8221;logo-component-comprar&#8221;][\/vc_column_inner][\/vc_row_inner][\/vc_column][\/vc_row]<\/p>\r\n<p>Esperamos que este listado sobre los 10 mejores coches de segunda mano baratos en Madrid te haya servido para orientarte si est\u00e1s pensando en comprar tu primer coche o si quieres regalar alg\u00fan veh\u00edculo. \u00a1Recuerda que <a href=\"https:\/\/www.ocasionplus.com\/concesionarios\"><span style=\"text-decoration: underline;\"><mark class=\"has-inline-color\" style=\"background-color: rgba(0, 0, 0, 0); color: #189bd7;\">en OcasionPlus tienes m\u00e1s de 85 concesionarios<\/mark><\/span><\/a> disponibles en toda Espa\u00f1a! All\u00ed podr\u00e1s encontrar <a href=\"https:\/\/www.ocasionplus.com\/coches-ocasion\"><span style=\"text-decoration: underline;\"><mark class=\"has-inline-color\" style=\"background-color: rgba(0, 0, 0, 0); color: #189bd7;\">m\u00e1s de 8.000 coches de segunda mano<\/mark><\/span><\/a> con la mejor calidad y el mejor precio del mercado.<\/p><\/div>","protected":false},"excerpt":{"rendered":"<p>[vc_row][vc_column][vc_column_text]Si est\u00e1s buscando coches de segunda mano m\u00e1s baratos en Madrid, en OcasionPlus lo podr\u00e1s encontrar. Gracias a que acceder\u00e1s a una amplia oferta de veh\u00edculos asequibles. En este art\u00edculo te vamos a detallar nuestro top 10 de coches de segunda mano m\u00e1s baratos en Madrid del 2024. Principalmente, encontrar\u00e1s coches compactos, ya que su&#8230;<\/p>\n","protected":false},"author":5,"featured_media":9933,"comment_status":"closed","ping_status":"closed","sticky":false,"template":"","format":"standard","meta":{"footnotes":""},"categories":[11],"tags":[398,521,536,467,411,534,385,458,404,392,523,375,468,409,460],"class_list":["post-9932","post","type-post","status-publish","format-standard","has-post-thumbnail","hentry","category-rankings","tag-citroen","tag-clio","tag-corsa","tag-dacia","tag-fiat","tag-ibiza","tag-kia","tag-mg","tag-opel","tag-peugeot","tag-polo","tag-renault","tag-sandero","tag-seat","tag-volkswagen"],"yoast_head":"<!-- This site is optimized with the Yoast SEO Premium plugin v24.8 (Yoast SEO v24.8.1) - https:\/\/yoast.com\/wordpress\/plugins\/seo\/ -->\n<title>Los 10 coches de segunda mano m\u00e1s baratos en Madrid del 2023 - OcasionPlus Blog<\/title>\n<meta name=\"description\" content=\"Encuentra tu pr\u00f3ximo coche de segunda mano m\u00e1s baratos en Madrid. OcasionPlus te ofrece una amplia selecci\u00f3n de veh\u00edculos para ti.\" \/>\n<meta name=\"robots\" content=\"index, follow, max-snippet:-1, max-image-preview:large, max-video-preview:-1\" \/>\n<link rel=\"canonical\" href=\"https:\/\/www.ocasionplus.com\/noticias\/coches-segunda-mano-baratos-madrid\/\" \/>\n<meta property=\"og:locale\" content=\"es_ES\" \/>\n<meta property=\"og:type\" content=\"article\" \/>\n<meta property=\"og:title\" content=\"Top 10 coches de segunda mano m\u00e1s baratos en Madrid este 2024\" \/>\n<meta property=\"og:description\" content=\"Encuentra tu pr\u00f3ximo coche de segunda mano m\u00e1s baratos en Madrid. OcasionPlus te ofrece una amplia selecci\u00f3n de veh\u00edculos para ti.\" \/>\n<meta property=\"og:url\" content=\"https:\/\/www.ocasionplus.com\/noticias\/coches-segunda-mano-baratos-madrid\/\" \/>\n<meta property=\"og:site_name\" content=\"OcasionPlus Blog\" \/>\n<meta property=\"article:publisher\" content=\"https:\/\/www.facebook.com\/ocasionplus\" \/>\n<meta property=\"article:published_time\" content=\"2024-08-05T14:10:46+00:00\" \/>\n<meta property=\"article:modified_time\" content=\"2025-03-27T09:41:58+00:00\" \/>\n<meta property=\"og:image\" content=\"https:\/\/www.ocasionplus.com\/wp-content\/uploads\/2023\/10\/Volkswagen-Polo.jpg\" \/>\n\t<meta property=\"og:image:width\" content=\"1280\" \/>\n\t<meta property=\"og:image:height\" content=\"820\" \/>\n\t<meta property=\"og:image:type\" content=\"image\/jpeg\" \/>\n<meta name=\"author\" content=\"Virginia Mart\u00edn\" \/>\n<meta name=\"twitter:card\" content=\"summary_large_image\" \/>\n<meta name=\"twitter:creator\" content=\"@ocasionplus\" \/>\n<meta name=\"twitter:site\" content=\"@ocasionplus\" \/>\n<meta name=\"twitter:label1\" content=\"Escrito por\" \/>\n\t<meta name=\"twitter:data1\" content=\"Virginia Mart\u00edn\" \/>\n\t<meta name=\"twitter:label2\" content=\"Tiempo de lectura\" \/>\n\t<meta name=\"twitter:data2\" content=\"16 minutos\" \/>\n<script type=\"application\/ld+json\" class=\"yoast-schema-graph\">{\"@context\":\"https:\/\/schema.org\",\"@graph\":[{\"@type\":\"Article\",\"@id\":\"https:\/\/www.ocasionplus.com\/noticias\/coches-segunda-mano-baratos-madrid\/#article\",\"isPartOf\":{\"@id\":\"https:\/\/www.ocasionplus.com\/noticias\/coches-segunda-mano-baratos-madrid\/\"},\"author\":{\"name\":\"Virginia Mart\u00edn\",\"@id\":\"https:\/\/www.ocasionplus.com\/noticias\/#\/schema\/person\/a1075deecd7b6f7a6b47339c056c5ccb\"},\"headline\":\"Top 10 coches de segunda mano m\u00e1s baratos en Madrid este 2024\",\"datePublished\":\"2024-08-05T14:10:46+00:00\",\"dateModified\":\"2025-03-27T09:41:58+00:00\",\"mainEntityOfPage\":{\"@id\":\"https:\/\/www.ocasionplus.com\/noticias\/coches-segunda-mano-baratos-madrid\/\"},\"wordCount\":4195,\"publisher\":{\"@id\":\"https:\/\/www.ocasionplus.com\/noticias\/#organization\"},\"image\":{\"@id\":\"https:\/\/www.ocasionplus.com\/noticias\/coches-segunda-mano-baratos-madrid\/#primaryimage\"},\"thumbnailUrl\":\"https:\/\/www.ocasionplus.com\/wp-content\/uploads\/2023\/10\/Volkswagen-Polo.jpg\",\"keywords\":[\"citroen\",\"clio\",\"corsa\",\"Dacia\",\"fiat\",\"ibiza\",\"kia\",\"mg\",\"opel\",\"peugeot\",\"polo\",\"renault\",\"Sandero\",\"seat\",\"volkswagen\"],\"articleSection\":[\"Rankings\"],\"inLanguage\":\"es\",\"copyrightYear\":\"2024\",\"copyrightHolder\":{\"@id\":\"https:\/\/www.ocasionplus.com\/noticias\/#organization\"}},{\"@type\":\"WebPage\",\"@id\":\"https:\/\/www.ocasionplus.com\/noticias\/coches-segunda-mano-baratos-madrid\/\",\"url\":\"https:\/\/www.ocasionplus.com\/noticias\/coches-segunda-mano-baratos-madrid\/\",\"name\":\"Los 10 coches de segunda mano m\u00e1s baratos en Madrid del 2023 - OcasionPlus Blog\",\"isPartOf\":{\"@id\":\"https:\/\/www.ocasionplus.com\/noticias\/#website\"},\"primaryImageOfPage\":{\"@id\":\"https:\/\/www.ocasionplus.com\/noticias\/coches-segunda-mano-baratos-madrid\/#primaryimage\"},\"image\":{\"@id\":\"https:\/\/www.ocasionplus.com\/noticias\/coches-segunda-mano-baratos-madrid\/#primaryimage\"},\"thumbnailUrl\":\"https:\/\/www.ocasionplus.com\/wp-content\/uploads\/2023\/10\/Volkswagen-Polo.jpg\",\"datePublished\":\"2024-08-05T14:10:46+00:00\",\"dateModified\":\"2025-03-27T09:41:58+00:00\",\"description\":\"Encuentra tu pr\u00f3ximo coche de segunda mano m\u00e1s baratos en Madrid. OcasionPlus te ofrece una amplia selecci\u00f3n de veh\u00edculos para ti.\",\"breadcrumb\":{\"@id\":\"https:\/\/www.ocasionplus.com\/noticias\/coches-segunda-mano-baratos-madrid\/#breadcrumb\"},\"inLanguage\":\"es\",\"potentialAction\":[{\"@type\":\"ReadAction\",\"target\":[\"https:\/\/www.ocasionplus.com\/noticias\/coches-segunda-mano-baratos-madrid\/\"]}]},{\"@type\":\"ImageObject\",\"inLanguage\":\"es\",\"@id\":\"https:\/\/www.ocasionplus.com\/noticias\/coches-segunda-mano-baratos-madrid\/#primaryimage\",\"url\":\"https:\/\/www.ocasionplus.com\/wp-content\/uploads\/2023\/10\/Volkswagen-Polo.jpg\",\"contentUrl\":\"https:\/\/www.ocasionplus.com\/wp-content\/uploads\/2023\/10\/Volkswagen-Polo.jpg\",\"width\":1280,\"height\":820,\"caption\":\"El Volkswagen Polo es un coche peque\u00f1o de alta calidad y buen rendimiento en la carretera\"},{\"@type\":\"BreadcrumbList\",\"@id\":\"https:\/\/www.ocasionplus.com\/noticias\/coches-segunda-mano-baratos-madrid\/#breadcrumb\",\"itemListElement\":[{\"@type\":\"ListItem\",\"position\":1,\"name\":\"Portada\",\"item\":\"https:\/\/www.ocasionplus.com\/noticias\/\"},{\"@type\":\"ListItem\",\"position\":2,\"name\":\"Top 10 coches de segunda mano m\u00e1s baratos en Madrid este 2024\"}]},{\"@type\":\"WebSite\",\"@id\":\"https:\/\/www.ocasionplus.com\/noticias\/#website\",\"url\":\"https:\/\/www.ocasionplus.com\/noticias\/\",\"name\":\"OcasionPlus Blog\",\"description\":\"Veh\u00edculos de ocasi\u00f3n\",\"publisher\":{\"@id\":\"https:\/\/www.ocasionplus.com\/noticias\/#organization\"},\"potentialAction\":[{\"@type\":\"SearchAction\",\"target\":{\"@type\":\"EntryPoint\",\"urlTemplate\":\"https:\/\/www.ocasionplus.com\/noticias\/?s={search_term_string}\"},\"query-input\":{\"@type\":\"PropertyValueSpecification\",\"valueRequired\":true,\"valueName\":\"search_term_string\"}}],\"inLanguage\":\"es\"},{\"@type\":\"Organization\",\"@id\":\"https:\/\/www.ocasionplus.com\/noticias\/#organization\",\"name\":\"OcasionPlus\",\"url\":\"https:\/\/www.ocasionplus.com\/noticias\/\",\"logo\":{\"@type\":\"ImageObject\",\"inLanguage\":\"es\",\"@id\":\"https:\/\/www.ocasionplus.com\/noticias\/#\/schema\/logo\/image\/\",\"url\":\"https:\/\/www.ocasionplus.com\/wp-content\/uploads\/2024\/05\/cropped-cropped-oplus-logo-blog.png\",\"contentUrl\":\"https:\/\/www.ocasionplus.com\/wp-content\/uploads\/2024\/05\/cropped-cropped-oplus-logo-blog.png\",\"width\":360,\"height\":71,\"caption\":\"OcasionPlus\"},\"image\":{\"@id\":\"https:\/\/www.ocasionplus.com\/noticias\/#\/schema\/logo\/image\/\"},\"sameAs\":[\"https:\/\/www.facebook.com\/ocasionplus\",\"https:\/\/x.com\/ocasionplus\",\"https:\/\/www.instagram.com\/ocasion_plus\",\"https:\/\/www.youtube.com\/channel\/UCBiCAto61Lyu27CgI95wrYQ\",\"https:\/\/www.tiktok.com\/@ocasionplus.com\",\"https:\/\/es.linkedin.com\/company\/ocasionplus\"]},{\"@type\":\"Person\",\"@id\":\"https:\/\/www.ocasionplus.com\/noticias\/#\/schema\/person\/a1075deecd7b6f7a6b47339c056c5ccb\",\"name\":\"Virginia Mart\u00edn\",\"image\":{\"@type\":\"ImageObject\",\"inLanguage\":\"es\",\"@id\":\"https:\/\/www.ocasionplus.com\/noticias\/#\/schema\/person\/image\/\",\"url\":\"https:\/\/secure.gravatar.com\/avatar\/d80007416602574d8db3ca288c3225e9?s=96&d=mm&r=g\",\"contentUrl\":\"https:\/\/secure.gravatar.com\/avatar\/d80007416602574d8db3ca288c3225e9?s=96&d=mm&r=g\",\"caption\":\"Virginia Mart\u00edn\"},\"description\":\"Soy Virginia Mart\u00edn, especialista en comunicaci\u00f3n y una entusiasta de las historias que conectan. En Ocasionplus, mi objetivo es hacerte sentir parte de cada noticia, con un toque de cercan\u00eda y profesionalidad.\"}]}<\/script>\n<!-- \/ Yoast SEO Premium plugin. -->","yoast_head_json":{"title":"Los 10 coches de segunda mano m\u00e1s baratos en Madrid del 2023 - OcasionPlus Blog","description":"Encuentra tu pr\u00f3ximo coche de segunda mano m\u00e1s baratos en Madrid. OcasionPlus te ofrece una amplia selecci\u00f3n de veh\u00edculos para ti.","robots":{"index":"index","follow":"follow","max-snippet":"max-snippet:-1","max-image-preview":"max-image-preview:large","max-video-preview":"max-video-preview:-1"},"canonical":"https:\/\/www.ocasionplus.com\/noticias\/coches-segunda-mano-baratos-madrid\/","og_locale":"es_ES","og_type":"article","og_title":"Top 10 coches de segunda mano m\u00e1s baratos en Madrid este 2024","og_description":"Encuentra tu pr\u00f3ximo coche de segunda mano m\u00e1s baratos en Madrid. OcasionPlus te ofrece una amplia selecci\u00f3n de veh\u00edculos para ti.","og_url":"https:\/\/www.ocasionplus.com\/noticias\/coches-segunda-mano-baratos-madrid\/","og_site_name":"OcasionPlus Blog","article_publisher":"https:\/\/www.facebook.com\/ocasionplus","article_published_time":"2024-08-05T14:10:46+00:00","article_modified_time":"2025-03-27T09:41:58+00:00","og_image":[{"width":1280,"height":820,"url":"https:\/\/www.ocasionplus.com\/wp-content\/uploads\/2023\/10\/Volkswagen-Polo.jpg","type":"image\/jpeg"}],"author":"Virginia Mart\u00edn","twitter_card":"summary_large_image","twitter_creator":"@ocasionplus","twitter_site":"@ocasionplus","twitter_misc":{"Escrito por":"Virginia Mart\u00edn","Tiempo de lectura":"16 minutos"},"schema":{"@context":"https:\/\/schema.org","@graph":[{"@type":"Article","@id":"https:\/\/www.ocasionplus.com\/noticias\/coches-segunda-mano-baratos-madrid\/#article","isPartOf":{"@id":"https:\/\/www.ocasionplus.com\/noticias\/coches-segunda-mano-baratos-madrid\/"},"author":{"name":"Virginia Mart\u00edn","@id":"https:\/\/www.ocasionplus.com\/noticias\/#\/schema\/person\/a1075deecd7b6f7a6b47339c056c5ccb"},"headline":"Top 10 coches de segunda mano m\u00e1s baratos en Madrid este 2024","datePublished":"2024-08-05T14:10:46+00:00","dateModified":"2025-03-27T09:41:58+00:00","mainEntityOfPage":{"@id":"https:\/\/www.ocasionplus.com\/noticias\/coches-segunda-mano-baratos-madrid\/"},"wordCount":4195,"publisher":{"@id":"https:\/\/www.ocasionplus.com\/noticias\/#organization"},"image":{"@id":"https:\/\/www.ocasionplus.com\/noticias\/coches-segunda-mano-baratos-madrid\/#primaryimage"},"thumbnailUrl":"https:\/\/www.ocasionplus.com\/wp-content\/uploads\/2023\/10\/Volkswagen-Polo.jpg","keywords":["citroen","clio","corsa","Dacia","fiat","ibiza","kia","mg","opel","peugeot","polo","renault","Sandero","seat","volkswagen"],"articleSection":["Rankings"],"inLanguage":"es","copyrightYear":"2024","copyrightHolder":{"@id":"https:\/\/www.ocasionplus.com\/noticias\/#organization"}},{"@type":"WebPage","@id":"https:\/\/www.ocasionplus.com\/noticias\/coches-segunda-mano-baratos-madrid\/","url":"https:\/\/www.ocasionplus.com\/noticias\/coches-segunda-mano-baratos-madrid\/","name":"Los 10 coches de segunda mano m\u00e1s baratos en Madrid del 2023 - OcasionPlus Blog","isPartOf":{"@id":"https:\/\/www.ocasionplus.com\/noticias\/#website"},"primaryImageOfPage":{"@id":"https:\/\/www.ocasionplus.com\/noticias\/coches-segunda-mano-baratos-madrid\/#primaryimage"},"image":{"@id":"https:\/\/www.ocasionplus.com\/noticias\/coches-segunda-mano-baratos-madrid\/#primaryimage"},"thumbnailUrl":"https:\/\/www.ocasionplus.com\/wp-content\/uploads\/2023\/10\/Volkswagen-Polo.jpg","datePublished":"2024-08-05T14:10:46+00:00","dateModified":"2025-03-27T09:41:58+00:00","description":"Encuentra tu pr\u00f3ximo coche de segunda mano m\u00e1s baratos en Madrid. OcasionPlus te ofrece una amplia selecci\u00f3n de veh\u00edculos para ti.","breadcrumb":{"@id":"https:\/\/www.ocasionplus.com\/noticias\/coches-segunda-mano-baratos-madrid\/#breadcrumb"},"inLanguage":"es","potentialAction":[{"@type":"ReadAction","target":["https:\/\/www.ocasionplus.com\/noticias\/coches-segunda-mano-baratos-madrid\/"]}]},{"@type":"ImageObject","inLanguage":"es","@id":"https:\/\/www.ocasionplus.com\/noticias\/coches-segunda-mano-baratos-madrid\/#primaryimage","url":"https:\/\/www.ocasionplus.com\/wp-content\/uploads\/2023\/10\/Volkswagen-Polo.jpg","contentUrl":"https:\/\/www.ocasionplus.com\/wp-content\/uploads\/2023\/10\/Volkswagen-Polo.jpg","width":1280,"height":820,"caption":"El Volkswagen Polo es un coche peque\u00f1o de alta calidad y buen rendimiento en la carretera"},{"@type":"BreadcrumbList","@id":"https:\/\/www.ocasionplus.com\/noticias\/coches-segunda-mano-baratos-madrid\/#breadcrumb","itemListElement":[{"@type":"ListItem","position":1,"name":"Portada","item":"https:\/\/www.ocasionplus.com\/noticias\/"},{"@type":"ListItem","position":2,"name":"Top 10 coches de segunda mano m\u00e1s baratos en Madrid este 2024"}]},{"@type":"WebSite","@id":"https:\/\/www.ocasionplus.com\/noticias\/#website","url":"https:\/\/www.ocasionplus.com\/noticias\/","name":"OcasionPlus Blog","description":"Veh\u00edculos de ocasi\u00f3n","publisher":{"@id":"https:\/\/www.ocasionplus.com\/noticias\/#organization"},"potentialAction":[{"@type":"SearchAction","target":{"@type":"EntryPoint","urlTemplate":"https:\/\/www.ocasionplus.com\/noticias\/?s={search_term_string}"},"query-input":{"@type":"PropertyValueSpecification","valueRequired":true,"valueName":"search_term_string"}}],"inLanguage":"es"},{"@type":"Organization","@id":"https:\/\/www.ocasionplus.com\/noticias\/#organization","name":"OcasionPlus","url":"https:\/\/www.ocasionplus.com\/noticias\/","logo":{"@type":"ImageObject","inLanguage":"es","@id":"https:\/\/www.ocasionplus.com\/noticias\/#\/schema\/logo\/image\/","url":"https:\/\/www.ocasionplus.com\/wp-content\/uploads\/2024\/05\/cropped-cropped-oplus-logo-blog.png","contentUrl":"https:\/\/www.ocasionplus.com\/wp-content\/uploads\/2024\/05\/cropped-cropped-oplus-logo-blog.png","width":360,"height":71,"caption":"OcasionPlus"},"image":{"@id":"https:\/\/www.ocasionplus.com\/noticias\/#\/schema\/logo\/image\/"},"sameAs":["https:\/\/www.facebook.com\/ocasionplus","https:\/\/x.com\/ocasionplus","https:\/\/www.instagram.com\/ocasion_plus","https:\/\/www.youtube.com\/channel\/UCBiCAto61Lyu27CgI95wrYQ","https:\/\/www.tiktok.com\/@ocasionplus.com","https:\/\/es.linkedin.com\/company\/ocasionplus"]},{"@type":"Person","@id":"https:\/\/www.ocasionplus.com\/noticias\/#\/schema\/person\/a1075deecd7b6f7a6b47339c056c5ccb","name":"Virginia Mart\u00edn","image":{"@type":"ImageObject","inLanguage":"es","@id":"https:\/\/www.ocasionplus.com\/noticias\/#\/schema\/person\/image\/","url":"https:\/\/secure.gravatar.com\/avatar\/d80007416602574d8db3ca288c3225e9?s=96&d=mm&r=g","contentUrl":"https:\/\/secure.gravatar.com\/avatar\/d80007416602574d8db3ca288c3225e9?s=96&d=mm&r=g","caption":"Virginia Mart\u00edn"},"description":"Soy Virginia Mart\u00edn, especialista en comunicaci\u00f3n y una entusiasta de las historias que conectan. En Ocasionplus, mi objetivo es hacerte sentir parte de cada noticia, con un toque de cercan\u00eda y profesionalidad."}]}},"jetpack_featured_media_url":"https:\/\/www.ocasionplus.com\/wp-content\/uploads\/2023\/10\/Volkswagen-Polo.jpg","_links":{"self":[{"href":"https:\/\/www.ocasionplus.com\/noticias\/wp-json\/wp\/v2\/posts\/9932","targetHints":{"allow":["GET"]}}],"collection":[{"href":"https:\/\/www.ocasionplus.com\/noticias\/wp-json\/wp\/v2\/posts"}],"about":[{"href":"https:\/\/www.ocasionplus.com\/noticias\/wp-json\/wp\/v2\/types\/post"}],"author":[{"embeddable":true,"href":"https:\/\/www.ocasionplus.com\/noticias\/wp-json\/wp\/v2\/users\/5"}],"replies":[{"embeddable":true,"href":"https:\/\/www.ocasionplus.com\/noticias\/wp-json\/wp\/v2\/comments?post=9932"}],"version-history":[{"count":2,"href":"https:\/\/www.ocasionplus.com\/noticias\/wp-json\/wp\/v2\/posts\/9932\/revisions"}],"predecessor-version":[{"id":13740,"href":"https:\/\/www.ocasionplus.com\/noticias\/wp-json\/wp\/v2\/posts\/9932\/revisions\/13740"}],"wp:featuredmedia":[{"embeddable":true,"href":"https:\/\/www.ocasionplus.com\/noticias\/wp-json\/wp\/v2\/media\/9933"}],"wp:attachment":[{"href":"https:\/\/www.ocasionplus.com\/noticias\/wp-json\/wp\/v2\/media?parent=9932"}],"wp:term":[{"taxonomy":"category","embeddable":true,"href":"https:\/\/www.ocasionplus.com\/noticias\/wp-json\/wp\/v2\/categories?post=9932"},{"taxonomy":"post_tag","embeddable":true,"href":"https:\/\/www.ocasionplus.com\/noticias\/wp-json\/wp\/v2\/tags?post=9932"}],"curies":[{"name":"wp","href":"https:\/\/api.w.org\/{rel}","templated":true}]}}